{"id":56701,"date":"2026-04-28T08:14:18","date_gmt":"2026-04-28T12:14:18","guid":{"rendered":"https:\/\/conexion23.com\/?p=56701"},"modified":"2026-04-28T08:14:18","modified_gmt":"2026-04-28T12:14:18","slug":"fallece-francisco-pacheco-joven-sufrio-accidente-junto-a-su-hija-en-la-salida-hato-mayor-spm","status":"publish","type":"post","link":"https:\/\/conexion23.com\/?p=56701","title":{"rendered":"Fallece \u201cFrancisco Pacheco\u201d, joven sufri\u00f3 accidente junto a su hija en la salida Hato Mayor-SPM"},"content":{"rendered":"<p style=\"text-align: justify;\">Falleci\u00f3 la madrugada de este lunes un joven, que la tarde del domingo sufr!\u00f3 un aparat0so acc!dente de tr\u00e1nsito junto a su hija en la carretera Hato Mayor-San Pedro de Macor\u00eds, pr\u00f3ximo a las caba\u00f1as.<\/p>\n<p style=\"text-align: justify;\">Se trata de Francisco Gabriel Pacheco, de 30 a\u00f1os, qui\u00e9n era originario de Villa Ortega, pero actualmente estaba residiendo en Los Hatillos.<\/p>\n<p style=\"text-align: justify;\">Gabi, como era conocido por sus familiares y amigos, result\u00f3 gravemente her!do la tarde del domingo tras ser impactado por una camioneta ISUZU, color blanco, mientras transitaba a bordo de una motocicleta junto a su hija Vianny Pacheco Mej\u00eda, de 10 a\u00f1os, qui\u00e9n presenta fractura en un brazo y una mano.<\/p>\n<p style=\"text-align: justify;\">El fallecimiento del joven se report\u00f3 esta madrugada mientras se encontraba ingresado en el \u00c1rea de Trauma Shock del Hospital Dr. Leopoldo Mart\u00ednez, pese a los esfuerzos realizados por el equipo m\u00e9dico, el joven lamentablemente mur!\u00f3.<\/p>\n<p style=\"text-align: justify;\">La ni\u00f1a pese a las lesiones y heridas que recibi\u00f3 se encuentra estable, asegur\u00f3 a este medio una fuente de entero cr\u00e9dito.<\/p>\n<p style=\"text-align: justify;\">La tragedia ha causado gran tristeza y dolor entre familiares, amigos y allegados del joven, quienes lamentan lo sucedido.<\/p>\n<p style=\"text-align: justify;\">Las autoridades informaron que el tr\u00e1gico se encuentra bajo investigaci\u00f3n, para fines correspondientes.<\/p>\n","protected":false},"excerpt":{"rendered":"<p>Falleci\u00f3 la madrugada de este lunes un joven, que la tarde del domingo sufr!\u00f3 un aparat0so acc!dente de tr\u00e1nsito junto a su hija en la carretera Hato Mayor-San Pedro de Macor\u00eds, pr\u00f3ximo a las caba\u00f1as. Se trata de Francisco Gabriel Pacheco, de 30 a\u00f1os, qui\u00e9n era originario de Villa Ortega, pero actualmente estaba residiendo en [&hellip;]<\/p>\n","protected":false},"author":15,"featured_media":56702,"comment_status":"open","ping_status":"open","sticky":false,"template":"","format":"standard","meta":{"footnotes":""},"categories":[2476,12,2472],"tags":[8598,8600,2264,638,8599],"class_list":{"0":"post-56701","1":"post","2":"type-post","3":"status-publish","4":"format-standard","5":"has-post-thumbnail","7":"category-hato-mayor","8":"category-municipales","9":"category-provincias-del-este","10":"tag-francisco-pacheco","11":"tag-hato-mayor-spm","12":"tag-hija","13":"tag-muere","14":"tag-sufrio-accidente"},"yoast_head":"<!-- This site is optimized with the Yoast SEO plugin v27.1.1 - https:\/\/yoast.com\/product\/yoast-seo-wordpress\/ -->\n<title>Fallece \u201cFrancisco Pacheco\u201d, joven sufri\u00f3 accidente junto a su hija en la salida Hato Mayor-SPM - Conexi\u00f3n 23<\/title>\n<meta name=\"robots\" content=\"index, follow, max-snippet:-1, max-image-preview:large, max-video-preview:-1\" \/>\n<link rel=\"canonical\" href=\"https:\/\/conexion23.com\/?p=56701\" \/>\n<meta property=\"og:locale\" content=\"es_ES\" \/>\n<meta property=\"og:type\" content=\"article\" \/>\n<meta property=\"og:title\" content=\"Fallece \u201cFrancisco Pacheco\u201d, joven sufri\u00f3 accidente junto a su hija en la salida Hato Mayor-SPM - Conexi\u00f3n 23\" \/>\n<meta property=\"og:description\" content=\"Falleci\u00f3 la madrugada de este lunes un joven, que la tarde del domingo sufr!\u00f3 un aparat0so acc!dente de tr\u00e1nsito junto a su hija en la carretera Hato Mayor-San Pedro de Macor\u00eds, pr\u00f3ximo a las caba\u00f1as. Se trata de Francisco Gabriel Pacheco, de 30 a\u00f1os, qui\u00e9n era originario de Villa Ortega, pero actualmente estaba residiendo en [&hellip;]\" \/>\n<meta property=\"og:url\" content=\"https:\/\/conexion23.com\/?p=56701\" \/>\n<meta property=\"og:site_name\" content=\"Conexi\u00f3n 23\" \/>\n<meta property=\"article:publisher\" content=\"https:\/\/www.facebook.com\/conexion23com\" \/>\n<meta property=\"article:published_time\" content=\"2026-04-28T12:14:18+00:00\" \/>\n<meta property=\"og:image\" content=\"http:\/\/conexion23.com\/wp-content\/uploads\/2026\/04\/e3a8908f-6a0c-485a-b4f3-eb4cd4622248.jpg\" \/>\n\t<meta property=\"og:image:width\" content=\"378\" \/>\n\t<meta property=\"og:image:height\" content=\"456\" \/>\n\t<meta property=\"og:image:type\" content=\"image\/jpeg\" \/>\n<meta name=\"author\" content=\"Raffy Ben\u00edtez\" \/>\n<meta name=\"twitter:card\" content=\"summary_large_image\" \/>\n<meta name=\"twitter:label1\" content=\"Escrito por\" \/>\n\t<meta name=\"twitter:data1\" content=\"Raffy Ben\u00edtez\" \/>\n\t<meta name=\"twitter:label2\" content=\"Tiempo de lectura\" \/>\n\t<meta name=\"twitter:data2\" content=\"2 minutos\" \/>\n<script type=\"application\/ld+json\" class=\"yoast-schema-graph\">{\"@context\":\"https:\/\/schema.org\",\"@graph\":[{\"@type\":\"Article\",\"@id\":\"https:\/\/conexion23.com\/?p=56701#article\",\"isPartOf\":{\"@id\":\"https:\/\/conexion23.com\/?p=56701\"},\"author\":{\"name\":\"Raffy Ben\u00edtez\",\"@id\":\"https:\/\/conexion23.com\/#\/schema\/person\/03e36043331117e97a373299bbcd30a6\"},\"headline\":\"Fallece \u201cFrancisco Pacheco\u201d, joven sufri\u00f3 accidente junto a su hija en la salida Hato Mayor-SPM\",\"datePublished\":\"2026-04-28T12:14:18+00:00\",\"mainEntityOfPage\":{\"@id\":\"https:\/\/conexion23.com\/?p=56701\"},\"wordCount\":229,\"commentCount\":0,\"publisher\":{\"@id\":\"https:\/\/conexion23.com\/#organization\"},\"image\":{\"@id\":\"https:\/\/conexion23.com\/?p=56701#primaryimage\"},\"thumbnailUrl\":\"https:\/\/conexion23.com\/wp-content\/uploads\/2026\/04\/e3a8908f-6a0c-485a-b4f3-eb4cd4622248.jpg\",\"keywords\":[\"Francisco Pacheco\",\"Hato Mayor-SPM\",\"hija\",\"Muere\",\"sufri\u00f3 accidente\"],\"articleSection\":[\"Hato Mayor\",\"Municipales\",\"Provincias del Este\"],\"inLanguage\":\"es\",\"potentialAction\":[{\"@type\":\"CommentAction\",\"name\":\"Comment\",\"target\":[\"https:\/\/conexion23.com\/?p=56701#respond\"]}]},{\"@type\":\"WebPage\",\"@id\":\"https:\/\/conexion23.com\/?p=56701\",\"url\":\"https:\/\/conexion23.com\/?p=56701\",\"name\":\"Fallece \u201cFrancisco Pacheco\u201d, joven sufri\u00f3 accidente junto a su hija en la salida Hato Mayor-SPM - Conexi\u00f3n 23\",\"isPartOf\":{\"@id\":\"https:\/\/conexion23.com\/#website\"},\"primaryImageOfPage\":{\"@id\":\"https:\/\/conexion23.com\/?p=56701#primaryimage\"},\"image\":{\"@id\":\"https:\/\/conexion23.com\/?p=56701#primaryimage\"},\"thumbnailUrl\":\"https:\/\/conexion23.com\/wp-content\/uploads\/2026\/04\/e3a8908f-6a0c-485a-b4f3-eb4cd4622248.jpg\",\"datePublished\":\"2026-04-28T12:14:18+00:00\",\"breadcrumb\":{\"@id\":\"https:\/\/conexion23.com\/?p=56701#breadcrumb\"},\"inLanguage\":\"es\",\"potentialAction\":[{\"@type\":\"ReadAction\",\"target\":[\"https:\/\/conexion23.com\/?p=56701\"]}]},{\"@type\":\"ImageObject\",\"inLanguage\":\"es\",\"@id\":\"https:\/\/conexion23.com\/?p=56701#primaryimage\",\"url\":\"https:\/\/conexion23.com\/wp-content\/uploads\/2026\/04\/e3a8908f-6a0c-485a-b4f3-eb4cd4622248.jpg\",\"contentUrl\":\"https:\/\/conexion23.com\/wp-content\/uploads\/2026\/04\/e3a8908f-6a0c-485a-b4f3-eb4cd4622248.jpg\",\"width\":378,\"height\":456},{\"@type\":\"BreadcrumbList\",\"@id\":\"https:\/\/conexion23.com\/?p=56701#breadcrumb\",\"itemListElement\":[{\"@type\":\"ListItem\",\"position\":1,\"name\":\"Portada\",\"item\":\"https:\/\/conexion23.com\/\"},{\"@type\":\"ListItem\",\"position\":2,\"name\":\"Fallece \u201cFrancisco Pacheco\u201d, joven sufri\u00f3 accidente junto a su hija en la salida Hato Mayor-SPM\"}]},{\"@type\":\"WebSite\",\"@id\":\"https:\/\/conexion23.com\/#website\",\"url\":\"https:\/\/conexion23.com\/\",\"name\":\"Conexi\u00f3n 23\",\"description\":\"Peri\u00f3dico 100% Petromacorisano\",\"publisher\":{\"@id\":\"https:\/\/conexion23.com\/#organization\"},\"potentialAction\":[{\"@type\":\"SearchAction\",\"target\":{\"@type\":\"EntryPoint\",\"urlTemplate\":\"https:\/\/conexion23.com\/?s={search_term_string}\"},\"query-input\":{\"@type\":\"PropertyValueSpecification\",\"valueRequired\":true,\"valueName\":\"search_term_string\"}}],\"inLanguage\":\"es\"},{\"@type\":\"Organization\",\"@id\":\"https:\/\/conexion23.com\/#organization\",\"name\":\"Conexion 23\",\"url\":\"https:\/\/conexion23.com\/\",\"logo\":{\"@type\":\"ImageObject\",\"inLanguage\":\"es\",\"@id\":\"https:\/\/conexion23.com\/#\/schema\/logo\/image\/\",\"url\":\"https:\/\/conexion23.com\/wp-content\/uploads\/2021\/11\/Diseno-sin-titulo-2.png\",\"contentUrl\":\"https:\/\/conexion23.com\/wp-content\/uploads\/2021\/11\/Diseno-sin-titulo-2.png\",\"width\":541,\"height\":90,\"caption\":\"Conexion 23\"},\"image\":{\"@id\":\"https:\/\/conexion23.com\/#\/schema\/logo\/image\/\"},\"sameAs\":[\"https:\/\/www.facebook.com\/conexion23com\",\"https:\/\/www.instagram.com\/conexion23com\/\",\"https:\/\/www.youtube.com\/channel\/UCYc7vxxFZMYLIHNsHHxPZ3Q\"]},{\"@type\":\"Person\",\"@id\":\"https:\/\/conexion23.com\/#\/schema\/person\/03e36043331117e97a373299bbcd30a6\",\"name\":\"Raffy Ben\u00edtez\",\"image\":{\"@type\":\"ImageObject\",\"inLanguage\":\"es\",\"@id\":\"https:\/\/conexion23.com\/#\/schema\/person\/image\/\",\"url\":\"https:\/\/secure.gravatar.com\/avatar\/3190a6a6c5e1b0327500f7d6c56b6242472ee6cb974cf09b401ee6b3b0798f23?s=96&d=mm&r=g\",\"contentUrl\":\"https:\/\/secure.gravatar.com\/avatar\/3190a6a6c5e1b0327500f7d6c56b6242472ee6cb974cf09b401ee6b3b0798f23?s=96&d=mm&r=g\",\"caption\":\"Raffy Ben\u00edtez\"},\"url\":\"https:\/\/conexion23.com\/?author=15\"}]}<\/script>\n<!-- \/ Yoast SEO plugin. -->","yoast_head_json":{"title":"Fallece \u201cFrancisco Pacheco\u201d, joven sufri\u00f3 accidente junto a su hija en la salida Hato Mayor-SPM - Conexi\u00f3n 23","robots":{"index":"index","follow":"follow","max-snippet":"max-snippet:-1","max-image-preview":"max-image-preview:large","max-video-preview":"max-video-preview:-1"},"canonical":"https:\/\/conexion23.com\/?p=56701","og_locale":"es_ES","og_type":"article","og_title":"Fallece \u201cFrancisco Pacheco\u201d, joven sufri\u00f3 accidente junto a su hija en la salida Hato Mayor-SPM - Conexi\u00f3n 23","og_description":"Falleci\u00f3 la madrugada de este lunes un joven, que la tarde del domingo sufr!\u00f3 un aparat0so acc!dente de tr\u00e1nsito junto a su hija en la carretera Hato Mayor-San Pedro de Macor\u00eds, pr\u00f3ximo a las caba\u00f1as. Se trata de Francisco Gabriel Pacheco, de 30 a\u00f1os, qui\u00e9n era originario de Villa Ortega, pero actualmente estaba residiendo en [&hellip;]","og_url":"https:\/\/conexion23.com\/?p=56701","og_site_name":"Conexi\u00f3n 23","article_publisher":"https:\/\/www.facebook.com\/conexion23com","article_published_time":"2026-04-28T12:14:18+00:00","og_image":[{"width":378,"height":456,"url":"http:\/\/conexion23.com\/wp-content\/uploads\/2026\/04\/e3a8908f-6a0c-485a-b4f3-eb4cd4622248.jpg","type":"image\/jpeg"}],"author":"Raffy Ben\u00edtez","twitter_card":"summary_large_image","twitter_misc":{"Escrito por":"Raffy Ben\u00edtez","Tiempo de lectura":"2 minutos"},"schema":{"@context":"https:\/\/schema.org","@graph":[{"@type":"Article","@id":"https:\/\/conexion23.com\/?p=56701#article","isPartOf":{"@id":"https:\/\/conexion23.com\/?p=56701"},"author":{"name":"Raffy Ben\u00edtez","@id":"https:\/\/conexion23.com\/#\/schema\/person\/03e36043331117e97a373299bbcd30a6"},"headline":"Fallece \u201cFrancisco Pacheco\u201d, joven sufri\u00f3 accidente junto a su hija en la salida Hato Mayor-SPM","datePublished":"2026-04-28T12:14:18+00:00","mainEntityOfPage":{"@id":"https:\/\/conexion23.com\/?p=56701"},"wordCount":229,"commentCount":0,"publisher":{"@id":"https:\/\/conexion23.com\/#organization"},"image":{"@id":"https:\/\/conexion23.com\/?p=56701#primaryimage"},"thumbnailUrl":"https:\/\/conexion23.com\/wp-content\/uploads\/2026\/04\/e3a8908f-6a0c-485a-b4f3-eb4cd4622248.jpg","keywords":["Francisco Pacheco","Hato Mayor-SPM","hija","Muere","sufri\u00f3 accidente"],"articleSection":["Hato Mayor","Municipales","Provincias del Este"],"inLanguage":"es","potentialAction":[{"@type":"CommentAction","name":"Comment","target":["https:\/\/conexion23.com\/?p=56701#respond"]}]},{"@type":"WebPage","@id":"https:\/\/conexion23.com\/?p=56701","url":"https:\/\/conexion23.com\/?p=56701","name":"Fallece \u201cFrancisco Pacheco\u201d, joven sufri\u00f3 accidente junto a su hija en la salida Hato Mayor-SPM - Conexi\u00f3n 23","isPartOf":{"@id":"https:\/\/conexion23.com\/#website"},"primaryImageOfPage":{"@id":"https:\/\/conexion23.com\/?p=56701#primaryimage"},"image":{"@id":"https:\/\/conexion23.com\/?p=56701#primaryimage"},"thumbnailUrl":"https:\/\/conexion23.com\/wp-content\/uploads\/2026\/04\/e3a8908f-6a0c-485a-b4f3-eb4cd4622248.jpg","datePublished":"2026-04-28T12:14:18+00:00","breadcrumb":{"@id":"https:\/\/conexion23.com\/?p=56701#breadcrumb"},"inLanguage":"es","potentialAction":[{"@type":"ReadAction","target":["https:\/\/conexion23.com\/?p=56701"]}]},{"@type":"ImageObject","inLanguage":"es","@id":"https:\/\/conexion23.com\/?p=56701#primaryimage","url":"https:\/\/conexion23.com\/wp-content\/uploads\/2026\/04\/e3a8908f-6a0c-485a-b4f3-eb4cd4622248.jpg","contentUrl":"https:\/\/conexion23.com\/wp-content\/uploads\/2026\/04\/e3a8908f-6a0c-485a-b4f3-eb4cd4622248.jpg","width":378,"height":456},{"@type":"BreadcrumbList","@id":"https:\/\/conexion23.com\/?p=56701#breadcrumb","itemListElement":[{"@type":"ListItem","position":1,"name":"Portada","item":"https:\/\/conexion23.com\/"},{"@type":"ListItem","position":2,"name":"Fallece \u201cFrancisco Pacheco\u201d, joven sufri\u00f3 accidente junto a su hija en la salida Hato Mayor-SPM"}]},{"@type":"WebSite","@id":"https:\/\/conexion23.com\/#website","url":"https:\/\/conexion23.com\/","name":"Conexi\u00f3n 23","description":"Peri\u00f3dico 100% Petromacorisano","publisher":{"@id":"https:\/\/conexion23.com\/#organization"},"potentialAction":[{"@type":"SearchAction","target":{"@type":"EntryPoint","urlTemplate":"https:\/\/conexion23.com\/?s={search_term_string}"},"query-input":{"@type":"PropertyValueSpecification","valueRequired":true,"valueName":"search_term_string"}}],"inLanguage":"es"},{"@type":"Organization","@id":"https:\/\/conexion23.com\/#organization","name":"Conexion 23","url":"https:\/\/conexion23.com\/","logo":{"@type":"ImageObject","inLanguage":"es","@id":"https:\/\/conexion23.com\/#\/schema\/logo\/image\/","url":"https:\/\/conexion23.com\/wp-content\/uploads\/2021\/11\/Diseno-sin-titulo-2.png","contentUrl":"https:\/\/conexion23.com\/wp-content\/uploads\/2021\/11\/Diseno-sin-titulo-2.png","width":541,"height":90,"caption":"Conexion 23"},"image":{"@id":"https:\/\/conexion23.com\/#\/schema\/logo\/image\/"},"sameAs":["https:\/\/www.facebook.com\/conexion23com","https:\/\/www.instagram.com\/conexion23com\/","https:\/\/www.youtube.com\/channel\/UCYc7vxxFZMYLIHNsHHxPZ3Q"]},{"@type":"Person","@id":"https:\/\/conexion23.com\/#\/schema\/person\/03e36043331117e97a373299bbcd30a6","name":"Raffy Ben\u00edtez","image":{"@type":"ImageObject","inLanguage":"es","@id":"https:\/\/conexion23.com\/#\/schema\/person\/image\/","url":"https:\/\/secure.gravatar.com\/avatar\/3190a6a6c5e1b0327500f7d6c56b6242472ee6cb974cf09b401ee6b3b0798f23?s=96&d=mm&r=g","contentUrl":"https:\/\/secure.gravatar.com\/avatar\/3190a6a6c5e1b0327500f7d6c56b6242472ee6cb974cf09b401ee6b3b0798f23?s=96&d=mm&r=g","caption":"Raffy Ben\u00edtez"},"url":"https:\/\/conexion23.com\/?author=15"}]}},"_links":{"self":[{"href":"https:\/\/conexion23.com\/index.php?rest_route=\/wp\/v2\/posts\/56701","targetHints":{"allow":["GET"]}}],"collection":[{"href":"https:\/\/conexion23.com\/index.php?rest_route=\/wp\/v2\/posts"}],"about":[{"href":"https:\/\/conexion23.com\/index.php?rest_route=\/wp\/v2\/types\/post"}],"author":[{"embeddable":true,"href":"https:\/\/conexion23.com\/index.php?rest_route=\/wp\/v2\/users\/15"}],"replies":[{"embeddable":true,"href":"https:\/\/conexion23.com\/index.php?rest_route=%2Fwp%2Fv2%2Fcomments&post=56701"}],"version-history":[{"count":1,"href":"https:\/\/conexion23.com\/index.php?rest_route=\/wp\/v2\/posts\/56701\/revisions"}],"predecessor-version":[{"id":56703,"href":"https:\/\/conexion23.com\/index.php?rest_route=\/wp\/v2\/posts\/56701\/revisions\/56703"}],"wp:featuredmedia":[{"embeddable":true,"href":"https:\/\/conexion23.com\/index.php?rest_route=\/wp\/v2\/media\/56702"}],"wp:attachment":[{"href":"https:\/\/conexion23.com\/index.php?rest_route=%2Fwp%2Fv2%2Fmedia&parent=56701"}],"wp:term":[{"taxonomy":"category","embeddable":true,"href":"https:\/\/conexion23.com\/index.php?rest_route=%2Fwp%2Fv2%2Fcategories&post=56701"},{"taxonomy":"post_tag","embeddable":true,"href":"https:\/\/conexion23.com\/index.php?rest_route=%2Fwp%2Fv2%2Ftags&post=56701"}],"curies":[{"name":"wp","href":"https:\/\/api.w.org\/{rel}","templated":true}]}}