{"id":56707,"date":"2026-04-28T08:21:22","date_gmt":"2026-04-28T12:21:22","guid":{"rendered":"https:\/\/conexion23.com\/?p=56707"},"modified":"2026-04-28T08:21:22","modified_gmt":"2026-04-28T12:21:22","slug":"arrestan-a-el-jardinero-supuesto-nuevo-cabecilla-del-cartel-jalisco-en-mexico","status":"publish","type":"post","link":"https:\/\/conexion23.com\/?p=56707","title":{"rendered":"Arrestan a &#8216;El Jardinero&#8217; supuesto nuevo cabecilla del Cartel Jalisco en M\u00e9xico"},"content":{"rendered":"<p id=\"m34913-34912-34914\" style=\"text-align: justify;\">La\u00a0Secretar\u00eda de Marina de M\u00e9xico\u00a0(SEMAR) ha detenido este lunes en Nayarit, en el oeste del pa\u00eds, a Audias Flores Silva, alias &#8216;El Jardinero&#8217;, quien es considerado como posible nuevo l\u00edder del\u00a0Cartel Jalisco Nueva Generaci\u00f3n\u00a0(CJNG) tras la muerte de\u00a0Nemesio Rub\u00e9n Oseguera Cervantes, alias &#8216;El Mencho&#8217;, a finales del pasado febrero.<\/p>\n<p id=\"m34918-34917-34919\" style=\"text-align: justify;\">As\u00ed lo ha confirmado el titular de la\u00a0Secretar\u00eda de Seguridad y Protecci\u00f3n Ciudadana\u00a0del pa\u00eds, Omar Garc\u00eda Harfuch, en un mensaje publicado en redes sociales en el cual anotado que adem\u00e1s de la \u00aborden de aprehensi\u00f3n en M\u00e9xico\u00bb, el engrilletado es requerido por las autoridades estadounidenses \u00abcon fines de extradici\u00f3n\u00bb, ofreciendo por su captura una recompensa de 5 millones de d\u00f3lares (unos 4,2 millones de euros).<\/p>\n<p id=\"m34923-34922-34924\" style=\"text-align: justify;\">Conocida la noticia, el propio\u00a0embajador de Estados Unidos en M\u00e9xico,\u00a0Ronald Johnson, ha reconocido \u00abla valent\u00eda y precisi\u00f3n\u00bb de la Marina mexicana, destacando que actuaciones como esa \u00abfortalecen la seguridad y contribuyen a desarticular redes criminales que amenazan\u00bb a la ciudadan\u00eda.<\/p>\n<p id=\"m34928-34927-34929\" style=\"text-align: justify;\">Con relaci\u00f3n al desarrollo del referido operativo, la SEMAR ha querido referirse al mismo como el resultado de \u00ablabores de inteligencia y coordinaci\u00f3n interinstitucional de manera quir\u00fargica\u00bb, \u00absin necesidad de efectuar un solo disparo\u00bb y sin dejar personas fallecidas o heridas.<\/p>\n<p id=\"m34933-34932-34934\" style=\"text-align: justify;\">Para ello, los uniformados apostaron por \u00abun despliegue t\u00e1ctico\u00bb que incluy\u00f3 aeronaves de inteligencia, vigilancia y reconocimiento, cuatro helic\u00f3pteros de apoyo cercano, dos helic\u00f3pteros de transporte de tropas, cuatro aeronaves de ala fija, 120 efectivos de tropa de acci\u00f3n directa y 400 elementos navales en acciones de apoyo.<\/p>\n<p id=\"m34938-34937-34939\" style=\"text-align: justify;\">Este mismo lunes, las\u00a0Fuerzas Especiales del Ej\u00e9rcito mexicano\u00a0y de la\u00a0Guardia Nacional\u00a0han detenido tambi\u00e9n a C\u00e9sar Alejandro &#8216;N&#8217;, alias &#8216;El G\u00fcero Conta&#8217;, quien ha sido identificado por las autoridades del pa\u00eds como el supuesto \u00aboperador financiero\u00bb del propio Flores Silva, \u00abjefe regional del CJNG\u00bb.<\/p>\n<p id=\"m34943-34942-34944\" style=\"text-align: justify;\">&#8216;El G\u00fcero Conta&#8217; es\u00a0acusado de lavar recursos procedentes de actividades il\u00edcitas\u00a0mediante empresas y testaferros, as\u00ed como de adquirir aeronaves, embarcaciones, casas, ranchos e invertir en productoras de tequila, seg\u00fan ha agregado Garc\u00eda Harfuch.<\/p>\n<p id=\"m34948-34947-34949\" style=\"text-align: justify;\">\u00abEsta detenci\u00f3n representa un golpe importante a la estructura financiera de dicho grupo criminal\u00bb, seg\u00fan ha defendido el secretario de Seguridad y Protecci\u00f3n Ciudadana del pa\u00eds, que ha a\u00f1adido que las instituciones del Gabinete de Seguridad mantienen \u00abacciones permanentes para debilitar a las organizaciones delictivas y llevar ante la Justicia a quienes generan violencia\u00bb.<\/p>\n","protected":false},"excerpt":{"rendered":"<p>La\u00a0Secretar\u00eda de Marina de M\u00e9xico\u00a0(SEMAR) ha detenido este lunes en Nayarit, en el oeste del pa\u00eds, a Audias Flores Silva, alias &#8216;El Jardinero&#8217;, quien es considerado como posible nuevo l\u00edder del\u00a0Cartel Jalisco Nueva Generaci\u00f3n\u00a0(CJNG) tras la muerte de\u00a0Nemesio Rub\u00e9n Oseguera Cervantes, alias &#8216;El Mencho&#8217;, a finales del pasado febrero. As\u00ed lo ha confirmado el titular [&hellip;]<\/p>\n","protected":false},"author":15,"featured_media":56708,"comment_status":"open","ping_status":"open","sticky":false,"template":"","format":"standard","meta":{"footnotes":""},"categories":[3881],"tags":[2152,8603,8601,292,4852,8602,2958],"class_list":{"0":"post-56707","1":"post","2":"type-post","3":"status-publish","4":"format-standard","5":"has-post-thumbnail","7":"category-internacionales","8":"tag-arrestan","9":"tag-cartel-jalisco","10":"tag-el-jardinero","11":"tag-mexico","12":"tag-nueva-generacion","13":"tag-nuevo-cabecilla","14":"tag-supuesto"},"yoast_head":"<!-- This site is optimized with the Yoast SEO plugin v27.1.1 - https:\/\/yoast.com\/product\/yoast-seo-wordpress\/ -->\n<title>Arrestan a &#039;El Jardinero&#039; supuesto nuevo cabecilla del Cartel Jalisco en M\u00e9xico - Conexi\u00f3n 23<\/title>\n<meta name=\"robots\" content=\"index, follow, max-snippet:-1, max-image-preview:large, max-video-preview:-1\" \/>\n<link rel=\"canonical\" href=\"https:\/\/conexion23.com\/?p=56707\" \/>\n<meta property=\"og:locale\" content=\"es_ES\" \/>\n<meta property=\"og:type\" content=\"article\" \/>\n<meta property=\"og:title\" content=\"Arrestan a &#039;El Jardinero&#039; supuesto nuevo cabecilla del Cartel Jalisco en M\u00e9xico - Conexi\u00f3n 23\" \/>\n<meta property=\"og:description\" content=\"La\u00a0Secretar\u00eda de Marina de M\u00e9xico\u00a0(SEMAR) ha detenido este lunes en Nayarit, en el oeste del pa\u00eds, a Audias Flores Silva, alias &#8216;El Jardinero&#8217;, quien es considerado como posible nuevo l\u00edder del\u00a0Cartel Jalisco Nueva Generaci\u00f3n\u00a0(CJNG) tras la muerte de\u00a0Nemesio Rub\u00e9n Oseguera Cervantes, alias &#8216;El Mencho&#8217;, a finales del pasado febrero. As\u00ed lo ha confirmado el titular [&hellip;]\" \/>\n<meta property=\"og:url\" content=\"https:\/\/conexion23.com\/?p=56707\" \/>\n<meta property=\"og:site_name\" content=\"Conexi\u00f3n 23\" \/>\n<meta property=\"article:publisher\" content=\"https:\/\/www.facebook.com\/conexion23com\" \/>\n<meta property=\"article:published_time\" content=\"2026-04-28T12:21:22+00:00\" \/>\n<meta property=\"og:image\" content=\"http:\/\/conexion23.com\/wp-content\/uploads\/2026\/04\/699c6ee11d015.jpeg\" \/>\n\t<meta property=\"og:image:width\" content=\"800\" \/>\n\t<meta property=\"og:image:height\" content=\"533\" \/>\n\t<meta property=\"og:image:type\" content=\"image\/jpeg\" \/>\n<meta name=\"author\" content=\"Raffy Ben\u00edtez\" \/>\n<meta name=\"twitter:card\" content=\"summary_large_image\" \/>\n<meta name=\"twitter:label1\" content=\"Escrito por\" \/>\n\t<meta name=\"twitter:data1\" content=\"Raffy Ben\u00edtez\" \/>\n\t<meta name=\"twitter:label2\" content=\"Tiempo de lectura\" \/>\n\t<meta name=\"twitter:data2\" content=\"2 minutos\" \/>\n<script type=\"application\/ld+json\" class=\"yoast-schema-graph\">{\"@context\":\"https:\/\/schema.org\",\"@graph\":[{\"@type\":\"Article\",\"@id\":\"https:\/\/conexion23.com\/?p=56707#article\",\"isPartOf\":{\"@id\":\"https:\/\/conexion23.com\/?p=56707\"},\"author\":{\"name\":\"Raffy Ben\u00edtez\",\"@id\":\"https:\/\/conexion23.com\/#\/schema\/person\/03e36043331117e97a373299bbcd30a6\"},\"headline\":\"Arrestan a &#8216;El Jardinero&#8217; supuesto nuevo cabecilla del Cartel Jalisco en M\u00e9xico\",\"datePublished\":\"2026-04-28T12:21:22+00:00\",\"mainEntityOfPage\":{\"@id\":\"https:\/\/conexion23.com\/?p=56707\"},\"wordCount\":437,\"commentCount\":0,\"publisher\":{\"@id\":\"https:\/\/conexion23.com\/#organization\"},\"image\":{\"@id\":\"https:\/\/conexion23.com\/?p=56707#primaryimage\"},\"thumbnailUrl\":\"https:\/\/conexion23.com\/wp-content\/uploads\/2026\/04\/699c6ee11d015.jpeg\",\"keywords\":[\"arrestan\",\"Cartel Jalisco\",\"El Jardinero\",\"mexico\",\"nueva generaci\u00f3n\",\"nuevo cabecilla\",\"supuesto\"],\"articleSection\":[\"Internacionales\"],\"inLanguage\":\"es\",\"potentialAction\":[{\"@type\":\"CommentAction\",\"name\":\"Comment\",\"target\":[\"https:\/\/conexion23.com\/?p=56707#respond\"]}]},{\"@type\":\"WebPage\",\"@id\":\"https:\/\/conexion23.com\/?p=56707\",\"url\":\"https:\/\/conexion23.com\/?p=56707\",\"name\":\"Arrestan a 'El Jardinero' supuesto nuevo cabecilla del Cartel Jalisco en M\u00e9xico - Conexi\u00f3n 23\",\"isPartOf\":{\"@id\":\"https:\/\/conexion23.com\/#website\"},\"primaryImageOfPage\":{\"@id\":\"https:\/\/conexion23.com\/?p=56707#primaryimage\"},\"image\":{\"@id\":\"https:\/\/conexion23.com\/?p=56707#primaryimage\"},\"thumbnailUrl\":\"https:\/\/conexion23.com\/wp-content\/uploads\/2026\/04\/699c6ee11d015.jpeg\",\"datePublished\":\"2026-04-28T12:21:22+00:00\",\"breadcrumb\":{\"@id\":\"https:\/\/conexion23.com\/?p=56707#breadcrumb\"},\"inLanguage\":\"es\",\"potentialAction\":[{\"@type\":\"ReadAction\",\"target\":[\"https:\/\/conexion23.com\/?p=56707\"]}]},{\"@type\":\"ImageObject\",\"inLanguage\":\"es\",\"@id\":\"https:\/\/conexion23.com\/?p=56707#primaryimage\",\"url\":\"https:\/\/conexion23.com\/wp-content\/uploads\/2026\/04\/699c6ee11d015.jpeg\",\"contentUrl\":\"https:\/\/conexion23.com\/wp-content\/uploads\/2026\/04\/699c6ee11d015.jpeg\",\"width\":800,\"height\":533},{\"@type\":\"BreadcrumbList\",\"@id\":\"https:\/\/conexion23.com\/?p=56707#breadcrumb\",\"itemListElement\":[{\"@type\":\"ListItem\",\"position\":1,\"name\":\"Portada\",\"item\":\"https:\/\/conexion23.com\/\"},{\"@type\":\"ListItem\",\"position\":2,\"name\":\"Arrestan a &#8216;El Jardinero&#8217; supuesto nuevo cabecilla del Cartel Jalisco en M\u00e9xico\"}]},{\"@type\":\"WebSite\",\"@id\":\"https:\/\/conexion23.com\/#website\",\"url\":\"https:\/\/conexion23.com\/\",\"name\":\"Conexi\u00f3n 23\",\"description\":\"Peri\u00f3dico 100% Petromacorisano\",\"publisher\":{\"@id\":\"https:\/\/conexion23.com\/#organization\"},\"potentialAction\":[{\"@type\":\"SearchAction\",\"target\":{\"@type\":\"EntryPoint\",\"urlTemplate\":\"https:\/\/conexion23.com\/?s={search_term_string}\"},\"query-input\":{\"@type\":\"PropertyValueSpecification\",\"valueRequired\":true,\"valueName\":\"search_term_string\"}}],\"inLanguage\":\"es\"},{\"@type\":\"Organization\",\"@id\":\"https:\/\/conexion23.com\/#organization\",\"name\":\"Conexion 23\",\"url\":\"https:\/\/conexion23.com\/\",\"logo\":{\"@type\":\"ImageObject\",\"inLanguage\":\"es\",\"@id\":\"https:\/\/conexion23.com\/#\/schema\/logo\/image\/\",\"url\":\"https:\/\/conexion23.com\/wp-content\/uploads\/2021\/11\/Diseno-sin-titulo-2.png\",\"contentUrl\":\"https:\/\/conexion23.com\/wp-content\/uploads\/2021\/11\/Diseno-sin-titulo-2.png\",\"width\":541,\"height\":90,\"caption\":\"Conexion 23\"},\"image\":{\"@id\":\"https:\/\/conexion23.com\/#\/schema\/logo\/image\/\"},\"sameAs\":[\"https:\/\/www.facebook.com\/conexion23com\",\"https:\/\/www.instagram.com\/conexion23com\/\",\"https:\/\/www.youtube.com\/channel\/UCYc7vxxFZMYLIHNsHHxPZ3Q\"]},{\"@type\":\"Person\",\"@id\":\"https:\/\/conexion23.com\/#\/schema\/person\/03e36043331117e97a373299bbcd30a6\",\"name\":\"Raffy Ben\u00edtez\",\"image\":{\"@type\":\"ImageObject\",\"inLanguage\":\"es\",\"@id\":\"https:\/\/conexion23.com\/#\/schema\/person\/image\/\",\"url\":\"https:\/\/secure.gravatar.com\/avatar\/3190a6a6c5e1b0327500f7d6c56b6242472ee6cb974cf09b401ee6b3b0798f23?s=96&d=mm&r=g\",\"contentUrl\":\"https:\/\/secure.gravatar.com\/avatar\/3190a6a6c5e1b0327500f7d6c56b6242472ee6cb974cf09b401ee6b3b0798f23?s=96&d=mm&r=g\",\"caption\":\"Raffy Ben\u00edtez\"},\"url\":\"https:\/\/conexion23.com\/?author=15\"}]}<\/script>\n<!-- \/ Yoast SEO plugin. -->","yoast_head_json":{"title":"Arrestan a 'El Jardinero' supuesto nuevo cabecilla del Cartel Jalisco en M\u00e9xico - Conexi\u00f3n 23","robots":{"index":"index","follow":"follow","max-snippet":"max-snippet:-1","max-image-preview":"max-image-preview:large","max-video-preview":"max-video-preview:-1"},"canonical":"https:\/\/conexion23.com\/?p=56707","og_locale":"es_ES","og_type":"article","og_title":"Arrestan a 'El Jardinero' supuesto nuevo cabecilla del Cartel Jalisco en M\u00e9xico - Conexi\u00f3n 23","og_description":"La\u00a0Secretar\u00eda de Marina de M\u00e9xico\u00a0(SEMAR) ha detenido este lunes en Nayarit, en el oeste del pa\u00eds, a Audias Flores Silva, alias &#8216;El Jardinero&#8217;, quien es considerado como posible nuevo l\u00edder del\u00a0Cartel Jalisco Nueva Generaci\u00f3n\u00a0(CJNG) tras la muerte de\u00a0Nemesio Rub\u00e9n Oseguera Cervantes, alias &#8216;El Mencho&#8217;, a finales del pasado febrero. As\u00ed lo ha confirmado el titular [&hellip;]","og_url":"https:\/\/conexion23.com\/?p=56707","og_site_name":"Conexi\u00f3n 23","article_publisher":"https:\/\/www.facebook.com\/conexion23com","article_published_time":"2026-04-28T12:21:22+00:00","og_image":[{"width":800,"height":533,"url":"http:\/\/conexion23.com\/wp-content\/uploads\/2026\/04\/699c6ee11d015.jpeg","type":"image\/jpeg"}],"author":"Raffy Ben\u00edtez","twitter_card":"summary_large_image","twitter_misc":{"Escrito por":"Raffy Ben\u00edtez","Tiempo de lectura":"2 minutos"},"schema":{"@context":"https:\/\/schema.org","@graph":[{"@type":"Article","@id":"https:\/\/conexion23.com\/?p=56707#article","isPartOf":{"@id":"https:\/\/conexion23.com\/?p=56707"},"author":{"name":"Raffy Ben\u00edtez","@id":"https:\/\/conexion23.com\/#\/schema\/person\/03e36043331117e97a373299bbcd30a6"},"headline":"Arrestan a &#8216;El Jardinero&#8217; supuesto nuevo cabecilla del Cartel Jalisco en M\u00e9xico","datePublished":"2026-04-28T12:21:22+00:00","mainEntityOfPage":{"@id":"https:\/\/conexion23.com\/?p=56707"},"wordCount":437,"commentCount":0,"publisher":{"@id":"https:\/\/conexion23.com\/#organization"},"image":{"@id":"https:\/\/conexion23.com\/?p=56707#primaryimage"},"thumbnailUrl":"https:\/\/conexion23.com\/wp-content\/uploads\/2026\/04\/699c6ee11d015.jpeg","keywords":["arrestan","Cartel Jalisco","El Jardinero","mexico","nueva generaci\u00f3n","nuevo cabecilla","supuesto"],"articleSection":["Internacionales"],"inLanguage":"es","potentialAction":[{"@type":"CommentAction","name":"Comment","target":["https:\/\/conexion23.com\/?p=56707#respond"]}]},{"@type":"WebPage","@id":"https:\/\/conexion23.com\/?p=56707","url":"https:\/\/conexion23.com\/?p=56707","name":"Arrestan a 'El Jardinero' supuesto nuevo cabecilla del Cartel Jalisco en M\u00e9xico - Conexi\u00f3n 23","isPartOf":{"@id":"https:\/\/conexion23.com\/#website"},"primaryImageOfPage":{"@id":"https:\/\/conexion23.com\/?p=56707#primaryimage"},"image":{"@id":"https:\/\/conexion23.com\/?p=56707#primaryimage"},"thumbnailUrl":"https:\/\/conexion23.com\/wp-content\/uploads\/2026\/04\/699c6ee11d015.jpeg","datePublished":"2026-04-28T12:21:22+00:00","breadcrumb":{"@id":"https:\/\/conexion23.com\/?p=56707#breadcrumb"},"inLanguage":"es","potentialAction":[{"@type":"ReadAction","target":["https:\/\/conexion23.com\/?p=56707"]}]},{"@type":"ImageObject","inLanguage":"es","@id":"https:\/\/conexion23.com\/?p=56707#primaryimage","url":"https:\/\/conexion23.com\/wp-content\/uploads\/2026\/04\/699c6ee11d015.jpeg","contentUrl":"https:\/\/conexion23.com\/wp-content\/uploads\/2026\/04\/699c6ee11d015.jpeg","width":800,"height":533},{"@type":"BreadcrumbList","@id":"https:\/\/conexion23.com\/?p=56707#breadcrumb","itemListElement":[{"@type":"ListItem","position":1,"name":"Portada","item":"https:\/\/conexion23.com\/"},{"@type":"ListItem","position":2,"name":"Arrestan a &#8216;El Jardinero&#8217; supuesto nuevo cabecilla del Cartel Jalisco en M\u00e9xico"}]},{"@type":"WebSite","@id":"https:\/\/conexion23.com\/#website","url":"https:\/\/conexion23.com\/","name":"Conexi\u00f3n 23","description":"Peri\u00f3dico 100% Petromacorisano","publisher":{"@id":"https:\/\/conexion23.com\/#organization"},"potentialAction":[{"@type":"SearchAction","target":{"@type":"EntryPoint","urlTemplate":"https:\/\/conexion23.com\/?s={search_term_string}"},"query-input":{"@type":"PropertyValueSpecification","valueRequired":true,"valueName":"search_term_string"}}],"inLanguage":"es"},{"@type":"Organization","@id":"https:\/\/conexion23.com\/#organization","name":"Conexion 23","url":"https:\/\/conexion23.com\/","logo":{"@type":"ImageObject","inLanguage":"es","@id":"https:\/\/conexion23.com\/#\/schema\/logo\/image\/","url":"https:\/\/conexion23.com\/wp-content\/uploads\/2021\/11\/Diseno-sin-titulo-2.png","contentUrl":"https:\/\/conexion23.com\/wp-content\/uploads\/2021\/11\/Diseno-sin-titulo-2.png","width":541,"height":90,"caption":"Conexion 23"},"image":{"@id":"https:\/\/conexion23.com\/#\/schema\/logo\/image\/"},"sameAs":["https:\/\/www.facebook.com\/conexion23com","https:\/\/www.instagram.com\/conexion23com\/","https:\/\/www.youtube.com\/channel\/UCYc7vxxFZMYLIHNsHHxPZ3Q"]},{"@type":"Person","@id":"https:\/\/conexion23.com\/#\/schema\/person\/03e36043331117e97a373299bbcd30a6","name":"Raffy Ben\u00edtez","image":{"@type":"ImageObject","inLanguage":"es","@id":"https:\/\/conexion23.com\/#\/schema\/person\/image\/","url":"https:\/\/secure.gravatar.com\/avatar\/3190a6a6c5e1b0327500f7d6c56b6242472ee6cb974cf09b401ee6b3b0798f23?s=96&d=mm&r=g","contentUrl":"https:\/\/secure.gravatar.com\/avatar\/3190a6a6c5e1b0327500f7d6c56b6242472ee6cb974cf09b401ee6b3b0798f23?s=96&d=mm&r=g","caption":"Raffy Ben\u00edtez"},"url":"https:\/\/conexion23.com\/?author=15"}]}},"_links":{"self":[{"href":"https:\/\/conexion23.com\/index.php?rest_route=\/wp\/v2\/posts\/56707","targetHints":{"allow":["GET"]}}],"collection":[{"href":"https:\/\/conexion23.com\/index.php?rest_route=\/wp\/v2\/posts"}],"about":[{"href":"https:\/\/conexion23.com\/index.php?rest_route=\/wp\/v2\/types\/post"}],"author":[{"embeddable":true,"href":"https:\/\/conexion23.com\/index.php?rest_route=\/wp\/v2\/users\/15"}],"replies":[{"embeddable":true,"href":"https:\/\/conexion23.com\/index.php?rest_route=%2Fwp%2Fv2%2Fcomments&post=56707"}],"version-history":[{"count":1,"href":"https:\/\/conexion23.com\/index.php?rest_route=\/wp\/v2\/posts\/56707\/revisions"}],"predecessor-version":[{"id":56709,"href":"https:\/\/conexion23.com\/index.php?rest_route=\/wp\/v2\/posts\/56707\/revisions\/56709"}],"wp:featuredmedia":[{"embeddable":true,"href":"https:\/\/conexion23.com\/index.php?rest_route=\/wp\/v2\/media\/56708"}],"wp:attachment":[{"href":"https:\/\/conexion23.com\/index.php?rest_route=%2Fwp%2Fv2%2Fmedia&parent=56707"}],"wp:term":[{"taxonomy":"category","embeddable":true,"href":"https:\/\/conexion23.com\/index.php?rest_route=%2Fwp%2Fv2%2Fcategories&post=56707"},{"taxonomy":"post_tag","embeddable":true,"href":"https:\/\/conexion23.com\/index.php?rest_route=%2Fwp%2Fv2%2Ftags&post=56707"}],"curies":[{"name":"wp","href":"https:\/\/api.w.org\/{rel}","templated":true}]}}