{"id":56724,"date":"2026-04-28T17:23:30","date_gmt":"2026-04-28T21:23:30","guid":{"rendered":"https:\/\/conexion23.com\/?p=56724"},"modified":"2026-04-28T17:23:30","modified_gmt":"2026-04-28T21:23:30","slug":"pn-pone-a-disposicion-de-la-justicia-hombre-que-amenazaba-con-agredir-a-su-ex-pareja-con-arma-blanca","status":"publish","type":"post","link":"https:\/\/conexion23.com\/?p=56724","title":{"rendered":"PN pone a disposici\u00f3n de la justicia hombre que amenazaba con agredir a su ex pareja con arma blanca"},"content":{"rendered":"<p style=\"text-align: justify;\">Agentes policiales adscritos a la Direcci\u00f3n Especializada de Atenci\u00f3n a la Mujer y Violencia Intrafamiliar (DEAMVI) de esta regional sureste, ejecutaron una orden de arresto a un hombre acusado supuestamente de amenazas de agresi\u00f3n a su ex pareja sentimental con un arma blanca tipo cuchillo, hecho qued\u00f3 captado en un v\u00eddeo circulante en redes sociales.<\/p>\n<p style=\"text-align: justify;\">El detenido es el nombrado Jesus Bol\u00edvar Santana, (a) Monkis, de 27 a\u00f1os, Nacional Haitiano, residente en esta ciudad.<\/p>\n<p style=\"text-align: justify;\">El mismo estaba siendo activamente buscado mediante la orden de arresto No. 2026-AJ0030800, de fecha 17\/04\/2026, en perjuicio de su ex pareja sentimental la se\u00f1ora Carolina M\u00edchel De La Cruz, de 24 a\u00f1os, residente en esta ciudad.<\/p>\n<p style=\"text-align: justify;\">Tras el asedio policial el detenido fue entregado por su representante legal el Dr. Plinio Silvestre, ante el departamento Deamvi de esta regional, donde le fue ejecutada dicha orden por nuestros agentes actuantes.<\/p>\n<p style=\"text-align: justify;\">El detenido fue enviado ante el Ministerio P\u00fablico para los fines legales correspondientes.<\/p>\n","protected":false},"excerpt":{"rendered":"<p>Agentes policiales adscritos a la Direcci\u00f3n Especializada de Atenci\u00f3n a la Mujer y Violencia Intrafamiliar (DEAMVI) de esta regional sureste, ejecutaron una orden de arresto a un hombre acusado supuestamente de amenazas de agresi\u00f3n a su ex pareja sentimental con un arma blanca tipo cuchillo, hecho qued\u00f3 captado en un v\u00eddeo circulante en redes sociales. [&hellip;]<\/p>\n","protected":false},"author":15,"featured_media":56725,"comment_status":"open","ping_status":"open","sticky":false,"template":"","format":"standard","meta":{"footnotes":""},"categories":[12,2472,35],"tags":[2886,8613,672,6627,665,278,214],"class_list":{"0":"post-56724","1":"post","2":"type-post","3":"status-publish","4":"format-standard","5":"has-post-thumbnail","7":"category-municipales","8":"category-provincias-del-este","9":"category-spm","10":"tag-agredir","11":"tag-amenazaba","12":"tag-arma-blanca","13":"tag-ex-pareja","14":"tag-hombre","15":"tag-justicia","16":"tag-policia-nacional"},"yoast_head":"<!-- This site is optimized with the Yoast SEO plugin v27.1.1 - https:\/\/yoast.com\/product\/yoast-seo-wordpress\/ -->\n<title>PN pone a disposici\u00f3n de la justicia hombre que amenazaba con agredir a su ex pareja con arma blanca - Conexi\u00f3n 23<\/title>\n<meta name=\"robots\" content=\"index, follow, max-snippet:-1, max-image-preview:large, max-video-preview:-1\" \/>\n<link rel=\"canonical\" href=\"https:\/\/conexion23.com\/?p=56724\" \/>\n<meta property=\"og:locale\" content=\"es_ES\" \/>\n<meta property=\"og:type\" content=\"article\" \/>\n<meta property=\"og:title\" content=\"PN pone a disposici\u00f3n de la justicia hombre que amenazaba con agredir a su ex pareja con arma blanca - Conexi\u00f3n 23\" \/>\n<meta property=\"og:description\" content=\"Agentes policiales adscritos a la Direcci\u00f3n Especializada de Atenci\u00f3n a la Mujer y Violencia Intrafamiliar (DEAMVI) de esta regional sureste, ejecutaron una orden de arresto a un hombre acusado supuestamente de amenazas de agresi\u00f3n a su ex pareja sentimental con un arma blanca tipo cuchillo, hecho qued\u00f3 captado en un v\u00eddeo circulante en redes sociales. [&hellip;]\" \/>\n<meta property=\"og:url\" content=\"https:\/\/conexion23.com\/?p=56724\" \/>\n<meta property=\"og:site_name\" content=\"Conexi\u00f3n 23\" \/>\n<meta property=\"article:publisher\" content=\"https:\/\/www.facebook.com\/conexion23com\" \/>\n<meta property=\"article:published_time\" content=\"2026-04-28T21:23:30+00:00\" \/>\n<meta property=\"og:image\" content=\"http:\/\/conexion23.com\/wp-content\/uploads\/2026\/04\/ef80f14b-d80b-4ec7-9fa2-178794324156.jpg\" \/>\n\t<meta property=\"og:image:width\" content=\"1052\" \/>\n\t<meta property=\"og:image:height\" content=\"1003\" \/>\n\t<meta property=\"og:image:type\" content=\"image\/jpeg\" \/>\n<meta name=\"author\" content=\"Raffy Ben\u00edtez\" \/>\n<meta name=\"twitter:card\" content=\"summary_large_image\" \/>\n<meta name=\"twitter:label1\" content=\"Escrito por\" \/>\n\t<meta name=\"twitter:data1\" content=\"Raffy Ben\u00edtez\" \/>\n\t<meta name=\"twitter:label2\" content=\"Tiempo de lectura\" \/>\n\t<meta name=\"twitter:data2\" content=\"1 minuto\" \/>\n<script type=\"application\/ld+json\" class=\"yoast-schema-graph\">{\"@context\":\"https:\/\/schema.org\",\"@graph\":[{\"@type\":\"Article\",\"@id\":\"https:\/\/conexion23.com\/?p=56724#article\",\"isPartOf\":{\"@id\":\"https:\/\/conexion23.com\/?p=56724\"},\"author\":{\"name\":\"Raffy Ben\u00edtez\",\"@id\":\"https:\/\/conexion23.com\/#\/schema\/person\/03e36043331117e97a373299bbcd30a6\"},\"headline\":\"PN pone a disposici\u00f3n de la justicia hombre que amenazaba con agredir a su ex pareja con arma blanca\",\"datePublished\":\"2026-04-28T21:23:30+00:00\",\"mainEntityOfPage\":{\"@id\":\"https:\/\/conexion23.com\/?p=56724\"},\"wordCount\":184,\"commentCount\":0,\"publisher\":{\"@id\":\"https:\/\/conexion23.com\/#organization\"},\"image\":{\"@id\":\"https:\/\/conexion23.com\/?p=56724#primaryimage\"},\"thumbnailUrl\":\"https:\/\/conexion23.com\/wp-content\/uploads\/2026\/04\/ef80f14b-d80b-4ec7-9fa2-178794324156.jpg\",\"keywords\":[\"agredir\",\"amenazaba\",\"Arma Blanca\",\"ex pareja\",\"hombre\",\"justicia\",\"policia nacional\"],\"articleSection\":[\"Municipales\",\"Provincias del Este\",\"SPM\"],\"inLanguage\":\"es\",\"potentialAction\":[{\"@type\":\"CommentAction\",\"name\":\"Comment\",\"target\":[\"https:\/\/conexion23.com\/?p=56724#respond\"]}]},{\"@type\":\"WebPage\",\"@id\":\"https:\/\/conexion23.com\/?p=56724\",\"url\":\"https:\/\/conexion23.com\/?p=56724\",\"name\":\"PN pone a disposici\u00f3n de la justicia hombre que amenazaba con agredir a su ex pareja con arma blanca - Conexi\u00f3n 23\",\"isPartOf\":{\"@id\":\"https:\/\/conexion23.com\/#website\"},\"primaryImageOfPage\":{\"@id\":\"https:\/\/conexion23.com\/?p=56724#primaryimage\"},\"image\":{\"@id\":\"https:\/\/conexion23.com\/?p=56724#primaryimage\"},\"thumbnailUrl\":\"https:\/\/conexion23.com\/wp-content\/uploads\/2026\/04\/ef80f14b-d80b-4ec7-9fa2-178794324156.jpg\",\"datePublished\":\"2026-04-28T21:23:30+00:00\",\"breadcrumb\":{\"@id\":\"https:\/\/conexion23.com\/?p=56724#breadcrumb\"},\"inLanguage\":\"es\",\"potentialAction\":[{\"@type\":\"ReadAction\",\"target\":[\"https:\/\/conexion23.com\/?p=56724\"]}]},{\"@type\":\"ImageObject\",\"inLanguage\":\"es\",\"@id\":\"https:\/\/conexion23.com\/?p=56724#primaryimage\",\"url\":\"https:\/\/conexion23.com\/wp-content\/uploads\/2026\/04\/ef80f14b-d80b-4ec7-9fa2-178794324156.jpg\",\"contentUrl\":\"https:\/\/conexion23.com\/wp-content\/uploads\/2026\/04\/ef80f14b-d80b-4ec7-9fa2-178794324156.jpg\",\"width\":1052,\"height\":1003},{\"@type\":\"BreadcrumbList\",\"@id\":\"https:\/\/conexion23.com\/?p=56724#breadcrumb\",\"itemListElement\":[{\"@type\":\"ListItem\",\"position\":1,\"name\":\"Portada\",\"item\":\"https:\/\/conexion23.com\/\"},{\"@type\":\"ListItem\",\"position\":2,\"name\":\"PN pone a disposici\u00f3n de la justicia hombre que amenazaba con agredir a su ex pareja con arma blanca\"}]},{\"@type\":\"WebSite\",\"@id\":\"https:\/\/conexion23.com\/#website\",\"url\":\"https:\/\/conexion23.com\/\",\"name\":\"Conexi\u00f3n 23\",\"description\":\"Peri\u00f3dico 100% Petromacorisano\",\"publisher\":{\"@id\":\"https:\/\/conexion23.com\/#organization\"},\"potentialAction\":[{\"@type\":\"SearchAction\",\"target\":{\"@type\":\"EntryPoint\",\"urlTemplate\":\"https:\/\/conexion23.com\/?s={search_term_string}\"},\"query-input\":{\"@type\":\"PropertyValueSpecification\",\"valueRequired\":true,\"valueName\":\"search_term_string\"}}],\"inLanguage\":\"es\"},{\"@type\":\"Organization\",\"@id\":\"https:\/\/conexion23.com\/#organization\",\"name\":\"Conexion 23\",\"url\":\"https:\/\/conexion23.com\/\",\"logo\":{\"@type\":\"ImageObject\",\"inLanguage\":\"es\",\"@id\":\"https:\/\/conexion23.com\/#\/schema\/logo\/image\/\",\"url\":\"https:\/\/conexion23.com\/wp-content\/uploads\/2021\/11\/Diseno-sin-titulo-2.png\",\"contentUrl\":\"https:\/\/conexion23.com\/wp-content\/uploads\/2021\/11\/Diseno-sin-titulo-2.png\",\"width\":541,\"height\":90,\"caption\":\"Conexion 23\"},\"image\":{\"@id\":\"https:\/\/conexion23.com\/#\/schema\/logo\/image\/\"},\"sameAs\":[\"https:\/\/www.facebook.com\/conexion23com\",\"https:\/\/www.instagram.com\/conexion23com\/\",\"https:\/\/www.youtube.com\/channel\/UCYc7vxxFZMYLIHNsHHxPZ3Q\"]},{\"@type\":\"Person\",\"@id\":\"https:\/\/conexion23.com\/#\/schema\/person\/03e36043331117e97a373299bbcd30a6\",\"name\":\"Raffy Ben\u00edtez\",\"image\":{\"@type\":\"ImageObject\",\"inLanguage\":\"es\",\"@id\":\"https:\/\/conexion23.com\/#\/schema\/person\/image\/\",\"url\":\"https:\/\/secure.gravatar.com\/avatar\/3190a6a6c5e1b0327500f7d6c56b6242472ee6cb974cf09b401ee6b3b0798f23?s=96&d=mm&r=g\",\"contentUrl\":\"https:\/\/secure.gravatar.com\/avatar\/3190a6a6c5e1b0327500f7d6c56b6242472ee6cb974cf09b401ee6b3b0798f23?s=96&d=mm&r=g\",\"caption\":\"Raffy Ben\u00edtez\"},\"url\":\"https:\/\/conexion23.com\/?author=15\"}]}<\/script>\n<!-- \/ Yoast SEO plugin. -->","yoast_head_json":{"title":"PN pone a disposici\u00f3n de la justicia hombre que amenazaba con agredir a su ex pareja con arma blanca - Conexi\u00f3n 23","robots":{"index":"index","follow":"follow","max-snippet":"max-snippet:-1","max-image-preview":"max-image-preview:large","max-video-preview":"max-video-preview:-1"},"canonical":"https:\/\/conexion23.com\/?p=56724","og_locale":"es_ES","og_type":"article","og_title":"PN pone a disposici\u00f3n de la justicia hombre que amenazaba con agredir a su ex pareja con arma blanca - Conexi\u00f3n 23","og_description":"Agentes policiales adscritos a la Direcci\u00f3n Especializada de Atenci\u00f3n a la Mujer y Violencia Intrafamiliar (DEAMVI) de esta regional sureste, ejecutaron una orden de arresto a un hombre acusado supuestamente de amenazas de agresi\u00f3n a su ex pareja sentimental con un arma blanca tipo cuchillo, hecho qued\u00f3 captado en un v\u00eddeo circulante en redes sociales. [&hellip;]","og_url":"https:\/\/conexion23.com\/?p=56724","og_site_name":"Conexi\u00f3n 23","article_publisher":"https:\/\/www.facebook.com\/conexion23com","article_published_time":"2026-04-28T21:23:30+00:00","og_image":[{"width":1052,"height":1003,"url":"http:\/\/conexion23.com\/wp-content\/uploads\/2026\/04\/ef80f14b-d80b-4ec7-9fa2-178794324156.jpg","type":"image\/jpeg"}],"author":"Raffy Ben\u00edtez","twitter_card":"summary_large_image","twitter_misc":{"Escrito por":"Raffy Ben\u00edtez","Tiempo de lectura":"1 minuto"},"schema":{"@context":"https:\/\/schema.org","@graph":[{"@type":"Article","@id":"https:\/\/conexion23.com\/?p=56724#article","isPartOf":{"@id":"https:\/\/conexion23.com\/?p=56724"},"author":{"name":"Raffy Ben\u00edtez","@id":"https:\/\/conexion23.com\/#\/schema\/person\/03e36043331117e97a373299bbcd30a6"},"headline":"PN pone a disposici\u00f3n de la justicia hombre que amenazaba con agredir a su ex pareja con arma blanca","datePublished":"2026-04-28T21:23:30+00:00","mainEntityOfPage":{"@id":"https:\/\/conexion23.com\/?p=56724"},"wordCount":184,"commentCount":0,"publisher":{"@id":"https:\/\/conexion23.com\/#organization"},"image":{"@id":"https:\/\/conexion23.com\/?p=56724#primaryimage"},"thumbnailUrl":"https:\/\/conexion23.com\/wp-content\/uploads\/2026\/04\/ef80f14b-d80b-4ec7-9fa2-178794324156.jpg","keywords":["agredir","amenazaba","Arma Blanca","ex pareja","hombre","justicia","policia nacional"],"articleSection":["Municipales","Provincias del Este","SPM"],"inLanguage":"es","potentialAction":[{"@type":"CommentAction","name":"Comment","target":["https:\/\/conexion23.com\/?p=56724#respond"]}]},{"@type":"WebPage","@id":"https:\/\/conexion23.com\/?p=56724","url":"https:\/\/conexion23.com\/?p=56724","name":"PN pone a disposici\u00f3n de la justicia hombre que amenazaba con agredir a su ex pareja con arma blanca - Conexi\u00f3n 23","isPartOf":{"@id":"https:\/\/conexion23.com\/#website"},"primaryImageOfPage":{"@id":"https:\/\/conexion23.com\/?p=56724#primaryimage"},"image":{"@id":"https:\/\/conexion23.com\/?p=56724#primaryimage"},"thumbnailUrl":"https:\/\/conexion23.com\/wp-content\/uploads\/2026\/04\/ef80f14b-d80b-4ec7-9fa2-178794324156.jpg","datePublished":"2026-04-28T21:23:30+00:00","breadcrumb":{"@id":"https:\/\/conexion23.com\/?p=56724#breadcrumb"},"inLanguage":"es","potentialAction":[{"@type":"ReadAction","target":["https:\/\/conexion23.com\/?p=56724"]}]},{"@type":"ImageObject","inLanguage":"es","@id":"https:\/\/conexion23.com\/?p=56724#primaryimage","url":"https:\/\/conexion23.com\/wp-content\/uploads\/2026\/04\/ef80f14b-d80b-4ec7-9fa2-178794324156.jpg","contentUrl":"https:\/\/conexion23.com\/wp-content\/uploads\/2026\/04\/ef80f14b-d80b-4ec7-9fa2-178794324156.jpg","width":1052,"height":1003},{"@type":"BreadcrumbList","@id":"https:\/\/conexion23.com\/?p=56724#breadcrumb","itemListElement":[{"@type":"ListItem","position":1,"name":"Portada","item":"https:\/\/conexion23.com\/"},{"@type":"ListItem","position":2,"name":"PN pone a disposici\u00f3n de la justicia hombre que amenazaba con agredir a su ex pareja con arma blanca"}]},{"@type":"WebSite","@id":"https:\/\/conexion23.com\/#website","url":"https:\/\/conexion23.com\/","name":"Conexi\u00f3n 23","description":"Peri\u00f3dico 100% Petromacorisano","publisher":{"@id":"https:\/\/conexion23.com\/#organization"},"potentialAction":[{"@type":"SearchAction","target":{"@type":"EntryPoint","urlTemplate":"https:\/\/conexion23.com\/?s={search_term_string}"},"query-input":{"@type":"PropertyValueSpecification","valueRequired":true,"valueName":"search_term_string"}}],"inLanguage":"es"},{"@type":"Organization","@id":"https:\/\/conexion23.com\/#organization","name":"Conexion 23","url":"https:\/\/conexion23.com\/","logo":{"@type":"ImageObject","inLanguage":"es","@id":"https:\/\/conexion23.com\/#\/schema\/logo\/image\/","url":"https:\/\/conexion23.com\/wp-content\/uploads\/2021\/11\/Diseno-sin-titulo-2.png","contentUrl":"https:\/\/conexion23.com\/wp-content\/uploads\/2021\/11\/Diseno-sin-titulo-2.png","width":541,"height":90,"caption":"Conexion 23"},"image":{"@id":"https:\/\/conexion23.com\/#\/schema\/logo\/image\/"},"sameAs":["https:\/\/www.facebook.com\/conexion23com","https:\/\/www.instagram.com\/conexion23com\/","https:\/\/www.youtube.com\/channel\/UCYc7vxxFZMYLIHNsHHxPZ3Q"]},{"@type":"Person","@id":"https:\/\/conexion23.com\/#\/schema\/person\/03e36043331117e97a373299bbcd30a6","name":"Raffy Ben\u00edtez","image":{"@type":"ImageObject","inLanguage":"es","@id":"https:\/\/conexion23.com\/#\/schema\/person\/image\/","url":"https:\/\/secure.gravatar.com\/avatar\/3190a6a6c5e1b0327500f7d6c56b6242472ee6cb974cf09b401ee6b3b0798f23?s=96&d=mm&r=g","contentUrl":"https:\/\/secure.gravatar.com\/avatar\/3190a6a6c5e1b0327500f7d6c56b6242472ee6cb974cf09b401ee6b3b0798f23?s=96&d=mm&r=g","caption":"Raffy Ben\u00edtez"},"url":"https:\/\/conexion23.com\/?author=15"}]}},"_links":{"self":[{"href":"https:\/\/conexion23.com\/index.php?rest_route=\/wp\/v2\/posts\/56724","targetHints":{"allow":["GET"]}}],"collection":[{"href":"https:\/\/conexion23.com\/index.php?rest_route=\/wp\/v2\/posts"}],"about":[{"href":"https:\/\/conexion23.com\/index.php?rest_route=\/wp\/v2\/types\/post"}],"author":[{"embeddable":true,"href":"https:\/\/conexion23.com\/index.php?rest_route=\/wp\/v2\/users\/15"}],"replies":[{"embeddable":true,"href":"https:\/\/conexion23.com\/index.php?rest_route=%2Fwp%2Fv2%2Fcomments&post=56724"}],"version-history":[{"count":1,"href":"https:\/\/conexion23.com\/index.php?rest_route=\/wp\/v2\/posts\/56724\/revisions"}],"predecessor-version":[{"id":56726,"href":"https:\/\/conexion23.com\/index.php?rest_route=\/wp\/v2\/posts\/56724\/revisions\/56726"}],"wp:featuredmedia":[{"embeddable":true,"href":"https:\/\/conexion23.com\/index.php?rest_route=\/wp\/v2\/media\/56725"}],"wp:attachment":[{"href":"https:\/\/conexion23.com\/index.php?rest_route=%2Fwp%2Fv2%2Fmedia&parent=56724"}],"wp:term":[{"taxonomy":"category","embeddable":true,"href":"https:\/\/conexion23.com\/index.php?rest_route=%2Fwp%2Fv2%2Fcategories&post=56724"},{"taxonomy":"post_tag","embeddable":true,"href":"https:\/\/conexion23.com\/index.php?rest_route=%2Fwp%2Fv2%2Ftags&post=56724"}],"curies":[{"name":"wp","href":"https:\/\/api.w.org\/{rel}","templated":true}]}}