{"id":56747,"date":"2026-04-29T07:49:54","date_gmt":"2026-04-29T11:49:54","guid":{"rendered":"https:\/\/conexion23.com\/?p=56747"},"modified":"2026-04-29T07:49:54","modified_gmt":"2026-04-29T11:49:54","slug":"realizaran-cierre-de-calles-temporales-en-spm-por-evento-cristiano-espiritu-santo-y-fuego","status":"publish","type":"post","link":"https:\/\/conexion23.com\/?p=56747","title":{"rendered":"Realizaran cierre de calles temporales en SPM por evento cristiano, \u00abEsp\u00edritu santo y Fuego\u00bb"},"content":{"rendered":"<p>La Alcald\u00eda de San Pedro de Macor\u00eds informa que este viernes 1 de mayo de 2026 se estar\u00e1n realizando cierres temporales de v\u00edas en distintos puntos del municipio, con motivo del evento cristiano \u201cEsp\u00edritu Santo y Fuego\u201d.<\/p>\n<p>Las restricciones incluir\u00e1n la Av. Dom\u00ednguez Charro y la calle Francisco del Rosario S\u00e1nchez, con desv\u00edos habilitados por las calles Fello A Kid y Presidente Henr\u00edquez.<\/p>\n<p>Se recomienda a conductores y peatones planificar sus desplazamientos con anticipaci\u00f3n y utilizar v\u00edas alternas.<\/p>\n<p>Agradecemos la comprensi\u00f3n y colaboraci\u00f3n de toda la ciudadan\u00eda para el \u00e9xito y seguridad de esta actividad.<\/p>\n","protected":false},"excerpt":{"rendered":"<p>La Alcald\u00eda de San Pedro de Macor\u00eds informa que este viernes 1 de mayo de 2026 se estar\u00e1n realizando cierres temporales de v\u00edas en distintos puntos del municipio, con motivo del evento cristiano \u201cEsp\u00edritu Santo y Fuego\u201d. Las restricciones incluir\u00e1n la Av. Dom\u00ednguez Charro y la calle Francisco del Rosario S\u00e1nchez, con desv\u00edos habilitados por [&hellip;]<\/p>\n","protected":false},"author":15,"featured_media":56748,"comment_status":"open","ping_status":"open","sticky":false,"template":"","format":"standard","meta":{"footnotes":""},"categories":[12,2472,35],"tags":[8626,8629,8628,3032,8627],"class_list":{"0":"post-56747","1":"post","2":"type-post","3":"status-publish","4":"format-standard","5":"has-post-thumbnail","7":"category-municipales","8":"category-provincias-del-este","9":"category-spm","10":"tag-cierre-de-calles","11":"tag-espiritu-santo","12":"tag-evento-cristiano","13":"tag-juego","14":"tag-temporales"},"yoast_head":"<!-- This site is optimized with the Yoast SEO plugin v27.1.1 - https:\/\/yoast.com\/product\/yoast-seo-wordpress\/ -->\n<title>Realizaran cierre de calles temporales en SPM por evento cristiano, &quot;Esp\u00edritu santo y Fuego&quot; - Conexi\u00f3n 23<\/title>\n<meta name=\"robots\" content=\"index, follow, max-snippet:-1, max-image-preview:large, max-video-preview:-1\" \/>\n<link rel=\"canonical\" href=\"https:\/\/conexion23.com\/?p=56747\" \/>\n<meta property=\"og:locale\" content=\"es_ES\" \/>\n<meta property=\"og:type\" content=\"article\" \/>\n<meta property=\"og:title\" content=\"Realizaran cierre de calles temporales en SPM por evento cristiano, &quot;Esp\u00edritu santo y Fuego&quot; - Conexi\u00f3n 23\" \/>\n<meta property=\"og:description\" content=\"La Alcald\u00eda de San Pedro de Macor\u00eds informa que este viernes 1 de mayo de 2026 se estar\u00e1n realizando cierres temporales de v\u00edas en distintos puntos del municipio, con motivo del evento cristiano \u201cEsp\u00edritu Santo y Fuego\u201d. Las restricciones incluir\u00e1n la Av. Dom\u00ednguez Charro y la calle Francisco del Rosario S\u00e1nchez, con desv\u00edos habilitados por [&hellip;]\" \/>\n<meta property=\"og:url\" content=\"https:\/\/conexion23.com\/?p=56747\" \/>\n<meta property=\"og:site_name\" content=\"Conexi\u00f3n 23\" \/>\n<meta property=\"article:publisher\" content=\"https:\/\/www.facebook.com\/conexion23com\" \/>\n<meta property=\"article:published_time\" content=\"2026-04-29T11:49:54+00:00\" \/>\n<meta property=\"og:image\" content=\"http:\/\/conexion23.com\/wp-content\/uploads\/2026\/04\/c45ed10a-200f-49bc-9612-2d48f0e13c31.jpg\" \/>\n\t<meta property=\"og:image:width\" content=\"1254\" \/>\n\t<meta property=\"og:image:height\" content=\"1254\" \/>\n\t<meta property=\"og:image:type\" content=\"image\/jpeg\" \/>\n<meta name=\"author\" content=\"Raffy Ben\u00edtez\" \/>\n<meta name=\"twitter:card\" content=\"summary_large_image\" \/>\n<meta name=\"twitter:label1\" content=\"Escrito por\" \/>\n\t<meta name=\"twitter:data1\" content=\"Raffy Ben\u00edtez\" \/>\n\t<meta name=\"twitter:label2\" content=\"Tiempo de lectura\" \/>\n\t<meta name=\"twitter:data2\" content=\"1 minuto\" \/>\n<script type=\"application\/ld+json\" class=\"yoast-schema-graph\">{\"@context\":\"https:\/\/schema.org\",\"@graph\":[{\"@type\":\"Article\",\"@id\":\"https:\/\/conexion23.com\/?p=56747#article\",\"isPartOf\":{\"@id\":\"https:\/\/conexion23.com\/?p=56747\"},\"author\":{\"name\":\"Raffy Ben\u00edtez\",\"@id\":\"https:\/\/conexion23.com\/#\/schema\/person\/03e36043331117e97a373299bbcd30a6\"},\"headline\":\"Realizaran cierre de calles temporales en SPM por evento cristiano, \u00abEsp\u00edritu santo y Fuego\u00bb\",\"datePublished\":\"2026-04-29T11:49:54+00:00\",\"mainEntityOfPage\":{\"@id\":\"https:\/\/conexion23.com\/?p=56747\"},\"wordCount\":123,\"commentCount\":0,\"publisher\":{\"@id\":\"https:\/\/conexion23.com\/#organization\"},\"image\":{\"@id\":\"https:\/\/conexion23.com\/?p=56747#primaryimage\"},\"thumbnailUrl\":\"https:\/\/conexion23.com\/wp-content\/uploads\/2026\/04\/c45ed10a-200f-49bc-9612-2d48f0e13c31.jpg\",\"keywords\":[\"cierre de calles\",\"Esp\u00edritu santo\",\"evento cristiano\",\"juego\",\"temporales\"],\"articleSection\":[\"Municipales\",\"Provincias del Este\",\"SPM\"],\"inLanguage\":\"es\",\"potentialAction\":[{\"@type\":\"CommentAction\",\"name\":\"Comment\",\"target\":[\"https:\/\/conexion23.com\/?p=56747#respond\"]}]},{\"@type\":\"WebPage\",\"@id\":\"https:\/\/conexion23.com\/?p=56747\",\"url\":\"https:\/\/conexion23.com\/?p=56747\",\"name\":\"Realizaran cierre de calles temporales en SPM por evento cristiano, \\\"Esp\u00edritu santo y Fuego\\\" - Conexi\u00f3n 23\",\"isPartOf\":{\"@id\":\"https:\/\/conexion23.com\/#website\"},\"primaryImageOfPage\":{\"@id\":\"https:\/\/conexion23.com\/?p=56747#primaryimage\"},\"image\":{\"@id\":\"https:\/\/conexion23.com\/?p=56747#primaryimage\"},\"thumbnailUrl\":\"https:\/\/conexion23.com\/wp-content\/uploads\/2026\/04\/c45ed10a-200f-49bc-9612-2d48f0e13c31.jpg\",\"datePublished\":\"2026-04-29T11:49:54+00:00\",\"breadcrumb\":{\"@id\":\"https:\/\/conexion23.com\/?p=56747#breadcrumb\"},\"inLanguage\":\"es\",\"potentialAction\":[{\"@type\":\"ReadAction\",\"target\":[\"https:\/\/conexion23.com\/?p=56747\"]}]},{\"@type\":\"ImageObject\",\"inLanguage\":\"es\",\"@id\":\"https:\/\/conexion23.com\/?p=56747#primaryimage\",\"url\":\"https:\/\/conexion23.com\/wp-content\/uploads\/2026\/04\/c45ed10a-200f-49bc-9612-2d48f0e13c31.jpg\",\"contentUrl\":\"https:\/\/conexion23.com\/wp-content\/uploads\/2026\/04\/c45ed10a-200f-49bc-9612-2d48f0e13c31.jpg\",\"width\":1254,\"height\":1254},{\"@type\":\"BreadcrumbList\",\"@id\":\"https:\/\/conexion23.com\/?p=56747#breadcrumb\",\"itemListElement\":[{\"@type\":\"ListItem\",\"position\":1,\"name\":\"Portada\",\"item\":\"https:\/\/conexion23.com\/\"},{\"@type\":\"ListItem\",\"position\":2,\"name\":\"Realizaran cierre de calles temporales en SPM por evento cristiano, \u00abEsp\u00edritu santo y Fuego\u00bb\"}]},{\"@type\":\"WebSite\",\"@id\":\"https:\/\/conexion23.com\/#website\",\"url\":\"https:\/\/conexion23.com\/\",\"name\":\"Conexi\u00f3n 23\",\"description\":\"Peri\u00f3dico 100% Petromacorisano\",\"publisher\":{\"@id\":\"https:\/\/conexion23.com\/#organization\"},\"potentialAction\":[{\"@type\":\"SearchAction\",\"target\":{\"@type\":\"EntryPoint\",\"urlTemplate\":\"https:\/\/conexion23.com\/?s={search_term_string}\"},\"query-input\":{\"@type\":\"PropertyValueSpecification\",\"valueRequired\":true,\"valueName\":\"search_term_string\"}}],\"inLanguage\":\"es\"},{\"@type\":\"Organization\",\"@id\":\"https:\/\/conexion23.com\/#organization\",\"name\":\"Conexion 23\",\"url\":\"https:\/\/conexion23.com\/\",\"logo\":{\"@type\":\"ImageObject\",\"inLanguage\":\"es\",\"@id\":\"https:\/\/conexion23.com\/#\/schema\/logo\/image\/\",\"url\":\"https:\/\/conexion23.com\/wp-content\/uploads\/2021\/11\/Diseno-sin-titulo-2.png\",\"contentUrl\":\"https:\/\/conexion23.com\/wp-content\/uploads\/2021\/11\/Diseno-sin-titulo-2.png\",\"width\":541,\"height\":90,\"caption\":\"Conexion 23\"},\"image\":{\"@id\":\"https:\/\/conexion23.com\/#\/schema\/logo\/image\/\"},\"sameAs\":[\"https:\/\/www.facebook.com\/conexion23com\",\"https:\/\/www.instagram.com\/conexion23com\/\",\"https:\/\/www.youtube.com\/channel\/UCYc7vxxFZMYLIHNsHHxPZ3Q\"]},{\"@type\":\"Person\",\"@id\":\"https:\/\/conexion23.com\/#\/schema\/person\/03e36043331117e97a373299bbcd30a6\",\"name\":\"Raffy Ben\u00edtez\",\"image\":{\"@type\":\"ImageObject\",\"inLanguage\":\"es\",\"@id\":\"https:\/\/conexion23.com\/#\/schema\/person\/image\/\",\"url\":\"https:\/\/secure.gravatar.com\/avatar\/3190a6a6c5e1b0327500f7d6c56b6242472ee6cb974cf09b401ee6b3b0798f23?s=96&d=mm&r=g\",\"contentUrl\":\"https:\/\/secure.gravatar.com\/avatar\/3190a6a6c5e1b0327500f7d6c56b6242472ee6cb974cf09b401ee6b3b0798f23?s=96&d=mm&r=g\",\"caption\":\"Raffy Ben\u00edtez\"},\"url\":\"https:\/\/conexion23.com\/?author=15\"}]}<\/script>\n<!-- \/ Yoast SEO plugin. -->","yoast_head_json":{"title":"Realizaran cierre de calles temporales en SPM por evento cristiano, \"Esp\u00edritu santo y Fuego\" - Conexi\u00f3n 23","robots":{"index":"index","follow":"follow","max-snippet":"max-snippet:-1","max-image-preview":"max-image-preview:large","max-video-preview":"max-video-preview:-1"},"canonical":"https:\/\/conexion23.com\/?p=56747","og_locale":"es_ES","og_type":"article","og_title":"Realizaran cierre de calles temporales en SPM por evento cristiano, \"Esp\u00edritu santo y Fuego\" - Conexi\u00f3n 23","og_description":"La Alcald\u00eda de San Pedro de Macor\u00eds informa que este viernes 1 de mayo de 2026 se estar\u00e1n realizando cierres temporales de v\u00edas en distintos puntos del municipio, con motivo del evento cristiano \u201cEsp\u00edritu Santo y Fuego\u201d. Las restricciones incluir\u00e1n la Av. Dom\u00ednguez Charro y la calle Francisco del Rosario S\u00e1nchez, con desv\u00edos habilitados por [&hellip;]","og_url":"https:\/\/conexion23.com\/?p=56747","og_site_name":"Conexi\u00f3n 23","article_publisher":"https:\/\/www.facebook.com\/conexion23com","article_published_time":"2026-04-29T11:49:54+00:00","og_image":[{"width":1254,"height":1254,"url":"http:\/\/conexion23.com\/wp-content\/uploads\/2026\/04\/c45ed10a-200f-49bc-9612-2d48f0e13c31.jpg","type":"image\/jpeg"}],"author":"Raffy Ben\u00edtez","twitter_card":"summary_large_image","twitter_misc":{"Escrito por":"Raffy Ben\u00edtez","Tiempo de lectura":"1 minuto"},"schema":{"@context":"https:\/\/schema.org","@graph":[{"@type":"Article","@id":"https:\/\/conexion23.com\/?p=56747#article","isPartOf":{"@id":"https:\/\/conexion23.com\/?p=56747"},"author":{"name":"Raffy Ben\u00edtez","@id":"https:\/\/conexion23.com\/#\/schema\/person\/03e36043331117e97a373299bbcd30a6"},"headline":"Realizaran cierre de calles temporales en SPM por evento cristiano, \u00abEsp\u00edritu santo y Fuego\u00bb","datePublished":"2026-04-29T11:49:54+00:00","mainEntityOfPage":{"@id":"https:\/\/conexion23.com\/?p=56747"},"wordCount":123,"commentCount":0,"publisher":{"@id":"https:\/\/conexion23.com\/#organization"},"image":{"@id":"https:\/\/conexion23.com\/?p=56747#primaryimage"},"thumbnailUrl":"https:\/\/conexion23.com\/wp-content\/uploads\/2026\/04\/c45ed10a-200f-49bc-9612-2d48f0e13c31.jpg","keywords":["cierre de calles","Esp\u00edritu santo","evento cristiano","juego","temporales"],"articleSection":["Municipales","Provincias del Este","SPM"],"inLanguage":"es","potentialAction":[{"@type":"CommentAction","name":"Comment","target":["https:\/\/conexion23.com\/?p=56747#respond"]}]},{"@type":"WebPage","@id":"https:\/\/conexion23.com\/?p=56747","url":"https:\/\/conexion23.com\/?p=56747","name":"Realizaran cierre de calles temporales en SPM por evento cristiano, \"Esp\u00edritu santo y Fuego\" - Conexi\u00f3n 23","isPartOf":{"@id":"https:\/\/conexion23.com\/#website"},"primaryImageOfPage":{"@id":"https:\/\/conexion23.com\/?p=56747#primaryimage"},"image":{"@id":"https:\/\/conexion23.com\/?p=56747#primaryimage"},"thumbnailUrl":"https:\/\/conexion23.com\/wp-content\/uploads\/2026\/04\/c45ed10a-200f-49bc-9612-2d48f0e13c31.jpg","datePublished":"2026-04-29T11:49:54+00:00","breadcrumb":{"@id":"https:\/\/conexion23.com\/?p=56747#breadcrumb"},"inLanguage":"es","potentialAction":[{"@type":"ReadAction","target":["https:\/\/conexion23.com\/?p=56747"]}]},{"@type":"ImageObject","inLanguage":"es","@id":"https:\/\/conexion23.com\/?p=56747#primaryimage","url":"https:\/\/conexion23.com\/wp-content\/uploads\/2026\/04\/c45ed10a-200f-49bc-9612-2d48f0e13c31.jpg","contentUrl":"https:\/\/conexion23.com\/wp-content\/uploads\/2026\/04\/c45ed10a-200f-49bc-9612-2d48f0e13c31.jpg","width":1254,"height":1254},{"@type":"BreadcrumbList","@id":"https:\/\/conexion23.com\/?p=56747#breadcrumb","itemListElement":[{"@type":"ListItem","position":1,"name":"Portada","item":"https:\/\/conexion23.com\/"},{"@type":"ListItem","position":2,"name":"Realizaran cierre de calles temporales en SPM por evento cristiano, \u00abEsp\u00edritu santo y Fuego\u00bb"}]},{"@type":"WebSite","@id":"https:\/\/conexion23.com\/#website","url":"https:\/\/conexion23.com\/","name":"Conexi\u00f3n 23","description":"Peri\u00f3dico 100% Petromacorisano","publisher":{"@id":"https:\/\/conexion23.com\/#organization"},"potentialAction":[{"@type":"SearchAction","target":{"@type":"EntryPoint","urlTemplate":"https:\/\/conexion23.com\/?s={search_term_string}"},"query-input":{"@type":"PropertyValueSpecification","valueRequired":true,"valueName":"search_term_string"}}],"inLanguage":"es"},{"@type":"Organization","@id":"https:\/\/conexion23.com\/#organization","name":"Conexion 23","url":"https:\/\/conexion23.com\/","logo":{"@type":"ImageObject","inLanguage":"es","@id":"https:\/\/conexion23.com\/#\/schema\/logo\/image\/","url":"https:\/\/conexion23.com\/wp-content\/uploads\/2021\/11\/Diseno-sin-titulo-2.png","contentUrl":"https:\/\/conexion23.com\/wp-content\/uploads\/2021\/11\/Diseno-sin-titulo-2.png","width":541,"height":90,"caption":"Conexion 23"},"image":{"@id":"https:\/\/conexion23.com\/#\/schema\/logo\/image\/"},"sameAs":["https:\/\/www.facebook.com\/conexion23com","https:\/\/www.instagram.com\/conexion23com\/","https:\/\/www.youtube.com\/channel\/UCYc7vxxFZMYLIHNsHHxPZ3Q"]},{"@type":"Person","@id":"https:\/\/conexion23.com\/#\/schema\/person\/03e36043331117e97a373299bbcd30a6","name":"Raffy Ben\u00edtez","image":{"@type":"ImageObject","inLanguage":"es","@id":"https:\/\/conexion23.com\/#\/schema\/person\/image\/","url":"https:\/\/secure.gravatar.com\/avatar\/3190a6a6c5e1b0327500f7d6c56b6242472ee6cb974cf09b401ee6b3b0798f23?s=96&d=mm&r=g","contentUrl":"https:\/\/secure.gravatar.com\/avatar\/3190a6a6c5e1b0327500f7d6c56b6242472ee6cb974cf09b401ee6b3b0798f23?s=96&d=mm&r=g","caption":"Raffy Ben\u00edtez"},"url":"https:\/\/conexion23.com\/?author=15"}]}},"_links":{"self":[{"href":"https:\/\/conexion23.com\/index.php?rest_route=\/wp\/v2\/posts\/56747","targetHints":{"allow":["GET"]}}],"collection":[{"href":"https:\/\/conexion23.com\/index.php?rest_route=\/wp\/v2\/posts"}],"about":[{"href":"https:\/\/conexion23.com\/index.php?rest_route=\/wp\/v2\/types\/post"}],"author":[{"embeddable":true,"href":"https:\/\/conexion23.com\/index.php?rest_route=\/wp\/v2\/users\/15"}],"replies":[{"embeddable":true,"href":"https:\/\/conexion23.com\/index.php?rest_route=%2Fwp%2Fv2%2Fcomments&post=56747"}],"version-history":[{"count":1,"href":"https:\/\/conexion23.com\/index.php?rest_route=\/wp\/v2\/posts\/56747\/revisions"}],"predecessor-version":[{"id":56749,"href":"https:\/\/conexion23.com\/index.php?rest_route=\/wp\/v2\/posts\/56747\/revisions\/56749"}],"wp:featuredmedia":[{"embeddable":true,"href":"https:\/\/conexion23.com\/index.php?rest_route=\/wp\/v2\/media\/56748"}],"wp:attachment":[{"href":"https:\/\/conexion23.com\/index.php?rest_route=%2Fwp%2Fv2%2Fmedia&parent=56747"}],"wp:term":[{"taxonomy":"category","embeddable":true,"href":"https:\/\/conexion23.com\/index.php?rest_route=%2Fwp%2Fv2%2Fcategories&post=56747"},{"taxonomy":"post_tag","embeddable":true,"href":"https:\/\/conexion23.com\/index.php?rest_route=%2Fwp%2Fv2%2Ftags&post=56747"}],"curies":[{"name":"wp","href":"https:\/\/api.w.org\/{rel}","templated":true}]}}