{"id":56757,"date":"2026-04-29T08:15:36","date_gmt":"2026-04-29T12:15:36","guid":{"rendered":"https:\/\/conexion23.com\/?p=56757"},"modified":"2026-04-29T08:15:36","modified_gmt":"2026-04-29T12:15:36","slug":"consulado-reconoce-a-disenadora-dominicana-en-miami","status":"publish","type":"post","link":"https:\/\/conexion23.com\/?p=56757","title":{"rendered":"Consulado reconoce a dise\u00f1adora dominicana en Miami"},"content":{"rendered":"<p class=\"_aupe copyable-text x15bjb6t x1n2onr6\" style=\"text-align: justify;\">La dise\u00f1adora dominicana Giannina Azar fue declarada \u201cVisitante Distinguida\u201d por el Condado de Miami-Dade, Florida, durante un acto en el que tambi\u00e9n present\u00f3 una pasarela ben\u00e9fica en apoyo a una organizaci\u00f3n sin fines de lucro.<\/p>\n<p class=\"_aupe copyable-text x15bjb6t x1n2onr6\" style=\"text-align: justify;\">El reconocimiento fue entregado en el Consulado General de la Rep\u00fablica Dominicana en Miami, instituci\u00f3n que adem\u00e1s proclam\u00f3 el \u201cD\u00eda de Giannina Azar\u201d, distinci\u00f3n que resalta su exitosa trayectoria y sus aportes a la industria de la moda latinoamericana.<\/p>\n<p class=\"_aupe copyable-text x15bjb6t x1n2onr6\" style=\"text-align: justify;\">El c\u00f3nsul general interino, Gilberto Minaya, encabez\u00f3 el acto en la sede consular y destac\u00f3 el impacto internacional de la dise\u00f1adora y su rol como embajadora del talento dominicano.<\/p>\n<p class=\"_aupe copyable-text x15bjb6t x1n2onr6\" style=\"text-align: justify;\">\u201cNos enorgullece recibir a Giannina Azar en nuestra sede. Este reconocimiento reafirma la proyecci\u00f3n global de nuestra dise\u00f1adora\u201d, manifest\u00f3 Minaya, acompa\u00f1ado de la vicec\u00f3nsul Claudia S\u00e1nchez.<\/p>\n<p class=\"_aupe copyable-text x15bjb6t x1n2onr6\" style=\"text-align: justify;\">El diplom\u00e1tico agradeci\u00f3 a Latin Business Network y RoseMaryNews, as\u00ed como a sus representantes Ysabel Borden y Rose Mary Santana, por canalizar el reconocimiento otorgado por el Condado de Miami-Dade, encabezado por la alcaldesa Daniela Levine Cava.<\/p>\n<p class=\"_aupe copyable-text x15bjb6t x1n2onr6\" style=\"text-align: justify;\">Rose Mary Santana resalt\u00f3 la labor filantr\u00f3pica de la dise\u00f1adora y su influencia en escenarios internacionales.<\/p>\n<p class=\"_aupe copyable-text x15bjb6t x1n2onr6\" style=\"text-align: justify;\">Ysabel Borden valor\u00f3 el respaldo de la Alcald\u00eda de Miami-Dade por la declaratoria oficial.<\/p>\n<p class=\"_aupe copyable-text x15bjb6t x1n2onr6\" style=\"text-align: justify;\">Giannina Azar agradeci\u00f3 la distinci\u00f3n. \u201cEs un honor recibir este reconocimiento en la sede de mi pa\u00eds en Miami. Gracias a todas las entidades que lo hicieron posible y a la Alcald\u00eda de Miami-Dade, donde durante a\u00f1os he trabajado en favor del crecimiento de la industria de la moda, con un firme compromiso filantr\u00f3pico. Este es un d\u00eda inolvidable que llevar\u00e9 siempre en mi coraz\u00f3n\u201d, dijo.<\/p>\n<p class=\"_aupe copyable-text x15bjb6t x1n2onr6\" style=\"text-align: justify;\">La dise\u00f1adora tambi\u00e9n reconoci\u00f3 la labor del Consulado, en la persona del licenciado Minaya y su equipo, as\u00ed como de RoseMaryNews, Latin Business Network, Ysabel Borden, Rose Mary Santana, Hugo Ch\u00e1vez y dem\u00e1s presentes que hicieron posible el encuentro.<\/p>\n<p class=\"_aupe copyable-text x15bjb6t x1n2onr6\" style=\"text-align: justify;\">El evento cont\u00f3 con la asistencia de Sheila Minaya, Diego Minaya, Martha Sang y ejecutivos del Hotel Dua Miami, Autograph Collection, como Omar Qui\u00f1onez, Devaught Linton y Melani Fillion, quienes compartieron un brindis ofrecido por el hotel.<\/p>\n","protected":false},"excerpt":{"rendered":"<p>La dise\u00f1adora dominicana Giannina Azar fue declarada \u201cVisitante Distinguida\u201d por el Condado de Miami-Dade, Florida, durante un acto en el que tambi\u00e9n present\u00f3 una pasarela ben\u00e9fica en apoyo a una organizaci\u00f3n sin fines de lucro. El reconocimiento fue entregado en el Consulado General de la Rep\u00fablica Dominicana en Miami, instituci\u00f3n que adem\u00e1s proclam\u00f3 el \u201cD\u00eda [&hellip;]<\/p>\n","protected":false},"author":15,"featured_media":56758,"comment_status":"open","ping_status":"open","sticky":false,"template":"","format":"standard","meta":{"footnotes":""},"categories":[3883],"tags":[7609,8632,258,1931],"class_list":{"0":"post-56757","1":"post","2":"type-post","3":"status-publish","4":"format-standard","5":"has-post-thumbnail","7":"category-ultramar","8":"tag-consulado","9":"tag-disenadora","10":"tag-dominicana","11":"tag-reconoce"},"yoast_head":"<!-- This site is optimized with the Yoast SEO plugin v27.1.1 - https:\/\/yoast.com\/product\/yoast-seo-wordpress\/ -->\n<title>Consulado reconoce a dise\u00f1adora dominicana en Miami - Conexi\u00f3n 23<\/title>\n<meta name=\"robots\" content=\"index, follow, max-snippet:-1, max-image-preview:large, max-video-preview:-1\" \/>\n<link rel=\"canonical\" href=\"https:\/\/conexion23.com\/?p=56757\" \/>\n<meta property=\"og:locale\" content=\"es_ES\" \/>\n<meta property=\"og:type\" content=\"article\" \/>\n<meta property=\"og:title\" content=\"Consulado reconoce a dise\u00f1adora dominicana en Miami - Conexi\u00f3n 23\" \/>\n<meta property=\"og:description\" content=\"La dise\u00f1adora dominicana Giannina Azar fue declarada \u201cVisitante Distinguida\u201d por el Condado de Miami-Dade, Florida, durante un acto en el que tambi\u00e9n present\u00f3 una pasarela ben\u00e9fica en apoyo a una organizaci\u00f3n sin fines de lucro. El reconocimiento fue entregado en el Consulado General de la Rep\u00fablica Dominicana en Miami, instituci\u00f3n que adem\u00e1s proclam\u00f3 el \u201cD\u00eda [&hellip;]\" \/>\n<meta property=\"og:url\" content=\"https:\/\/conexion23.com\/?p=56757\" \/>\n<meta property=\"og:site_name\" content=\"Conexi\u00f3n 23\" \/>\n<meta property=\"article:publisher\" content=\"https:\/\/www.facebook.com\/conexion23com\" \/>\n<meta property=\"article:published_time\" content=\"2026-04-29T12:15:36+00:00\" \/>\n<meta property=\"og:image\" content=\"http:\/\/conexion23.com\/wp-content\/uploads\/2026\/04\/ntqlbucn-1024x684.png\" \/>\n\t<meta property=\"og:image:width\" content=\"1024\" \/>\n\t<meta property=\"og:image:height\" content=\"684\" \/>\n\t<meta property=\"og:image:type\" content=\"image\/png\" \/>\n<meta name=\"author\" content=\"Raffy Ben\u00edtez\" \/>\n<meta name=\"twitter:card\" content=\"summary_large_image\" \/>\n<meta name=\"twitter:label1\" content=\"Escrito por\" \/>\n\t<meta name=\"twitter:data1\" content=\"Raffy Ben\u00edtez\" \/>\n\t<meta name=\"twitter:label2\" content=\"Tiempo de lectura\" \/>\n\t<meta name=\"twitter:data2\" content=\"2 minutos\" \/>\n<script type=\"application\/ld+json\" class=\"yoast-schema-graph\">{\"@context\":\"https:\/\/schema.org\",\"@graph\":[{\"@type\":\"Article\",\"@id\":\"https:\/\/conexion23.com\/?p=56757#article\",\"isPartOf\":{\"@id\":\"https:\/\/conexion23.com\/?p=56757\"},\"author\":{\"name\":\"Raffy Ben\u00edtez\",\"@id\":\"https:\/\/conexion23.com\/#\/schema\/person\/03e36043331117e97a373299bbcd30a6\"},\"headline\":\"Consulado reconoce a dise\u00f1adora dominicana en Miami\",\"datePublished\":\"2026-04-29T12:15:36+00:00\",\"mainEntityOfPage\":{\"@id\":\"https:\/\/conexion23.com\/?p=56757\"},\"wordCount\":378,\"commentCount\":0,\"publisher\":{\"@id\":\"https:\/\/conexion23.com\/#organization\"},\"image\":{\"@id\":\"https:\/\/conexion23.com\/?p=56757#primaryimage\"},\"thumbnailUrl\":\"https:\/\/conexion23.com\/wp-content\/uploads\/2026\/04\/ntqlbucn.png\",\"keywords\":[\"Consulado\",\"dise\u00f1adora\",\"dominicana\",\"reconoce\"],\"articleSection\":[\"Ultramar\"],\"inLanguage\":\"es\",\"potentialAction\":[{\"@type\":\"CommentAction\",\"name\":\"Comment\",\"target\":[\"https:\/\/conexion23.com\/?p=56757#respond\"]}]},{\"@type\":\"WebPage\",\"@id\":\"https:\/\/conexion23.com\/?p=56757\",\"url\":\"https:\/\/conexion23.com\/?p=56757\",\"name\":\"Consulado reconoce a dise\u00f1adora dominicana en Miami - Conexi\u00f3n 23\",\"isPartOf\":{\"@id\":\"https:\/\/conexion23.com\/#website\"},\"primaryImageOfPage\":{\"@id\":\"https:\/\/conexion23.com\/?p=56757#primaryimage\"},\"image\":{\"@id\":\"https:\/\/conexion23.com\/?p=56757#primaryimage\"},\"thumbnailUrl\":\"https:\/\/conexion23.com\/wp-content\/uploads\/2026\/04\/ntqlbucn.png\",\"datePublished\":\"2026-04-29T12:15:36+00:00\",\"breadcrumb\":{\"@id\":\"https:\/\/conexion23.com\/?p=56757#breadcrumb\"},\"inLanguage\":\"es\",\"potentialAction\":[{\"@type\":\"ReadAction\",\"target\":[\"https:\/\/conexion23.com\/?p=56757\"]}]},{\"@type\":\"ImageObject\",\"inLanguage\":\"es\",\"@id\":\"https:\/\/conexion23.com\/?p=56757#primaryimage\",\"url\":\"https:\/\/conexion23.com\/wp-content\/uploads\/2026\/04\/ntqlbucn.png\",\"contentUrl\":\"https:\/\/conexion23.com\/wp-content\/uploads\/2026\/04\/ntqlbucn.png\",\"width\":1920,\"height\":1283},{\"@type\":\"BreadcrumbList\",\"@id\":\"https:\/\/conexion23.com\/?p=56757#breadcrumb\",\"itemListElement\":[{\"@type\":\"ListItem\",\"position\":1,\"name\":\"Portada\",\"item\":\"https:\/\/conexion23.com\/\"},{\"@type\":\"ListItem\",\"position\":2,\"name\":\"Consulado reconoce a dise\u00f1adora dominicana en Miami\"}]},{\"@type\":\"WebSite\",\"@id\":\"https:\/\/conexion23.com\/#website\",\"url\":\"https:\/\/conexion23.com\/\",\"name\":\"Conexi\u00f3n 23\",\"description\":\"Peri\u00f3dico 100% Petromacorisano\",\"publisher\":{\"@id\":\"https:\/\/conexion23.com\/#organization\"},\"potentialAction\":[{\"@type\":\"SearchAction\",\"target\":{\"@type\":\"EntryPoint\",\"urlTemplate\":\"https:\/\/conexion23.com\/?s={search_term_string}\"},\"query-input\":{\"@type\":\"PropertyValueSpecification\",\"valueRequired\":true,\"valueName\":\"search_term_string\"}}],\"inLanguage\":\"es\"},{\"@type\":\"Organization\",\"@id\":\"https:\/\/conexion23.com\/#organization\",\"name\":\"Conexion 23\",\"url\":\"https:\/\/conexion23.com\/\",\"logo\":{\"@type\":\"ImageObject\",\"inLanguage\":\"es\",\"@id\":\"https:\/\/conexion23.com\/#\/schema\/logo\/image\/\",\"url\":\"https:\/\/conexion23.com\/wp-content\/uploads\/2021\/11\/Diseno-sin-titulo-2.png\",\"contentUrl\":\"https:\/\/conexion23.com\/wp-content\/uploads\/2021\/11\/Diseno-sin-titulo-2.png\",\"width\":541,\"height\":90,\"caption\":\"Conexion 23\"},\"image\":{\"@id\":\"https:\/\/conexion23.com\/#\/schema\/logo\/image\/\"},\"sameAs\":[\"https:\/\/www.facebook.com\/conexion23com\",\"https:\/\/www.instagram.com\/conexion23com\/\",\"https:\/\/www.youtube.com\/channel\/UCYc7vxxFZMYLIHNsHHxPZ3Q\"]},{\"@type\":\"Person\",\"@id\":\"https:\/\/conexion23.com\/#\/schema\/person\/03e36043331117e97a373299bbcd30a6\",\"name\":\"Raffy Ben\u00edtez\",\"image\":{\"@type\":\"ImageObject\",\"inLanguage\":\"es\",\"@id\":\"https:\/\/conexion23.com\/#\/schema\/person\/image\/\",\"url\":\"https:\/\/secure.gravatar.com\/avatar\/3190a6a6c5e1b0327500f7d6c56b6242472ee6cb974cf09b401ee6b3b0798f23?s=96&d=mm&r=g\",\"contentUrl\":\"https:\/\/secure.gravatar.com\/avatar\/3190a6a6c5e1b0327500f7d6c56b6242472ee6cb974cf09b401ee6b3b0798f23?s=96&d=mm&r=g\",\"caption\":\"Raffy Ben\u00edtez\"},\"url\":\"https:\/\/conexion23.com\/?author=15\"}]}<\/script>\n<!-- \/ Yoast SEO plugin. -->","yoast_head_json":{"title":"Consulado reconoce a dise\u00f1adora dominicana en Miami - Conexi\u00f3n 23","robots":{"index":"index","follow":"follow","max-snippet":"max-snippet:-1","max-image-preview":"max-image-preview:large","max-video-preview":"max-video-preview:-1"},"canonical":"https:\/\/conexion23.com\/?p=56757","og_locale":"es_ES","og_type":"article","og_title":"Consulado reconoce a dise\u00f1adora dominicana en Miami - Conexi\u00f3n 23","og_description":"La dise\u00f1adora dominicana Giannina Azar fue declarada \u201cVisitante Distinguida\u201d por el Condado de Miami-Dade, Florida, durante un acto en el que tambi\u00e9n present\u00f3 una pasarela ben\u00e9fica en apoyo a una organizaci\u00f3n sin fines de lucro. El reconocimiento fue entregado en el Consulado General de la Rep\u00fablica Dominicana en Miami, instituci\u00f3n que adem\u00e1s proclam\u00f3 el \u201cD\u00eda [&hellip;]","og_url":"https:\/\/conexion23.com\/?p=56757","og_site_name":"Conexi\u00f3n 23","article_publisher":"https:\/\/www.facebook.com\/conexion23com","article_published_time":"2026-04-29T12:15:36+00:00","og_image":[{"width":1024,"height":684,"url":"http:\/\/conexion23.com\/wp-content\/uploads\/2026\/04\/ntqlbucn-1024x684.png","type":"image\/png"}],"author":"Raffy Ben\u00edtez","twitter_card":"summary_large_image","twitter_misc":{"Escrito por":"Raffy Ben\u00edtez","Tiempo de lectura":"2 minutos"},"schema":{"@context":"https:\/\/schema.org","@graph":[{"@type":"Article","@id":"https:\/\/conexion23.com\/?p=56757#article","isPartOf":{"@id":"https:\/\/conexion23.com\/?p=56757"},"author":{"name":"Raffy Ben\u00edtez","@id":"https:\/\/conexion23.com\/#\/schema\/person\/03e36043331117e97a373299bbcd30a6"},"headline":"Consulado reconoce a dise\u00f1adora dominicana en Miami","datePublished":"2026-04-29T12:15:36+00:00","mainEntityOfPage":{"@id":"https:\/\/conexion23.com\/?p=56757"},"wordCount":378,"commentCount":0,"publisher":{"@id":"https:\/\/conexion23.com\/#organization"},"image":{"@id":"https:\/\/conexion23.com\/?p=56757#primaryimage"},"thumbnailUrl":"https:\/\/conexion23.com\/wp-content\/uploads\/2026\/04\/ntqlbucn.png","keywords":["Consulado","dise\u00f1adora","dominicana","reconoce"],"articleSection":["Ultramar"],"inLanguage":"es","potentialAction":[{"@type":"CommentAction","name":"Comment","target":["https:\/\/conexion23.com\/?p=56757#respond"]}]},{"@type":"WebPage","@id":"https:\/\/conexion23.com\/?p=56757","url":"https:\/\/conexion23.com\/?p=56757","name":"Consulado reconoce a dise\u00f1adora dominicana en Miami - Conexi\u00f3n 23","isPartOf":{"@id":"https:\/\/conexion23.com\/#website"},"primaryImageOfPage":{"@id":"https:\/\/conexion23.com\/?p=56757#primaryimage"},"image":{"@id":"https:\/\/conexion23.com\/?p=56757#primaryimage"},"thumbnailUrl":"https:\/\/conexion23.com\/wp-content\/uploads\/2026\/04\/ntqlbucn.png","datePublished":"2026-04-29T12:15:36+00:00","breadcrumb":{"@id":"https:\/\/conexion23.com\/?p=56757#breadcrumb"},"inLanguage":"es","potentialAction":[{"@type":"ReadAction","target":["https:\/\/conexion23.com\/?p=56757"]}]},{"@type":"ImageObject","inLanguage":"es","@id":"https:\/\/conexion23.com\/?p=56757#primaryimage","url":"https:\/\/conexion23.com\/wp-content\/uploads\/2026\/04\/ntqlbucn.png","contentUrl":"https:\/\/conexion23.com\/wp-content\/uploads\/2026\/04\/ntqlbucn.png","width":1920,"height":1283},{"@type":"BreadcrumbList","@id":"https:\/\/conexion23.com\/?p=56757#breadcrumb","itemListElement":[{"@type":"ListItem","position":1,"name":"Portada","item":"https:\/\/conexion23.com\/"},{"@type":"ListItem","position":2,"name":"Consulado reconoce a dise\u00f1adora dominicana en Miami"}]},{"@type":"WebSite","@id":"https:\/\/conexion23.com\/#website","url":"https:\/\/conexion23.com\/","name":"Conexi\u00f3n 23","description":"Peri\u00f3dico 100% Petromacorisano","publisher":{"@id":"https:\/\/conexion23.com\/#organization"},"potentialAction":[{"@type":"SearchAction","target":{"@type":"EntryPoint","urlTemplate":"https:\/\/conexion23.com\/?s={search_term_string}"},"query-input":{"@type":"PropertyValueSpecification","valueRequired":true,"valueName":"search_term_string"}}],"inLanguage":"es"},{"@type":"Organization","@id":"https:\/\/conexion23.com\/#organization","name":"Conexion 23","url":"https:\/\/conexion23.com\/","logo":{"@type":"ImageObject","inLanguage":"es","@id":"https:\/\/conexion23.com\/#\/schema\/logo\/image\/","url":"https:\/\/conexion23.com\/wp-content\/uploads\/2021\/11\/Diseno-sin-titulo-2.png","contentUrl":"https:\/\/conexion23.com\/wp-content\/uploads\/2021\/11\/Diseno-sin-titulo-2.png","width":541,"height":90,"caption":"Conexion 23"},"image":{"@id":"https:\/\/conexion23.com\/#\/schema\/logo\/image\/"},"sameAs":["https:\/\/www.facebook.com\/conexion23com","https:\/\/www.instagram.com\/conexion23com\/","https:\/\/www.youtube.com\/channel\/UCYc7vxxFZMYLIHNsHHxPZ3Q"]},{"@type":"Person","@id":"https:\/\/conexion23.com\/#\/schema\/person\/03e36043331117e97a373299bbcd30a6","name":"Raffy Ben\u00edtez","image":{"@type":"ImageObject","inLanguage":"es","@id":"https:\/\/conexion23.com\/#\/schema\/person\/image\/","url":"https:\/\/secure.gravatar.com\/avatar\/3190a6a6c5e1b0327500f7d6c56b6242472ee6cb974cf09b401ee6b3b0798f23?s=96&d=mm&r=g","contentUrl":"https:\/\/secure.gravatar.com\/avatar\/3190a6a6c5e1b0327500f7d6c56b6242472ee6cb974cf09b401ee6b3b0798f23?s=96&d=mm&r=g","caption":"Raffy Ben\u00edtez"},"url":"https:\/\/conexion23.com\/?author=15"}]}},"_links":{"self":[{"href":"https:\/\/conexion23.com\/index.php?rest_route=\/wp\/v2\/posts\/56757","targetHints":{"allow":["GET"]}}],"collection":[{"href":"https:\/\/conexion23.com\/index.php?rest_route=\/wp\/v2\/posts"}],"about":[{"href":"https:\/\/conexion23.com\/index.php?rest_route=\/wp\/v2\/types\/post"}],"author":[{"embeddable":true,"href":"https:\/\/conexion23.com\/index.php?rest_route=\/wp\/v2\/users\/15"}],"replies":[{"embeddable":true,"href":"https:\/\/conexion23.com\/index.php?rest_route=%2Fwp%2Fv2%2Fcomments&post=56757"}],"version-history":[{"count":1,"href":"https:\/\/conexion23.com\/index.php?rest_route=\/wp\/v2\/posts\/56757\/revisions"}],"predecessor-version":[{"id":56759,"href":"https:\/\/conexion23.com\/index.php?rest_route=\/wp\/v2\/posts\/56757\/revisions\/56759"}],"wp:featuredmedia":[{"embeddable":true,"href":"https:\/\/conexion23.com\/index.php?rest_route=\/wp\/v2\/media\/56758"}],"wp:attachment":[{"href":"https:\/\/conexion23.com\/index.php?rest_route=%2Fwp%2Fv2%2Fmedia&parent=56757"}],"wp:term":[{"taxonomy":"category","embeddable":true,"href":"https:\/\/conexion23.com\/index.php?rest_route=%2Fwp%2Fv2%2Fcategories&post=56757"},{"taxonomy":"post_tag","embeddable":true,"href":"https:\/\/conexion23.com\/index.php?rest_route=%2Fwp%2Fv2%2Ftags&post=56757"}],"curies":[{"name":"wp","href":"https:\/\/api.w.org\/{rel}","templated":true}]}}