{"id":56760,"date":"2026-04-29T08:21:07","date_gmt":"2026-04-29T12:21:07","guid":{"rendered":"https:\/\/conexion23.com\/?p=56760"},"modified":"2026-04-29T08:21:07","modified_gmt":"2026-04-29T12:21:07","slug":"roberto-rosario-dice-version-del-gobierno-no-refleja-la-realidad-de-los-precios-de-combustibles-y-comida","status":"publish","type":"post","link":"https:\/\/conexion23.com\/?p=56760","title":{"rendered":"Roberto Rosario dice versi\u00f3n del Gobierno no refleja la realidad de los precios de combustibles y comida"},"content":{"rendered":"<p style=\"text-align: justify;\">El dirigente de la\u00a0Fuerza del Pueblo\u00a0Roberto Rosario\u00a0critic\u00f3\u00a0este martes los recientes anuncios del\u00a0Gobierno\u00a0sobre el congelamiento de los precios de los combustibles y la estabilidad de los art\u00edculos de la canasta b\u00e1sica, al considerar que no reflejan la realidad econ\u00f3mica del pa\u00eds.<\/p>\n<p style=\"text-align: justify;\">En relaci\u00f3n con el anuncio realizado por el presidente\u00a0Luis Abinader, Rosario se\u00f1al\u00f3 que la decisi\u00f3n de\u00a0congelar\u00a0los precios de los\u00a0combustibles\u00a0se produjo luego de\u00a0incrementos acumulados\u00a0que, seg\u00fan indic\u00f3, rondan los 24 pesos en pocos d\u00edas.<\/p>\n<p style=\"text-align: justify;\">\u00abPor tanto, se\u00a0aument\u00f3, para luego\u00a0anunciar congelaci\u00f3n\u00bb, acot\u00f3 a trav\u00e9s de un mensaje colgado en su cuenta de X.<\/p>\n<p style=\"text-align: justify;\">A su juicio, esto desvirt\u00faa el impacto positivo que se intenta proyectar con la medida.<\/p>\n<p style=\"text-align: justify;\">Sobre los precios de los productos de la canasta familiar, el exfuncionario cit\u00f3 datos presentados en redes sociales por la economista\u00a0Mercedes Macarrulla, que evidenciar\u00edan\u00a0aumentos\u00a0en m\u00e1s de\u00a0120 art\u00edculos, algunos de ellos recientes.<\/p>\n<p style=\"text-align: justify;\">En ese contexto,\u00a0cuestion\u00f3\u00a0las declaraciones oficiales, incluyendo las del ministro de Industria y Comercio, Eduardo -Yayo- Sanz Lovat\u00f3n, al considerar que existe una discrepancia entre el discurso gubernamental y la situaci\u00f3n del mercado.<\/p>\n<p style=\"text-align: justify;\">Rosario, expresidente de la Junta Central Electoral, tambi\u00e9n\u00a0critic\u00f3\u00a0la gesti\u00f3n de los periodos en que los\u00a0precios internacionales\u00a0de los combustibles eran m\u00e1s bajos, afirmando que no se aplicaron mecanismos de estabilizaci\u00f3n, en alusi\u00f3n a propuestas vinculadas al ministro de Industria y Comercio de ese momento, V\u00edctor -Ito- Bison\u00f3. Dijo que, en ese contexto, el\u00a0gobierno\u00a0\u00abse benefici\u00f3 del tiempo de las vagas gordas\u00bb.<\/p>\n","protected":false},"excerpt":{"rendered":"<p>El dirigente de la\u00a0Fuerza del Pueblo\u00a0Roberto Rosario\u00a0critic\u00f3\u00a0este martes los recientes anuncios del\u00a0Gobierno\u00a0sobre el congelamiento de los precios de los combustibles y la estabilidad de los art\u00edculos de la canasta b\u00e1sica, al considerar que no reflejan la realidad econ\u00f3mica del pa\u00eds. En relaci\u00f3n con el anuncio realizado por el presidente\u00a0Luis Abinader, Rosario se\u00f1al\u00f3 que la decisi\u00f3n [&hellip;]<\/p>\n","protected":false},"author":15,"featured_media":56761,"comment_status":"open","ping_status":"open","sticky":false,"template":"","format":"standard","meta":{"footnotes":""},"categories":[3882],"tags":[400,8636,119,421,8635,8634,8633],"class_list":{"0":"post-56760","1":"post","2":"type-post","3":"status-publish","4":"format-standard","5":"has-post-thumbnail","7":"category-politica","8":"tag-combustibles","9":"tag-comida","10":"tag-gobierno","11":"tag-precios","12":"tag-realidad","13":"tag-refleja","14":"tag-roberto-rosario"},"yoast_head":"<!-- This site is optimized with the Yoast SEO plugin v27.1.1 - https:\/\/yoast.com\/product\/yoast-seo-wordpress\/ -->\n<title>Roberto Rosario dice versi\u00f3n del Gobierno no refleja la realidad de los precios de combustibles y comida - Conexi\u00f3n 23<\/title>\n<meta name=\"robots\" content=\"index, follow, max-snippet:-1, max-image-preview:large, max-video-preview:-1\" \/>\n<link rel=\"canonical\" href=\"https:\/\/conexion23.com\/?p=56760\" \/>\n<meta property=\"og:locale\" content=\"es_ES\" \/>\n<meta property=\"og:type\" content=\"article\" \/>\n<meta property=\"og:title\" content=\"Roberto Rosario dice versi\u00f3n del Gobierno no refleja la realidad de los precios de combustibles y comida - Conexi\u00f3n 23\" \/>\n<meta property=\"og:description\" content=\"El dirigente de la\u00a0Fuerza del Pueblo\u00a0Roberto Rosario\u00a0critic\u00f3\u00a0este martes los recientes anuncios del\u00a0Gobierno\u00a0sobre el congelamiento de los precios de los combustibles y la estabilidad de los art\u00edculos de la canasta b\u00e1sica, al considerar que no reflejan la realidad econ\u00f3mica del pa\u00eds. En relaci\u00f3n con el anuncio realizado por el presidente\u00a0Luis Abinader, Rosario se\u00f1al\u00f3 que la decisi\u00f3n [&hellip;]\" \/>\n<meta property=\"og:url\" content=\"https:\/\/conexion23.com\/?p=56760\" \/>\n<meta property=\"og:site_name\" content=\"Conexi\u00f3n 23\" \/>\n<meta property=\"article:publisher\" content=\"https:\/\/www.facebook.com\/conexion23com\" \/>\n<meta property=\"article:published_time\" content=\"2026-04-29T12:21:07+00:00\" \/>\n<meta property=\"og:image\" content=\"http:\/\/conexion23.com\/wp-content\/uploads\/2026\/04\/roberto-rosario-quiere-revocar-politica-de-proteccion-de-datos-focus-min0.02-0.15-896-504.jpg\" \/>\n\t<meta property=\"og:image:width\" content=\"895\" \/>\n\t<meta property=\"og:image:height\" content=\"504\" \/>\n\t<meta property=\"og:image:type\" content=\"image\/jpeg\" \/>\n<meta name=\"author\" content=\"Raffy Ben\u00edtez\" \/>\n<meta name=\"twitter:card\" content=\"summary_large_image\" \/>\n<meta name=\"twitter:label1\" content=\"Escrito por\" \/>\n\t<meta name=\"twitter:data1\" content=\"Raffy Ben\u00edtez\" \/>\n\t<meta name=\"twitter:label2\" content=\"Tiempo de lectura\" \/>\n\t<meta name=\"twitter:data2\" content=\"2 minutos\" \/>\n<script type=\"application\/ld+json\" class=\"yoast-schema-graph\">{\"@context\":\"https:\/\/schema.org\",\"@graph\":[{\"@type\":\"Article\",\"@id\":\"https:\/\/conexion23.com\/?p=56760#article\",\"isPartOf\":{\"@id\":\"https:\/\/conexion23.com\/?p=56760\"},\"author\":{\"name\":\"Raffy Ben\u00edtez\",\"@id\":\"https:\/\/conexion23.com\/#\/schema\/person\/03e36043331117e97a373299bbcd30a6\"},\"headline\":\"Roberto Rosario dice versi\u00f3n del Gobierno no refleja la realidad de los precios de combustibles y comida\",\"datePublished\":\"2026-04-29T12:21:07+00:00\",\"mainEntityOfPage\":{\"@id\":\"https:\/\/conexion23.com\/?p=56760\"},\"wordCount\":293,\"commentCount\":0,\"publisher\":{\"@id\":\"https:\/\/conexion23.com\/#organization\"},\"image\":{\"@id\":\"https:\/\/conexion23.com\/?p=56760#primaryimage\"},\"thumbnailUrl\":\"https:\/\/conexion23.com\/wp-content\/uploads\/2026\/04\/roberto-rosario-quiere-revocar-politica-de-proteccion-de-datos-focus-min0.02-0.15-896-504.jpg\",\"keywords\":[\"combustibles\",\"comida\",\"gobierno\",\"precios\",\"realidad\",\"refleja\",\"Roberto Rosario\"],\"articleSection\":[\"Pol\u00edtica\"],\"inLanguage\":\"es\",\"potentialAction\":[{\"@type\":\"CommentAction\",\"name\":\"Comment\",\"target\":[\"https:\/\/conexion23.com\/?p=56760#respond\"]}]},{\"@type\":\"WebPage\",\"@id\":\"https:\/\/conexion23.com\/?p=56760\",\"url\":\"https:\/\/conexion23.com\/?p=56760\",\"name\":\"Roberto Rosario dice versi\u00f3n del Gobierno no refleja la realidad de los precios de combustibles y comida - Conexi\u00f3n 23\",\"isPartOf\":{\"@id\":\"https:\/\/conexion23.com\/#website\"},\"primaryImageOfPage\":{\"@id\":\"https:\/\/conexion23.com\/?p=56760#primaryimage\"},\"image\":{\"@id\":\"https:\/\/conexion23.com\/?p=56760#primaryimage\"},\"thumbnailUrl\":\"https:\/\/conexion23.com\/wp-content\/uploads\/2026\/04\/roberto-rosario-quiere-revocar-politica-de-proteccion-de-datos-focus-min0.02-0.15-896-504.jpg\",\"datePublished\":\"2026-04-29T12:21:07+00:00\",\"breadcrumb\":{\"@id\":\"https:\/\/conexion23.com\/?p=56760#breadcrumb\"},\"inLanguage\":\"es\",\"potentialAction\":[{\"@type\":\"ReadAction\",\"target\":[\"https:\/\/conexion23.com\/?p=56760\"]}]},{\"@type\":\"ImageObject\",\"inLanguage\":\"es\",\"@id\":\"https:\/\/conexion23.com\/?p=56760#primaryimage\",\"url\":\"https:\/\/conexion23.com\/wp-content\/uploads\/2026\/04\/roberto-rosario-quiere-revocar-politica-de-proteccion-de-datos-focus-min0.02-0.15-896-504.jpg\",\"contentUrl\":\"https:\/\/conexion23.com\/wp-content\/uploads\/2026\/04\/roberto-rosario-quiere-revocar-politica-de-proteccion-de-datos-focus-min0.02-0.15-896-504.jpg\",\"width\":895,\"height\":504},{\"@type\":\"BreadcrumbList\",\"@id\":\"https:\/\/conexion23.com\/?p=56760#breadcrumb\",\"itemListElement\":[{\"@type\":\"ListItem\",\"position\":1,\"name\":\"Portada\",\"item\":\"https:\/\/conexion23.com\/\"},{\"@type\":\"ListItem\",\"position\":2,\"name\":\"Roberto Rosario dice versi\u00f3n del Gobierno no refleja la realidad de los precios de combustibles y comida\"}]},{\"@type\":\"WebSite\",\"@id\":\"https:\/\/conexion23.com\/#website\",\"url\":\"https:\/\/conexion23.com\/\",\"name\":\"Conexi\u00f3n 23\",\"description\":\"Peri\u00f3dico 100% Petromacorisano\",\"publisher\":{\"@id\":\"https:\/\/conexion23.com\/#organization\"},\"potentialAction\":[{\"@type\":\"SearchAction\",\"target\":{\"@type\":\"EntryPoint\",\"urlTemplate\":\"https:\/\/conexion23.com\/?s={search_term_string}\"},\"query-input\":{\"@type\":\"PropertyValueSpecification\",\"valueRequired\":true,\"valueName\":\"search_term_string\"}}],\"inLanguage\":\"es\"},{\"@type\":\"Organization\",\"@id\":\"https:\/\/conexion23.com\/#organization\",\"name\":\"Conexion 23\",\"url\":\"https:\/\/conexion23.com\/\",\"logo\":{\"@type\":\"ImageObject\",\"inLanguage\":\"es\",\"@id\":\"https:\/\/conexion23.com\/#\/schema\/logo\/image\/\",\"url\":\"https:\/\/conexion23.com\/wp-content\/uploads\/2021\/11\/Diseno-sin-titulo-2.png\",\"contentUrl\":\"https:\/\/conexion23.com\/wp-content\/uploads\/2021\/11\/Diseno-sin-titulo-2.png\",\"width\":541,\"height\":90,\"caption\":\"Conexion 23\"},\"image\":{\"@id\":\"https:\/\/conexion23.com\/#\/schema\/logo\/image\/\"},\"sameAs\":[\"https:\/\/www.facebook.com\/conexion23com\",\"https:\/\/www.instagram.com\/conexion23com\/\",\"https:\/\/www.youtube.com\/channel\/UCYc7vxxFZMYLIHNsHHxPZ3Q\"]},{\"@type\":\"Person\",\"@id\":\"https:\/\/conexion23.com\/#\/schema\/person\/03e36043331117e97a373299bbcd30a6\",\"name\":\"Raffy Ben\u00edtez\",\"image\":{\"@type\":\"ImageObject\",\"inLanguage\":\"es\",\"@id\":\"https:\/\/conexion23.com\/#\/schema\/person\/image\/\",\"url\":\"https:\/\/secure.gravatar.com\/avatar\/3190a6a6c5e1b0327500f7d6c56b6242472ee6cb974cf09b401ee6b3b0798f23?s=96&d=mm&r=g\",\"contentUrl\":\"https:\/\/secure.gravatar.com\/avatar\/3190a6a6c5e1b0327500f7d6c56b6242472ee6cb974cf09b401ee6b3b0798f23?s=96&d=mm&r=g\",\"caption\":\"Raffy Ben\u00edtez\"},\"url\":\"https:\/\/conexion23.com\/?author=15\"}]}<\/script>\n<!-- \/ Yoast SEO plugin. -->","yoast_head_json":{"title":"Roberto Rosario dice versi\u00f3n del Gobierno no refleja la realidad de los precios de combustibles y comida - Conexi\u00f3n 23","robots":{"index":"index","follow":"follow","max-snippet":"max-snippet:-1","max-image-preview":"max-image-preview:large","max-video-preview":"max-video-preview:-1"},"canonical":"https:\/\/conexion23.com\/?p=56760","og_locale":"es_ES","og_type":"article","og_title":"Roberto Rosario dice versi\u00f3n del Gobierno no refleja la realidad de los precios de combustibles y comida - Conexi\u00f3n 23","og_description":"El dirigente de la\u00a0Fuerza del Pueblo\u00a0Roberto Rosario\u00a0critic\u00f3\u00a0este martes los recientes anuncios del\u00a0Gobierno\u00a0sobre el congelamiento de los precios de los combustibles y la estabilidad de los art\u00edculos de la canasta b\u00e1sica, al considerar que no reflejan la realidad econ\u00f3mica del pa\u00eds. En relaci\u00f3n con el anuncio realizado por el presidente\u00a0Luis Abinader, Rosario se\u00f1al\u00f3 que la decisi\u00f3n [&hellip;]","og_url":"https:\/\/conexion23.com\/?p=56760","og_site_name":"Conexi\u00f3n 23","article_publisher":"https:\/\/www.facebook.com\/conexion23com","article_published_time":"2026-04-29T12:21:07+00:00","og_image":[{"width":895,"height":504,"url":"http:\/\/conexion23.com\/wp-content\/uploads\/2026\/04\/roberto-rosario-quiere-revocar-politica-de-proteccion-de-datos-focus-min0.02-0.15-896-504.jpg","type":"image\/jpeg"}],"author":"Raffy Ben\u00edtez","twitter_card":"summary_large_image","twitter_misc":{"Escrito por":"Raffy Ben\u00edtez","Tiempo de lectura":"2 minutos"},"schema":{"@context":"https:\/\/schema.org","@graph":[{"@type":"Article","@id":"https:\/\/conexion23.com\/?p=56760#article","isPartOf":{"@id":"https:\/\/conexion23.com\/?p=56760"},"author":{"name":"Raffy Ben\u00edtez","@id":"https:\/\/conexion23.com\/#\/schema\/person\/03e36043331117e97a373299bbcd30a6"},"headline":"Roberto Rosario dice versi\u00f3n del Gobierno no refleja la realidad de los precios de combustibles y comida","datePublished":"2026-04-29T12:21:07+00:00","mainEntityOfPage":{"@id":"https:\/\/conexion23.com\/?p=56760"},"wordCount":293,"commentCount":0,"publisher":{"@id":"https:\/\/conexion23.com\/#organization"},"image":{"@id":"https:\/\/conexion23.com\/?p=56760#primaryimage"},"thumbnailUrl":"https:\/\/conexion23.com\/wp-content\/uploads\/2026\/04\/roberto-rosario-quiere-revocar-politica-de-proteccion-de-datos-focus-min0.02-0.15-896-504.jpg","keywords":["combustibles","comida","gobierno","precios","realidad","refleja","Roberto Rosario"],"articleSection":["Pol\u00edtica"],"inLanguage":"es","potentialAction":[{"@type":"CommentAction","name":"Comment","target":["https:\/\/conexion23.com\/?p=56760#respond"]}]},{"@type":"WebPage","@id":"https:\/\/conexion23.com\/?p=56760","url":"https:\/\/conexion23.com\/?p=56760","name":"Roberto Rosario dice versi\u00f3n del Gobierno no refleja la realidad de los precios de combustibles y comida - Conexi\u00f3n 23","isPartOf":{"@id":"https:\/\/conexion23.com\/#website"},"primaryImageOfPage":{"@id":"https:\/\/conexion23.com\/?p=56760#primaryimage"},"image":{"@id":"https:\/\/conexion23.com\/?p=56760#primaryimage"},"thumbnailUrl":"https:\/\/conexion23.com\/wp-content\/uploads\/2026\/04\/roberto-rosario-quiere-revocar-politica-de-proteccion-de-datos-focus-min0.02-0.15-896-504.jpg","datePublished":"2026-04-29T12:21:07+00:00","breadcrumb":{"@id":"https:\/\/conexion23.com\/?p=56760#breadcrumb"},"inLanguage":"es","potentialAction":[{"@type":"ReadAction","target":["https:\/\/conexion23.com\/?p=56760"]}]},{"@type":"ImageObject","inLanguage":"es","@id":"https:\/\/conexion23.com\/?p=56760#primaryimage","url":"https:\/\/conexion23.com\/wp-content\/uploads\/2026\/04\/roberto-rosario-quiere-revocar-politica-de-proteccion-de-datos-focus-min0.02-0.15-896-504.jpg","contentUrl":"https:\/\/conexion23.com\/wp-content\/uploads\/2026\/04\/roberto-rosario-quiere-revocar-politica-de-proteccion-de-datos-focus-min0.02-0.15-896-504.jpg","width":895,"height":504},{"@type":"BreadcrumbList","@id":"https:\/\/conexion23.com\/?p=56760#breadcrumb","itemListElement":[{"@type":"ListItem","position":1,"name":"Portada","item":"https:\/\/conexion23.com\/"},{"@type":"ListItem","position":2,"name":"Roberto Rosario dice versi\u00f3n del Gobierno no refleja la realidad de los precios de combustibles y comida"}]},{"@type":"WebSite","@id":"https:\/\/conexion23.com\/#website","url":"https:\/\/conexion23.com\/","name":"Conexi\u00f3n 23","description":"Peri\u00f3dico 100% Petromacorisano","publisher":{"@id":"https:\/\/conexion23.com\/#organization"},"potentialAction":[{"@type":"SearchAction","target":{"@type":"EntryPoint","urlTemplate":"https:\/\/conexion23.com\/?s={search_term_string}"},"query-input":{"@type":"PropertyValueSpecification","valueRequired":true,"valueName":"search_term_string"}}],"inLanguage":"es"},{"@type":"Organization","@id":"https:\/\/conexion23.com\/#organization","name":"Conexion 23","url":"https:\/\/conexion23.com\/","logo":{"@type":"ImageObject","inLanguage":"es","@id":"https:\/\/conexion23.com\/#\/schema\/logo\/image\/","url":"https:\/\/conexion23.com\/wp-content\/uploads\/2021\/11\/Diseno-sin-titulo-2.png","contentUrl":"https:\/\/conexion23.com\/wp-content\/uploads\/2021\/11\/Diseno-sin-titulo-2.png","width":541,"height":90,"caption":"Conexion 23"},"image":{"@id":"https:\/\/conexion23.com\/#\/schema\/logo\/image\/"},"sameAs":["https:\/\/www.facebook.com\/conexion23com","https:\/\/www.instagram.com\/conexion23com\/","https:\/\/www.youtube.com\/channel\/UCYc7vxxFZMYLIHNsHHxPZ3Q"]},{"@type":"Person","@id":"https:\/\/conexion23.com\/#\/schema\/person\/03e36043331117e97a373299bbcd30a6","name":"Raffy Ben\u00edtez","image":{"@type":"ImageObject","inLanguage":"es","@id":"https:\/\/conexion23.com\/#\/schema\/person\/image\/","url":"https:\/\/secure.gravatar.com\/avatar\/3190a6a6c5e1b0327500f7d6c56b6242472ee6cb974cf09b401ee6b3b0798f23?s=96&d=mm&r=g","contentUrl":"https:\/\/secure.gravatar.com\/avatar\/3190a6a6c5e1b0327500f7d6c56b6242472ee6cb974cf09b401ee6b3b0798f23?s=96&d=mm&r=g","caption":"Raffy Ben\u00edtez"},"url":"https:\/\/conexion23.com\/?author=15"}]}},"_links":{"self":[{"href":"https:\/\/conexion23.com\/index.php?rest_route=\/wp\/v2\/posts\/56760","targetHints":{"allow":["GET"]}}],"collection":[{"href":"https:\/\/conexion23.com\/index.php?rest_route=\/wp\/v2\/posts"}],"about":[{"href":"https:\/\/conexion23.com\/index.php?rest_route=\/wp\/v2\/types\/post"}],"author":[{"embeddable":true,"href":"https:\/\/conexion23.com\/index.php?rest_route=\/wp\/v2\/users\/15"}],"replies":[{"embeddable":true,"href":"https:\/\/conexion23.com\/index.php?rest_route=%2Fwp%2Fv2%2Fcomments&post=56760"}],"version-history":[{"count":1,"href":"https:\/\/conexion23.com\/index.php?rest_route=\/wp\/v2\/posts\/56760\/revisions"}],"predecessor-version":[{"id":56762,"href":"https:\/\/conexion23.com\/index.php?rest_route=\/wp\/v2\/posts\/56760\/revisions\/56762"}],"wp:featuredmedia":[{"embeddable":true,"href":"https:\/\/conexion23.com\/index.php?rest_route=\/wp\/v2\/media\/56761"}],"wp:attachment":[{"href":"https:\/\/conexion23.com\/index.php?rest_route=%2Fwp%2Fv2%2Fmedia&parent=56760"}],"wp:term":[{"taxonomy":"category","embeddable":true,"href":"https:\/\/conexion23.com\/index.php?rest_route=%2Fwp%2Fv2%2Fcategories&post=56760"},{"taxonomy":"post_tag","embeddable":true,"href":"https:\/\/conexion23.com\/index.php?rest_route=%2Fwp%2Fv2%2Ftags&post=56760"}],"curies":[{"name":"wp","href":"https:\/\/api.w.org\/{rel}","templated":true}]}}