{"id":56774,"date":"2026-04-29T17:23:03","date_gmt":"2026-04-29T21:23:03","guid":{"rendered":"https:\/\/conexion23.com\/?p=56774"},"modified":"2026-04-29T17:23:16","modified_gmt":"2026-04-29T21:23:16","slug":"revisaran-la-prision-a-santiago-hazim-y-a-otros-seis-imputados-en-el-fraude-a-senasa","status":"publish","type":"post","link":"https:\/\/conexion23.com\/?p=56774","title":{"rendered":"Revisar\u00e1n la prisi\u00f3n a Santiago Hazim y a otros seis imputados en el fraude a Senasa"},"content":{"rendered":"<h5 style=\"text-align: justify;\">El exdirector del Seguro Nacional de Salud (Senasa),\u00a0Santiago Hazim,\u00a0y otros seis de los once imputados de presuntamente estafar a esa ARS estatal con m\u00e1s de 15 mil millones de pesos ser\u00e1n\u00a0trasladados\u00a0este jueves 30 de abril nuevamente a un tribunal que les har\u00e1 la\u00a0revisi\u00f3n obligatoria\u00a0de la prisi\u00f3n preventiva que se les impuso en diciembre del pasado a\u00f1o.<\/h5>\n<h5 style=\"text-align: justify;\">El\u00a0C\u00f3digo Procesal Penal\u00a0establece la revisi\u00f3n obligatoria cada tres meses.<\/h5>\n<h5 style=\"text-align: justify;\">El juez del\u00a0S\u00e9ptimo Juzgado de Instrucci\u00f3n\u00a0del Distrito Nacional,\u00a0Deiby Timoteo Peguero, es el que har\u00e1 la revisi\u00f3n de la\u00a0medida de coerci\u00f3n\u00a0a Hazim y a los tambi\u00e9n exfuncionarios de la ARS Gustavo Enrique Messina Cruz, Germ\u00e1n Rafael Robles Qui\u00f1ones y Francisco Iv\u00e1n Minaya P\u00e9rez.<\/h5>\n<h5 style=\"text-align: justify;\">Los otros tres que ser\u00e1n presentados ante Timoteo Peguero, quien es el magistrado control de la investigaci\u00f3n del proceso penal, son\u00a0Rafael Luis Mart\u00ednez Hazim,\u00a0Ram\u00f3n Alan Speakler Mateo y\u00a0Ada Ledesma Ubiera.\u00a0Los hombres cumplen 18 meses de prisi\u00f3n en la c\u00e1rcel Las Parras, en San Antonio de Guerra.<\/h5>\n<h5 style=\"text-align: justify;\">En tanto que la imputada\u00a0Ledesma Ubiera\u00a0se encuentra en\u00a0Najayo Mujeres, San Crist\u00f3bal.<\/h5>\n<h5 style=\"text-align: justify;\">El\u00a0S\u00e9ptimo Juzgado de Instrucci\u00f3n\u00a0inform\u00f3 a\u00a0<em>Diario Libre\u00a0<\/em>que a los que est\u00e1n en arresto domiciliario<em>, e<\/em>l empresario\u00a0Eduardo Read Estrella\u00a0y las tambi\u00e9n contratistas del Estado Cinty Acosta Senci\u00f3n y Heidy Mariela Medina, no les corresponde la revisi\u00f3n porque la ley solo la establece para los que est\u00e1n una c\u00e1rcel.<\/h5>\n<h5 style=\"text-align: justify;\">Acusaci\u00f3n formal\u00a0debe ser en\u00a0agosto<\/h5>\n<h5 style=\"text-align: justify;\">Se recuerda que el juez de la Oficina de Atenci\u00f3n Permanente, Rigoberto Sena, al dictar la coerci\u00f3n a los primeros diez imputados del\u00a0caso Senasa, el domingo 15 de diciembre, otorg\u00f3 un plazo de ocho meses al\u00a0Ministerio P\u00fablico\u00a0para que presente formal acusaci\u00f3n.<\/h5>\n<h5 style=\"text-align: justify;\">El \u00faltimo\u00a0detenido<\/h5>\n<h5 style=\"text-align: justify;\">El pasado viernes se detuvo a\u00a0\u00c1ngel Luis Guzm\u00e1n V\u00e1squez, el \u00faltimo de los apresados por el caso de corrupci\u00f3n en Senasa mientras intentaba salir del pa\u00eds por un\u00a0aeropuerto.<\/h5>\n<h5 style=\"text-align: justify;\">La\u00a0medida de coerci\u00f3n\u00a0contra Guzm\u00e1n V\u00e1squez, el que se desempe\u00f1aba como auxiliar del Departamento de Autorizaciones M\u00e9dicas desde el 8 de marzo del a\u00f1o 2021 hasta el 1 de noviembre del a\u00f1o 2022, estaba pautada para el pasado lunes y se\u00a0aplaz\u00f3\u00a0para el\u00a0pr\u00f3ximo viernes.<\/h5>\n<h5 style=\"text-align: justify;\">La acusaci\u00f3n<\/h5>\n<h5 style=\"text-align: justify;\">El\u00a0Ministerio P\u00fablico\u00a0califica al grupo de \u00abred criminal\u00bb, la que se articul\u00f3 en la ARS Senasa durante los cinco a\u00f1os de gesti\u00f3n de Hazim y quien habr\u00eda dise\u00f1ado la trama para \u00absustraer fondos p\u00fablicos a trav\u00e9s de mecanismos de corrupci\u00f3n y operaciones de lavado de activos\u00bb.<\/h5>\n<h5 style=\"text-align: justify;\">Seg\u00fan los fiscales, el exdirector de la ARS junto a Gustavo Enrique Messina Cruz, exgerente financiero de Senasa;\u00a0 Germ\u00e1n Rafael Robles Qui\u00f1ones, consultor jur\u00eddico; Francisco Iv\u00e1n Minaya P\u00e9rez, gerente de Servicios de Salud, cre\u00f3 \u00abprogramas especiales\u00a0sin el debido sustento t\u00e9cnico ni financiero, los cuales fueron utilizados como un conducto para recibir sumas millonarias en\u00a0sobornos\u00bb.<\/h5>\n<h5 style=\"text-align: justify;\">El \u00f3rgano persecutor asegura que las\u00a0coimas\u00a0fueron pagadas por el empresario\u00a0Eduardo Read Estrella, propietario de Khersun S.R.L., contratada por Senasa desde 2020 para ofrecer servicios de atenci\u00f3n primaria dentro del r\u00e9gimen subsidiado;\u00a0Ada Ledesma Ubiera, ejecutiva de la farmac\u00e9utica Lufaka; Cinty Acosta Senci\u00f3n, y Ram\u00f3n Speakler Mate, quien figura como ejecutivo del Grupo Siulrod SRL.<\/h5>\n<h5 style=\"text-align: justify;\">Sostiene que los exfuncionarios \u00abpagaron un\u00a0incremento fraudulento\u00bb de facturaci\u00f3n del Seguro Nacional de Salud \u00abproducto de\u00a0sobretratamientos\u00a0de los pacientes como los casos de\u00a0pacientes oncol\u00f3gicos, abultando el n\u00famero de sesiones de radioterapia y quimioterapia\u00bb y de otras especialidades, como la cardiolog\u00eda, en la que se colocaron \u00abstents coronarios innecesarios\u00bb.<\/h5>\n<h5 style=\"text-align: justify;\">Sobre esto \u00faltimo, la procuradora general,\u00a0Yeni Berenice Reynoso, cit\u00f3 el ejemplo de que a una sola persona se someti\u00f3 a \u00abcinco cateterismos\u00bb\u00a0sin necesitarlos.<\/h5>\n","protected":false},"excerpt":{"rendered":"<p>El exdirector del Seguro Nacional de Salud (Senasa),\u00a0Santiago Hazim,\u00a0y otros seis de los once imputados de presuntamente estafar a esa ARS estatal con m\u00e1s de 15 mil millones de pesos ser\u00e1n\u00a0trasladados\u00a0este jueves 30 de abril nuevamente a un tribunal que les har\u00e1 la\u00a0revisi\u00f3n obligatoria\u00a0de la prisi\u00f3n preventiva que se les impuso en diciembre del pasado [&hellip;]<\/p>\n","protected":false},"author":15,"featured_media":56775,"comment_status":"open","ping_status":"open","sticky":false,"template":"","format":"standard","meta":{"footnotes":""},"categories":[28,3913,3773],"tags":[4864,1845,8645,4786,835],"class_list":{"0":"post-56774","1":"post","2":"type-post","3":"status-publish","4":"format-standard","5":"has-post-thumbnail","7":"category-judiciales","8":"category-nacionales","9":"category-portada","10":"tag-imputados","11":"tag-prision","12":"tag-revisaran","13":"tag-santiago-hazim","14":"tag-senasa"},"yoast_head":"<!-- This site is optimized with the Yoast SEO plugin v27.1.1 - https:\/\/yoast.com\/product\/yoast-seo-wordpress\/ -->\n<title>Revisar\u00e1n la prisi\u00f3n a Santiago Hazim y a otros seis imputados en el fraude a Senasa - Conexi\u00f3n 23<\/title>\n<meta name=\"robots\" content=\"index, follow, max-snippet:-1, max-image-preview:large, max-video-preview:-1\" \/>\n<link rel=\"canonical\" href=\"https:\/\/conexion23.com\/?p=56774\" \/>\n<meta property=\"og:locale\" content=\"es_ES\" \/>\n<meta property=\"og:type\" content=\"article\" \/>\n<meta property=\"og:title\" content=\"Revisar\u00e1n la prisi\u00f3n a Santiago Hazim y a otros seis imputados en el fraude a Senasa - Conexi\u00f3n 23\" \/>\n<meta property=\"og:description\" content=\"El exdirector del Seguro Nacional de Salud (Senasa),\u00a0Santiago Hazim,\u00a0y otros seis de los once imputados de presuntamente estafar a esa ARS estatal con m\u00e1s de 15 mil millones de pesos ser\u00e1n\u00a0trasladados\u00a0este jueves 30 de abril nuevamente a un tribunal que les har\u00e1 la\u00a0revisi\u00f3n obligatoria\u00a0de la prisi\u00f3n preventiva que se les impuso en diciembre del pasado [&hellip;]\" \/>\n<meta property=\"og:url\" content=\"https:\/\/conexion23.com\/?p=56774\" \/>\n<meta property=\"og:site_name\" content=\"Conexi\u00f3n 23\" \/>\n<meta property=\"article:publisher\" content=\"https:\/\/www.facebook.com\/conexion23com\" \/>\n<meta property=\"article:published_time\" content=\"2026-04-29T21:23:03+00:00\" \/>\n<meta property=\"article:modified_time\" content=\"2026-04-29T21:23:16+00:00\" \/>\n<meta property=\"og:image\" content=\"http:\/\/conexion23.com\/wp-content\/uploads\/2026\/04\/mp-condicion-de-salud-que-alega-santiago-hazim-no-ha-sido-confirmada-05f87612-focus-0-0-896-504.jpg\" \/>\n\t<meta property=\"og:image:width\" content=\"896\" \/>\n\t<meta property=\"og:image:height\" content=\"504\" \/>\n\t<meta property=\"og:image:type\" content=\"image\/jpeg\" \/>\n<meta name=\"author\" content=\"Raffy Ben\u00edtez\" \/>\n<meta name=\"twitter:card\" content=\"summary_large_image\" \/>\n<meta name=\"twitter:label1\" content=\"Escrito por\" \/>\n\t<meta name=\"twitter:data1\" content=\"Raffy Ben\u00edtez\" \/>\n\t<meta name=\"twitter:label2\" content=\"Tiempo de lectura\" \/>\n\t<meta name=\"twitter:data2\" content=\"3 minutos\" \/>\n<script type=\"application\/ld+json\" class=\"yoast-schema-graph\">{\"@context\":\"https:\/\/schema.org\",\"@graph\":[{\"@type\":\"Article\",\"@id\":\"https:\/\/conexion23.com\/?p=56774#article\",\"isPartOf\":{\"@id\":\"https:\/\/conexion23.com\/?p=56774\"},\"author\":{\"name\":\"Raffy Ben\u00edtez\",\"@id\":\"https:\/\/conexion23.com\/#\/schema\/person\/03e36043331117e97a373299bbcd30a6\"},\"headline\":\"Revisar\u00e1n la prisi\u00f3n a Santiago Hazim y a otros seis imputados en el fraude a Senasa\",\"datePublished\":\"2026-04-29T21:23:03+00:00\",\"dateModified\":\"2026-04-29T21:23:16+00:00\",\"mainEntityOfPage\":{\"@id\":\"https:\/\/conexion23.com\/?p=56774\"},\"wordCount\":688,\"commentCount\":0,\"publisher\":{\"@id\":\"https:\/\/conexion23.com\/#organization\"},\"image\":{\"@id\":\"https:\/\/conexion23.com\/?p=56774#primaryimage\"},\"thumbnailUrl\":\"https:\/\/conexion23.com\/wp-content\/uploads\/2026\/04\/mp-condicion-de-salud-que-alega-santiago-hazim-no-ha-sido-confirmada-05f87612-focus-0-0-896-504.jpg\",\"keywords\":[\"Imputados\",\"prision\",\"Revisar\u00e1n\",\"Santiago Haz\u00edm\",\"senasa\"],\"articleSection\":[\"Judiciales\",\"Nacionales\",\"Portada\"],\"inLanguage\":\"es\",\"potentialAction\":[{\"@type\":\"CommentAction\",\"name\":\"Comment\",\"target\":[\"https:\/\/conexion23.com\/?p=56774#respond\"]}]},{\"@type\":\"WebPage\",\"@id\":\"https:\/\/conexion23.com\/?p=56774\",\"url\":\"https:\/\/conexion23.com\/?p=56774\",\"name\":\"Revisar\u00e1n la prisi\u00f3n a Santiago Hazim y a otros seis imputados en el fraude a Senasa - Conexi\u00f3n 23\",\"isPartOf\":{\"@id\":\"https:\/\/conexion23.com\/#website\"},\"primaryImageOfPage\":{\"@id\":\"https:\/\/conexion23.com\/?p=56774#primaryimage\"},\"image\":{\"@id\":\"https:\/\/conexion23.com\/?p=56774#primaryimage\"},\"thumbnailUrl\":\"https:\/\/conexion23.com\/wp-content\/uploads\/2026\/04\/mp-condicion-de-salud-que-alega-santiago-hazim-no-ha-sido-confirmada-05f87612-focus-0-0-896-504.jpg\",\"datePublished\":\"2026-04-29T21:23:03+00:00\",\"dateModified\":\"2026-04-29T21:23:16+00:00\",\"breadcrumb\":{\"@id\":\"https:\/\/conexion23.com\/?p=56774#breadcrumb\"},\"inLanguage\":\"es\",\"potentialAction\":[{\"@type\":\"ReadAction\",\"target\":[\"https:\/\/conexion23.com\/?p=56774\"]}]},{\"@type\":\"ImageObject\",\"inLanguage\":\"es\",\"@id\":\"https:\/\/conexion23.com\/?p=56774#primaryimage\",\"url\":\"https:\/\/conexion23.com\/wp-content\/uploads\/2026\/04\/mp-condicion-de-salud-que-alega-santiago-hazim-no-ha-sido-confirmada-05f87612-focus-0-0-896-504.jpg\",\"contentUrl\":\"https:\/\/conexion23.com\/wp-content\/uploads\/2026\/04\/mp-condicion-de-salud-que-alega-santiago-hazim-no-ha-sido-confirmada-05f87612-focus-0-0-896-504.jpg\",\"width\":896,\"height\":504},{\"@type\":\"BreadcrumbList\",\"@id\":\"https:\/\/conexion23.com\/?p=56774#breadcrumb\",\"itemListElement\":[{\"@type\":\"ListItem\",\"position\":1,\"name\":\"Portada\",\"item\":\"https:\/\/conexion23.com\/\"},{\"@type\":\"ListItem\",\"position\":2,\"name\":\"Revisar\u00e1n la prisi\u00f3n a Santiago Hazim y a otros seis imputados en el fraude a Senasa\"}]},{\"@type\":\"WebSite\",\"@id\":\"https:\/\/conexion23.com\/#website\",\"url\":\"https:\/\/conexion23.com\/\",\"name\":\"Conexi\u00f3n 23\",\"description\":\"Peri\u00f3dico 100% Petromacorisano\",\"publisher\":{\"@id\":\"https:\/\/conexion23.com\/#organization\"},\"potentialAction\":[{\"@type\":\"SearchAction\",\"target\":{\"@type\":\"EntryPoint\",\"urlTemplate\":\"https:\/\/conexion23.com\/?s={search_term_string}\"},\"query-input\":{\"@type\":\"PropertyValueSpecification\",\"valueRequired\":true,\"valueName\":\"search_term_string\"}}],\"inLanguage\":\"es\"},{\"@type\":\"Organization\",\"@id\":\"https:\/\/conexion23.com\/#organization\",\"name\":\"Conexion 23\",\"url\":\"https:\/\/conexion23.com\/\",\"logo\":{\"@type\":\"ImageObject\",\"inLanguage\":\"es\",\"@id\":\"https:\/\/conexion23.com\/#\/schema\/logo\/image\/\",\"url\":\"https:\/\/conexion23.com\/wp-content\/uploads\/2021\/11\/Diseno-sin-titulo-2.png\",\"contentUrl\":\"https:\/\/conexion23.com\/wp-content\/uploads\/2021\/11\/Diseno-sin-titulo-2.png\",\"width\":541,\"height\":90,\"caption\":\"Conexion 23\"},\"image\":{\"@id\":\"https:\/\/conexion23.com\/#\/schema\/logo\/image\/\"},\"sameAs\":[\"https:\/\/www.facebook.com\/conexion23com\",\"https:\/\/www.instagram.com\/conexion23com\/\",\"https:\/\/www.youtube.com\/channel\/UCYc7vxxFZMYLIHNsHHxPZ3Q\"]},{\"@type\":\"Person\",\"@id\":\"https:\/\/conexion23.com\/#\/schema\/person\/03e36043331117e97a373299bbcd30a6\",\"name\":\"Raffy Ben\u00edtez\",\"image\":{\"@type\":\"ImageObject\",\"inLanguage\":\"es\",\"@id\":\"https:\/\/conexion23.com\/#\/schema\/person\/image\/\",\"url\":\"https:\/\/secure.gravatar.com\/avatar\/3190a6a6c5e1b0327500f7d6c56b6242472ee6cb974cf09b401ee6b3b0798f23?s=96&d=mm&r=g\",\"contentUrl\":\"https:\/\/secure.gravatar.com\/avatar\/3190a6a6c5e1b0327500f7d6c56b6242472ee6cb974cf09b401ee6b3b0798f23?s=96&d=mm&r=g\",\"caption\":\"Raffy Ben\u00edtez\"},\"url\":\"https:\/\/conexion23.com\/?author=15\"}]}<\/script>\n<!-- \/ Yoast SEO plugin. -->","yoast_head_json":{"title":"Revisar\u00e1n la prisi\u00f3n a Santiago Hazim y a otros seis imputados en el fraude a Senasa - Conexi\u00f3n 23","robots":{"index":"index","follow":"follow","max-snippet":"max-snippet:-1","max-image-preview":"max-image-preview:large","max-video-preview":"max-video-preview:-1"},"canonical":"https:\/\/conexion23.com\/?p=56774","og_locale":"es_ES","og_type":"article","og_title":"Revisar\u00e1n la prisi\u00f3n a Santiago Hazim y a otros seis imputados en el fraude a Senasa - Conexi\u00f3n 23","og_description":"El exdirector del Seguro Nacional de Salud (Senasa),\u00a0Santiago Hazim,\u00a0y otros seis de los once imputados de presuntamente estafar a esa ARS estatal con m\u00e1s de 15 mil millones de pesos ser\u00e1n\u00a0trasladados\u00a0este jueves 30 de abril nuevamente a un tribunal que les har\u00e1 la\u00a0revisi\u00f3n obligatoria\u00a0de la prisi\u00f3n preventiva que se les impuso en diciembre del pasado [&hellip;]","og_url":"https:\/\/conexion23.com\/?p=56774","og_site_name":"Conexi\u00f3n 23","article_publisher":"https:\/\/www.facebook.com\/conexion23com","article_published_time":"2026-04-29T21:23:03+00:00","article_modified_time":"2026-04-29T21:23:16+00:00","og_image":[{"width":896,"height":504,"url":"http:\/\/conexion23.com\/wp-content\/uploads\/2026\/04\/mp-condicion-de-salud-que-alega-santiago-hazim-no-ha-sido-confirmada-05f87612-focus-0-0-896-504.jpg","type":"image\/jpeg"}],"author":"Raffy Ben\u00edtez","twitter_card":"summary_large_image","twitter_misc":{"Escrito por":"Raffy Ben\u00edtez","Tiempo de lectura":"3 minutos"},"schema":{"@context":"https:\/\/schema.org","@graph":[{"@type":"Article","@id":"https:\/\/conexion23.com\/?p=56774#article","isPartOf":{"@id":"https:\/\/conexion23.com\/?p=56774"},"author":{"name":"Raffy Ben\u00edtez","@id":"https:\/\/conexion23.com\/#\/schema\/person\/03e36043331117e97a373299bbcd30a6"},"headline":"Revisar\u00e1n la prisi\u00f3n a Santiago Hazim y a otros seis imputados en el fraude a Senasa","datePublished":"2026-04-29T21:23:03+00:00","dateModified":"2026-04-29T21:23:16+00:00","mainEntityOfPage":{"@id":"https:\/\/conexion23.com\/?p=56774"},"wordCount":688,"commentCount":0,"publisher":{"@id":"https:\/\/conexion23.com\/#organization"},"image":{"@id":"https:\/\/conexion23.com\/?p=56774#primaryimage"},"thumbnailUrl":"https:\/\/conexion23.com\/wp-content\/uploads\/2026\/04\/mp-condicion-de-salud-que-alega-santiago-hazim-no-ha-sido-confirmada-05f87612-focus-0-0-896-504.jpg","keywords":["Imputados","prision","Revisar\u00e1n","Santiago Haz\u00edm","senasa"],"articleSection":["Judiciales","Nacionales","Portada"],"inLanguage":"es","potentialAction":[{"@type":"CommentAction","name":"Comment","target":["https:\/\/conexion23.com\/?p=56774#respond"]}]},{"@type":"WebPage","@id":"https:\/\/conexion23.com\/?p=56774","url":"https:\/\/conexion23.com\/?p=56774","name":"Revisar\u00e1n la prisi\u00f3n a Santiago Hazim y a otros seis imputados en el fraude a Senasa - Conexi\u00f3n 23","isPartOf":{"@id":"https:\/\/conexion23.com\/#website"},"primaryImageOfPage":{"@id":"https:\/\/conexion23.com\/?p=56774#primaryimage"},"image":{"@id":"https:\/\/conexion23.com\/?p=56774#primaryimage"},"thumbnailUrl":"https:\/\/conexion23.com\/wp-content\/uploads\/2026\/04\/mp-condicion-de-salud-que-alega-santiago-hazim-no-ha-sido-confirmada-05f87612-focus-0-0-896-504.jpg","datePublished":"2026-04-29T21:23:03+00:00","dateModified":"2026-04-29T21:23:16+00:00","breadcrumb":{"@id":"https:\/\/conexion23.com\/?p=56774#breadcrumb"},"inLanguage":"es","potentialAction":[{"@type":"ReadAction","target":["https:\/\/conexion23.com\/?p=56774"]}]},{"@type":"ImageObject","inLanguage":"es","@id":"https:\/\/conexion23.com\/?p=56774#primaryimage","url":"https:\/\/conexion23.com\/wp-content\/uploads\/2026\/04\/mp-condicion-de-salud-que-alega-santiago-hazim-no-ha-sido-confirmada-05f87612-focus-0-0-896-504.jpg","contentUrl":"https:\/\/conexion23.com\/wp-content\/uploads\/2026\/04\/mp-condicion-de-salud-que-alega-santiago-hazim-no-ha-sido-confirmada-05f87612-focus-0-0-896-504.jpg","width":896,"height":504},{"@type":"BreadcrumbList","@id":"https:\/\/conexion23.com\/?p=56774#breadcrumb","itemListElement":[{"@type":"ListItem","position":1,"name":"Portada","item":"https:\/\/conexion23.com\/"},{"@type":"ListItem","position":2,"name":"Revisar\u00e1n la prisi\u00f3n a Santiago Hazim y a otros seis imputados en el fraude a Senasa"}]},{"@type":"WebSite","@id":"https:\/\/conexion23.com\/#website","url":"https:\/\/conexion23.com\/","name":"Conexi\u00f3n 23","description":"Peri\u00f3dico 100% Petromacorisano","publisher":{"@id":"https:\/\/conexion23.com\/#organization"},"potentialAction":[{"@type":"SearchAction","target":{"@type":"EntryPoint","urlTemplate":"https:\/\/conexion23.com\/?s={search_term_string}"},"query-input":{"@type":"PropertyValueSpecification","valueRequired":true,"valueName":"search_term_string"}}],"inLanguage":"es"},{"@type":"Organization","@id":"https:\/\/conexion23.com\/#organization","name":"Conexion 23","url":"https:\/\/conexion23.com\/","logo":{"@type":"ImageObject","inLanguage":"es","@id":"https:\/\/conexion23.com\/#\/schema\/logo\/image\/","url":"https:\/\/conexion23.com\/wp-content\/uploads\/2021\/11\/Diseno-sin-titulo-2.png","contentUrl":"https:\/\/conexion23.com\/wp-content\/uploads\/2021\/11\/Diseno-sin-titulo-2.png","width":541,"height":90,"caption":"Conexion 23"},"image":{"@id":"https:\/\/conexion23.com\/#\/schema\/logo\/image\/"},"sameAs":["https:\/\/www.facebook.com\/conexion23com","https:\/\/www.instagram.com\/conexion23com\/","https:\/\/www.youtube.com\/channel\/UCYc7vxxFZMYLIHNsHHxPZ3Q"]},{"@type":"Person","@id":"https:\/\/conexion23.com\/#\/schema\/person\/03e36043331117e97a373299bbcd30a6","name":"Raffy Ben\u00edtez","image":{"@type":"ImageObject","inLanguage":"es","@id":"https:\/\/conexion23.com\/#\/schema\/person\/image\/","url":"https:\/\/secure.gravatar.com\/avatar\/3190a6a6c5e1b0327500f7d6c56b6242472ee6cb974cf09b401ee6b3b0798f23?s=96&d=mm&r=g","contentUrl":"https:\/\/secure.gravatar.com\/avatar\/3190a6a6c5e1b0327500f7d6c56b6242472ee6cb974cf09b401ee6b3b0798f23?s=96&d=mm&r=g","caption":"Raffy Ben\u00edtez"},"url":"https:\/\/conexion23.com\/?author=15"}]}},"_links":{"self":[{"href":"https:\/\/conexion23.com\/index.php?rest_route=\/wp\/v2\/posts\/56774","targetHints":{"allow":["GET"]}}],"collection":[{"href":"https:\/\/conexion23.com\/index.php?rest_route=\/wp\/v2\/posts"}],"about":[{"href":"https:\/\/conexion23.com\/index.php?rest_route=\/wp\/v2\/types\/post"}],"author":[{"embeddable":true,"href":"https:\/\/conexion23.com\/index.php?rest_route=\/wp\/v2\/users\/15"}],"replies":[{"embeddable":true,"href":"https:\/\/conexion23.com\/index.php?rest_route=%2Fwp%2Fv2%2Fcomments&post=56774"}],"version-history":[{"count":1,"href":"https:\/\/conexion23.com\/index.php?rest_route=\/wp\/v2\/posts\/56774\/revisions"}],"predecessor-version":[{"id":56776,"href":"https:\/\/conexion23.com\/index.php?rest_route=\/wp\/v2\/posts\/56774\/revisions\/56776"}],"wp:featuredmedia":[{"embeddable":true,"href":"https:\/\/conexion23.com\/index.php?rest_route=\/wp\/v2\/media\/56775"}],"wp:attachment":[{"href":"https:\/\/conexion23.com\/index.php?rest_route=%2Fwp%2Fv2%2Fmedia&parent=56774"}],"wp:term":[{"taxonomy":"category","embeddable":true,"href":"https:\/\/conexion23.com\/index.php?rest_route=%2Fwp%2Fv2%2Fcategories&post=56774"},{"taxonomy":"post_tag","embeddable":true,"href":"https:\/\/conexion23.com\/index.php?rest_route=%2Fwp%2Fv2%2Ftags&post=56774"}],"curies":[{"name":"wp","href":"https:\/\/api.w.org\/{rel}","templated":true}]}}