{"id":56777,"date":"2026-04-29T17:26:29","date_gmt":"2026-04-29T21:26:29","guid":{"rendered":"https:\/\/conexion23.com\/?p=56777"},"modified":"2026-04-29T17:26:29","modified_gmt":"2026-04-29T21:26:29","slug":"felix-bautista-dice-explotacion-minera-maltrataria-el-rio-san-juan-yaque-del-sur-y-la-presa-de-sabaneta","status":"publish","type":"post","link":"https:\/\/conexion23.com\/?p=56777","title":{"rendered":"F\u00e9lix Bautista dice, explotaci\u00f3n minera maltratar\u00eda el r\u00edo San Juan, Yaque del Sur y la presa de Sabaneta"},"content":{"rendered":"<p style=\"text-align: justify;\">En medio de las tensiones por el planteamiento de un\u00a0proyecto\u00a0minero\u00a0en la provincia\u00a0San Juan, el\u00a0senador F\u00e9lix Bautista\u00a0advirti\u00f3 este mi\u00e9rcoles que la explotaci\u00f3n en la zona podr\u00eda impactar de manera directa el\u00a0r\u00edo San Juan\u00a0y, en cadena, el\u00a0r\u00edo Yaque del Sur\u00a0y la\u00a0presa de Sabaneta, lo que provocar\u00eda posibles consecuencias para el abastecimiento de agua en varias provincias del sur.<\/p>\n<p style=\"text-align: justify;\">El legislador representante de la provincia sure\u00f1a sostuvo que la actividad minera que busca encabezar la empresa<em>\u00a0GoldQuest<\/em>, especialmente si se desarrolla de forma subterr\u00e1nea, como se proyecta, implicar\u00eda intervenciones en el entorno del cauce del r\u00edo\u00a0San Juan\u00a0que, seg\u00fan explic\u00f3, afectar\u00eda tanto las\u00a0aguas superficiales\u00a0como las subterr\u00e1neas que alimentan el sistema h\u00eddrico de la\u00a0regi\u00f3n.<\/p>\n<p style=\"text-align: justify;\">Indic\u00f3 que esa situaci\u00f3n podr\u00eda traducirse en\u00a0contaminaci\u00f3n\u00a0por el uso de\u00a0equipos pesados, cuyos residuos como di\u00e9sel, aceites y sedimentos terminar\u00edan contaminando el afluente.<\/p>\n<p style=\"text-align: justify;\">Bautista se\u00f1al\u00f3 que el r\u00edo\u00a0San Juan\u00a0no solo\u00a0nutre la\u00a0presa de Sabaneta, sino que sus aguas desembocan en el r\u00edo Yaque del Sur, que a su vez\u00a0alimenta\u00a0la\u00a0presa de Monte Grande, a\u00fan en construcci\u00f3n y destinada a irrigar tierras en provincias como Barahona y Bahoruco.<\/p>\n<p style=\"text-align: justify;\">En ese sentido, advirti\u00f3 que cualquier\u00a0afectaci\u00f3n\u00a0en el origen del sistema tendr\u00eda\u00a0repercusiones\u00a0en toda la\u00a0cadena h\u00eddrica.<\/p>\n<p style=\"text-align: justify;\">El senador tambi\u00e9n afirm\u00f3 que la zona donde se proyecta la explotaci\u00f3n forma parte de la\u00a0Cordillera Central, la cual describi\u00f3 como \u00abla principal\u00a0fuente de agua\u00a0tanto para el norte como para el sur del pa\u00eds\u00bb, por lo que consider\u00f3 esencial su\u00a0preservaci\u00f3n.<\/p>\n<ul class=\"list-text\" style=\"text-align: justify;\">\n<li>En sus declaraciones, present\u00f3 un\u00a0mapa\u00a0en el que, seg\u00fan dijo, se identifican\u00a015 concesiones\u00a0de exploraci\u00f3n minera otorgadas en la zona, que abarcan una superficie de 209 millones de metros cuadrados.<\/li>\n<\/ul>\n<p style=\"text-align: justify;\">Explic\u00f3 que estas concesiones est\u00e1n ubicadas de forma contigua, lo que, a su juicio, permitir\u00eda una\u00a0explotaci\u00f3n progresiva\u00a0en toda la cordillera.<\/p>\n<p style=\"text-align: justify;\">De acuerdo con lo expuesto, el proyecto habr\u00eda iniciado en el \u00e1rea denominada Romero, donde existen\u00a0reservas de oro\u00a0y cobre, pero la intenci\u00f3n ser\u00eda continuar con el resto de las concesiones.<\/p>\n<p style=\"text-align: justify;\">En ese contexto, Bautista llam\u00f3 la atenci\u00f3n sobre lo que describi\u00f3 como \u00abun\u00a0plan de expansi\u00f3n\u00a0minera a gran escala\u00bb en la\u00a0regi\u00f3n.<\/p>\n<p style=\"text-align: justify;\">El senador tambi\u00e9n hizo referencia a un gr\u00e1fico que, seg\u00fan indic\u00f3, muestra la realizaci\u00f3n de unos\u00a0170 sondeos\u00a0en ambos lados del cauce del r\u00edo\u00a0San Juan. A partir de esa informaci\u00f3n, sostuvo que una eventual explotaci\u00f3n subterr\u00e1nea requerir\u00eda\u00a0excavaciones\u00a0que atravesar\u00edan el \u00e1rea del r\u00edo, lo que agravar\u00eda los riesgos ambientales.<\/p>\n","protected":false},"excerpt":{"rendered":"<p>En medio de las tensiones por el planteamiento de un\u00a0proyecto\u00a0minero\u00a0en la provincia\u00a0San Juan, el\u00a0senador F\u00e9lix Bautista\u00a0advirti\u00f3 este mi\u00e9rcoles que la explotaci\u00f3n en la zona podr\u00eda impactar de manera directa el\u00a0r\u00edo San Juan\u00a0y, en cadena, el\u00a0r\u00edo Yaque del Sur\u00a0y la\u00a0presa de Sabaneta, lo que provocar\u00eda posibles consecuencias para el abastecimiento de agua en varias provincias del [&hellip;]<\/p>\n","protected":false},"author":15,"featured_media":53431,"comment_status":"open","ping_status":"open","sticky":false,"template":"","format":"standard","meta":{"footnotes":""},"categories":[3773],"tags":[8646,6894,8649,8648,159,8647],"class_list":{"0":"post-56777","1":"post","2":"type-post","3":"status-publish","4":"format-standard","5":"has-post-thumbnail","7":"category-portada","8":"tag-explotacion-minera","9":"tag-felix-bautista","10":"tag-presa","11":"tag-sabaneta","12":"tag-san-juan","13":"tag-yaque-del-sur"},"yoast_head":"<!-- This site is optimized with the Yoast SEO plugin v27.1.1 - https:\/\/yoast.com\/product\/yoast-seo-wordpress\/ -->\n<title>F\u00e9lix Bautista dice, explotaci\u00f3n minera maltratar\u00eda el r\u00edo San Juan, Yaque del Sur y la presa de Sabaneta - Conexi\u00f3n 23<\/title>\n<meta name=\"robots\" content=\"index, follow, max-snippet:-1, max-image-preview:large, max-video-preview:-1\" \/>\n<link rel=\"canonical\" href=\"https:\/\/conexion23.com\/?p=56777\" \/>\n<meta property=\"og:locale\" content=\"es_ES\" \/>\n<meta property=\"og:type\" content=\"article\" \/>\n<meta property=\"og:title\" content=\"F\u00e9lix Bautista dice, explotaci\u00f3n minera maltratar\u00eda el r\u00edo San Juan, Yaque del Sur y la presa de Sabaneta - Conexi\u00f3n 23\" \/>\n<meta property=\"og:description\" content=\"En medio de las tensiones por el planteamiento de un\u00a0proyecto\u00a0minero\u00a0en la provincia\u00a0San Juan, el\u00a0senador F\u00e9lix Bautista\u00a0advirti\u00f3 este mi\u00e9rcoles que la explotaci\u00f3n en la zona podr\u00eda impactar de manera directa el\u00a0r\u00edo San Juan\u00a0y, en cadena, el\u00a0r\u00edo Yaque del Sur\u00a0y la\u00a0presa de Sabaneta, lo que provocar\u00eda posibles consecuencias para el abastecimiento de agua en varias provincias del [&hellip;]\" \/>\n<meta property=\"og:url\" content=\"https:\/\/conexion23.com\/?p=56777\" \/>\n<meta property=\"og:site_name\" content=\"Conexi\u00f3n 23\" \/>\n<meta property=\"article:publisher\" content=\"https:\/\/www.facebook.com\/conexion23com\" \/>\n<meta property=\"article:published_time\" content=\"2026-04-29T21:26:29+00:00\" \/>\n<meta property=\"og:image\" content=\"http:\/\/conexion23.com\/wp-content\/uploads\/2026\/02\/felix-bautista.webp\" \/>\n\t<meta property=\"og:image:width\" content=\"541\" \/>\n\t<meta property=\"og:image:height\" content=\"350\" \/>\n\t<meta property=\"og:image:type\" content=\"image\/webp\" \/>\n<meta name=\"author\" content=\"Raffy Ben\u00edtez\" \/>\n<meta name=\"twitter:card\" content=\"summary_large_image\" \/>\n<meta name=\"twitter:label1\" content=\"Escrito por\" \/>\n\t<meta name=\"twitter:data1\" content=\"Raffy Ben\u00edtez\" \/>\n\t<meta name=\"twitter:label2\" content=\"Tiempo de lectura\" \/>\n\t<meta name=\"twitter:data2\" content=\"3 minutos\" \/>\n<script type=\"application\/ld+json\" class=\"yoast-schema-graph\">{\"@context\":\"https:\/\/schema.org\",\"@graph\":[{\"@type\":\"Article\",\"@id\":\"https:\/\/conexion23.com\/?p=56777#article\",\"isPartOf\":{\"@id\":\"https:\/\/conexion23.com\/?p=56777\"},\"author\":{\"name\":\"Raffy Ben\u00edtez\",\"@id\":\"https:\/\/conexion23.com\/#\/schema\/person\/03e36043331117e97a373299bbcd30a6\"},\"headline\":\"F\u00e9lix Bautista dice, explotaci\u00f3n minera maltratar\u00eda el r\u00edo San Juan, Yaque del Sur y la presa de Sabaneta\",\"datePublished\":\"2026-04-29T21:26:29+00:00\",\"mainEntityOfPage\":{\"@id\":\"https:\/\/conexion23.com\/?p=56777\"},\"wordCount\":498,\"commentCount\":0,\"publisher\":{\"@id\":\"https:\/\/conexion23.com\/#organization\"},\"image\":{\"@id\":\"https:\/\/conexion23.com\/?p=56777#primaryimage\"},\"thumbnailUrl\":\"https:\/\/conexion23.com\/wp-content\/uploads\/2026\/02\/felix-bautista.webp\",\"keywords\":[\"explotaci\u00f3n minera\",\"F\u00e9lix Bautista\",\"presa\",\"Sabaneta\",\"san juan\",\"Yaque del Sur\"],\"articleSection\":[\"Portada\"],\"inLanguage\":\"es\",\"potentialAction\":[{\"@type\":\"CommentAction\",\"name\":\"Comment\",\"target\":[\"https:\/\/conexion23.com\/?p=56777#respond\"]}]},{\"@type\":\"WebPage\",\"@id\":\"https:\/\/conexion23.com\/?p=56777\",\"url\":\"https:\/\/conexion23.com\/?p=56777\",\"name\":\"F\u00e9lix Bautista dice, explotaci\u00f3n minera maltratar\u00eda el r\u00edo San Juan, Yaque del Sur y la presa de Sabaneta - Conexi\u00f3n 23\",\"isPartOf\":{\"@id\":\"https:\/\/conexion23.com\/#website\"},\"primaryImageOfPage\":{\"@id\":\"https:\/\/conexion23.com\/?p=56777#primaryimage\"},\"image\":{\"@id\":\"https:\/\/conexion23.com\/?p=56777#primaryimage\"},\"thumbnailUrl\":\"https:\/\/conexion23.com\/wp-content\/uploads\/2026\/02\/felix-bautista.webp\",\"datePublished\":\"2026-04-29T21:26:29+00:00\",\"breadcrumb\":{\"@id\":\"https:\/\/conexion23.com\/?p=56777#breadcrumb\"},\"inLanguage\":\"es\",\"potentialAction\":[{\"@type\":\"ReadAction\",\"target\":[\"https:\/\/conexion23.com\/?p=56777\"]}]},{\"@type\":\"ImageObject\",\"inLanguage\":\"es\",\"@id\":\"https:\/\/conexion23.com\/?p=56777#primaryimage\",\"url\":\"https:\/\/conexion23.com\/wp-content\/uploads\/2026\/02\/felix-bautista.webp\",\"contentUrl\":\"https:\/\/conexion23.com\/wp-content\/uploads\/2026\/02\/felix-bautista.webp\",\"width\":541,\"height\":350},{\"@type\":\"BreadcrumbList\",\"@id\":\"https:\/\/conexion23.com\/?p=56777#breadcrumb\",\"itemListElement\":[{\"@type\":\"ListItem\",\"position\":1,\"name\":\"Portada\",\"item\":\"https:\/\/conexion23.com\/\"},{\"@type\":\"ListItem\",\"position\":2,\"name\":\"F\u00e9lix Bautista dice, explotaci\u00f3n minera maltratar\u00eda el r\u00edo San Juan, Yaque del Sur y la presa de Sabaneta\"}]},{\"@type\":\"WebSite\",\"@id\":\"https:\/\/conexion23.com\/#website\",\"url\":\"https:\/\/conexion23.com\/\",\"name\":\"Conexi\u00f3n 23\",\"description\":\"Peri\u00f3dico 100% Petromacorisano\",\"publisher\":{\"@id\":\"https:\/\/conexion23.com\/#organization\"},\"potentialAction\":[{\"@type\":\"SearchAction\",\"target\":{\"@type\":\"EntryPoint\",\"urlTemplate\":\"https:\/\/conexion23.com\/?s={search_term_string}\"},\"query-input\":{\"@type\":\"PropertyValueSpecification\",\"valueRequired\":true,\"valueName\":\"search_term_string\"}}],\"inLanguage\":\"es\"},{\"@type\":\"Organization\",\"@id\":\"https:\/\/conexion23.com\/#organization\",\"name\":\"Conexion 23\",\"url\":\"https:\/\/conexion23.com\/\",\"logo\":{\"@type\":\"ImageObject\",\"inLanguage\":\"es\",\"@id\":\"https:\/\/conexion23.com\/#\/schema\/logo\/image\/\",\"url\":\"https:\/\/conexion23.com\/wp-content\/uploads\/2021\/11\/Diseno-sin-titulo-2.png\",\"contentUrl\":\"https:\/\/conexion23.com\/wp-content\/uploads\/2021\/11\/Diseno-sin-titulo-2.png\",\"width\":541,\"height\":90,\"caption\":\"Conexion 23\"},\"image\":{\"@id\":\"https:\/\/conexion23.com\/#\/schema\/logo\/image\/\"},\"sameAs\":[\"https:\/\/www.facebook.com\/conexion23com\",\"https:\/\/www.instagram.com\/conexion23com\/\",\"https:\/\/www.youtube.com\/channel\/UCYc7vxxFZMYLIHNsHHxPZ3Q\"]},{\"@type\":\"Person\",\"@id\":\"https:\/\/conexion23.com\/#\/schema\/person\/03e36043331117e97a373299bbcd30a6\",\"name\":\"Raffy Ben\u00edtez\",\"image\":{\"@type\":\"ImageObject\",\"inLanguage\":\"es\",\"@id\":\"https:\/\/conexion23.com\/#\/schema\/person\/image\/\",\"url\":\"https:\/\/secure.gravatar.com\/avatar\/3190a6a6c5e1b0327500f7d6c56b6242472ee6cb974cf09b401ee6b3b0798f23?s=96&d=mm&r=g\",\"contentUrl\":\"https:\/\/secure.gravatar.com\/avatar\/3190a6a6c5e1b0327500f7d6c56b6242472ee6cb974cf09b401ee6b3b0798f23?s=96&d=mm&r=g\",\"caption\":\"Raffy Ben\u00edtez\"},\"url\":\"https:\/\/conexion23.com\/?author=15\"}]}<\/script>\n<!-- \/ Yoast SEO plugin. -->","yoast_head_json":{"title":"F\u00e9lix Bautista dice, explotaci\u00f3n minera maltratar\u00eda el r\u00edo San Juan, Yaque del Sur y la presa de Sabaneta - Conexi\u00f3n 23","robots":{"index":"index","follow":"follow","max-snippet":"max-snippet:-1","max-image-preview":"max-image-preview:large","max-video-preview":"max-video-preview:-1"},"canonical":"https:\/\/conexion23.com\/?p=56777","og_locale":"es_ES","og_type":"article","og_title":"F\u00e9lix Bautista dice, explotaci\u00f3n minera maltratar\u00eda el r\u00edo San Juan, Yaque del Sur y la presa de Sabaneta - Conexi\u00f3n 23","og_description":"En medio de las tensiones por el planteamiento de un\u00a0proyecto\u00a0minero\u00a0en la provincia\u00a0San Juan, el\u00a0senador F\u00e9lix Bautista\u00a0advirti\u00f3 este mi\u00e9rcoles que la explotaci\u00f3n en la zona podr\u00eda impactar de manera directa el\u00a0r\u00edo San Juan\u00a0y, en cadena, el\u00a0r\u00edo Yaque del Sur\u00a0y la\u00a0presa de Sabaneta, lo que provocar\u00eda posibles consecuencias para el abastecimiento de agua en varias provincias del [&hellip;]","og_url":"https:\/\/conexion23.com\/?p=56777","og_site_name":"Conexi\u00f3n 23","article_publisher":"https:\/\/www.facebook.com\/conexion23com","article_published_time":"2026-04-29T21:26:29+00:00","og_image":[{"width":541,"height":350,"url":"http:\/\/conexion23.com\/wp-content\/uploads\/2026\/02\/felix-bautista.webp","type":"image\/webp"}],"author":"Raffy Ben\u00edtez","twitter_card":"summary_large_image","twitter_misc":{"Escrito por":"Raffy Ben\u00edtez","Tiempo de lectura":"3 minutos"},"schema":{"@context":"https:\/\/schema.org","@graph":[{"@type":"Article","@id":"https:\/\/conexion23.com\/?p=56777#article","isPartOf":{"@id":"https:\/\/conexion23.com\/?p=56777"},"author":{"name":"Raffy Ben\u00edtez","@id":"https:\/\/conexion23.com\/#\/schema\/person\/03e36043331117e97a373299bbcd30a6"},"headline":"F\u00e9lix Bautista dice, explotaci\u00f3n minera maltratar\u00eda el r\u00edo San Juan, Yaque del Sur y la presa de Sabaneta","datePublished":"2026-04-29T21:26:29+00:00","mainEntityOfPage":{"@id":"https:\/\/conexion23.com\/?p=56777"},"wordCount":498,"commentCount":0,"publisher":{"@id":"https:\/\/conexion23.com\/#organization"},"image":{"@id":"https:\/\/conexion23.com\/?p=56777#primaryimage"},"thumbnailUrl":"https:\/\/conexion23.com\/wp-content\/uploads\/2026\/02\/felix-bautista.webp","keywords":["explotaci\u00f3n minera","F\u00e9lix Bautista","presa","Sabaneta","san juan","Yaque del Sur"],"articleSection":["Portada"],"inLanguage":"es","potentialAction":[{"@type":"CommentAction","name":"Comment","target":["https:\/\/conexion23.com\/?p=56777#respond"]}]},{"@type":"WebPage","@id":"https:\/\/conexion23.com\/?p=56777","url":"https:\/\/conexion23.com\/?p=56777","name":"F\u00e9lix Bautista dice, explotaci\u00f3n minera maltratar\u00eda el r\u00edo San Juan, Yaque del Sur y la presa de Sabaneta - Conexi\u00f3n 23","isPartOf":{"@id":"https:\/\/conexion23.com\/#website"},"primaryImageOfPage":{"@id":"https:\/\/conexion23.com\/?p=56777#primaryimage"},"image":{"@id":"https:\/\/conexion23.com\/?p=56777#primaryimage"},"thumbnailUrl":"https:\/\/conexion23.com\/wp-content\/uploads\/2026\/02\/felix-bautista.webp","datePublished":"2026-04-29T21:26:29+00:00","breadcrumb":{"@id":"https:\/\/conexion23.com\/?p=56777#breadcrumb"},"inLanguage":"es","potentialAction":[{"@type":"ReadAction","target":["https:\/\/conexion23.com\/?p=56777"]}]},{"@type":"ImageObject","inLanguage":"es","@id":"https:\/\/conexion23.com\/?p=56777#primaryimage","url":"https:\/\/conexion23.com\/wp-content\/uploads\/2026\/02\/felix-bautista.webp","contentUrl":"https:\/\/conexion23.com\/wp-content\/uploads\/2026\/02\/felix-bautista.webp","width":541,"height":350},{"@type":"BreadcrumbList","@id":"https:\/\/conexion23.com\/?p=56777#breadcrumb","itemListElement":[{"@type":"ListItem","position":1,"name":"Portada","item":"https:\/\/conexion23.com\/"},{"@type":"ListItem","position":2,"name":"F\u00e9lix Bautista dice, explotaci\u00f3n minera maltratar\u00eda el r\u00edo San Juan, Yaque del Sur y la presa de Sabaneta"}]},{"@type":"WebSite","@id":"https:\/\/conexion23.com\/#website","url":"https:\/\/conexion23.com\/","name":"Conexi\u00f3n 23","description":"Peri\u00f3dico 100% Petromacorisano","publisher":{"@id":"https:\/\/conexion23.com\/#organization"},"potentialAction":[{"@type":"SearchAction","target":{"@type":"EntryPoint","urlTemplate":"https:\/\/conexion23.com\/?s={search_term_string}"},"query-input":{"@type":"PropertyValueSpecification","valueRequired":true,"valueName":"search_term_string"}}],"inLanguage":"es"},{"@type":"Organization","@id":"https:\/\/conexion23.com\/#organization","name":"Conexion 23","url":"https:\/\/conexion23.com\/","logo":{"@type":"ImageObject","inLanguage":"es","@id":"https:\/\/conexion23.com\/#\/schema\/logo\/image\/","url":"https:\/\/conexion23.com\/wp-content\/uploads\/2021\/11\/Diseno-sin-titulo-2.png","contentUrl":"https:\/\/conexion23.com\/wp-content\/uploads\/2021\/11\/Diseno-sin-titulo-2.png","width":541,"height":90,"caption":"Conexion 23"},"image":{"@id":"https:\/\/conexion23.com\/#\/schema\/logo\/image\/"},"sameAs":["https:\/\/www.facebook.com\/conexion23com","https:\/\/www.instagram.com\/conexion23com\/","https:\/\/www.youtube.com\/channel\/UCYc7vxxFZMYLIHNsHHxPZ3Q"]},{"@type":"Person","@id":"https:\/\/conexion23.com\/#\/schema\/person\/03e36043331117e97a373299bbcd30a6","name":"Raffy Ben\u00edtez","image":{"@type":"ImageObject","inLanguage":"es","@id":"https:\/\/conexion23.com\/#\/schema\/person\/image\/","url":"https:\/\/secure.gravatar.com\/avatar\/3190a6a6c5e1b0327500f7d6c56b6242472ee6cb974cf09b401ee6b3b0798f23?s=96&d=mm&r=g","contentUrl":"https:\/\/secure.gravatar.com\/avatar\/3190a6a6c5e1b0327500f7d6c56b6242472ee6cb974cf09b401ee6b3b0798f23?s=96&d=mm&r=g","caption":"Raffy Ben\u00edtez"},"url":"https:\/\/conexion23.com\/?author=15"}]}},"_links":{"self":[{"href":"https:\/\/conexion23.com\/index.php?rest_route=\/wp\/v2\/posts\/56777","targetHints":{"allow":["GET"]}}],"collection":[{"href":"https:\/\/conexion23.com\/index.php?rest_route=\/wp\/v2\/posts"}],"about":[{"href":"https:\/\/conexion23.com\/index.php?rest_route=\/wp\/v2\/types\/post"}],"author":[{"embeddable":true,"href":"https:\/\/conexion23.com\/index.php?rest_route=\/wp\/v2\/users\/15"}],"replies":[{"embeddable":true,"href":"https:\/\/conexion23.com\/index.php?rest_route=%2Fwp%2Fv2%2Fcomments&post=56777"}],"version-history":[{"count":1,"href":"https:\/\/conexion23.com\/index.php?rest_route=\/wp\/v2\/posts\/56777\/revisions"}],"predecessor-version":[{"id":56778,"href":"https:\/\/conexion23.com\/index.php?rest_route=\/wp\/v2\/posts\/56777\/revisions\/56778"}],"wp:featuredmedia":[{"embeddable":true,"href":"https:\/\/conexion23.com\/index.php?rest_route=\/wp\/v2\/media\/53431"}],"wp:attachment":[{"href":"https:\/\/conexion23.com\/index.php?rest_route=%2Fwp%2Fv2%2Fmedia&parent=56777"}],"wp:term":[{"taxonomy":"category","embeddable":true,"href":"https:\/\/conexion23.com\/index.php?rest_route=%2Fwp%2Fv2%2Fcategories&post=56777"},{"taxonomy":"post_tag","embeddable":true,"href":"https:\/\/conexion23.com\/index.php?rest_route=%2Fwp%2Fv2%2Ftags&post=56777"}],"curies":[{"name":"wp","href":"https:\/\/api.w.org\/{rel}","templated":true}]}}