{"id":56782,"date":"2026-04-29T18:12:03","date_gmt":"2026-04-29T22:12:03","guid":{"rendered":"https:\/\/conexion23.com\/?p=56782"},"modified":"2026-04-29T18:12:03","modified_gmt":"2026-04-29T22:12:03","slug":"fernando-tatis-jr-pierde-la-elevacion-en-su-ofensiva","status":"publish","type":"post","link":"https:\/\/conexion23.com\/?p=56782","title":{"rendered":"Fernando Tatis Jr. pierde la elevaci\u00f3n en su ofensiva"},"content":{"rendered":"<p style=\"text-align: justify;\">La\u00a0sequ\u00eda de poder\u00a0de\u00a0Fernando Tatis Jr.\u00a0ha comenzado a convertirse en una de las historias m\u00e1s llamativas del arranque de la temporada 2026 de\u00a0MLB.<\/p>\n<p style=\"text-align: justify;\">El estelar\u00a0jardinero de los Padres\u00a0inici\u00f3 la jornada de ayer\u00a0sin conectar cuadrangular\u00a0desde el 28 de septiembre de 2025 y actualmente atraviesa la racha m\u00e1s extensa de su carrera sin volarse la verja en las\u00a0Grandes Ligas, con\u00a029 partidos.<\/p>\n<p style=\"text-align: justify;\">En ese tramo acumula\u00a0125 apariciones al bate\u00a0sin jonr\u00f3n, acerc\u00e1ndose peligrosamente a su peor seguidilla reciente, cuando entre el 25 de julio y el 24 de agosto de 2025 registr\u00f3\u00a0132 apariciones\u00a0sin desaparecer la pelota.<\/p>\n<p style=\"text-align: justify;\">M\u00e1s revelador a\u00fan es el contexto: cinco de las seis rachas m\u00e1s largas sin cuadrangular en la carrera de \u00abEl Bebo\u00bb han ocurrido desde el 21 de abril de 2025, lo que sugiere una\u00a0tendencia sostenida\u00a0y no un simple bache pasajero.<\/p>\n<p style=\"text-align: justify;\">Al inicio de la jornada de ayer, presenta una l\u00ednea ofensiva de\u00a0.257\/.336\/.295\u00a0en\u00a028 partidos, con siete bases robadas, cuatro dobles y 12 carreras impulsadas.<\/p>\n<h2 style=\"text-align: justify;\">Un OPS muy bajo<\/h2>\n<p style=\"text-align: justify;\">Su\u00a0OPS de .631\u00a0y\u00a0OPS+ de 78\u00a0reflejan un rendimiento muy por debajo del promedio de la liga, una ca\u00edda notable para un jugador que registr\u00f3 OPS de .969 (2019), .937 (2020) y .975 (2021), antes de su suspensi\u00f3n por uso de sustancias prohibidas en 2022.<\/p>\n<p style=\"text-align: justify;\">Desde entonces, su producci\u00f3n ha mostrado altibajos:\u00a0.770 en 2023, .833 en 2024 y\u00a0.814 en 2025.<\/p>\n<h2 style=\"text-align: justify;\">Posibles causas<\/h2>\n<p style=\"text-align: justify;\">Las posibles causas de esta\u00a0sequ\u00eda de poder\u00a0parecen estar m\u00e1s ligadas a su\u00a0perfil de contacto\u00a0que a una falta de fuerza.<\/p>\n<p style=\"text-align: justify;\">De hecho, Tatis conecta la pelota con m\u00e1s autoridad que nunca: el 67.1 % de sus batazos supera las 95 millas por hora, el porcentaje m\u00e1s alto de su carrera. Sin embargo, esa potencia no se est\u00e1 traduciendo en extrabases, y la raz\u00f3n principal parece estar en el \u00e1ngulo de salida.<\/p>\n<p style=\"text-align: justify;\">La mitad de sus conexiones en 2026\u00a0han sido rodados, el porcentaje m\u00e1s elevado de su trayectoria, mientras que apenas un 26.9 % han sido elevados, su marca m\u00e1s baja dice Savant. En otras palabras, golpea fuerte, pero hacia el suelo, algo letal para la producci\u00f3n de cuadrangulares.<\/p>\n","protected":false},"excerpt":{"rendered":"<p>La\u00a0sequ\u00eda de poder\u00a0de\u00a0Fernando Tatis Jr.\u00a0ha comenzado a convertirse en una de las historias m\u00e1s llamativas del arranque de la temporada 2026 de\u00a0MLB. El estelar\u00a0jardinero de los Padres\u00a0inici\u00f3 la jornada de ayer\u00a0sin conectar cuadrangular\u00a0desde el 28 de septiembre de 2025 y actualmente atraviesa la racha m\u00e1s extensa de su carrera sin volarse la verja en las\u00a0Grandes [&hellip;]<\/p>\n","protected":false},"author":15,"featured_media":39520,"comment_status":"open","ping_status":"open","sticky":false,"template":"","format":"standard","meta":{"footnotes":""},"categories":[6],"tags":[732,6527,8651],"class_list":{"0":"post-56782","1":"post","2":"type-post","3":"status-publish","4":"format-standard","5":"has-post-thumbnail","7":"category-deportes","8":"tag-fernando-tatis-jr","9":"tag-ofensiva","10":"tag-sequia-de-poder"},"yoast_head":"<!-- This site is optimized with the Yoast SEO plugin v27.1.1 - https:\/\/yoast.com\/product\/yoast-seo-wordpress\/ -->\n<title>Fernando Tatis Jr. pierde la elevaci\u00f3n en su ofensiva - Conexi\u00f3n 23<\/title>\n<meta name=\"robots\" content=\"index, follow, max-snippet:-1, max-image-preview:large, max-video-preview:-1\" \/>\n<link rel=\"canonical\" href=\"https:\/\/conexion23.com\/?p=56782\" \/>\n<meta property=\"og:locale\" content=\"es_ES\" \/>\n<meta property=\"og:type\" content=\"article\" \/>\n<meta property=\"og:title\" content=\"Fernando Tatis Jr. pierde la elevaci\u00f3n en su ofensiva - Conexi\u00f3n 23\" \/>\n<meta property=\"og:description\" content=\"La\u00a0sequ\u00eda de poder\u00a0de\u00a0Fernando Tatis Jr.\u00a0ha comenzado a convertirse en una de las historias m\u00e1s llamativas del arranque de la temporada 2026 de\u00a0MLB. El estelar\u00a0jardinero de los Padres\u00a0inici\u00f3 la jornada de ayer\u00a0sin conectar cuadrangular\u00a0desde el 28 de septiembre de 2025 y actualmente atraviesa la racha m\u00e1s extensa de su carrera sin volarse la verja en las\u00a0Grandes [&hellip;]\" \/>\n<meta property=\"og:url\" content=\"https:\/\/conexion23.com\/?p=56782\" \/>\n<meta property=\"og:site_name\" content=\"Conexi\u00f3n 23\" \/>\n<meta property=\"article:publisher\" content=\"https:\/\/www.facebook.com\/conexion23com\" \/>\n<meta property=\"article:published_time\" content=\"2026-04-29T22:12:03+00:00\" \/>\n<meta property=\"og:image\" content=\"http:\/\/conexion23.com\/wp-content\/uploads\/2025\/05\/FERNANDO-TATIS-JR.-22-5-25.webp\" \/>\n\t<meta property=\"og:image:width\" content=\"1025\" \/>\n\t<meta property=\"og:image:height\" content=\"768\" \/>\n\t<meta property=\"og:image:type\" content=\"image\/webp\" \/>\n<meta name=\"author\" content=\"Raffy Ben\u00edtez\" \/>\n<meta name=\"twitter:card\" content=\"summary_large_image\" \/>\n<meta name=\"twitter:label1\" content=\"Escrito por\" \/>\n\t<meta name=\"twitter:data1\" content=\"Raffy Ben\u00edtez\" \/>\n\t<meta name=\"twitter:label2\" content=\"Tiempo de lectura\" \/>\n\t<meta name=\"twitter:data2\" content=\"2 minutos\" \/>\n<script type=\"application\/ld+json\" class=\"yoast-schema-graph\">{\"@context\":\"https:\/\/schema.org\",\"@graph\":[{\"@type\":\"Article\",\"@id\":\"https:\/\/conexion23.com\/?p=56782#article\",\"isPartOf\":{\"@id\":\"https:\/\/conexion23.com\/?p=56782\"},\"author\":{\"name\":\"Raffy Ben\u00edtez\",\"@id\":\"https:\/\/conexion23.com\/#\/schema\/person\/03e36043331117e97a373299bbcd30a6\"},\"headline\":\"Fernando Tatis Jr. pierde la elevaci\u00f3n en su ofensiva\",\"datePublished\":\"2026-04-29T22:12:03+00:00\",\"mainEntityOfPage\":{\"@id\":\"https:\/\/conexion23.com\/?p=56782\"},\"wordCount\":361,\"commentCount\":0,\"publisher\":{\"@id\":\"https:\/\/conexion23.com\/#organization\"},\"image\":{\"@id\":\"https:\/\/conexion23.com\/?p=56782#primaryimage\"},\"thumbnailUrl\":\"https:\/\/conexion23.com\/wp-content\/uploads\/2025\/05\/FERNANDO-TATIS-JR.-22-5-25.webp\",\"keywords\":[\"fernando tatis jr\",\"ofensiva\",\"Sequ\u00eda de poder\"],\"articleSection\":[\"Deportes\"],\"inLanguage\":\"es\",\"potentialAction\":[{\"@type\":\"CommentAction\",\"name\":\"Comment\",\"target\":[\"https:\/\/conexion23.com\/?p=56782#respond\"]}]},{\"@type\":\"WebPage\",\"@id\":\"https:\/\/conexion23.com\/?p=56782\",\"url\":\"https:\/\/conexion23.com\/?p=56782\",\"name\":\"Fernando Tatis Jr. pierde la elevaci\u00f3n en su ofensiva - Conexi\u00f3n 23\",\"isPartOf\":{\"@id\":\"https:\/\/conexion23.com\/#website\"},\"primaryImageOfPage\":{\"@id\":\"https:\/\/conexion23.com\/?p=56782#primaryimage\"},\"image\":{\"@id\":\"https:\/\/conexion23.com\/?p=56782#primaryimage\"},\"thumbnailUrl\":\"https:\/\/conexion23.com\/wp-content\/uploads\/2025\/05\/FERNANDO-TATIS-JR.-22-5-25.webp\",\"datePublished\":\"2026-04-29T22:12:03+00:00\",\"breadcrumb\":{\"@id\":\"https:\/\/conexion23.com\/?p=56782#breadcrumb\"},\"inLanguage\":\"es\",\"potentialAction\":[{\"@type\":\"ReadAction\",\"target\":[\"https:\/\/conexion23.com\/?p=56782\"]}]},{\"@type\":\"ImageObject\",\"inLanguage\":\"es\",\"@id\":\"https:\/\/conexion23.com\/?p=56782#primaryimage\",\"url\":\"https:\/\/conexion23.com\/wp-content\/uploads\/2025\/05\/FERNANDO-TATIS-JR.-22-5-25.webp\",\"contentUrl\":\"https:\/\/conexion23.com\/wp-content\/uploads\/2025\/05\/FERNANDO-TATIS-JR.-22-5-25.webp\",\"width\":1025,\"height\":768},{\"@type\":\"BreadcrumbList\",\"@id\":\"https:\/\/conexion23.com\/?p=56782#breadcrumb\",\"itemListElement\":[{\"@type\":\"ListItem\",\"position\":1,\"name\":\"Portada\",\"item\":\"https:\/\/conexion23.com\/\"},{\"@type\":\"ListItem\",\"position\":2,\"name\":\"Fernando Tatis Jr. pierde la elevaci\u00f3n en su ofensiva\"}]},{\"@type\":\"WebSite\",\"@id\":\"https:\/\/conexion23.com\/#website\",\"url\":\"https:\/\/conexion23.com\/\",\"name\":\"Conexi\u00f3n 23\",\"description\":\"Peri\u00f3dico 100% Petromacorisano\",\"publisher\":{\"@id\":\"https:\/\/conexion23.com\/#organization\"},\"potentialAction\":[{\"@type\":\"SearchAction\",\"target\":{\"@type\":\"EntryPoint\",\"urlTemplate\":\"https:\/\/conexion23.com\/?s={search_term_string}\"},\"query-input\":{\"@type\":\"PropertyValueSpecification\",\"valueRequired\":true,\"valueName\":\"search_term_string\"}}],\"inLanguage\":\"es\"},{\"@type\":\"Organization\",\"@id\":\"https:\/\/conexion23.com\/#organization\",\"name\":\"Conexion 23\",\"url\":\"https:\/\/conexion23.com\/\",\"logo\":{\"@type\":\"ImageObject\",\"inLanguage\":\"es\",\"@id\":\"https:\/\/conexion23.com\/#\/schema\/logo\/image\/\",\"url\":\"https:\/\/conexion23.com\/wp-content\/uploads\/2021\/11\/Diseno-sin-titulo-2.png\",\"contentUrl\":\"https:\/\/conexion23.com\/wp-content\/uploads\/2021\/11\/Diseno-sin-titulo-2.png\",\"width\":541,\"height\":90,\"caption\":\"Conexion 23\"},\"image\":{\"@id\":\"https:\/\/conexion23.com\/#\/schema\/logo\/image\/\"},\"sameAs\":[\"https:\/\/www.facebook.com\/conexion23com\",\"https:\/\/www.instagram.com\/conexion23com\/\",\"https:\/\/www.youtube.com\/channel\/UCYc7vxxFZMYLIHNsHHxPZ3Q\"]},{\"@type\":\"Person\",\"@id\":\"https:\/\/conexion23.com\/#\/schema\/person\/03e36043331117e97a373299bbcd30a6\",\"name\":\"Raffy Ben\u00edtez\",\"image\":{\"@type\":\"ImageObject\",\"inLanguage\":\"es\",\"@id\":\"https:\/\/conexion23.com\/#\/schema\/person\/image\/\",\"url\":\"https:\/\/secure.gravatar.com\/avatar\/3190a6a6c5e1b0327500f7d6c56b6242472ee6cb974cf09b401ee6b3b0798f23?s=96&d=mm&r=g\",\"contentUrl\":\"https:\/\/secure.gravatar.com\/avatar\/3190a6a6c5e1b0327500f7d6c56b6242472ee6cb974cf09b401ee6b3b0798f23?s=96&d=mm&r=g\",\"caption\":\"Raffy Ben\u00edtez\"},\"url\":\"https:\/\/conexion23.com\/?author=15\"}]}<\/script>\n<!-- \/ Yoast SEO plugin. -->","yoast_head_json":{"title":"Fernando Tatis Jr. pierde la elevaci\u00f3n en su ofensiva - Conexi\u00f3n 23","robots":{"index":"index","follow":"follow","max-snippet":"max-snippet:-1","max-image-preview":"max-image-preview:large","max-video-preview":"max-video-preview:-1"},"canonical":"https:\/\/conexion23.com\/?p=56782","og_locale":"es_ES","og_type":"article","og_title":"Fernando Tatis Jr. pierde la elevaci\u00f3n en su ofensiva - Conexi\u00f3n 23","og_description":"La\u00a0sequ\u00eda de poder\u00a0de\u00a0Fernando Tatis Jr.\u00a0ha comenzado a convertirse en una de las historias m\u00e1s llamativas del arranque de la temporada 2026 de\u00a0MLB. El estelar\u00a0jardinero de los Padres\u00a0inici\u00f3 la jornada de ayer\u00a0sin conectar cuadrangular\u00a0desde el 28 de septiembre de 2025 y actualmente atraviesa la racha m\u00e1s extensa de su carrera sin volarse la verja en las\u00a0Grandes [&hellip;]","og_url":"https:\/\/conexion23.com\/?p=56782","og_site_name":"Conexi\u00f3n 23","article_publisher":"https:\/\/www.facebook.com\/conexion23com","article_published_time":"2026-04-29T22:12:03+00:00","og_image":[{"width":1025,"height":768,"url":"http:\/\/conexion23.com\/wp-content\/uploads\/2025\/05\/FERNANDO-TATIS-JR.-22-5-25.webp","type":"image\/webp"}],"author":"Raffy Ben\u00edtez","twitter_card":"summary_large_image","twitter_misc":{"Escrito por":"Raffy Ben\u00edtez","Tiempo de lectura":"2 minutos"},"schema":{"@context":"https:\/\/schema.org","@graph":[{"@type":"Article","@id":"https:\/\/conexion23.com\/?p=56782#article","isPartOf":{"@id":"https:\/\/conexion23.com\/?p=56782"},"author":{"name":"Raffy Ben\u00edtez","@id":"https:\/\/conexion23.com\/#\/schema\/person\/03e36043331117e97a373299bbcd30a6"},"headline":"Fernando Tatis Jr. pierde la elevaci\u00f3n en su ofensiva","datePublished":"2026-04-29T22:12:03+00:00","mainEntityOfPage":{"@id":"https:\/\/conexion23.com\/?p=56782"},"wordCount":361,"commentCount":0,"publisher":{"@id":"https:\/\/conexion23.com\/#organization"},"image":{"@id":"https:\/\/conexion23.com\/?p=56782#primaryimage"},"thumbnailUrl":"https:\/\/conexion23.com\/wp-content\/uploads\/2025\/05\/FERNANDO-TATIS-JR.-22-5-25.webp","keywords":["fernando tatis jr","ofensiva","Sequ\u00eda de poder"],"articleSection":["Deportes"],"inLanguage":"es","potentialAction":[{"@type":"CommentAction","name":"Comment","target":["https:\/\/conexion23.com\/?p=56782#respond"]}]},{"@type":"WebPage","@id":"https:\/\/conexion23.com\/?p=56782","url":"https:\/\/conexion23.com\/?p=56782","name":"Fernando Tatis Jr. pierde la elevaci\u00f3n en su ofensiva - Conexi\u00f3n 23","isPartOf":{"@id":"https:\/\/conexion23.com\/#website"},"primaryImageOfPage":{"@id":"https:\/\/conexion23.com\/?p=56782#primaryimage"},"image":{"@id":"https:\/\/conexion23.com\/?p=56782#primaryimage"},"thumbnailUrl":"https:\/\/conexion23.com\/wp-content\/uploads\/2025\/05\/FERNANDO-TATIS-JR.-22-5-25.webp","datePublished":"2026-04-29T22:12:03+00:00","breadcrumb":{"@id":"https:\/\/conexion23.com\/?p=56782#breadcrumb"},"inLanguage":"es","potentialAction":[{"@type":"ReadAction","target":["https:\/\/conexion23.com\/?p=56782"]}]},{"@type":"ImageObject","inLanguage":"es","@id":"https:\/\/conexion23.com\/?p=56782#primaryimage","url":"https:\/\/conexion23.com\/wp-content\/uploads\/2025\/05\/FERNANDO-TATIS-JR.-22-5-25.webp","contentUrl":"https:\/\/conexion23.com\/wp-content\/uploads\/2025\/05\/FERNANDO-TATIS-JR.-22-5-25.webp","width":1025,"height":768},{"@type":"BreadcrumbList","@id":"https:\/\/conexion23.com\/?p=56782#breadcrumb","itemListElement":[{"@type":"ListItem","position":1,"name":"Portada","item":"https:\/\/conexion23.com\/"},{"@type":"ListItem","position":2,"name":"Fernando Tatis Jr. pierde la elevaci\u00f3n en su ofensiva"}]},{"@type":"WebSite","@id":"https:\/\/conexion23.com\/#website","url":"https:\/\/conexion23.com\/","name":"Conexi\u00f3n 23","description":"Peri\u00f3dico 100% Petromacorisano","publisher":{"@id":"https:\/\/conexion23.com\/#organization"},"potentialAction":[{"@type":"SearchAction","target":{"@type":"EntryPoint","urlTemplate":"https:\/\/conexion23.com\/?s={search_term_string}"},"query-input":{"@type":"PropertyValueSpecification","valueRequired":true,"valueName":"search_term_string"}}],"inLanguage":"es"},{"@type":"Organization","@id":"https:\/\/conexion23.com\/#organization","name":"Conexion 23","url":"https:\/\/conexion23.com\/","logo":{"@type":"ImageObject","inLanguage":"es","@id":"https:\/\/conexion23.com\/#\/schema\/logo\/image\/","url":"https:\/\/conexion23.com\/wp-content\/uploads\/2021\/11\/Diseno-sin-titulo-2.png","contentUrl":"https:\/\/conexion23.com\/wp-content\/uploads\/2021\/11\/Diseno-sin-titulo-2.png","width":541,"height":90,"caption":"Conexion 23"},"image":{"@id":"https:\/\/conexion23.com\/#\/schema\/logo\/image\/"},"sameAs":["https:\/\/www.facebook.com\/conexion23com","https:\/\/www.instagram.com\/conexion23com\/","https:\/\/www.youtube.com\/channel\/UCYc7vxxFZMYLIHNsHHxPZ3Q"]},{"@type":"Person","@id":"https:\/\/conexion23.com\/#\/schema\/person\/03e36043331117e97a373299bbcd30a6","name":"Raffy Ben\u00edtez","image":{"@type":"ImageObject","inLanguage":"es","@id":"https:\/\/conexion23.com\/#\/schema\/person\/image\/","url":"https:\/\/secure.gravatar.com\/avatar\/3190a6a6c5e1b0327500f7d6c56b6242472ee6cb974cf09b401ee6b3b0798f23?s=96&d=mm&r=g","contentUrl":"https:\/\/secure.gravatar.com\/avatar\/3190a6a6c5e1b0327500f7d6c56b6242472ee6cb974cf09b401ee6b3b0798f23?s=96&d=mm&r=g","caption":"Raffy Ben\u00edtez"},"url":"https:\/\/conexion23.com\/?author=15"}]}},"_links":{"self":[{"href":"https:\/\/conexion23.com\/index.php?rest_route=\/wp\/v2\/posts\/56782","targetHints":{"allow":["GET"]}}],"collection":[{"href":"https:\/\/conexion23.com\/index.php?rest_route=\/wp\/v2\/posts"}],"about":[{"href":"https:\/\/conexion23.com\/index.php?rest_route=\/wp\/v2\/types\/post"}],"author":[{"embeddable":true,"href":"https:\/\/conexion23.com\/index.php?rest_route=\/wp\/v2\/users\/15"}],"replies":[{"embeddable":true,"href":"https:\/\/conexion23.com\/index.php?rest_route=%2Fwp%2Fv2%2Fcomments&post=56782"}],"version-history":[{"count":1,"href":"https:\/\/conexion23.com\/index.php?rest_route=\/wp\/v2\/posts\/56782\/revisions"}],"predecessor-version":[{"id":56783,"href":"https:\/\/conexion23.com\/index.php?rest_route=\/wp\/v2\/posts\/56782\/revisions\/56783"}],"wp:featuredmedia":[{"embeddable":true,"href":"https:\/\/conexion23.com\/index.php?rest_route=\/wp\/v2\/media\/39520"}],"wp:attachment":[{"href":"https:\/\/conexion23.com\/index.php?rest_route=%2Fwp%2Fv2%2Fmedia&parent=56782"}],"wp:term":[{"taxonomy":"category","embeddable":true,"href":"https:\/\/conexion23.com\/index.php?rest_route=%2Fwp%2Fv2%2Fcategories&post=56782"},{"taxonomy":"post_tag","embeddable":true,"href":"https:\/\/conexion23.com\/index.php?rest_route=%2Fwp%2Fv2%2Ftags&post=56782"}],"curies":[{"name":"wp","href":"https:\/\/api.w.org\/{rel}","templated":true}]}}