{"id":56784,"date":"2026-04-30T07:00:23","date_gmt":"2026-04-30T11:00:23","guid":{"rendered":"https:\/\/conexion23.com\/?p=56784"},"modified":"2026-04-29T18:15:19","modified_gmt":"2026-04-29T22:15:19","slug":"matan-a-un-pastor-y-secuestran-a-40-feligreses-en-un-ataque-a-una-iglesia-en-nigeria","status":"publish","type":"post","link":"https:\/\/conexion23.com\/?p=56784","title":{"rendered":"Matan a un pastor y secuestran a 40 feligreses en un ataque a una iglesia en Nigeria"},"content":{"rendered":"<p style=\"text-align: justify;\" data-mrf-recirculation=\"Links p\u00e1rrafos\">Un pastor muri\u00f3 y cuarenta feligreses fueron secuestrados en un ataque de hombres armados perpetrado la pasada noche contra una iglesia del estado de\u00a0Ekiti, en el suroeste de\u00a0Nigeria, confirmaron a\u00a0EFE\u00a0fuentes de la parroquia y las autoridades.<\/p>\n<p style=\"text-align: justify;\" data-mrf-recirculation=\"Links p\u00e1rrafos\">Las v\u00edctimas asist\u00edan a un servicio religioso en la\u00a0Iglesia Apost\u00f3lica de Cristo, en el \u00e1rea de gobierno local de\u00a0Ilejemeje, donde irrumpieron individuos armados alrededor de las 20:30, hora local (19:30 GMT), del martes.<\/p>\n<p style=\"text-align: justify;\" data-mrf-recirculation=\"Links p\u00e1rrafos\">Est\u00e1bamos celebrando nuestro programa especial (\u2026) cuando, de repente, escuchamos disparos de los atacantes\u00bb, declar\u00f3 a\u00a0EFE\u00a0por tel\u00e9fono una fuente de la iglesia, bajo condici\u00f3n de anonimato por motivos de seguridad.<\/p>\n<p style=\"text-align: justify;\" data-mrf-recirculation=\"Links p\u00e1rrafos\">\u00abLa congregaci\u00f3n se dispers\u00f3 abruptamente y todos corrieron en diferentes direcciones para encontrar una v\u00eda de escape. Desafortunadamente,\u00a0el pastor fue asesinado y los hombres armados se llevaron a muchos feligreses, al menos cuarenta\u00bb, explic\u00f3.<\/p>\n<p style=\"text-align: justify;\" data-mrf-recirculation=\"Links p\u00e1rrafos\">La fuente a\u00f1adi\u00f3 que, hasta el momento, no han recibido\u00a0\u00abnoticias de los secuestradores\u00a0y los cautivos\u00bb.<\/p>\n<h2 class=\"wp-block-heading\" style=\"text-align: justify;\">Confirmaci\u00f3n oficial<\/h2>\n<p style=\"text-align: justify;\" data-mrf-recirculation=\"Links p\u00e1rrafos\">El presidente del gobierno local de\u00a0Ilejemeje,\u00a0Pius Alaba, confirm\u00f3 el ataque y el asesinato del pastor, pero no precis\u00f3 el n\u00famero de feligreses secuestrados.<\/p>\n<p style=\"text-align: justify;\" data-mrf-recirculation=\"Links p\u00e1rrafos\">S\u00ed, atacaron la iglesia y mataron al pastor. Tambi\u00e9n secuestraron a muchos feligreses. Desconozco el n\u00famero exacto\u00bb, indic\u00f3 a\u00a0EFE\u00a0Alaba\u00a0por tel\u00e9fono.<\/p>\n<p style=\"text-align: justify;\" data-mrf-recirculation=\"Links p\u00e1rrafos\">\u00abHemos recuperado el cuerpo del pastor\u00a0y lo hemos depositado en la morgue\u00bb, agreg\u00f3 el presidente.<\/p>\n<p style=\"text-align: justify;\" data-mrf-recirculation=\"Links p\u00e1rrafos\">El portavoz de la polic\u00eda del estado de\u00a0Ekiti,\u00a0Sunday Abutu, tambi\u00e9n confirm\u00f3 el ataque, sin concretar el n\u00famero de secuestrados.<\/p>\n<p style=\"text-align: justify;\" data-mrf-recirculation=\"Links p\u00e1rrafos\">En un comunicado,\u00a0Abutu\u00a0se\u00f1al\u00f3 que cinco atacantes invadieron la iglesia y que las fuerzas de seguridad han activado un dispositivo para intentar detener a los agresores.<\/p>\n<h2 class=\"wp-block-heading\" style=\"text-align: justify;\">Antecedentes recientes<\/h2>\n<p style=\"text-align: justify;\" data-mrf-recirculation=\"Links p\u00e1rrafos\">Nigeria\u00a0ha registrado ataques similares contra iglesias en el \u00faltimo a\u00f1o.<\/p>\n<p style=\"text-align: justify;\" data-mrf-recirculation=\"Links p\u00e1rrafos\">El pasado d\u00eda 14, la\u00a0Polic\u00eda\u00a0inform\u00f3 de la detenci\u00f3n de 33 presuntos miembros de\u00a0una banda criminal que secuestr\u00f3 a 38 feligreses\u00a0el pasado noviembre en una iglesia cat\u00f3lica del estado de\u00a0Kwara\u00a0(oeste).<\/p>\n<p style=\"text-align: justify;\" data-mrf-recirculation=\"Links p\u00e1rrafos\">El ataque contra esa iglesia, en la ciudad de\u00a0Eruku, ocurri\u00f3 el pasado 18 de noviembre, cuando el templo celebraba una misa interrumpida por individuos armados que mataron al menos a dos personas antes de raptar a los supervivientes, incluido el sacerdote.<\/p>\n<p style=\"text-align: justify;\" data-mrf-recirculation=\"Links p\u00e1rrafos\">D\u00edas despu\u00e9s y frente a una ola de ataques y secuestros masivos, a menudo perpetrados contra centros de culto o colegios, el presidente nigeriano,\u00a0Bola Ahmed Tinubu, declar\u00f3 una \u00abemergencia de seguridad nacional\u00bb y orden\u00f3 el reclutamiento de\u00a020,000 polic\u00edas\u00a0adicionales.<\/p>\n<h3 class=\"wp-block-heading\" style=\"text-align: justify;\">Violencia en Nigeria<\/h3>\n<p style=\"text-align: justify;\" data-mrf-recirculation=\"Links p\u00e1rrafos\">Algunos estados de\u00a0Nigeria, sobre todo en el centro y noroeste, sufren ataques constantes de bandidos, t\u00e9rmino usado para nombrar a bandas criminales que cometen asaltos y secuestros masivos para pedir rescates y a las que las autoridades tildan, a veces, de \u00abterroristas\u00ab.<\/p>\n<p style=\"text-align: justify;\" data-mrf-recirculation=\"Links p\u00e1rrafos\">A esta inseguridad se suma la actividad del grupo yihadista\u00a0Boko Haram\u00a0desde 2009 en el noreste del pa\u00eds y, a partir de 2016, de su escisi\u00f3n, el\u00a0Estado Isl\u00e1mico\u00a0en la Provincia de\u00a0\u00c1frica Occidental\u00a0(ISWAP, en ingl\u00e9s).<\/p>\n","protected":false},"excerpt":{"rendered":"<p>Un pastor muri\u00f3 y cuarenta feligreses fueron secuestrados en un ataque de hombres armados perpetrado la pasada noche contra una iglesia del estado de\u00a0Ekiti, en el suroeste de\u00a0Nigeria, confirmaron a\u00a0EFE\u00a0fuentes de la parroquia y las autoridades. Las v\u00edctimas asist\u00edan a un servicio religioso en la\u00a0Iglesia Apost\u00f3lica de Cristo, en el \u00e1rea de gobierno local de\u00a0Ilejemeje, [&hellip;]<\/p>\n","protected":false},"author":15,"featured_media":56785,"comment_status":"open","ping_status":"open","sticky":false,"template":"","format":"standard","meta":{"footnotes":""},"categories":[3881],"tags":[5829,1362,372,6559,1068,3137],"class_list":{"0":"post-56784","1":"post","2":"type-post","3":"status-publish","4":"format-standard","5":"has-post-thumbnail","7":"category-internacionales","8":"tag-feligreses","9":"tag-iglesia","10":"tag-matan","11":"tag-nigeria","12":"tag-pastor","13":"tag-secuestran"},"yoast_head":"<!-- This site is optimized with the Yoast SEO plugin v27.1.1 - https:\/\/yoast.com\/product\/yoast-seo-wordpress\/ -->\n<title>Matan a un pastor y secuestran a 40 feligreses en un ataque a una iglesia en Nigeria - Conexi\u00f3n 23<\/title>\n<meta name=\"robots\" content=\"index, follow, max-snippet:-1, max-image-preview:large, max-video-preview:-1\" \/>\n<link rel=\"canonical\" href=\"https:\/\/conexion23.com\/?p=56784\" \/>\n<meta property=\"og:locale\" content=\"es_ES\" \/>\n<meta property=\"og:type\" content=\"article\" \/>\n<meta property=\"og:title\" content=\"Matan a un pastor y secuestran a 40 feligreses en un ataque a una iglesia en Nigeria - Conexi\u00f3n 23\" \/>\n<meta property=\"og:description\" content=\"Un pastor muri\u00f3 y cuarenta feligreses fueron secuestrados en un ataque de hombres armados perpetrado la pasada noche contra una iglesia del estado de\u00a0Ekiti, en el suroeste de\u00a0Nigeria, confirmaron a\u00a0EFE\u00a0fuentes de la parroquia y las autoridades. Las v\u00edctimas asist\u00edan a un servicio religioso en la\u00a0Iglesia Apost\u00f3lica de Cristo, en el \u00e1rea de gobierno local de\u00a0Ilejemeje, [&hellip;]\" \/>\n<meta property=\"og:url\" content=\"https:\/\/conexion23.com\/?p=56784\" \/>\n<meta property=\"og:site_name\" content=\"Conexi\u00f3n 23\" \/>\n<meta property=\"article:publisher\" content=\"https:\/\/www.facebook.com\/conexion23com\" \/>\n<meta property=\"article:published_time\" content=\"2026-04-30T11:00:23+00:00\" \/>\n<meta property=\"og:image\" content=\"https:\/\/conexion23.com\/wp-content\/uploads\/2026\/04\/descarga-11.jpg\" \/>\n\t<meta property=\"og:image:width\" content=\"220\" \/>\n\t<meta property=\"og:image:height\" content=\"150\" \/>\n\t<meta property=\"og:image:type\" content=\"image\/jpeg\" \/>\n<meta name=\"author\" content=\"Raffy Ben\u00edtez\" \/>\n<meta name=\"twitter:card\" content=\"summary_large_image\" \/>\n<meta name=\"twitter:label1\" content=\"Escrito por\" \/>\n\t<meta name=\"twitter:data1\" content=\"Raffy Ben\u00edtez\" \/>\n\t<meta name=\"twitter:label2\" content=\"Tiempo de lectura\" \/>\n\t<meta name=\"twitter:data2\" content=\"3 minutos\" \/>\n<script type=\"application\/ld+json\" class=\"yoast-schema-graph\">{\"@context\":\"https:\/\/schema.org\",\"@graph\":[{\"@type\":\"Article\",\"@id\":\"https:\/\/conexion23.com\/?p=56784#article\",\"isPartOf\":{\"@id\":\"https:\/\/conexion23.com\/?p=56784\"},\"author\":{\"name\":\"Raffy Ben\u00edtez\",\"@id\":\"https:\/\/conexion23.com\/#\/schema\/person\/03e36043331117e97a373299bbcd30a6\"},\"headline\":\"Matan a un pastor y secuestran a 40 feligreses en un ataque a una iglesia en Nigeria\",\"datePublished\":\"2026-04-30T11:00:23+00:00\",\"mainEntityOfPage\":{\"@id\":\"https:\/\/conexion23.com\/?p=56784\"},\"wordCount\":526,\"commentCount\":0,\"publisher\":{\"@id\":\"https:\/\/conexion23.com\/#organization\"},\"image\":{\"@id\":\"https:\/\/conexion23.com\/?p=56784#primaryimage\"},\"thumbnailUrl\":\"https:\/\/conexion23.com\/wp-content\/uploads\/2026\/04\/descarga-11.jpg\",\"keywords\":[\"feligreses\",\"iglesia\",\"matan\",\"Nigeria\",\"Pastor\",\"secuestran\"],\"articleSection\":[\"Internacionales\"],\"inLanguage\":\"es\",\"potentialAction\":[{\"@type\":\"CommentAction\",\"name\":\"Comment\",\"target\":[\"https:\/\/conexion23.com\/?p=56784#respond\"]}]},{\"@type\":\"WebPage\",\"@id\":\"https:\/\/conexion23.com\/?p=56784\",\"url\":\"https:\/\/conexion23.com\/?p=56784\",\"name\":\"Matan a un pastor y secuestran a 40 feligreses en un ataque a una iglesia en Nigeria - Conexi\u00f3n 23\",\"isPartOf\":{\"@id\":\"https:\/\/conexion23.com\/#website\"},\"primaryImageOfPage\":{\"@id\":\"https:\/\/conexion23.com\/?p=56784#primaryimage\"},\"image\":{\"@id\":\"https:\/\/conexion23.com\/?p=56784#primaryimage\"},\"thumbnailUrl\":\"https:\/\/conexion23.com\/wp-content\/uploads\/2026\/04\/descarga-11.jpg\",\"datePublished\":\"2026-04-30T11:00:23+00:00\",\"breadcrumb\":{\"@id\":\"https:\/\/conexion23.com\/?p=56784#breadcrumb\"},\"inLanguage\":\"es\",\"potentialAction\":[{\"@type\":\"ReadAction\",\"target\":[\"https:\/\/conexion23.com\/?p=56784\"]}]},{\"@type\":\"ImageObject\",\"inLanguage\":\"es\",\"@id\":\"https:\/\/conexion23.com\/?p=56784#primaryimage\",\"url\":\"https:\/\/conexion23.com\/wp-content\/uploads\/2026\/04\/descarga-11.jpg\",\"contentUrl\":\"https:\/\/conexion23.com\/wp-content\/uploads\/2026\/04\/descarga-11.jpg\",\"width\":220,\"height\":150},{\"@type\":\"BreadcrumbList\",\"@id\":\"https:\/\/conexion23.com\/?p=56784#breadcrumb\",\"itemListElement\":[{\"@type\":\"ListItem\",\"position\":1,\"name\":\"Portada\",\"item\":\"https:\/\/conexion23.com\/\"},{\"@type\":\"ListItem\",\"position\":2,\"name\":\"Matan a un pastor y secuestran a 40 feligreses en un ataque a una iglesia en Nigeria\"}]},{\"@type\":\"WebSite\",\"@id\":\"https:\/\/conexion23.com\/#website\",\"url\":\"https:\/\/conexion23.com\/\",\"name\":\"Conexi\u00f3n 23\",\"description\":\"Peri\u00f3dico 100% Petromacorisano\",\"publisher\":{\"@id\":\"https:\/\/conexion23.com\/#organization\"},\"potentialAction\":[{\"@type\":\"SearchAction\",\"target\":{\"@type\":\"EntryPoint\",\"urlTemplate\":\"https:\/\/conexion23.com\/?s={search_term_string}\"},\"query-input\":{\"@type\":\"PropertyValueSpecification\",\"valueRequired\":true,\"valueName\":\"search_term_string\"}}],\"inLanguage\":\"es\"},{\"@type\":\"Organization\",\"@id\":\"https:\/\/conexion23.com\/#organization\",\"name\":\"Conexion 23\",\"url\":\"https:\/\/conexion23.com\/\",\"logo\":{\"@type\":\"ImageObject\",\"inLanguage\":\"es\",\"@id\":\"https:\/\/conexion23.com\/#\/schema\/logo\/image\/\",\"url\":\"https:\/\/conexion23.com\/wp-content\/uploads\/2021\/11\/Diseno-sin-titulo-2.png\",\"contentUrl\":\"https:\/\/conexion23.com\/wp-content\/uploads\/2021\/11\/Diseno-sin-titulo-2.png\",\"width\":541,\"height\":90,\"caption\":\"Conexion 23\"},\"image\":{\"@id\":\"https:\/\/conexion23.com\/#\/schema\/logo\/image\/\"},\"sameAs\":[\"https:\/\/www.facebook.com\/conexion23com\",\"https:\/\/www.instagram.com\/conexion23com\/\",\"https:\/\/www.youtube.com\/channel\/UCYc7vxxFZMYLIHNsHHxPZ3Q\"]},{\"@type\":\"Person\",\"@id\":\"https:\/\/conexion23.com\/#\/schema\/person\/03e36043331117e97a373299bbcd30a6\",\"name\":\"Raffy Ben\u00edtez\",\"image\":{\"@type\":\"ImageObject\",\"inLanguage\":\"es\",\"@id\":\"https:\/\/conexion23.com\/#\/schema\/person\/image\/\",\"url\":\"https:\/\/secure.gravatar.com\/avatar\/3190a6a6c5e1b0327500f7d6c56b6242472ee6cb974cf09b401ee6b3b0798f23?s=96&d=mm&r=g\",\"contentUrl\":\"https:\/\/secure.gravatar.com\/avatar\/3190a6a6c5e1b0327500f7d6c56b6242472ee6cb974cf09b401ee6b3b0798f23?s=96&d=mm&r=g\",\"caption\":\"Raffy Ben\u00edtez\"},\"url\":\"https:\/\/conexion23.com\/?author=15\"}]}<\/script>\n<!-- \/ Yoast SEO plugin. -->","yoast_head_json":{"title":"Matan a un pastor y secuestran a 40 feligreses en un ataque a una iglesia en Nigeria - Conexi\u00f3n 23","robots":{"index":"index","follow":"follow","max-snippet":"max-snippet:-1","max-image-preview":"max-image-preview:large","max-video-preview":"max-video-preview:-1"},"canonical":"https:\/\/conexion23.com\/?p=56784","og_locale":"es_ES","og_type":"article","og_title":"Matan a un pastor y secuestran a 40 feligreses en un ataque a una iglesia en Nigeria - Conexi\u00f3n 23","og_description":"Un pastor muri\u00f3 y cuarenta feligreses fueron secuestrados en un ataque de hombres armados perpetrado la pasada noche contra una iglesia del estado de\u00a0Ekiti, en el suroeste de\u00a0Nigeria, confirmaron a\u00a0EFE\u00a0fuentes de la parroquia y las autoridades. Las v\u00edctimas asist\u00edan a un servicio religioso en la\u00a0Iglesia Apost\u00f3lica de Cristo, en el \u00e1rea de gobierno local de\u00a0Ilejemeje, [&hellip;]","og_url":"https:\/\/conexion23.com\/?p=56784","og_site_name":"Conexi\u00f3n 23","article_publisher":"https:\/\/www.facebook.com\/conexion23com","article_published_time":"2026-04-30T11:00:23+00:00","og_image":[{"width":220,"height":150,"url":"https:\/\/conexion23.com\/wp-content\/uploads\/2026\/04\/descarga-11.jpg","type":"image\/jpeg"}],"author":"Raffy Ben\u00edtez","twitter_card":"summary_large_image","twitter_misc":{"Escrito por":"Raffy Ben\u00edtez","Tiempo de lectura":"3 minutos"},"schema":{"@context":"https:\/\/schema.org","@graph":[{"@type":"Article","@id":"https:\/\/conexion23.com\/?p=56784#article","isPartOf":{"@id":"https:\/\/conexion23.com\/?p=56784"},"author":{"name":"Raffy Ben\u00edtez","@id":"https:\/\/conexion23.com\/#\/schema\/person\/03e36043331117e97a373299bbcd30a6"},"headline":"Matan a un pastor y secuestran a 40 feligreses en un ataque a una iglesia en Nigeria","datePublished":"2026-04-30T11:00:23+00:00","mainEntityOfPage":{"@id":"https:\/\/conexion23.com\/?p=56784"},"wordCount":526,"commentCount":0,"publisher":{"@id":"https:\/\/conexion23.com\/#organization"},"image":{"@id":"https:\/\/conexion23.com\/?p=56784#primaryimage"},"thumbnailUrl":"https:\/\/conexion23.com\/wp-content\/uploads\/2026\/04\/descarga-11.jpg","keywords":["feligreses","iglesia","matan","Nigeria","Pastor","secuestran"],"articleSection":["Internacionales"],"inLanguage":"es","potentialAction":[{"@type":"CommentAction","name":"Comment","target":["https:\/\/conexion23.com\/?p=56784#respond"]}]},{"@type":"WebPage","@id":"https:\/\/conexion23.com\/?p=56784","url":"https:\/\/conexion23.com\/?p=56784","name":"Matan a un pastor y secuestran a 40 feligreses en un ataque a una iglesia en Nigeria - Conexi\u00f3n 23","isPartOf":{"@id":"https:\/\/conexion23.com\/#website"},"primaryImageOfPage":{"@id":"https:\/\/conexion23.com\/?p=56784#primaryimage"},"image":{"@id":"https:\/\/conexion23.com\/?p=56784#primaryimage"},"thumbnailUrl":"https:\/\/conexion23.com\/wp-content\/uploads\/2026\/04\/descarga-11.jpg","datePublished":"2026-04-30T11:00:23+00:00","breadcrumb":{"@id":"https:\/\/conexion23.com\/?p=56784#breadcrumb"},"inLanguage":"es","potentialAction":[{"@type":"ReadAction","target":["https:\/\/conexion23.com\/?p=56784"]}]},{"@type":"ImageObject","inLanguage":"es","@id":"https:\/\/conexion23.com\/?p=56784#primaryimage","url":"https:\/\/conexion23.com\/wp-content\/uploads\/2026\/04\/descarga-11.jpg","contentUrl":"https:\/\/conexion23.com\/wp-content\/uploads\/2026\/04\/descarga-11.jpg","width":220,"height":150},{"@type":"BreadcrumbList","@id":"https:\/\/conexion23.com\/?p=56784#breadcrumb","itemListElement":[{"@type":"ListItem","position":1,"name":"Portada","item":"https:\/\/conexion23.com\/"},{"@type":"ListItem","position":2,"name":"Matan a un pastor y secuestran a 40 feligreses en un ataque a una iglesia en Nigeria"}]},{"@type":"WebSite","@id":"https:\/\/conexion23.com\/#website","url":"https:\/\/conexion23.com\/","name":"Conexi\u00f3n 23","description":"Peri\u00f3dico 100% Petromacorisano","publisher":{"@id":"https:\/\/conexion23.com\/#organization"},"potentialAction":[{"@type":"SearchAction","target":{"@type":"EntryPoint","urlTemplate":"https:\/\/conexion23.com\/?s={search_term_string}"},"query-input":{"@type":"PropertyValueSpecification","valueRequired":true,"valueName":"search_term_string"}}],"inLanguage":"es"},{"@type":"Organization","@id":"https:\/\/conexion23.com\/#organization","name":"Conexion 23","url":"https:\/\/conexion23.com\/","logo":{"@type":"ImageObject","inLanguage":"es","@id":"https:\/\/conexion23.com\/#\/schema\/logo\/image\/","url":"https:\/\/conexion23.com\/wp-content\/uploads\/2021\/11\/Diseno-sin-titulo-2.png","contentUrl":"https:\/\/conexion23.com\/wp-content\/uploads\/2021\/11\/Diseno-sin-titulo-2.png","width":541,"height":90,"caption":"Conexion 23"},"image":{"@id":"https:\/\/conexion23.com\/#\/schema\/logo\/image\/"},"sameAs":["https:\/\/www.facebook.com\/conexion23com","https:\/\/www.instagram.com\/conexion23com\/","https:\/\/www.youtube.com\/channel\/UCYc7vxxFZMYLIHNsHHxPZ3Q"]},{"@type":"Person","@id":"https:\/\/conexion23.com\/#\/schema\/person\/03e36043331117e97a373299bbcd30a6","name":"Raffy Ben\u00edtez","image":{"@type":"ImageObject","inLanguage":"es","@id":"https:\/\/conexion23.com\/#\/schema\/person\/image\/","url":"https:\/\/secure.gravatar.com\/avatar\/3190a6a6c5e1b0327500f7d6c56b6242472ee6cb974cf09b401ee6b3b0798f23?s=96&d=mm&r=g","contentUrl":"https:\/\/secure.gravatar.com\/avatar\/3190a6a6c5e1b0327500f7d6c56b6242472ee6cb974cf09b401ee6b3b0798f23?s=96&d=mm&r=g","caption":"Raffy Ben\u00edtez"},"url":"https:\/\/conexion23.com\/?author=15"}]}},"_links":{"self":[{"href":"https:\/\/conexion23.com\/index.php?rest_route=\/wp\/v2\/posts\/56784","targetHints":{"allow":["GET"]}}],"collection":[{"href":"https:\/\/conexion23.com\/index.php?rest_route=\/wp\/v2\/posts"}],"about":[{"href":"https:\/\/conexion23.com\/index.php?rest_route=\/wp\/v2\/types\/post"}],"author":[{"embeddable":true,"href":"https:\/\/conexion23.com\/index.php?rest_route=\/wp\/v2\/users\/15"}],"replies":[{"embeddable":true,"href":"https:\/\/conexion23.com\/index.php?rest_route=%2Fwp%2Fv2%2Fcomments&post=56784"}],"version-history":[{"count":1,"href":"https:\/\/conexion23.com\/index.php?rest_route=\/wp\/v2\/posts\/56784\/revisions"}],"predecessor-version":[{"id":56786,"href":"https:\/\/conexion23.com\/index.php?rest_route=\/wp\/v2\/posts\/56784\/revisions\/56786"}],"wp:featuredmedia":[{"embeddable":true,"href":"https:\/\/conexion23.com\/index.php?rest_route=\/wp\/v2\/media\/56785"}],"wp:attachment":[{"href":"https:\/\/conexion23.com\/index.php?rest_route=%2Fwp%2Fv2%2Fmedia&parent=56784"}],"wp:term":[{"taxonomy":"category","embeddable":true,"href":"https:\/\/conexion23.com\/index.php?rest_route=%2Fwp%2Fv2%2Fcategories&post=56784"},{"taxonomy":"post_tag","embeddable":true,"href":"https:\/\/conexion23.com\/index.php?rest_route=%2Fwp%2Fv2%2Ftags&post=56784"}],"curies":[{"name":"wp","href":"https:\/\/api.w.org\/{rel}","templated":true}]}}