{"id":56790,"date":"2026-04-30T07:00:59","date_gmt":"2026-04-30T11:00:59","guid":{"rendered":"https:\/\/conexion23.com\/?p=56790"},"modified":"2026-04-29T18:38:53","modified_gmt":"2026-04-29T22:38:53","slug":"republica-dominicana-y-espana-firman-tratado-crucial-contra-crimen-transnacional","status":"publish","type":"post","link":"https:\/\/conexion23.com\/?p=56790","title":{"rendered":"Rep\u00fablica Dominicana y Espa\u00f1a firman tratado crucial contra crimen transnacional"},"content":{"rendered":"<p style=\"text-align: justify;\">La Rep\u00fablica Dominicana y Espa\u00f1a firmaron este mi\u00e9rcoles un\u00a0tratado de cooperaci\u00f3n\u00a0que busca reforzar la\u00a0lucha conjunta contra el terrorismo, el narcotr\u00e1fico, la trata de personas, los delitos econ\u00f3micos y el blanqueo de capitales, as\u00ed como la\u00a0ciberdelincuencia\u00a0y la\u00a0violencia de g\u00e9nero.<\/p>\n<p style=\"text-align: justify;\">El acuerdo fue suscrito por la ministra de Interior dominicana,\u00a0Faride Raful, y por su hom\u00f3logo espa\u00f1ol,\u00a0Fernando Grande-Marlaska, de visita oficial en la Rep\u00fablica Dominicana, donde ma\u00f1ana, jueves, participar\u00e1 en la\u00a0XXVI Reuni\u00f3n de Alto Nivel del Mecanismo Uni\u00f3n Europea (UE) y la Comunidad de Estados Latinoamericanos y Caribe\u00f1os (Celac), que se desarrollar\u00e1 en Punta Cana.<\/p>\n<p style=\"text-align: justify;\">Y es que las amenazas del crimen \u201cya son globales, no son locales, por lo que la respuesta debe ser global\u201d, dijo el ministro espa\u00f1ol, quien defendi\u00f3 este tipo de acuerdo\u00a0\u201cimprescindible para generar seguridad en nuestras sociedades\u00ab.<\/p>\n<p style=\"text-align: justify;\">Mientras, la ministra dominicana subray\u00f3 que el tratado firmado hoy \u201cordena\u201d la cooperaci\u00f3n entre la Rep\u00fablica Dominicana y Espa\u00f1a\u00a0\u201cen los frentes que la realidad criminal exige para convertirnos en m\u00e1s capaces, eficientes y m\u00e1s oportunos con esta cooperaci\u00f3n bilateral\u00bb.<\/p>\n<p style=\"text-align: justify;\">El acuerdo establece mecanismos de\u00a0intercambio de informaci\u00f3n, investigaciones conjuntas y asistencia operativa\u00a0que permitir\u00e1n fortalecer la identificaci\u00f3n de sospechosos, la b\u00fasqueda de personas desaparecidas, la localizaci\u00f3n de redes delictivas y la recuperaci\u00f3n de bienes vinculados a actividades il\u00edcitas.<\/p>\n<p style=\"text-align: justify;\">Asimismo, permitir\u00e1 el\u00a0intercambio de experiencias, tecnolog\u00edas y buenas pr\u00e1cticas\u00a0en procesos de investigaci\u00f3n criminal, as\u00ed como la formaci\u00f3n especializada de los cuerpos de seguridad, aportando al fortalecimiento de la seguridad ciudadana.<\/p>\n","protected":false},"excerpt":{"rendered":"<p>La Rep\u00fablica Dominicana y Espa\u00f1a firmaron este mi\u00e9rcoles un\u00a0tratado de cooperaci\u00f3n\u00a0que busca reforzar la\u00a0lucha conjunta contra el terrorismo, el narcotr\u00e1fico, la trata de personas, los delitos econ\u00f3micos y el blanqueo de capitales, as\u00ed como la\u00a0ciberdelincuencia\u00a0y la\u00a0violencia de g\u00e9nero. El acuerdo fue suscrito por la ministra de Interior dominicana,\u00a0Faride Raful, y por su hom\u00f3logo espa\u00f1ol,\u00a0Fernando Grande-Marlaska, [&hellip;]<\/p>\n","protected":false},"author":15,"featured_media":56791,"comment_status":"open","ping_status":"open","sticky":false,"template":"","format":"standard","meta":{"footnotes":""},"categories":[3883],"tags":[225,8654,703,56,8653],"class_list":{"0":"post-56790","1":"post","2":"type-post","3":"status-publish","4":"format-standard","5":"has-post-thumbnail","7":"category-ultramar","8":"tag-crimen","10":"tag-espana","11":"tag-republica-dominicana","12":"tag-transnacional"},"yoast_head":"<!-- This site is optimized with the Yoast SEO plugin v27.1.1 - https:\/\/yoast.com\/product\/yoast-seo-wordpress\/ -->\n<title>Rep\u00fablica Dominicana y Espa\u00f1a firman tratado crucial contra crimen transnacional - Conexi\u00f3n 23<\/title>\n<meta name=\"robots\" content=\"index, follow, max-snippet:-1, max-image-preview:large, max-video-preview:-1\" \/>\n<link rel=\"canonical\" href=\"https:\/\/conexion23.com\/?p=56790\" \/>\n<meta property=\"og:locale\" content=\"es_ES\" \/>\n<meta property=\"og:type\" content=\"article\" \/>\n<meta property=\"og:title\" content=\"Rep\u00fablica Dominicana y Espa\u00f1a firman tratado crucial contra crimen transnacional - Conexi\u00f3n 23\" \/>\n<meta property=\"og:description\" content=\"La Rep\u00fablica Dominicana y Espa\u00f1a firmaron este mi\u00e9rcoles un\u00a0tratado de cooperaci\u00f3n\u00a0que busca reforzar la\u00a0lucha conjunta contra el terrorismo, el narcotr\u00e1fico, la trata de personas, los delitos econ\u00f3micos y el blanqueo de capitales, as\u00ed como la\u00a0ciberdelincuencia\u00a0y la\u00a0violencia de g\u00e9nero. El acuerdo fue suscrito por la ministra de Interior dominicana,\u00a0Faride Raful, y por su hom\u00f3logo espa\u00f1ol,\u00a0Fernando Grande-Marlaska, [&hellip;]\" \/>\n<meta property=\"og:url\" content=\"https:\/\/conexion23.com\/?p=56790\" \/>\n<meta property=\"og:site_name\" content=\"Conexi\u00f3n 23\" \/>\n<meta property=\"article:publisher\" content=\"https:\/\/www.facebook.com\/conexion23com\" \/>\n<meta property=\"article:published_time\" content=\"2026-04-30T11:00:59+00:00\" \/>\n<meta property=\"og:image\" content=\"https:\/\/conexion23.com\/wp-content\/uploads\/2026\/04\/0000-1.webp\" \/>\n\t<meta property=\"og:image:width\" content=\"1280\" \/>\n\t<meta property=\"og:image:height\" content=\"853\" \/>\n\t<meta property=\"og:image:type\" content=\"image\/webp\" \/>\n<meta name=\"author\" content=\"Raffy Ben\u00edtez\" \/>\n<meta name=\"twitter:card\" content=\"summary_large_image\" \/>\n<meta name=\"twitter:label1\" content=\"Escrito por\" \/>\n\t<meta name=\"twitter:data1\" content=\"Raffy Ben\u00edtez\" \/>\n\t<meta name=\"twitter:label2\" content=\"Tiempo de lectura\" \/>\n\t<meta name=\"twitter:data2\" content=\"2 minutos\" \/>\n<script type=\"application\/ld+json\" class=\"yoast-schema-graph\">{\"@context\":\"https:\/\/schema.org\",\"@graph\":[{\"@type\":\"Article\",\"@id\":\"https:\/\/conexion23.com\/?p=56790#article\",\"isPartOf\":{\"@id\":\"https:\/\/conexion23.com\/?p=56790\"},\"author\":{\"name\":\"Raffy Ben\u00edtez\",\"@id\":\"https:\/\/conexion23.com\/#\/schema\/person\/03e36043331117e97a373299bbcd30a6\"},\"headline\":\"Rep\u00fablica Dominicana y Espa\u00f1a firman tratado crucial contra crimen transnacional\",\"datePublished\":\"2026-04-30T11:00:59+00:00\",\"mainEntityOfPage\":{\"@id\":\"https:\/\/conexion23.com\/?p=56790\"},\"wordCount\":294,\"commentCount\":0,\"publisher\":{\"@id\":\"https:\/\/conexion23.com\/#organization\"},\"image\":{\"@id\":\"https:\/\/conexion23.com\/?p=56790#primaryimage\"},\"thumbnailUrl\":\"https:\/\/conexion23.com\/wp-content\/uploads\/2026\/04\/0000-1.webp\",\"keywords\":[\"Crimen\",\"crucial\",\"espa\u00f1a\",\"republica dominicana\",\"transnacional\"],\"articleSection\":[\"Ultramar\"],\"inLanguage\":\"es\",\"potentialAction\":[{\"@type\":\"CommentAction\",\"name\":\"Comment\",\"target\":[\"https:\/\/conexion23.com\/?p=56790#respond\"]}]},{\"@type\":\"WebPage\",\"@id\":\"https:\/\/conexion23.com\/?p=56790\",\"url\":\"https:\/\/conexion23.com\/?p=56790\",\"name\":\"Rep\u00fablica Dominicana y Espa\u00f1a firman tratado crucial contra crimen transnacional - Conexi\u00f3n 23\",\"isPartOf\":{\"@id\":\"https:\/\/conexion23.com\/#website\"},\"primaryImageOfPage\":{\"@id\":\"https:\/\/conexion23.com\/?p=56790#primaryimage\"},\"image\":{\"@id\":\"https:\/\/conexion23.com\/?p=56790#primaryimage\"},\"thumbnailUrl\":\"https:\/\/conexion23.com\/wp-content\/uploads\/2026\/04\/0000-1.webp\",\"datePublished\":\"2026-04-30T11:00:59+00:00\",\"breadcrumb\":{\"@id\":\"https:\/\/conexion23.com\/?p=56790#breadcrumb\"},\"inLanguage\":\"es\",\"potentialAction\":[{\"@type\":\"ReadAction\",\"target\":[\"https:\/\/conexion23.com\/?p=56790\"]}]},{\"@type\":\"ImageObject\",\"inLanguage\":\"es\",\"@id\":\"https:\/\/conexion23.com\/?p=56790#primaryimage\",\"url\":\"https:\/\/conexion23.com\/wp-content\/uploads\/2026\/04\/0000-1.webp\",\"contentUrl\":\"https:\/\/conexion23.com\/wp-content\/uploads\/2026\/04\/0000-1.webp\",\"width\":1280,\"height\":853},{\"@type\":\"BreadcrumbList\",\"@id\":\"https:\/\/conexion23.com\/?p=56790#breadcrumb\",\"itemListElement\":[{\"@type\":\"ListItem\",\"position\":1,\"name\":\"Portada\",\"item\":\"https:\/\/conexion23.com\/\"},{\"@type\":\"ListItem\",\"position\":2,\"name\":\"Rep\u00fablica Dominicana y Espa\u00f1a firman tratado crucial contra crimen transnacional\"}]},{\"@type\":\"WebSite\",\"@id\":\"https:\/\/conexion23.com\/#website\",\"url\":\"https:\/\/conexion23.com\/\",\"name\":\"Conexi\u00f3n 23\",\"description\":\"Peri\u00f3dico 100% Petromacorisano\",\"publisher\":{\"@id\":\"https:\/\/conexion23.com\/#organization\"},\"potentialAction\":[{\"@type\":\"SearchAction\",\"target\":{\"@type\":\"EntryPoint\",\"urlTemplate\":\"https:\/\/conexion23.com\/?s={search_term_string}\"},\"query-input\":{\"@type\":\"PropertyValueSpecification\",\"valueRequired\":true,\"valueName\":\"search_term_string\"}}],\"inLanguage\":\"es\"},{\"@type\":\"Organization\",\"@id\":\"https:\/\/conexion23.com\/#organization\",\"name\":\"Conexion 23\",\"url\":\"https:\/\/conexion23.com\/\",\"logo\":{\"@type\":\"ImageObject\",\"inLanguage\":\"es\",\"@id\":\"https:\/\/conexion23.com\/#\/schema\/logo\/image\/\",\"url\":\"https:\/\/conexion23.com\/wp-content\/uploads\/2021\/11\/Diseno-sin-titulo-2.png\",\"contentUrl\":\"https:\/\/conexion23.com\/wp-content\/uploads\/2021\/11\/Diseno-sin-titulo-2.png\",\"width\":541,\"height\":90,\"caption\":\"Conexion 23\"},\"image\":{\"@id\":\"https:\/\/conexion23.com\/#\/schema\/logo\/image\/\"},\"sameAs\":[\"https:\/\/www.facebook.com\/conexion23com\",\"https:\/\/www.instagram.com\/conexion23com\/\",\"https:\/\/www.youtube.com\/channel\/UCYc7vxxFZMYLIHNsHHxPZ3Q\"]},{\"@type\":\"Person\",\"@id\":\"https:\/\/conexion23.com\/#\/schema\/person\/03e36043331117e97a373299bbcd30a6\",\"name\":\"Raffy Ben\u00edtez\",\"image\":{\"@type\":\"ImageObject\",\"inLanguage\":\"es\",\"@id\":\"https:\/\/conexion23.com\/#\/schema\/person\/image\/\",\"url\":\"https:\/\/secure.gravatar.com\/avatar\/3190a6a6c5e1b0327500f7d6c56b6242472ee6cb974cf09b401ee6b3b0798f23?s=96&d=mm&r=g\",\"contentUrl\":\"https:\/\/secure.gravatar.com\/avatar\/3190a6a6c5e1b0327500f7d6c56b6242472ee6cb974cf09b401ee6b3b0798f23?s=96&d=mm&r=g\",\"caption\":\"Raffy Ben\u00edtez\"},\"url\":\"https:\/\/conexion23.com\/?author=15\"}]}<\/script>\n<!-- \/ Yoast SEO plugin. -->","yoast_head_json":{"title":"Rep\u00fablica Dominicana y Espa\u00f1a firman tratado crucial contra crimen transnacional - Conexi\u00f3n 23","robots":{"index":"index","follow":"follow","max-snippet":"max-snippet:-1","max-image-preview":"max-image-preview:large","max-video-preview":"max-video-preview:-1"},"canonical":"https:\/\/conexion23.com\/?p=56790","og_locale":"es_ES","og_type":"article","og_title":"Rep\u00fablica Dominicana y Espa\u00f1a firman tratado crucial contra crimen transnacional - Conexi\u00f3n 23","og_description":"La Rep\u00fablica Dominicana y Espa\u00f1a firmaron este mi\u00e9rcoles un\u00a0tratado de cooperaci\u00f3n\u00a0que busca reforzar la\u00a0lucha conjunta contra el terrorismo, el narcotr\u00e1fico, la trata de personas, los delitos econ\u00f3micos y el blanqueo de capitales, as\u00ed como la\u00a0ciberdelincuencia\u00a0y la\u00a0violencia de g\u00e9nero. El acuerdo fue suscrito por la ministra de Interior dominicana,\u00a0Faride Raful, y por su hom\u00f3logo espa\u00f1ol,\u00a0Fernando Grande-Marlaska, [&hellip;]","og_url":"https:\/\/conexion23.com\/?p=56790","og_site_name":"Conexi\u00f3n 23","article_publisher":"https:\/\/www.facebook.com\/conexion23com","article_published_time":"2026-04-30T11:00:59+00:00","og_image":[{"width":1280,"height":853,"url":"https:\/\/conexion23.com\/wp-content\/uploads\/2026\/04\/0000-1.webp","type":"image\/webp"}],"author":"Raffy Ben\u00edtez","twitter_card":"summary_large_image","twitter_misc":{"Escrito por":"Raffy Ben\u00edtez","Tiempo de lectura":"2 minutos"},"schema":{"@context":"https:\/\/schema.org","@graph":[{"@type":"Article","@id":"https:\/\/conexion23.com\/?p=56790#article","isPartOf":{"@id":"https:\/\/conexion23.com\/?p=56790"},"author":{"name":"Raffy Ben\u00edtez","@id":"https:\/\/conexion23.com\/#\/schema\/person\/03e36043331117e97a373299bbcd30a6"},"headline":"Rep\u00fablica Dominicana y Espa\u00f1a firman tratado crucial contra crimen transnacional","datePublished":"2026-04-30T11:00:59+00:00","mainEntityOfPage":{"@id":"https:\/\/conexion23.com\/?p=56790"},"wordCount":294,"commentCount":0,"publisher":{"@id":"https:\/\/conexion23.com\/#organization"},"image":{"@id":"https:\/\/conexion23.com\/?p=56790#primaryimage"},"thumbnailUrl":"https:\/\/conexion23.com\/wp-content\/uploads\/2026\/04\/0000-1.webp","keywords":["Crimen","crucial","espa\u00f1a","republica dominicana","transnacional"],"articleSection":["Ultramar"],"inLanguage":"es","potentialAction":[{"@type":"CommentAction","name":"Comment","target":["https:\/\/conexion23.com\/?p=56790#respond"]}]},{"@type":"WebPage","@id":"https:\/\/conexion23.com\/?p=56790","url":"https:\/\/conexion23.com\/?p=56790","name":"Rep\u00fablica Dominicana y Espa\u00f1a firman tratado crucial contra crimen transnacional - Conexi\u00f3n 23","isPartOf":{"@id":"https:\/\/conexion23.com\/#website"},"primaryImageOfPage":{"@id":"https:\/\/conexion23.com\/?p=56790#primaryimage"},"image":{"@id":"https:\/\/conexion23.com\/?p=56790#primaryimage"},"thumbnailUrl":"https:\/\/conexion23.com\/wp-content\/uploads\/2026\/04\/0000-1.webp","datePublished":"2026-04-30T11:00:59+00:00","breadcrumb":{"@id":"https:\/\/conexion23.com\/?p=56790#breadcrumb"},"inLanguage":"es","potentialAction":[{"@type":"ReadAction","target":["https:\/\/conexion23.com\/?p=56790"]}]},{"@type":"ImageObject","inLanguage":"es","@id":"https:\/\/conexion23.com\/?p=56790#primaryimage","url":"https:\/\/conexion23.com\/wp-content\/uploads\/2026\/04\/0000-1.webp","contentUrl":"https:\/\/conexion23.com\/wp-content\/uploads\/2026\/04\/0000-1.webp","width":1280,"height":853},{"@type":"BreadcrumbList","@id":"https:\/\/conexion23.com\/?p=56790#breadcrumb","itemListElement":[{"@type":"ListItem","position":1,"name":"Portada","item":"https:\/\/conexion23.com\/"},{"@type":"ListItem","position":2,"name":"Rep\u00fablica Dominicana y Espa\u00f1a firman tratado crucial contra crimen transnacional"}]},{"@type":"WebSite","@id":"https:\/\/conexion23.com\/#website","url":"https:\/\/conexion23.com\/","name":"Conexi\u00f3n 23","description":"Peri\u00f3dico 100% Petromacorisano","publisher":{"@id":"https:\/\/conexion23.com\/#organization"},"potentialAction":[{"@type":"SearchAction","target":{"@type":"EntryPoint","urlTemplate":"https:\/\/conexion23.com\/?s={search_term_string}"},"query-input":{"@type":"PropertyValueSpecification","valueRequired":true,"valueName":"search_term_string"}}],"inLanguage":"es"},{"@type":"Organization","@id":"https:\/\/conexion23.com\/#organization","name":"Conexion 23","url":"https:\/\/conexion23.com\/","logo":{"@type":"ImageObject","inLanguage":"es","@id":"https:\/\/conexion23.com\/#\/schema\/logo\/image\/","url":"https:\/\/conexion23.com\/wp-content\/uploads\/2021\/11\/Diseno-sin-titulo-2.png","contentUrl":"https:\/\/conexion23.com\/wp-content\/uploads\/2021\/11\/Diseno-sin-titulo-2.png","width":541,"height":90,"caption":"Conexion 23"},"image":{"@id":"https:\/\/conexion23.com\/#\/schema\/logo\/image\/"},"sameAs":["https:\/\/www.facebook.com\/conexion23com","https:\/\/www.instagram.com\/conexion23com\/","https:\/\/www.youtube.com\/channel\/UCYc7vxxFZMYLIHNsHHxPZ3Q"]},{"@type":"Person","@id":"https:\/\/conexion23.com\/#\/schema\/person\/03e36043331117e97a373299bbcd30a6","name":"Raffy Ben\u00edtez","image":{"@type":"ImageObject","inLanguage":"es","@id":"https:\/\/conexion23.com\/#\/schema\/person\/image\/","url":"https:\/\/secure.gravatar.com\/avatar\/3190a6a6c5e1b0327500f7d6c56b6242472ee6cb974cf09b401ee6b3b0798f23?s=96&d=mm&r=g","contentUrl":"https:\/\/secure.gravatar.com\/avatar\/3190a6a6c5e1b0327500f7d6c56b6242472ee6cb974cf09b401ee6b3b0798f23?s=96&d=mm&r=g","caption":"Raffy Ben\u00edtez"},"url":"https:\/\/conexion23.com\/?author=15"}]}},"_links":{"self":[{"href":"https:\/\/conexion23.com\/index.php?rest_route=\/wp\/v2\/posts\/56790","targetHints":{"allow":["GET"]}}],"collection":[{"href":"https:\/\/conexion23.com\/index.php?rest_route=\/wp\/v2\/posts"}],"about":[{"href":"https:\/\/conexion23.com\/index.php?rest_route=\/wp\/v2\/types\/post"}],"author":[{"embeddable":true,"href":"https:\/\/conexion23.com\/index.php?rest_route=\/wp\/v2\/users\/15"}],"replies":[{"embeddable":true,"href":"https:\/\/conexion23.com\/index.php?rest_route=%2Fwp%2Fv2%2Fcomments&post=56790"}],"version-history":[{"count":1,"href":"https:\/\/conexion23.com\/index.php?rest_route=\/wp\/v2\/posts\/56790\/revisions"}],"predecessor-version":[{"id":56792,"href":"https:\/\/conexion23.com\/index.php?rest_route=\/wp\/v2\/posts\/56790\/revisions\/56792"}],"wp:featuredmedia":[{"embeddable":true,"href":"https:\/\/conexion23.com\/index.php?rest_route=\/wp\/v2\/media\/56791"}],"wp:attachment":[{"href":"https:\/\/conexion23.com\/index.php?rest_route=%2Fwp%2Fv2%2Fmedia&parent=56790"}],"wp:term":[{"taxonomy":"category","embeddable":true,"href":"https:\/\/conexion23.com\/index.php?rest_route=%2Fwp%2Fv2%2Fcategories&post=56790"},{"taxonomy":"post_tag","embeddable":true,"href":"https:\/\/conexion23.com\/index.php?rest_route=%2Fwp%2Fv2%2Ftags&post=56790"}],"curies":[{"name":"wp","href":"https:\/\/api.w.org\/{rel}","templated":true}]}}