{"id":56793,"date":"2026-04-30T07:00:09","date_gmt":"2026-04-30T11:00:09","guid":{"rendered":"https:\/\/conexion23.com\/?p=56793"},"modified":"2026-04-29T18:41:21","modified_gmt":"2026-04-29T22:41:21","slug":"dia-del-trabajo-sera-laborable-y-feriado-se-traslada-al-lunes-4","status":"publish","type":"post","link":"https:\/\/conexion23.com\/?p=56793","title":{"rendered":"D\u00eda del Trabajo ser\u00e1 laborable y feriado se traslada al lunes 4"},"content":{"rendered":"<p style=\"text-align: justify;\">El\u00a0Ministerio de Trabajo\u00a0reiter\u00f3 a la colectividad empresarial y trabajadora del pa\u00eds que el\u00a0D\u00eda del Trabajo, que se conmemora el viernes 1 de mayo, ser\u00e1 un d\u00eda laborable este a\u00f1o. El\u00a0feriado\u00a0correspondiente ser\u00e1 trasladado al lunes 4 de mayo, tal como lo establece la ley.<\/p>\n<p style=\"text-align: justify;\">De acuerdo con la disposici\u00f3n, tanto los sectores p\u00fablico como privado deben retornar a sus labores habituales el\u00a0martes 5 de mayo, despu\u00e9s del fin de semana largo.<\/p>\n<p style=\"text-align: justify;\">La\u00a0Ley 139-97\u00a0establece este tipo de cambios cuando los d\u00edas feriados coinciden con d\u00edas martes, mi\u00e9rcoles, jueves o viernes, con el objetivo de promover el disfrute de\u00a0los d\u00edas libres\u00a0en fines de semana extendidos.<\/p>\n<p style=\"text-align: justify;\">A trav\u00e9s de una\u00a0nota de prensa, la instituci\u00f3n afirm\u00f3 que la disposici\u00f3n debe ser aplicada en todos los establecimientos del pa\u00eds, garantizando su cumplimiento en el \u00e1mbito laboral.<\/p>\n<h2 style=\"text-align: justify;\">Pr\u00f3ximos d\u00edas feriados\u00a0de\u00a02026<\/h2>\n<p style=\"text-align: justify;\">En cuanto a los dem\u00e1s d\u00edas feriados que restan en el calendario de\u00a02026, el\u00a0Ministerio de Trabajo\u00a0inform\u00f3 lo siguiente:<\/p>\n<ul class=\"list-text\" style=\"text-align: justify;\">\n<li>Jueves\u00a04 de junio: D\u00eda de\u00a0Corpus Christi. Este\u00a0feriado\u00a0no ser\u00e1 trasladado.<\/li>\n<li>Domingo\u00a016 de agosto:\u00a0D\u00eda de la Restauraci\u00f3n\u00a0de la Rep\u00fablica Dominicana, este\u00a0feriado\u00a0tampoco ser\u00e1 trasladado.<\/li>\n<li>Jueves\u00a024 de septiembre: D\u00eda de\u00a0Nuestra Se\u00f1ora de las Mercedes, al igual que los anteriores, ese\u00a0feriado\u00a0se mantiene en su fecha original.<\/li>\n<li>Viernes 6 de noviembre:\u00a0D\u00eda de la Constituci\u00f3n, este d\u00eda ser\u00e1 laborable, y el\u00a0feriado\u00a0se trasladar\u00e1 al lunes\u00a09 de noviembre.<\/li>\n<li>Viernes\u00a025 de diciembre:\u00a0Navidad, se mantiene en su fecha original y\u00a0no ser\u00e1 trasladado.<\/li>\n<\/ul>\n<p style=\"text-align: justify;\">La\u00a0Ley No. 139-97, que establece el traslado de los d\u00edas feriados que coincidan con martes, mi\u00e9rcoles, jueves o viernes, fue publicada en la\u00a0Gaceta Oficial No. 9957 el 25 de junio de 1997 y entr\u00f3 en vigor el 27 del mismo mes.<\/p>\n<p style=\"text-align: justify;\">Seg\u00fan esta ley, las disposiciones sobre los d\u00edas feriados deben ser aplicadas en todos los\u00a0establecimientos del pa\u00eds, tanto p\u00fablicos como privados.<\/p>\n","protected":false},"excerpt":{"rendered":"<p>El\u00a0Ministerio de Trabajo\u00a0reiter\u00f3 a la colectividad empresarial y trabajadora del pa\u00eds que el\u00a0D\u00eda del Trabajo, que se conmemora el viernes 1 de mayo, ser\u00e1 un d\u00eda laborable este a\u00f1o. El\u00a0feriado\u00a0correspondiente ser\u00e1 trasladado al lunes 4 de mayo, tal como lo establece la ley. De acuerdo con la disposici\u00f3n, tanto los sectores p\u00fablico como privado deben [&hellip;]<\/p>\n","protected":false},"author":15,"featured_media":47126,"comment_status":"open","ping_status":"open","sticky":false,"template":"","format":"standard","meta":{"footnotes":""},"categories":[3913,3773],"tags":[8655,5316,8656,7941,8657],"class_list":{"0":"post-56793","1":"post","2":"type-post","3":"status-publish","4":"format-standard","5":"has-post-thumbnail","7":"category-nacionales","8":"category-portada","9":"tag-dia-del-trabajo","10":"tag-feriado","11":"tag-laborable","12":"tag-lunes","13":"tag-se-traslada"},"yoast_head":"<!-- This site is optimized with the Yoast SEO plugin v27.1.1 - https:\/\/yoast.com\/product\/yoast-seo-wordpress\/ -->\n<title>D\u00eda del Trabajo ser\u00e1 laborable y feriado se traslada al lunes 4 - Conexi\u00f3n 23<\/title>\n<meta name=\"robots\" content=\"index, follow, max-snippet:-1, max-image-preview:large, max-video-preview:-1\" \/>\n<link rel=\"canonical\" href=\"https:\/\/conexion23.com\/?p=56793\" \/>\n<meta property=\"og:locale\" content=\"es_ES\" \/>\n<meta property=\"og:type\" content=\"article\" \/>\n<meta property=\"og:title\" content=\"D\u00eda del Trabajo ser\u00e1 laborable y feriado se traslada al lunes 4 - Conexi\u00f3n 23\" \/>\n<meta property=\"og:description\" content=\"El\u00a0Ministerio de Trabajo\u00a0reiter\u00f3 a la colectividad empresarial y trabajadora del pa\u00eds que el\u00a0D\u00eda del Trabajo, que se conmemora el viernes 1 de mayo, ser\u00e1 un d\u00eda laborable este a\u00f1o. El\u00a0feriado\u00a0correspondiente ser\u00e1 trasladado al lunes 4 de mayo, tal como lo establece la ley. De acuerdo con la disposici\u00f3n, tanto los sectores p\u00fablico como privado deben [&hellip;]\" \/>\n<meta property=\"og:url\" content=\"https:\/\/conexion23.com\/?p=56793\" \/>\n<meta property=\"og:site_name\" content=\"Conexi\u00f3n 23\" \/>\n<meta property=\"article:publisher\" content=\"https:\/\/www.facebook.com\/conexion23com\" \/>\n<meta property=\"article:published_time\" content=\"2026-04-30T11:00:09+00:00\" \/>\n<meta property=\"og:image\" content=\"https:\/\/conexion23.com\/wp-content\/uploads\/2025\/10\/Ministerio_de_Trabajo.jpg\" \/>\n\t<meta property=\"og:image:width\" content=\"650\" \/>\n\t<meta property=\"og:image:height\" content=\"365\" \/>\n\t<meta property=\"og:image:type\" content=\"image\/jpeg\" \/>\n<meta name=\"author\" content=\"Raffy Ben\u00edtez\" \/>\n<meta name=\"twitter:card\" content=\"summary_large_image\" \/>\n<meta name=\"twitter:label1\" content=\"Escrito por\" \/>\n\t<meta name=\"twitter:data1\" content=\"Raffy Ben\u00edtez\" \/>\n\t<meta name=\"twitter:label2\" content=\"Tiempo de lectura\" \/>\n\t<meta name=\"twitter:data2\" content=\"2 minutos\" \/>\n<script type=\"application\/ld+json\" class=\"yoast-schema-graph\">{\"@context\":\"https:\/\/schema.org\",\"@graph\":[{\"@type\":\"Article\",\"@id\":\"https:\/\/conexion23.com\/?p=56793#article\",\"isPartOf\":{\"@id\":\"https:\/\/conexion23.com\/?p=56793\"},\"author\":{\"name\":\"Raffy Ben\u00edtez\",\"@id\":\"https:\/\/conexion23.com\/#\/schema\/person\/03e36043331117e97a373299bbcd30a6\"},\"headline\":\"D\u00eda del Trabajo ser\u00e1 laborable y feriado se traslada al lunes 4\",\"datePublished\":\"2026-04-30T11:00:09+00:00\",\"mainEntityOfPage\":{\"@id\":\"https:\/\/conexion23.com\/?p=56793\"},\"wordCount\":354,\"commentCount\":0,\"publisher\":{\"@id\":\"https:\/\/conexion23.com\/#organization\"},\"image\":{\"@id\":\"https:\/\/conexion23.com\/?p=56793#primaryimage\"},\"thumbnailUrl\":\"https:\/\/conexion23.com\/wp-content\/uploads\/2025\/10\/Ministerio_de_Trabajo.jpg\",\"keywords\":[\"D\u00eda del Trabajo\",\"feriado\",\"laborable\",\"lunes\",\"se traslada\"],\"articleSection\":[\"Nacionales\",\"Portada\"],\"inLanguage\":\"es\",\"potentialAction\":[{\"@type\":\"CommentAction\",\"name\":\"Comment\",\"target\":[\"https:\/\/conexion23.com\/?p=56793#respond\"]}]},{\"@type\":\"WebPage\",\"@id\":\"https:\/\/conexion23.com\/?p=56793\",\"url\":\"https:\/\/conexion23.com\/?p=56793\",\"name\":\"D\u00eda del Trabajo ser\u00e1 laborable y feriado se traslada al lunes 4 - Conexi\u00f3n 23\",\"isPartOf\":{\"@id\":\"https:\/\/conexion23.com\/#website\"},\"primaryImageOfPage\":{\"@id\":\"https:\/\/conexion23.com\/?p=56793#primaryimage\"},\"image\":{\"@id\":\"https:\/\/conexion23.com\/?p=56793#primaryimage\"},\"thumbnailUrl\":\"https:\/\/conexion23.com\/wp-content\/uploads\/2025\/10\/Ministerio_de_Trabajo.jpg\",\"datePublished\":\"2026-04-30T11:00:09+00:00\",\"breadcrumb\":{\"@id\":\"https:\/\/conexion23.com\/?p=56793#breadcrumb\"},\"inLanguage\":\"es\",\"potentialAction\":[{\"@type\":\"ReadAction\",\"target\":[\"https:\/\/conexion23.com\/?p=56793\"]}]},{\"@type\":\"ImageObject\",\"inLanguage\":\"es\",\"@id\":\"https:\/\/conexion23.com\/?p=56793#primaryimage\",\"url\":\"https:\/\/conexion23.com\/wp-content\/uploads\/2025\/10\/Ministerio_de_Trabajo.jpg\",\"contentUrl\":\"https:\/\/conexion23.com\/wp-content\/uploads\/2025\/10\/Ministerio_de_Trabajo.jpg\",\"width\":650,\"height\":365},{\"@type\":\"BreadcrumbList\",\"@id\":\"https:\/\/conexion23.com\/?p=56793#breadcrumb\",\"itemListElement\":[{\"@type\":\"ListItem\",\"position\":1,\"name\":\"Portada\",\"item\":\"https:\/\/conexion23.com\/\"},{\"@type\":\"ListItem\",\"position\":2,\"name\":\"D\u00eda del Trabajo ser\u00e1 laborable y feriado se traslada al lunes 4\"}]},{\"@type\":\"WebSite\",\"@id\":\"https:\/\/conexion23.com\/#website\",\"url\":\"https:\/\/conexion23.com\/\",\"name\":\"Conexi\u00f3n 23\",\"description\":\"Peri\u00f3dico 100% Petromacorisano\",\"publisher\":{\"@id\":\"https:\/\/conexion23.com\/#organization\"},\"potentialAction\":[{\"@type\":\"SearchAction\",\"target\":{\"@type\":\"EntryPoint\",\"urlTemplate\":\"https:\/\/conexion23.com\/?s={search_term_string}\"},\"query-input\":{\"@type\":\"PropertyValueSpecification\",\"valueRequired\":true,\"valueName\":\"search_term_string\"}}],\"inLanguage\":\"es\"},{\"@type\":\"Organization\",\"@id\":\"https:\/\/conexion23.com\/#organization\",\"name\":\"Conexion 23\",\"url\":\"https:\/\/conexion23.com\/\",\"logo\":{\"@type\":\"ImageObject\",\"inLanguage\":\"es\",\"@id\":\"https:\/\/conexion23.com\/#\/schema\/logo\/image\/\",\"url\":\"https:\/\/conexion23.com\/wp-content\/uploads\/2021\/11\/Diseno-sin-titulo-2.png\",\"contentUrl\":\"https:\/\/conexion23.com\/wp-content\/uploads\/2021\/11\/Diseno-sin-titulo-2.png\",\"width\":541,\"height\":90,\"caption\":\"Conexion 23\"},\"image\":{\"@id\":\"https:\/\/conexion23.com\/#\/schema\/logo\/image\/\"},\"sameAs\":[\"https:\/\/www.facebook.com\/conexion23com\",\"https:\/\/www.instagram.com\/conexion23com\/\",\"https:\/\/www.youtube.com\/channel\/UCYc7vxxFZMYLIHNsHHxPZ3Q\"]},{\"@type\":\"Person\",\"@id\":\"https:\/\/conexion23.com\/#\/schema\/person\/03e36043331117e97a373299bbcd30a6\",\"name\":\"Raffy Ben\u00edtez\",\"image\":{\"@type\":\"ImageObject\",\"inLanguage\":\"es\",\"@id\":\"https:\/\/conexion23.com\/#\/schema\/person\/image\/\",\"url\":\"https:\/\/secure.gravatar.com\/avatar\/3190a6a6c5e1b0327500f7d6c56b6242472ee6cb974cf09b401ee6b3b0798f23?s=96&d=mm&r=g\",\"contentUrl\":\"https:\/\/secure.gravatar.com\/avatar\/3190a6a6c5e1b0327500f7d6c56b6242472ee6cb974cf09b401ee6b3b0798f23?s=96&d=mm&r=g\",\"caption\":\"Raffy Ben\u00edtez\"},\"url\":\"https:\/\/conexion23.com\/?author=15\"}]}<\/script>\n<!-- \/ Yoast SEO plugin. -->","yoast_head_json":{"title":"D\u00eda del Trabajo ser\u00e1 laborable y feriado se traslada al lunes 4 - Conexi\u00f3n 23","robots":{"index":"index","follow":"follow","max-snippet":"max-snippet:-1","max-image-preview":"max-image-preview:large","max-video-preview":"max-video-preview:-1"},"canonical":"https:\/\/conexion23.com\/?p=56793","og_locale":"es_ES","og_type":"article","og_title":"D\u00eda del Trabajo ser\u00e1 laborable y feriado se traslada al lunes 4 - Conexi\u00f3n 23","og_description":"El\u00a0Ministerio de Trabajo\u00a0reiter\u00f3 a la colectividad empresarial y trabajadora del pa\u00eds que el\u00a0D\u00eda del Trabajo, que se conmemora el viernes 1 de mayo, ser\u00e1 un d\u00eda laborable este a\u00f1o. El\u00a0feriado\u00a0correspondiente ser\u00e1 trasladado al lunes 4 de mayo, tal como lo establece la ley. De acuerdo con la disposici\u00f3n, tanto los sectores p\u00fablico como privado deben [&hellip;]","og_url":"https:\/\/conexion23.com\/?p=56793","og_site_name":"Conexi\u00f3n 23","article_publisher":"https:\/\/www.facebook.com\/conexion23com","article_published_time":"2026-04-30T11:00:09+00:00","og_image":[{"width":650,"height":365,"url":"https:\/\/conexion23.com\/wp-content\/uploads\/2025\/10\/Ministerio_de_Trabajo.jpg","type":"image\/jpeg"}],"author":"Raffy Ben\u00edtez","twitter_card":"summary_large_image","twitter_misc":{"Escrito por":"Raffy Ben\u00edtez","Tiempo de lectura":"2 minutos"},"schema":{"@context":"https:\/\/schema.org","@graph":[{"@type":"Article","@id":"https:\/\/conexion23.com\/?p=56793#article","isPartOf":{"@id":"https:\/\/conexion23.com\/?p=56793"},"author":{"name":"Raffy Ben\u00edtez","@id":"https:\/\/conexion23.com\/#\/schema\/person\/03e36043331117e97a373299bbcd30a6"},"headline":"D\u00eda del Trabajo ser\u00e1 laborable y feriado se traslada al lunes 4","datePublished":"2026-04-30T11:00:09+00:00","mainEntityOfPage":{"@id":"https:\/\/conexion23.com\/?p=56793"},"wordCount":354,"commentCount":0,"publisher":{"@id":"https:\/\/conexion23.com\/#organization"},"image":{"@id":"https:\/\/conexion23.com\/?p=56793#primaryimage"},"thumbnailUrl":"https:\/\/conexion23.com\/wp-content\/uploads\/2025\/10\/Ministerio_de_Trabajo.jpg","keywords":["D\u00eda del Trabajo","feriado","laborable","lunes","se traslada"],"articleSection":["Nacionales","Portada"],"inLanguage":"es","potentialAction":[{"@type":"CommentAction","name":"Comment","target":["https:\/\/conexion23.com\/?p=56793#respond"]}]},{"@type":"WebPage","@id":"https:\/\/conexion23.com\/?p=56793","url":"https:\/\/conexion23.com\/?p=56793","name":"D\u00eda del Trabajo ser\u00e1 laborable y feriado se traslada al lunes 4 - Conexi\u00f3n 23","isPartOf":{"@id":"https:\/\/conexion23.com\/#website"},"primaryImageOfPage":{"@id":"https:\/\/conexion23.com\/?p=56793#primaryimage"},"image":{"@id":"https:\/\/conexion23.com\/?p=56793#primaryimage"},"thumbnailUrl":"https:\/\/conexion23.com\/wp-content\/uploads\/2025\/10\/Ministerio_de_Trabajo.jpg","datePublished":"2026-04-30T11:00:09+00:00","breadcrumb":{"@id":"https:\/\/conexion23.com\/?p=56793#breadcrumb"},"inLanguage":"es","potentialAction":[{"@type":"ReadAction","target":["https:\/\/conexion23.com\/?p=56793"]}]},{"@type":"ImageObject","inLanguage":"es","@id":"https:\/\/conexion23.com\/?p=56793#primaryimage","url":"https:\/\/conexion23.com\/wp-content\/uploads\/2025\/10\/Ministerio_de_Trabajo.jpg","contentUrl":"https:\/\/conexion23.com\/wp-content\/uploads\/2025\/10\/Ministerio_de_Trabajo.jpg","width":650,"height":365},{"@type":"BreadcrumbList","@id":"https:\/\/conexion23.com\/?p=56793#breadcrumb","itemListElement":[{"@type":"ListItem","position":1,"name":"Portada","item":"https:\/\/conexion23.com\/"},{"@type":"ListItem","position":2,"name":"D\u00eda del Trabajo ser\u00e1 laborable y feriado se traslada al lunes 4"}]},{"@type":"WebSite","@id":"https:\/\/conexion23.com\/#website","url":"https:\/\/conexion23.com\/","name":"Conexi\u00f3n 23","description":"Peri\u00f3dico 100% Petromacorisano","publisher":{"@id":"https:\/\/conexion23.com\/#organization"},"potentialAction":[{"@type":"SearchAction","target":{"@type":"EntryPoint","urlTemplate":"https:\/\/conexion23.com\/?s={search_term_string}"},"query-input":{"@type":"PropertyValueSpecification","valueRequired":true,"valueName":"search_term_string"}}],"inLanguage":"es"},{"@type":"Organization","@id":"https:\/\/conexion23.com\/#organization","name":"Conexion 23","url":"https:\/\/conexion23.com\/","logo":{"@type":"ImageObject","inLanguage":"es","@id":"https:\/\/conexion23.com\/#\/schema\/logo\/image\/","url":"https:\/\/conexion23.com\/wp-content\/uploads\/2021\/11\/Diseno-sin-titulo-2.png","contentUrl":"https:\/\/conexion23.com\/wp-content\/uploads\/2021\/11\/Diseno-sin-titulo-2.png","width":541,"height":90,"caption":"Conexion 23"},"image":{"@id":"https:\/\/conexion23.com\/#\/schema\/logo\/image\/"},"sameAs":["https:\/\/www.facebook.com\/conexion23com","https:\/\/www.instagram.com\/conexion23com\/","https:\/\/www.youtube.com\/channel\/UCYc7vxxFZMYLIHNsHHxPZ3Q"]},{"@type":"Person","@id":"https:\/\/conexion23.com\/#\/schema\/person\/03e36043331117e97a373299bbcd30a6","name":"Raffy Ben\u00edtez","image":{"@type":"ImageObject","inLanguage":"es","@id":"https:\/\/conexion23.com\/#\/schema\/person\/image\/","url":"https:\/\/secure.gravatar.com\/avatar\/3190a6a6c5e1b0327500f7d6c56b6242472ee6cb974cf09b401ee6b3b0798f23?s=96&d=mm&r=g","contentUrl":"https:\/\/secure.gravatar.com\/avatar\/3190a6a6c5e1b0327500f7d6c56b6242472ee6cb974cf09b401ee6b3b0798f23?s=96&d=mm&r=g","caption":"Raffy Ben\u00edtez"},"url":"https:\/\/conexion23.com\/?author=15"}]}},"_links":{"self":[{"href":"https:\/\/conexion23.com\/index.php?rest_route=\/wp\/v2\/posts\/56793","targetHints":{"allow":["GET"]}}],"collection":[{"href":"https:\/\/conexion23.com\/index.php?rest_route=\/wp\/v2\/posts"}],"about":[{"href":"https:\/\/conexion23.com\/index.php?rest_route=\/wp\/v2\/types\/post"}],"author":[{"embeddable":true,"href":"https:\/\/conexion23.com\/index.php?rest_route=\/wp\/v2\/users\/15"}],"replies":[{"embeddable":true,"href":"https:\/\/conexion23.com\/index.php?rest_route=%2Fwp%2Fv2%2Fcomments&post=56793"}],"version-history":[{"count":1,"href":"https:\/\/conexion23.com\/index.php?rest_route=\/wp\/v2\/posts\/56793\/revisions"}],"predecessor-version":[{"id":56794,"href":"https:\/\/conexion23.com\/index.php?rest_route=\/wp\/v2\/posts\/56793\/revisions\/56794"}],"wp:featuredmedia":[{"embeddable":true,"href":"https:\/\/conexion23.com\/index.php?rest_route=\/wp\/v2\/media\/47126"}],"wp:attachment":[{"href":"https:\/\/conexion23.com\/index.php?rest_route=%2Fwp%2Fv2%2Fmedia&parent=56793"}],"wp:term":[{"taxonomy":"category","embeddable":true,"href":"https:\/\/conexion23.com\/index.php?rest_route=%2Fwp%2Fv2%2Fcategories&post=56793"},{"taxonomy":"post_tag","embeddable":true,"href":"https:\/\/conexion23.com\/index.php?rest_route=%2Fwp%2Fv2%2Ftags&post=56793"}],"curies":[{"name":"wp","href":"https:\/\/api.w.org\/{rel}","templated":true}]}}