{"id":56802,"date":"2026-04-30T07:43:04","date_gmt":"2026-04-30T11:43:04","guid":{"rendered":"https:\/\/conexion23.com\/?p=56802"},"modified":"2026-04-30T07:43:04","modified_gmt":"2026-04-30T11:43:04","slug":"pn-arresta-a-cinco-hombres-por-quemar-un-gato-en-sabana-perdida","status":"publish","type":"post","link":"https:\/\/conexion23.com\/?p=56802","title":{"rendered":"PN arresta a cinco hombres por quemar un gato en Sabana Perdida"},"content":{"rendered":"<p style=\"text-align: justify;\" data-start=\"204\" data-end=\"431\">Agentes de la\u00a0Direcci\u00f3n Regional Santo Domingo Norte\u00a0de la Polic\u00eda Nacional detuvieron a\u00a0cinco hombres\u00a0acusados de cometer un\u00a0acto de crueldad contra un gato\u00a0en la comunidad de Majagual, en\u00a0Sabana Perdida.<\/p>\n<p style=\"text-align: justify;\" data-start=\"646\" data-end=\"798\">Seg\u00fan el informe preliminar, los implicados habr\u00edan\u00a0rociado al animal\u00a0con una sustancia inflamable y luego\u00a0le prendieron fuego, provoc\u00e1ndole quemaduras.<\/p>\n<p style=\"text-align: justify;\" data-start=\"646\" data-end=\"798\">Los arrestados fueron identificados como\u00a0\u00c1ngel Marte, alias \u201cCaco de Loca\u201d;\u00a0\u00d3scar Manuel Vargas; Daniel Guzm\u00e1n Silva; Justin Emmanuel Hern\u00e1ndez\u00a0y\u00a0Obie Jim\u00e9nez Zabala.<\/p>\n<p style=\"text-align: justify;\" data-start=\"800\" data-end=\"931\">El hecho qued\u00f3 registrado en un video difundido en redes sociales, lo que facilit\u00f3 la identificaci\u00f3n de los presuntos responsables.<\/p>\n<h2 style=\"text-align: justify;\" data-section-id=\"4v780i\" data-start=\"1134\" data-end=\"1153\">Proceso legal<\/h2>\n<p style=\"text-align: justify;\" data-start=\"1154\" data-end=\"1363\">Las autoridades informaron que los detenidos ser\u00e1n puestos a disposici\u00f3n del Ministerio P\u00fablico por presunta violaci\u00f3n a la\u00a0<span class=\"hover:entity-accent entity-underline inline cursor-pointer align-baseline\"><span class=\"whitespace-normal\">Ley 248-12<\/span><\/span>\u00a0sobre Protecci\u00f3n Animal y Tenencia Responsable.<\/p>\n<p style=\"text-align: justify;\" data-start=\"1381\" data-end=\"1578\">En la intervenci\u00f3n participaron representantes del Ministerio P\u00fablico, agentes de la Polic\u00eda Preventiva y de Investigaci\u00f3n, as\u00ed como miembros del Departamento de Protecci\u00f3n Animal y Medio Ambiente.<\/p>\n","protected":false},"excerpt":{"rendered":"<p>Agentes de la\u00a0Direcci\u00f3n Regional Santo Domingo Norte\u00a0de la Polic\u00eda Nacional detuvieron a\u00a0cinco hombres\u00a0acusados de cometer un\u00a0acto de crueldad contra un gato\u00a0en la comunidad de Majagual, en\u00a0Sabana Perdida. Seg\u00fan el informe preliminar, los implicados habr\u00edan\u00a0rociado al animal\u00a0con una sustancia inflamable y luego\u00a0le prendieron fuego, provoc\u00e1ndole quemaduras. Los arrestados fueron identificados como\u00a0\u00c1ngel Marte, alias \u201cCaco de Loca\u201d;\u00a0\u00d3scar [&hellip;]<\/p>\n","protected":false},"author":15,"featured_media":56803,"comment_status":"open","ping_status":"open","sticky":false,"template":"","format":"standard","meta":{"footnotes":""},"categories":[3913,3773],"tags":[8662,214,8663,7438],"class_list":{"0":"post-56802","1":"post","2":"type-post","3":"status-publish","4":"format-standard","5":"has-post-thumbnail","7":"category-nacionales","8":"category-portada","9":"tag-gato","10":"tag-policia-nacional","11":"tag-quemar-un-gato","12":"tag-sabana-perdida"},"yoast_head":"<!-- This site is optimized with the Yoast SEO plugin v27.1.1 - https:\/\/yoast.com\/product\/yoast-seo-wordpress\/ -->\n<title>PN arresta a cinco hombres por quemar un gato en Sabana Perdida - Conexi\u00f3n 23<\/title>\n<meta name=\"robots\" content=\"index, follow, max-snippet:-1, max-image-preview:large, max-video-preview:-1\" \/>\n<link rel=\"canonical\" href=\"https:\/\/conexion23.com\/?p=56802\" \/>\n<meta property=\"og:locale\" content=\"es_ES\" \/>\n<meta property=\"og:type\" content=\"article\" \/>\n<meta property=\"og:title\" content=\"PN arresta a cinco hombres por quemar un gato en Sabana Perdida - Conexi\u00f3n 23\" \/>\n<meta property=\"og:description\" content=\"Agentes de la\u00a0Direcci\u00f3n Regional Santo Domingo Norte\u00a0de la Polic\u00eda Nacional detuvieron a\u00a0cinco hombres\u00a0acusados de cometer un\u00a0acto de crueldad contra un gato\u00a0en la comunidad de Majagual, en\u00a0Sabana Perdida. Seg\u00fan el informe preliminar, los implicados habr\u00edan\u00a0rociado al animal\u00a0con una sustancia inflamable y luego\u00a0le prendieron fuego, provoc\u00e1ndole quemaduras. Los arrestados fueron identificados como\u00a0\u00c1ngel Marte, alias \u201cCaco de Loca\u201d;\u00a0\u00d3scar [&hellip;]\" \/>\n<meta property=\"og:url\" content=\"https:\/\/conexion23.com\/?p=56802\" \/>\n<meta property=\"og:site_name\" content=\"Conexi\u00f3n 23\" \/>\n<meta property=\"article:publisher\" content=\"https:\/\/www.facebook.com\/conexion23com\" \/>\n<meta property=\"article:published_time\" content=\"2026-04-30T11:43:04+00:00\" \/>\n<meta property=\"og:image\" content=\"http:\/\/conexion23.com\/wp-content\/uploads\/2026\/04\/Cinco-hombres-que-quemaron-a-un-gato-en-Sabana-Perdida-1140x694-1-750x375-1.jpeg\" \/>\n\t<meta property=\"og:image:width\" content=\"750\" \/>\n\t<meta property=\"og:image:height\" content=\"375\" \/>\n\t<meta property=\"og:image:type\" content=\"image\/jpeg\" \/>\n<meta name=\"author\" content=\"Raffy Ben\u00edtez\" \/>\n<meta name=\"twitter:card\" content=\"summary_large_image\" \/>\n<meta name=\"twitter:label1\" content=\"Escrito por\" \/>\n\t<meta name=\"twitter:data1\" content=\"Raffy Ben\u00edtez\" \/>\n\t<meta name=\"twitter:label2\" content=\"Tiempo de lectura\" \/>\n\t<meta name=\"twitter:data2\" content=\"1 minuto\" \/>\n<script type=\"application\/ld+json\" class=\"yoast-schema-graph\">{\"@context\":\"https:\/\/schema.org\",\"@graph\":[{\"@type\":\"Article\",\"@id\":\"https:\/\/conexion23.com\/?p=56802#article\",\"isPartOf\":{\"@id\":\"https:\/\/conexion23.com\/?p=56802\"},\"author\":{\"name\":\"Raffy Ben\u00edtez\",\"@id\":\"https:\/\/conexion23.com\/#\/schema\/person\/03e36043331117e97a373299bbcd30a6\"},\"headline\":\"PN arresta a cinco hombres por quemar un gato en Sabana Perdida\",\"datePublished\":\"2026-04-30T11:43:04+00:00\",\"mainEntityOfPage\":{\"@id\":\"https:\/\/conexion23.com\/?p=56802\"},\"wordCount\":185,\"commentCount\":0,\"publisher\":{\"@id\":\"https:\/\/conexion23.com\/#organization\"},\"image\":{\"@id\":\"https:\/\/conexion23.com\/?p=56802#primaryimage\"},\"thumbnailUrl\":\"https:\/\/conexion23.com\/wp-content\/uploads\/2026\/04\/Cinco-hombres-que-quemaron-a-un-gato-en-Sabana-Perdida-1140x694-1-750x375-1.jpeg\",\"keywords\":[\"gato\",\"policia nacional\",\"quemar un gato\",\"Sabana Perdida\"],\"articleSection\":[\"Nacionales\",\"Portada\"],\"inLanguage\":\"es\",\"potentialAction\":[{\"@type\":\"CommentAction\",\"name\":\"Comment\",\"target\":[\"https:\/\/conexion23.com\/?p=56802#respond\"]}]},{\"@type\":\"WebPage\",\"@id\":\"https:\/\/conexion23.com\/?p=56802\",\"url\":\"https:\/\/conexion23.com\/?p=56802\",\"name\":\"PN arresta a cinco hombres por quemar un gato en Sabana Perdida - Conexi\u00f3n 23\",\"isPartOf\":{\"@id\":\"https:\/\/conexion23.com\/#website\"},\"primaryImageOfPage\":{\"@id\":\"https:\/\/conexion23.com\/?p=56802#primaryimage\"},\"image\":{\"@id\":\"https:\/\/conexion23.com\/?p=56802#primaryimage\"},\"thumbnailUrl\":\"https:\/\/conexion23.com\/wp-content\/uploads\/2026\/04\/Cinco-hombres-que-quemaron-a-un-gato-en-Sabana-Perdida-1140x694-1-750x375-1.jpeg\",\"datePublished\":\"2026-04-30T11:43:04+00:00\",\"breadcrumb\":{\"@id\":\"https:\/\/conexion23.com\/?p=56802#breadcrumb\"},\"inLanguage\":\"es\",\"potentialAction\":[{\"@type\":\"ReadAction\",\"target\":[\"https:\/\/conexion23.com\/?p=56802\"]}]},{\"@type\":\"ImageObject\",\"inLanguage\":\"es\",\"@id\":\"https:\/\/conexion23.com\/?p=56802#primaryimage\",\"url\":\"https:\/\/conexion23.com\/wp-content\/uploads\/2026\/04\/Cinco-hombres-que-quemaron-a-un-gato-en-Sabana-Perdida-1140x694-1-750x375-1.jpeg\",\"contentUrl\":\"https:\/\/conexion23.com\/wp-content\/uploads\/2026\/04\/Cinco-hombres-que-quemaron-a-un-gato-en-Sabana-Perdida-1140x694-1-750x375-1.jpeg\",\"width\":750,\"height\":375},{\"@type\":\"BreadcrumbList\",\"@id\":\"https:\/\/conexion23.com\/?p=56802#breadcrumb\",\"itemListElement\":[{\"@type\":\"ListItem\",\"position\":1,\"name\":\"Portada\",\"item\":\"https:\/\/conexion23.com\/\"},{\"@type\":\"ListItem\",\"position\":2,\"name\":\"PN arresta a cinco hombres por quemar un gato en Sabana Perdida\"}]},{\"@type\":\"WebSite\",\"@id\":\"https:\/\/conexion23.com\/#website\",\"url\":\"https:\/\/conexion23.com\/\",\"name\":\"Conexi\u00f3n 23\",\"description\":\"Peri\u00f3dico 100% Petromacorisano\",\"publisher\":{\"@id\":\"https:\/\/conexion23.com\/#organization\"},\"potentialAction\":[{\"@type\":\"SearchAction\",\"target\":{\"@type\":\"EntryPoint\",\"urlTemplate\":\"https:\/\/conexion23.com\/?s={search_term_string}\"},\"query-input\":{\"@type\":\"PropertyValueSpecification\",\"valueRequired\":true,\"valueName\":\"search_term_string\"}}],\"inLanguage\":\"es\"},{\"@type\":\"Organization\",\"@id\":\"https:\/\/conexion23.com\/#organization\",\"name\":\"Conexion 23\",\"url\":\"https:\/\/conexion23.com\/\",\"logo\":{\"@type\":\"ImageObject\",\"inLanguage\":\"es\",\"@id\":\"https:\/\/conexion23.com\/#\/schema\/logo\/image\/\",\"url\":\"https:\/\/conexion23.com\/wp-content\/uploads\/2021\/11\/Diseno-sin-titulo-2.png\",\"contentUrl\":\"https:\/\/conexion23.com\/wp-content\/uploads\/2021\/11\/Diseno-sin-titulo-2.png\",\"width\":541,\"height\":90,\"caption\":\"Conexion 23\"},\"image\":{\"@id\":\"https:\/\/conexion23.com\/#\/schema\/logo\/image\/\"},\"sameAs\":[\"https:\/\/www.facebook.com\/conexion23com\",\"https:\/\/www.instagram.com\/conexion23com\/\",\"https:\/\/www.youtube.com\/channel\/UCYc7vxxFZMYLIHNsHHxPZ3Q\"]},{\"@type\":\"Person\",\"@id\":\"https:\/\/conexion23.com\/#\/schema\/person\/03e36043331117e97a373299bbcd30a6\",\"name\":\"Raffy Ben\u00edtez\",\"image\":{\"@type\":\"ImageObject\",\"inLanguage\":\"es\",\"@id\":\"https:\/\/conexion23.com\/#\/schema\/person\/image\/\",\"url\":\"https:\/\/secure.gravatar.com\/avatar\/3190a6a6c5e1b0327500f7d6c56b6242472ee6cb974cf09b401ee6b3b0798f23?s=96&d=mm&r=g\",\"contentUrl\":\"https:\/\/secure.gravatar.com\/avatar\/3190a6a6c5e1b0327500f7d6c56b6242472ee6cb974cf09b401ee6b3b0798f23?s=96&d=mm&r=g\",\"caption\":\"Raffy Ben\u00edtez\"},\"url\":\"https:\/\/conexion23.com\/?author=15\"}]}<\/script>\n<!-- \/ Yoast SEO plugin. -->","yoast_head_json":{"title":"PN arresta a cinco hombres por quemar un gato en Sabana Perdida - Conexi\u00f3n 23","robots":{"index":"index","follow":"follow","max-snippet":"max-snippet:-1","max-image-preview":"max-image-preview:large","max-video-preview":"max-video-preview:-1"},"canonical":"https:\/\/conexion23.com\/?p=56802","og_locale":"es_ES","og_type":"article","og_title":"PN arresta a cinco hombres por quemar un gato en Sabana Perdida - Conexi\u00f3n 23","og_description":"Agentes de la\u00a0Direcci\u00f3n Regional Santo Domingo Norte\u00a0de la Polic\u00eda Nacional detuvieron a\u00a0cinco hombres\u00a0acusados de cometer un\u00a0acto de crueldad contra un gato\u00a0en la comunidad de Majagual, en\u00a0Sabana Perdida. Seg\u00fan el informe preliminar, los implicados habr\u00edan\u00a0rociado al animal\u00a0con una sustancia inflamable y luego\u00a0le prendieron fuego, provoc\u00e1ndole quemaduras. Los arrestados fueron identificados como\u00a0\u00c1ngel Marte, alias \u201cCaco de Loca\u201d;\u00a0\u00d3scar [&hellip;]","og_url":"https:\/\/conexion23.com\/?p=56802","og_site_name":"Conexi\u00f3n 23","article_publisher":"https:\/\/www.facebook.com\/conexion23com","article_published_time":"2026-04-30T11:43:04+00:00","og_image":[{"width":750,"height":375,"url":"http:\/\/conexion23.com\/wp-content\/uploads\/2026\/04\/Cinco-hombres-que-quemaron-a-un-gato-en-Sabana-Perdida-1140x694-1-750x375-1.jpeg","type":"image\/jpeg"}],"author":"Raffy Ben\u00edtez","twitter_card":"summary_large_image","twitter_misc":{"Escrito por":"Raffy Ben\u00edtez","Tiempo de lectura":"1 minuto"},"schema":{"@context":"https:\/\/schema.org","@graph":[{"@type":"Article","@id":"https:\/\/conexion23.com\/?p=56802#article","isPartOf":{"@id":"https:\/\/conexion23.com\/?p=56802"},"author":{"name":"Raffy Ben\u00edtez","@id":"https:\/\/conexion23.com\/#\/schema\/person\/03e36043331117e97a373299bbcd30a6"},"headline":"PN arresta a cinco hombres por quemar un gato en Sabana Perdida","datePublished":"2026-04-30T11:43:04+00:00","mainEntityOfPage":{"@id":"https:\/\/conexion23.com\/?p=56802"},"wordCount":185,"commentCount":0,"publisher":{"@id":"https:\/\/conexion23.com\/#organization"},"image":{"@id":"https:\/\/conexion23.com\/?p=56802#primaryimage"},"thumbnailUrl":"https:\/\/conexion23.com\/wp-content\/uploads\/2026\/04\/Cinco-hombres-que-quemaron-a-un-gato-en-Sabana-Perdida-1140x694-1-750x375-1.jpeg","keywords":["gato","policia nacional","quemar un gato","Sabana Perdida"],"articleSection":["Nacionales","Portada"],"inLanguage":"es","potentialAction":[{"@type":"CommentAction","name":"Comment","target":["https:\/\/conexion23.com\/?p=56802#respond"]}]},{"@type":"WebPage","@id":"https:\/\/conexion23.com\/?p=56802","url":"https:\/\/conexion23.com\/?p=56802","name":"PN arresta a cinco hombres por quemar un gato en Sabana Perdida - Conexi\u00f3n 23","isPartOf":{"@id":"https:\/\/conexion23.com\/#website"},"primaryImageOfPage":{"@id":"https:\/\/conexion23.com\/?p=56802#primaryimage"},"image":{"@id":"https:\/\/conexion23.com\/?p=56802#primaryimage"},"thumbnailUrl":"https:\/\/conexion23.com\/wp-content\/uploads\/2026\/04\/Cinco-hombres-que-quemaron-a-un-gato-en-Sabana-Perdida-1140x694-1-750x375-1.jpeg","datePublished":"2026-04-30T11:43:04+00:00","breadcrumb":{"@id":"https:\/\/conexion23.com\/?p=56802#breadcrumb"},"inLanguage":"es","potentialAction":[{"@type":"ReadAction","target":["https:\/\/conexion23.com\/?p=56802"]}]},{"@type":"ImageObject","inLanguage":"es","@id":"https:\/\/conexion23.com\/?p=56802#primaryimage","url":"https:\/\/conexion23.com\/wp-content\/uploads\/2026\/04\/Cinco-hombres-que-quemaron-a-un-gato-en-Sabana-Perdida-1140x694-1-750x375-1.jpeg","contentUrl":"https:\/\/conexion23.com\/wp-content\/uploads\/2026\/04\/Cinco-hombres-que-quemaron-a-un-gato-en-Sabana-Perdida-1140x694-1-750x375-1.jpeg","width":750,"height":375},{"@type":"BreadcrumbList","@id":"https:\/\/conexion23.com\/?p=56802#breadcrumb","itemListElement":[{"@type":"ListItem","position":1,"name":"Portada","item":"https:\/\/conexion23.com\/"},{"@type":"ListItem","position":2,"name":"PN arresta a cinco hombres por quemar un gato en Sabana Perdida"}]},{"@type":"WebSite","@id":"https:\/\/conexion23.com\/#website","url":"https:\/\/conexion23.com\/","name":"Conexi\u00f3n 23","description":"Peri\u00f3dico 100% Petromacorisano","publisher":{"@id":"https:\/\/conexion23.com\/#organization"},"potentialAction":[{"@type":"SearchAction","target":{"@type":"EntryPoint","urlTemplate":"https:\/\/conexion23.com\/?s={search_term_string}"},"query-input":{"@type":"PropertyValueSpecification","valueRequired":true,"valueName":"search_term_string"}}],"inLanguage":"es"},{"@type":"Organization","@id":"https:\/\/conexion23.com\/#organization","name":"Conexion 23","url":"https:\/\/conexion23.com\/","logo":{"@type":"ImageObject","inLanguage":"es","@id":"https:\/\/conexion23.com\/#\/schema\/logo\/image\/","url":"https:\/\/conexion23.com\/wp-content\/uploads\/2021\/11\/Diseno-sin-titulo-2.png","contentUrl":"https:\/\/conexion23.com\/wp-content\/uploads\/2021\/11\/Diseno-sin-titulo-2.png","width":541,"height":90,"caption":"Conexion 23"},"image":{"@id":"https:\/\/conexion23.com\/#\/schema\/logo\/image\/"},"sameAs":["https:\/\/www.facebook.com\/conexion23com","https:\/\/www.instagram.com\/conexion23com\/","https:\/\/www.youtube.com\/channel\/UCYc7vxxFZMYLIHNsHHxPZ3Q"]},{"@type":"Person","@id":"https:\/\/conexion23.com\/#\/schema\/person\/03e36043331117e97a373299bbcd30a6","name":"Raffy Ben\u00edtez","image":{"@type":"ImageObject","inLanguage":"es","@id":"https:\/\/conexion23.com\/#\/schema\/person\/image\/","url":"https:\/\/secure.gravatar.com\/avatar\/3190a6a6c5e1b0327500f7d6c56b6242472ee6cb974cf09b401ee6b3b0798f23?s=96&d=mm&r=g","contentUrl":"https:\/\/secure.gravatar.com\/avatar\/3190a6a6c5e1b0327500f7d6c56b6242472ee6cb974cf09b401ee6b3b0798f23?s=96&d=mm&r=g","caption":"Raffy Ben\u00edtez"},"url":"https:\/\/conexion23.com\/?author=15"}]}},"_links":{"self":[{"href":"https:\/\/conexion23.com\/index.php?rest_route=\/wp\/v2\/posts\/56802","targetHints":{"allow":["GET"]}}],"collection":[{"href":"https:\/\/conexion23.com\/index.php?rest_route=\/wp\/v2\/posts"}],"about":[{"href":"https:\/\/conexion23.com\/index.php?rest_route=\/wp\/v2\/types\/post"}],"author":[{"embeddable":true,"href":"https:\/\/conexion23.com\/index.php?rest_route=\/wp\/v2\/users\/15"}],"replies":[{"embeddable":true,"href":"https:\/\/conexion23.com\/index.php?rest_route=%2Fwp%2Fv2%2Fcomments&post=56802"}],"version-history":[{"count":1,"href":"https:\/\/conexion23.com\/index.php?rest_route=\/wp\/v2\/posts\/56802\/revisions"}],"predecessor-version":[{"id":56804,"href":"https:\/\/conexion23.com\/index.php?rest_route=\/wp\/v2\/posts\/56802\/revisions\/56804"}],"wp:featuredmedia":[{"embeddable":true,"href":"https:\/\/conexion23.com\/index.php?rest_route=\/wp\/v2\/media\/56803"}],"wp:attachment":[{"href":"https:\/\/conexion23.com\/index.php?rest_route=%2Fwp%2Fv2%2Fmedia&parent=56802"}],"wp:term":[{"taxonomy":"category","embeddable":true,"href":"https:\/\/conexion23.com\/index.php?rest_route=%2Fwp%2Fv2%2Fcategories&post=56802"},{"taxonomy":"post_tag","embeddable":true,"href":"https:\/\/conexion23.com\/index.php?rest_route=%2Fwp%2Fv2%2Ftags&post=56802"}],"curies":[{"name":"wp","href":"https:\/\/api.w.org\/{rel}","templated":true}]}}