{"id":56808,"date":"2026-04-30T10:00:22","date_gmt":"2026-04-30T14:00:22","guid":{"rendered":"https:\/\/conexion23.com\/?p=56808"},"modified":"2026-04-30T08:04:33","modified_gmt":"2026-04-30T12:04:33","slug":"enfermeras-suspende-servicios-en-hospitales-de-la-altagracia-en-reclamo-de-mejoras-laborales","status":"publish","type":"post","link":"https:\/\/conexion23.com\/?p=56808","title":{"rendered":"Enfermeras suspende servicios en hospitales de La Altagracia en reclamo de mejoras laborales"},"content":{"rendered":"<p class=\"has-text-align-justify has-text-align-justify\" style=\"text-align: justify;\">Profesionales del \u00e1rea de enfermer\u00eda realizaron este mi\u00e9rcoles una paralizaci\u00f3n de labores en distintos hospitales del pa\u00eds, incluyendo centros de salud de la provincia La Altagracia, en demanda de mejores condiciones laborales y el cumplimiento de compromisos pendientes por parte de las autoridades.<\/p>\n<p class=\"has-text-align-justify has-text-align-justify\" style=\"text-align: justify;\">La jornada de protesta, que tuvo una duraci\u00f3n inicial de 24 horas, provoc\u00f3 limitaciones en la atenci\u00f3n regular de los hospitales, manteni\u00e9ndose \u00fanicamente los servicios esenciales en \u00e1reas cr\u00edticas como emergencias y unidades de cuidados intensivos (UCI).<\/p>\n<p class=\"has-text-align-justify has-text-align-justify\" style=\"text-align: justify;\">El paro se extendi\u00f3 a varios centros hospitalarios, entre ellos el Hospital Moscoso Puello, en el Distrito Nacional, as\u00ed como el Hospital Municipal La Descubierta, en la provincia Independencia. En este \u00faltimo, el personal de enfermer\u00eda reiter\u00f3 la necesidad de mejorar las condiciones laborales, aplicar la reclasificaci\u00f3n de puestos, incrementar los salarios y garantizar los incentivos establecidos por el Seguro Nacional de Salud (Senasa).<\/p>\n<p class=\"has-text-align-justify has-text-align-justify\" style=\"text-align: justify;\">Asimismo, los gremios solicitaron el nombramiento de m\u00e1s personal, al se\u00f1alar que la escasez de enfermeras ha impactado la calidad del servicio en distintos hospitales del pa\u00eds.<\/p>\n<h3 class=\"wp-block-heading\" style=\"text-align: justify;\">Paralizaci\u00f3n en el Hospital Nuestra Se\u00f1ora de La Altagracia<\/h3>\n<p class=\"has-text-align-justify has-text-align-justify\" style=\"text-align: justify;\">En la provincia La Altagracia, el personal del Hospital Nuestra Se\u00f1ora de La Altagracia se sum\u00f3 a la protesta, se\u00f1alando que el d\u00e9ficit de profesionales contin\u00faa afectando la atenci\u00f3n m\u00e9dica. De acuerdo con representantes del sector, la falta de personal supera las 20 mil enfermeras a nivel nacional, situaci\u00f3n que obliga a una sola profesional a cubrir m\u00faltiples \u00e1reas en determinados turnos.<\/p>\n<p class=\"has-text-align-justify has-text-align-justify\" style=\"text-align: justify;\">La enfermera\u00a0<strong>Mar\u00eda Carela<\/strong>\u00a0explic\u00f3 que la movilizaci\u00f3n responde a la ausencia de respuestas concretas a un pliego de demandas presentado con anterioridad por las organizaciones sindicales del sector.<\/p>\n<p class=\"has-text-align-justify has-text-align-justify\" style=\"text-align: justify;\">Indic\u00f3 que la escasez de personal se ha convertido en una problem\u00e1tica estructural en los hospitales p\u00fablicos, especialmente durante turnos vespertinos y fines de semana, cuando la carga de trabajo aumenta considerablemente.<\/p>\n<h3 class=\"wp-block-heading\" style=\"text-align: justify;\">D\u00e9ficit de personal afecta la operatividad hospitalaria<\/h3>\n<p class=\"has-text-align-justify has-text-align-justify\" style=\"text-align: justify;\">En el caso espec\u00edfico del Hospital Nuestra Se\u00f1ora de La Altagracia, se estima que se requieren entre 30 y 40 enfermeras adicionales para cubrir la demanda m\u00ednima de servicios. Actualmente, algunas \u00e1reas operan con personal limitado, lo que incrementa la presi\u00f3n laboral y los riesgos operativos.<\/p>\n<p class=\"has-text-align-justify has-text-align-justify\" style=\"text-align: justify;\">Como ejemplo, mencionaron la unidad de hemodi\u00e1lisis, donde varias m\u00e1quinas deben ser supervisadas por m\u00e1s de una enfermera por turno, pero en ocasiones una sola profesional asume la totalidad del trabajo.<\/p>\n<p class=\"has-text-align-justify has-text-align-justify\" style=\"text-align: justify;\">Adem\u00e1s del d\u00e9ficit de personal, los gremios reiteraron demandas relacionadas con el pago de incentivos por distancia, cambios de designaci\u00f3n para personal que ejerce funciones superiores a su cargo y el cumplimiento de nombramientos pendientes tras la jubilaci\u00f3n de parte del personal.<\/p>\n<p class=\"has-text-align-justify has-text-align-justify\" style=\"text-align: justify;\">Representantes del sector tambi\u00e9n se\u00f1alaron que los ingresos actuales del personal de enfermer\u00eda resultan limitados frente al costo de la vida, destacando que los salarios var\u00edan dependiendo del nivel de formaci\u00f3n y responsabilidades.<\/p>\n<p class=\"has-text-align-justify has-text-align-justify\" style=\"text-align: justify;\">Finalmente, advirtieron que las protestas podr\u00edan continuar en los pr\u00f3ximos d\u00edas si no se logran acuerdos con las autoridades, dentro de una estrategia que contempla acciones escalonadas a nivel nacional en busca de soluciones a sus reclamos.<\/p>\n","protected":false},"excerpt":{"rendered":"<p>Profesionales del \u00e1rea de enfermer\u00eda realizaron este mi\u00e9rcoles una paralizaci\u00f3n de labores en distintos hospitales del pa\u00eds, incluyendo centros de salud de la provincia La Altagracia, en demanda de mejores condiciones laborales y el cumplimiento de compromisos pendientes por parte de las autoridades. La jornada de protesta, que tuvo una duraci\u00f3n inicial de 24 horas, [&hellip;]<\/p>\n","protected":false},"author":15,"featured_media":56809,"comment_status":"open","ping_status":"open","sticky":false,"template":"","format":"standard","meta":{"footnotes":""},"categories":[2474,12,2472],"tags":[3910,162,4045,8666,1338,8667],"class_list":{"0":"post-56808","1":"post","2":"type-post","3":"status-publish","4":"format-standard","5":"has-post-thumbnail","7":"category-la-altagracia","8":"category-municipales","9":"category-provincias-del-este","10":"tag-enfermeras","11":"tag-hospitales","12":"tag-la-altagracia","13":"tag-mejoras-laborales","14":"tag-reclamo","15":"tag-servicios"},"yoast_head":"<!-- This site is optimized with the Yoast SEO plugin v27.1.1 - https:\/\/yoast.com\/product\/yoast-seo-wordpress\/ -->\n<title>Enfermeras suspende servicios en hospitales de La Altagracia en reclamo de mejoras laborales - Conexi\u00f3n 23<\/title>\n<meta name=\"robots\" content=\"index, follow, max-snippet:-1, max-image-preview:large, max-video-preview:-1\" \/>\n<link rel=\"canonical\" href=\"https:\/\/conexion23.com\/?p=56808\" \/>\n<meta property=\"og:locale\" content=\"es_ES\" \/>\n<meta property=\"og:type\" content=\"article\" \/>\n<meta property=\"og:title\" content=\"Enfermeras suspende servicios en hospitales de La Altagracia en reclamo de mejoras laborales - Conexi\u00f3n 23\" \/>\n<meta property=\"og:description\" content=\"Profesionales del \u00e1rea de enfermer\u00eda realizaron este mi\u00e9rcoles una paralizaci\u00f3n de labores en distintos hospitales del pa\u00eds, incluyendo centros de salud de la provincia La Altagracia, en demanda de mejores condiciones laborales y el cumplimiento de compromisos pendientes por parte de las autoridades. La jornada de protesta, que tuvo una duraci\u00f3n inicial de 24 horas, [&hellip;]\" \/>\n<meta property=\"og:url\" content=\"https:\/\/conexion23.com\/?p=56808\" \/>\n<meta property=\"og:site_name\" content=\"Conexi\u00f3n 23\" \/>\n<meta property=\"article:publisher\" content=\"https:\/\/www.facebook.com\/conexion23com\" \/>\n<meta property=\"article:published_time\" content=\"2026-04-30T14:00:22+00:00\" \/>\n<meta property=\"og:image\" content=\"https:\/\/conexion23.com\/wp-content\/uploads\/2026\/04\/enfermeras.webp\" \/>\n\t<meta property=\"og:image:width\" content=\"896\" \/>\n\t<meta property=\"og:image:height\" content=\"504\" \/>\n\t<meta property=\"og:image:type\" content=\"image\/webp\" \/>\n<meta name=\"author\" content=\"Raffy Ben\u00edtez\" \/>\n<meta name=\"twitter:card\" content=\"summary_large_image\" \/>\n<meta name=\"twitter:label1\" content=\"Escrito por\" \/>\n\t<meta name=\"twitter:data1\" content=\"Raffy Ben\u00edtez\" \/>\n\t<meta name=\"twitter:label2\" content=\"Tiempo de lectura\" \/>\n\t<meta name=\"twitter:data2\" content=\"3 minutos\" \/>\n<script type=\"application\/ld+json\" class=\"yoast-schema-graph\">{\"@context\":\"https:\/\/schema.org\",\"@graph\":[{\"@type\":\"Article\",\"@id\":\"https:\/\/conexion23.com\/?p=56808#article\",\"isPartOf\":{\"@id\":\"https:\/\/conexion23.com\/?p=56808\"},\"author\":{\"name\":\"Raffy Ben\u00edtez\",\"@id\":\"https:\/\/conexion23.com\/#\/schema\/person\/03e36043331117e97a373299bbcd30a6\"},\"headline\":\"Enfermeras suspende servicios en hospitales de La Altagracia en reclamo de mejoras laborales\",\"datePublished\":\"2026-04-30T14:00:22+00:00\",\"mainEntityOfPage\":{\"@id\":\"https:\/\/conexion23.com\/?p=56808\"},\"wordCount\":555,\"commentCount\":0,\"publisher\":{\"@id\":\"https:\/\/conexion23.com\/#organization\"},\"image\":{\"@id\":\"https:\/\/conexion23.com\/?p=56808#primaryimage\"},\"thumbnailUrl\":\"https:\/\/conexion23.com\/wp-content\/uploads\/2026\/04\/enfermeras.webp\",\"keywords\":[\"enfermeras\",\"hospitales\",\"la altagracia\",\"mejoras laborales\",\"reclamo\",\"servicios\"],\"articleSection\":[\"La Altagracia\",\"Municipales\",\"Provincias del Este\"],\"inLanguage\":\"es\",\"potentialAction\":[{\"@type\":\"CommentAction\",\"name\":\"Comment\",\"target\":[\"https:\/\/conexion23.com\/?p=56808#respond\"]}]},{\"@type\":\"WebPage\",\"@id\":\"https:\/\/conexion23.com\/?p=56808\",\"url\":\"https:\/\/conexion23.com\/?p=56808\",\"name\":\"Enfermeras suspende servicios en hospitales de La Altagracia en reclamo de mejoras laborales - Conexi\u00f3n 23\",\"isPartOf\":{\"@id\":\"https:\/\/conexion23.com\/#website\"},\"primaryImageOfPage\":{\"@id\":\"https:\/\/conexion23.com\/?p=56808#primaryimage\"},\"image\":{\"@id\":\"https:\/\/conexion23.com\/?p=56808#primaryimage\"},\"thumbnailUrl\":\"https:\/\/conexion23.com\/wp-content\/uploads\/2026\/04\/enfermeras.webp\",\"datePublished\":\"2026-04-30T14:00:22+00:00\",\"breadcrumb\":{\"@id\":\"https:\/\/conexion23.com\/?p=56808#breadcrumb\"},\"inLanguage\":\"es\",\"potentialAction\":[{\"@type\":\"ReadAction\",\"target\":[\"https:\/\/conexion23.com\/?p=56808\"]}]},{\"@type\":\"ImageObject\",\"inLanguage\":\"es\",\"@id\":\"https:\/\/conexion23.com\/?p=56808#primaryimage\",\"url\":\"https:\/\/conexion23.com\/wp-content\/uploads\/2026\/04\/enfermeras.webp\",\"contentUrl\":\"https:\/\/conexion23.com\/wp-content\/uploads\/2026\/04\/enfermeras.webp\",\"width\":896,\"height\":504},{\"@type\":\"BreadcrumbList\",\"@id\":\"https:\/\/conexion23.com\/?p=56808#breadcrumb\",\"itemListElement\":[{\"@type\":\"ListItem\",\"position\":1,\"name\":\"Portada\",\"item\":\"https:\/\/conexion23.com\/\"},{\"@type\":\"ListItem\",\"position\":2,\"name\":\"Enfermeras suspende servicios en hospitales de La Altagracia en reclamo de mejoras laborales\"}]},{\"@type\":\"WebSite\",\"@id\":\"https:\/\/conexion23.com\/#website\",\"url\":\"https:\/\/conexion23.com\/\",\"name\":\"Conexi\u00f3n 23\",\"description\":\"Peri\u00f3dico 100% Petromacorisano\",\"publisher\":{\"@id\":\"https:\/\/conexion23.com\/#organization\"},\"potentialAction\":[{\"@type\":\"SearchAction\",\"target\":{\"@type\":\"EntryPoint\",\"urlTemplate\":\"https:\/\/conexion23.com\/?s={search_term_string}\"},\"query-input\":{\"@type\":\"PropertyValueSpecification\",\"valueRequired\":true,\"valueName\":\"search_term_string\"}}],\"inLanguage\":\"es\"},{\"@type\":\"Organization\",\"@id\":\"https:\/\/conexion23.com\/#organization\",\"name\":\"Conexion 23\",\"url\":\"https:\/\/conexion23.com\/\",\"logo\":{\"@type\":\"ImageObject\",\"inLanguage\":\"es\",\"@id\":\"https:\/\/conexion23.com\/#\/schema\/logo\/image\/\",\"url\":\"https:\/\/conexion23.com\/wp-content\/uploads\/2021\/11\/Diseno-sin-titulo-2.png\",\"contentUrl\":\"https:\/\/conexion23.com\/wp-content\/uploads\/2021\/11\/Diseno-sin-titulo-2.png\",\"width\":541,\"height\":90,\"caption\":\"Conexion 23\"},\"image\":{\"@id\":\"https:\/\/conexion23.com\/#\/schema\/logo\/image\/\"},\"sameAs\":[\"https:\/\/www.facebook.com\/conexion23com\",\"https:\/\/www.instagram.com\/conexion23com\/\",\"https:\/\/www.youtube.com\/channel\/UCYc7vxxFZMYLIHNsHHxPZ3Q\"]},{\"@type\":\"Person\",\"@id\":\"https:\/\/conexion23.com\/#\/schema\/person\/03e36043331117e97a373299bbcd30a6\",\"name\":\"Raffy Ben\u00edtez\",\"image\":{\"@type\":\"ImageObject\",\"inLanguage\":\"es\",\"@id\":\"https:\/\/conexion23.com\/#\/schema\/person\/image\/\",\"url\":\"https:\/\/secure.gravatar.com\/avatar\/3190a6a6c5e1b0327500f7d6c56b6242472ee6cb974cf09b401ee6b3b0798f23?s=96&d=mm&r=g\",\"contentUrl\":\"https:\/\/secure.gravatar.com\/avatar\/3190a6a6c5e1b0327500f7d6c56b6242472ee6cb974cf09b401ee6b3b0798f23?s=96&d=mm&r=g\",\"caption\":\"Raffy Ben\u00edtez\"},\"url\":\"https:\/\/conexion23.com\/?author=15\"}]}<\/script>\n<!-- \/ Yoast SEO plugin. -->","yoast_head_json":{"title":"Enfermeras suspende servicios en hospitales de La Altagracia en reclamo de mejoras laborales - Conexi\u00f3n 23","robots":{"index":"index","follow":"follow","max-snippet":"max-snippet:-1","max-image-preview":"max-image-preview:large","max-video-preview":"max-video-preview:-1"},"canonical":"https:\/\/conexion23.com\/?p=56808","og_locale":"es_ES","og_type":"article","og_title":"Enfermeras suspende servicios en hospitales de La Altagracia en reclamo de mejoras laborales - Conexi\u00f3n 23","og_description":"Profesionales del \u00e1rea de enfermer\u00eda realizaron este mi\u00e9rcoles una paralizaci\u00f3n de labores en distintos hospitales del pa\u00eds, incluyendo centros de salud de la provincia La Altagracia, en demanda de mejores condiciones laborales y el cumplimiento de compromisos pendientes por parte de las autoridades. La jornada de protesta, que tuvo una duraci\u00f3n inicial de 24 horas, [&hellip;]","og_url":"https:\/\/conexion23.com\/?p=56808","og_site_name":"Conexi\u00f3n 23","article_publisher":"https:\/\/www.facebook.com\/conexion23com","article_published_time":"2026-04-30T14:00:22+00:00","og_image":[{"width":896,"height":504,"url":"https:\/\/conexion23.com\/wp-content\/uploads\/2026\/04\/enfermeras.webp","type":"image\/webp"}],"author":"Raffy Ben\u00edtez","twitter_card":"summary_large_image","twitter_misc":{"Escrito por":"Raffy Ben\u00edtez","Tiempo de lectura":"3 minutos"},"schema":{"@context":"https:\/\/schema.org","@graph":[{"@type":"Article","@id":"https:\/\/conexion23.com\/?p=56808#article","isPartOf":{"@id":"https:\/\/conexion23.com\/?p=56808"},"author":{"name":"Raffy Ben\u00edtez","@id":"https:\/\/conexion23.com\/#\/schema\/person\/03e36043331117e97a373299bbcd30a6"},"headline":"Enfermeras suspende servicios en hospitales de La Altagracia en reclamo de mejoras laborales","datePublished":"2026-04-30T14:00:22+00:00","mainEntityOfPage":{"@id":"https:\/\/conexion23.com\/?p=56808"},"wordCount":555,"commentCount":0,"publisher":{"@id":"https:\/\/conexion23.com\/#organization"},"image":{"@id":"https:\/\/conexion23.com\/?p=56808#primaryimage"},"thumbnailUrl":"https:\/\/conexion23.com\/wp-content\/uploads\/2026\/04\/enfermeras.webp","keywords":["enfermeras","hospitales","la altagracia","mejoras laborales","reclamo","servicios"],"articleSection":["La Altagracia","Municipales","Provincias del Este"],"inLanguage":"es","potentialAction":[{"@type":"CommentAction","name":"Comment","target":["https:\/\/conexion23.com\/?p=56808#respond"]}]},{"@type":"WebPage","@id":"https:\/\/conexion23.com\/?p=56808","url":"https:\/\/conexion23.com\/?p=56808","name":"Enfermeras suspende servicios en hospitales de La Altagracia en reclamo de mejoras laborales - Conexi\u00f3n 23","isPartOf":{"@id":"https:\/\/conexion23.com\/#website"},"primaryImageOfPage":{"@id":"https:\/\/conexion23.com\/?p=56808#primaryimage"},"image":{"@id":"https:\/\/conexion23.com\/?p=56808#primaryimage"},"thumbnailUrl":"https:\/\/conexion23.com\/wp-content\/uploads\/2026\/04\/enfermeras.webp","datePublished":"2026-04-30T14:00:22+00:00","breadcrumb":{"@id":"https:\/\/conexion23.com\/?p=56808#breadcrumb"},"inLanguage":"es","potentialAction":[{"@type":"ReadAction","target":["https:\/\/conexion23.com\/?p=56808"]}]},{"@type":"ImageObject","inLanguage":"es","@id":"https:\/\/conexion23.com\/?p=56808#primaryimage","url":"https:\/\/conexion23.com\/wp-content\/uploads\/2026\/04\/enfermeras.webp","contentUrl":"https:\/\/conexion23.com\/wp-content\/uploads\/2026\/04\/enfermeras.webp","width":896,"height":504},{"@type":"BreadcrumbList","@id":"https:\/\/conexion23.com\/?p=56808#breadcrumb","itemListElement":[{"@type":"ListItem","position":1,"name":"Portada","item":"https:\/\/conexion23.com\/"},{"@type":"ListItem","position":2,"name":"Enfermeras suspende servicios en hospitales de La Altagracia en reclamo de mejoras laborales"}]},{"@type":"WebSite","@id":"https:\/\/conexion23.com\/#website","url":"https:\/\/conexion23.com\/","name":"Conexi\u00f3n 23","description":"Peri\u00f3dico 100% Petromacorisano","publisher":{"@id":"https:\/\/conexion23.com\/#organization"},"potentialAction":[{"@type":"SearchAction","target":{"@type":"EntryPoint","urlTemplate":"https:\/\/conexion23.com\/?s={search_term_string}"},"query-input":{"@type":"PropertyValueSpecification","valueRequired":true,"valueName":"search_term_string"}}],"inLanguage":"es"},{"@type":"Organization","@id":"https:\/\/conexion23.com\/#organization","name":"Conexion 23","url":"https:\/\/conexion23.com\/","logo":{"@type":"ImageObject","inLanguage":"es","@id":"https:\/\/conexion23.com\/#\/schema\/logo\/image\/","url":"https:\/\/conexion23.com\/wp-content\/uploads\/2021\/11\/Diseno-sin-titulo-2.png","contentUrl":"https:\/\/conexion23.com\/wp-content\/uploads\/2021\/11\/Diseno-sin-titulo-2.png","width":541,"height":90,"caption":"Conexion 23"},"image":{"@id":"https:\/\/conexion23.com\/#\/schema\/logo\/image\/"},"sameAs":["https:\/\/www.facebook.com\/conexion23com","https:\/\/www.instagram.com\/conexion23com\/","https:\/\/www.youtube.com\/channel\/UCYc7vxxFZMYLIHNsHHxPZ3Q"]},{"@type":"Person","@id":"https:\/\/conexion23.com\/#\/schema\/person\/03e36043331117e97a373299bbcd30a6","name":"Raffy Ben\u00edtez","image":{"@type":"ImageObject","inLanguage":"es","@id":"https:\/\/conexion23.com\/#\/schema\/person\/image\/","url":"https:\/\/secure.gravatar.com\/avatar\/3190a6a6c5e1b0327500f7d6c56b6242472ee6cb974cf09b401ee6b3b0798f23?s=96&d=mm&r=g","contentUrl":"https:\/\/secure.gravatar.com\/avatar\/3190a6a6c5e1b0327500f7d6c56b6242472ee6cb974cf09b401ee6b3b0798f23?s=96&d=mm&r=g","caption":"Raffy Ben\u00edtez"},"url":"https:\/\/conexion23.com\/?author=15"}]}},"_links":{"self":[{"href":"https:\/\/conexion23.com\/index.php?rest_route=\/wp\/v2\/posts\/56808","targetHints":{"allow":["GET"]}}],"collection":[{"href":"https:\/\/conexion23.com\/index.php?rest_route=\/wp\/v2\/posts"}],"about":[{"href":"https:\/\/conexion23.com\/index.php?rest_route=\/wp\/v2\/types\/post"}],"author":[{"embeddable":true,"href":"https:\/\/conexion23.com\/index.php?rest_route=\/wp\/v2\/users\/15"}],"replies":[{"embeddable":true,"href":"https:\/\/conexion23.com\/index.php?rest_route=%2Fwp%2Fv2%2Fcomments&post=56808"}],"version-history":[{"count":1,"href":"https:\/\/conexion23.com\/index.php?rest_route=\/wp\/v2\/posts\/56808\/revisions"}],"predecessor-version":[{"id":56810,"href":"https:\/\/conexion23.com\/index.php?rest_route=\/wp\/v2\/posts\/56808\/revisions\/56810"}],"wp:featuredmedia":[{"embeddable":true,"href":"https:\/\/conexion23.com\/index.php?rest_route=\/wp\/v2\/media\/56809"}],"wp:attachment":[{"href":"https:\/\/conexion23.com\/index.php?rest_route=%2Fwp%2Fv2%2Fmedia&parent=56808"}],"wp:term":[{"taxonomy":"category","embeddable":true,"href":"https:\/\/conexion23.com\/index.php?rest_route=%2Fwp%2Fv2%2Fcategories&post=56808"},{"taxonomy":"post_tag","embeddable":true,"href":"https:\/\/conexion23.com\/index.php?rest_route=%2Fwp%2Fv2%2Ftags&post=56808"}],"curies":[{"name":"wp","href":"https:\/\/api.w.org\/{rel}","templated":true}]}}