{"id":56821,"date":"2026-04-30T18:12:55","date_gmt":"2026-04-30T22:12:55","guid":{"rendered":"https:\/\/conexion23.com\/?p=56821"},"modified":"2026-04-30T18:12:55","modified_gmt":"2026-04-30T22:12:55","slug":"don-miguelo-cancela-presentaciones-tras-fallecimiento-de-su-abuelo-figura-paterna","status":"publish","type":"post","link":"https:\/\/conexion23.com\/?p=56821","title":{"rendered":"Don Miguelo cancela presentaciones tras fallecimiento de su abuelo, figura paterna"},"content":{"rendered":"<p style=\"text-align: justify;\">El artista urbano Don Miguelo\u00a0suspendi\u00f3 todas sus presentaciones art\u00edsticas luego del\u00a0fallecimiento de su padre, quien en realidad era su abuelo\u00a0Ram\u00f3n Valerio, figura clave en su crianza y a quien siempre consider\u00f3 como su verdadero padre.<\/p>\n<p style=\"text-align: justify;\">La noticia fue dada a conocer por el propio int\u00e9rprete a trav\u00e9s de sus redes sociales, donde expres\u00f3 el profundo dolor que atraviesa por la p\u00e9rdida de quien fue su principal apoyo desde la infancia.<\/p>\n<p style=\"text-align: justify;\">Tras el deceso, el cantante decidi\u00f3\u00a0cancelar su agenda de conciertos hasta nuevo aviso, priorizando el duelo familiar en uno de los momentos m\u00e1s dif\u00edciles de su vida personal.<\/p>\n<p style=\"text-align: justify;\">Ram\u00f3n Valerio, quien superaba los\u00a080 a\u00f1os, fue descrito como un pilar fundamental en la vida del artista, brind\u00e1ndole hogar, valores y respaldo en sus inicios dentro de la m\u00fasica urbana.<\/p>\n<p style=\"text-align: justify;\">La p\u00e9rdida ha generado m\u00faltiples muestras de solidaridad por parte de seguidores y figuras del entretenimiento, quienes han expresado su apoyo al artista en medio del dif\u00edcil momento.<\/p>\n","protected":false},"excerpt":{"rendered":"<p>El artista urbano Don Miguelo\u00a0suspendi\u00f3 todas sus presentaciones art\u00edsticas luego del\u00a0fallecimiento de su padre, quien en realidad era su abuelo\u00a0Ram\u00f3n Valerio, figura clave en su crianza y a quien siempre consider\u00f3 como su verdadero padre. La noticia fue dada a conocer por el propio int\u00e9rprete a trav\u00e9s de sus redes sociales, donde expres\u00f3 el profundo [&hellip;]<\/p>\n","protected":false},"author":15,"featured_media":56822,"comment_status":"open","ping_status":"open","sticky":false,"template":"","format":"standard","meta":{"footnotes":""},"categories":[20],"tags":[8675,8673,2971,8676,777,8674],"class_list":{"0":"post-56821","1":"post","2":"type-post","3":"status-publish","4":"format-standard","5":"has-post-thumbnail","7":"category-arte-y-cultura-urbana","8":"tag-cancela","9":"tag-don-miguelo","10":"tag-fallecimiento","11":"tag-figura-paterna","12":"tag-padre","13":"tag-presentaciones"},"yoast_head":"<!-- This site is optimized with the Yoast SEO plugin v27.1.1 - https:\/\/yoast.com\/product\/yoast-seo-wordpress\/ -->\n<title>Don Miguelo cancela presentaciones tras fallecimiento de su abuelo, figura paterna - Conexi\u00f3n 23<\/title>\n<meta name=\"robots\" content=\"index, follow, max-snippet:-1, max-image-preview:large, max-video-preview:-1\" \/>\n<link rel=\"canonical\" href=\"https:\/\/conexion23.com\/?p=56821\" \/>\n<meta property=\"og:locale\" content=\"es_ES\" \/>\n<meta property=\"og:type\" content=\"article\" \/>\n<meta property=\"og:title\" content=\"Don Miguelo cancela presentaciones tras fallecimiento de su abuelo, figura paterna - Conexi\u00f3n 23\" \/>\n<meta property=\"og:description\" content=\"El artista urbano Don Miguelo\u00a0suspendi\u00f3 todas sus presentaciones art\u00edsticas luego del\u00a0fallecimiento de su padre, quien en realidad era su abuelo\u00a0Ram\u00f3n Valerio, figura clave en su crianza y a quien siempre consider\u00f3 como su verdadero padre. La noticia fue dada a conocer por el propio int\u00e9rprete a trav\u00e9s de sus redes sociales, donde expres\u00f3 el profundo [&hellip;]\" \/>\n<meta property=\"og:url\" content=\"https:\/\/conexion23.com\/?p=56821\" \/>\n<meta property=\"og:site_name\" content=\"Conexi\u00f3n 23\" \/>\n<meta property=\"article:publisher\" content=\"https:\/\/www.facebook.com\/conexion23com\" \/>\n<meta property=\"article:published_time\" content=\"2026-04-30T22:12:55+00:00\" \/>\n<meta property=\"og:image\" content=\"http:\/\/conexion23.com\/wp-content\/uploads\/2026\/04\/jj.jpg\" \/>\n\t<meta property=\"og:image:width\" content=\"1024\" \/>\n\t<meta property=\"og:image:height\" content=\"576\" \/>\n\t<meta property=\"og:image:type\" content=\"image\/jpeg\" \/>\n<meta name=\"author\" content=\"Raffy Ben\u00edtez\" \/>\n<meta name=\"twitter:card\" content=\"summary_large_image\" \/>\n<meta name=\"twitter:label1\" content=\"Escrito por\" \/>\n\t<meta name=\"twitter:data1\" content=\"Raffy Ben\u00edtez\" \/>\n\t<meta name=\"twitter:label2\" content=\"Tiempo de lectura\" \/>\n\t<meta name=\"twitter:data2\" content=\"1 minuto\" \/>\n<script type=\"application\/ld+json\" class=\"yoast-schema-graph\">{\"@context\":\"https:\/\/schema.org\",\"@graph\":[{\"@type\":\"Article\",\"@id\":\"https:\/\/conexion23.com\/?p=56821#article\",\"isPartOf\":{\"@id\":\"https:\/\/conexion23.com\/?p=56821\"},\"author\":{\"name\":\"Raffy Ben\u00edtez\",\"@id\":\"https:\/\/conexion23.com\/#\/schema\/person\/03e36043331117e97a373299bbcd30a6\"},\"headline\":\"Don Miguelo cancela presentaciones tras fallecimiento de su abuelo, figura paterna\",\"datePublished\":\"2026-04-30T22:12:55+00:00\",\"mainEntityOfPage\":{\"@id\":\"https:\/\/conexion23.com\/?p=56821\"},\"wordCount\":185,\"commentCount\":0,\"publisher\":{\"@id\":\"https:\/\/conexion23.com\/#organization\"},\"image\":{\"@id\":\"https:\/\/conexion23.com\/?p=56821#primaryimage\"},\"thumbnailUrl\":\"https:\/\/conexion23.com\/wp-content\/uploads\/2026\/04\/jj.jpg\",\"keywords\":[\"cancela\",\"Don Miguelo\",\"fallecimiento\",\"figura paterna\",\"Padre\",\"presentaciones\"],\"articleSection\":[\"Arte y cultura urbana\"],\"inLanguage\":\"es\",\"potentialAction\":[{\"@type\":\"CommentAction\",\"name\":\"Comment\",\"target\":[\"https:\/\/conexion23.com\/?p=56821#respond\"]}]},{\"@type\":\"WebPage\",\"@id\":\"https:\/\/conexion23.com\/?p=56821\",\"url\":\"https:\/\/conexion23.com\/?p=56821\",\"name\":\"Don Miguelo cancela presentaciones tras fallecimiento de su abuelo, figura paterna - Conexi\u00f3n 23\",\"isPartOf\":{\"@id\":\"https:\/\/conexion23.com\/#website\"},\"primaryImageOfPage\":{\"@id\":\"https:\/\/conexion23.com\/?p=56821#primaryimage\"},\"image\":{\"@id\":\"https:\/\/conexion23.com\/?p=56821#primaryimage\"},\"thumbnailUrl\":\"https:\/\/conexion23.com\/wp-content\/uploads\/2026\/04\/jj.jpg\",\"datePublished\":\"2026-04-30T22:12:55+00:00\",\"breadcrumb\":{\"@id\":\"https:\/\/conexion23.com\/?p=56821#breadcrumb\"},\"inLanguage\":\"es\",\"potentialAction\":[{\"@type\":\"ReadAction\",\"target\":[\"https:\/\/conexion23.com\/?p=56821\"]}]},{\"@type\":\"ImageObject\",\"inLanguage\":\"es\",\"@id\":\"https:\/\/conexion23.com\/?p=56821#primaryimage\",\"url\":\"https:\/\/conexion23.com\/wp-content\/uploads\/2026\/04\/jj.jpg\",\"contentUrl\":\"https:\/\/conexion23.com\/wp-content\/uploads\/2026\/04\/jj.jpg\",\"width\":1024,\"height\":576},{\"@type\":\"BreadcrumbList\",\"@id\":\"https:\/\/conexion23.com\/?p=56821#breadcrumb\",\"itemListElement\":[{\"@type\":\"ListItem\",\"position\":1,\"name\":\"Portada\",\"item\":\"https:\/\/conexion23.com\/\"},{\"@type\":\"ListItem\",\"position\":2,\"name\":\"Don Miguelo cancela presentaciones tras fallecimiento de su abuelo, figura paterna\"}]},{\"@type\":\"WebSite\",\"@id\":\"https:\/\/conexion23.com\/#website\",\"url\":\"https:\/\/conexion23.com\/\",\"name\":\"Conexi\u00f3n 23\",\"description\":\"Peri\u00f3dico 100% Petromacorisano\",\"publisher\":{\"@id\":\"https:\/\/conexion23.com\/#organization\"},\"potentialAction\":[{\"@type\":\"SearchAction\",\"target\":{\"@type\":\"EntryPoint\",\"urlTemplate\":\"https:\/\/conexion23.com\/?s={search_term_string}\"},\"query-input\":{\"@type\":\"PropertyValueSpecification\",\"valueRequired\":true,\"valueName\":\"search_term_string\"}}],\"inLanguage\":\"es\"},{\"@type\":\"Organization\",\"@id\":\"https:\/\/conexion23.com\/#organization\",\"name\":\"Conexion 23\",\"url\":\"https:\/\/conexion23.com\/\",\"logo\":{\"@type\":\"ImageObject\",\"inLanguage\":\"es\",\"@id\":\"https:\/\/conexion23.com\/#\/schema\/logo\/image\/\",\"url\":\"https:\/\/conexion23.com\/wp-content\/uploads\/2021\/11\/Diseno-sin-titulo-2.png\",\"contentUrl\":\"https:\/\/conexion23.com\/wp-content\/uploads\/2021\/11\/Diseno-sin-titulo-2.png\",\"width\":541,\"height\":90,\"caption\":\"Conexion 23\"},\"image\":{\"@id\":\"https:\/\/conexion23.com\/#\/schema\/logo\/image\/\"},\"sameAs\":[\"https:\/\/www.facebook.com\/conexion23com\",\"https:\/\/www.instagram.com\/conexion23com\/\",\"https:\/\/www.youtube.com\/channel\/UCYc7vxxFZMYLIHNsHHxPZ3Q\"]},{\"@type\":\"Person\",\"@id\":\"https:\/\/conexion23.com\/#\/schema\/person\/03e36043331117e97a373299bbcd30a6\",\"name\":\"Raffy Ben\u00edtez\",\"image\":{\"@type\":\"ImageObject\",\"inLanguage\":\"es\",\"@id\":\"https:\/\/conexion23.com\/#\/schema\/person\/image\/\",\"url\":\"https:\/\/secure.gravatar.com\/avatar\/3190a6a6c5e1b0327500f7d6c56b6242472ee6cb974cf09b401ee6b3b0798f23?s=96&d=mm&r=g\",\"contentUrl\":\"https:\/\/secure.gravatar.com\/avatar\/3190a6a6c5e1b0327500f7d6c56b6242472ee6cb974cf09b401ee6b3b0798f23?s=96&d=mm&r=g\",\"caption\":\"Raffy Ben\u00edtez\"},\"url\":\"https:\/\/conexion23.com\/?author=15\"}]}<\/script>\n<!-- \/ Yoast SEO plugin. -->","yoast_head_json":{"title":"Don Miguelo cancela presentaciones tras fallecimiento de su abuelo, figura paterna - Conexi\u00f3n 23","robots":{"index":"index","follow":"follow","max-snippet":"max-snippet:-1","max-image-preview":"max-image-preview:large","max-video-preview":"max-video-preview:-1"},"canonical":"https:\/\/conexion23.com\/?p=56821","og_locale":"es_ES","og_type":"article","og_title":"Don Miguelo cancela presentaciones tras fallecimiento de su abuelo, figura paterna - Conexi\u00f3n 23","og_description":"El artista urbano Don Miguelo\u00a0suspendi\u00f3 todas sus presentaciones art\u00edsticas luego del\u00a0fallecimiento de su padre, quien en realidad era su abuelo\u00a0Ram\u00f3n Valerio, figura clave en su crianza y a quien siempre consider\u00f3 como su verdadero padre. La noticia fue dada a conocer por el propio int\u00e9rprete a trav\u00e9s de sus redes sociales, donde expres\u00f3 el profundo [&hellip;]","og_url":"https:\/\/conexion23.com\/?p=56821","og_site_name":"Conexi\u00f3n 23","article_publisher":"https:\/\/www.facebook.com\/conexion23com","article_published_time":"2026-04-30T22:12:55+00:00","og_image":[{"width":1024,"height":576,"url":"http:\/\/conexion23.com\/wp-content\/uploads\/2026\/04\/jj.jpg","type":"image\/jpeg"}],"author":"Raffy Ben\u00edtez","twitter_card":"summary_large_image","twitter_misc":{"Escrito por":"Raffy Ben\u00edtez","Tiempo de lectura":"1 minuto"},"schema":{"@context":"https:\/\/schema.org","@graph":[{"@type":"Article","@id":"https:\/\/conexion23.com\/?p=56821#article","isPartOf":{"@id":"https:\/\/conexion23.com\/?p=56821"},"author":{"name":"Raffy Ben\u00edtez","@id":"https:\/\/conexion23.com\/#\/schema\/person\/03e36043331117e97a373299bbcd30a6"},"headline":"Don Miguelo cancela presentaciones tras fallecimiento de su abuelo, figura paterna","datePublished":"2026-04-30T22:12:55+00:00","mainEntityOfPage":{"@id":"https:\/\/conexion23.com\/?p=56821"},"wordCount":185,"commentCount":0,"publisher":{"@id":"https:\/\/conexion23.com\/#organization"},"image":{"@id":"https:\/\/conexion23.com\/?p=56821#primaryimage"},"thumbnailUrl":"https:\/\/conexion23.com\/wp-content\/uploads\/2026\/04\/jj.jpg","keywords":["cancela","Don Miguelo","fallecimiento","figura paterna","Padre","presentaciones"],"articleSection":["Arte y cultura urbana"],"inLanguage":"es","potentialAction":[{"@type":"CommentAction","name":"Comment","target":["https:\/\/conexion23.com\/?p=56821#respond"]}]},{"@type":"WebPage","@id":"https:\/\/conexion23.com\/?p=56821","url":"https:\/\/conexion23.com\/?p=56821","name":"Don Miguelo cancela presentaciones tras fallecimiento de su abuelo, figura paterna - Conexi\u00f3n 23","isPartOf":{"@id":"https:\/\/conexion23.com\/#website"},"primaryImageOfPage":{"@id":"https:\/\/conexion23.com\/?p=56821#primaryimage"},"image":{"@id":"https:\/\/conexion23.com\/?p=56821#primaryimage"},"thumbnailUrl":"https:\/\/conexion23.com\/wp-content\/uploads\/2026\/04\/jj.jpg","datePublished":"2026-04-30T22:12:55+00:00","breadcrumb":{"@id":"https:\/\/conexion23.com\/?p=56821#breadcrumb"},"inLanguage":"es","potentialAction":[{"@type":"ReadAction","target":["https:\/\/conexion23.com\/?p=56821"]}]},{"@type":"ImageObject","inLanguage":"es","@id":"https:\/\/conexion23.com\/?p=56821#primaryimage","url":"https:\/\/conexion23.com\/wp-content\/uploads\/2026\/04\/jj.jpg","contentUrl":"https:\/\/conexion23.com\/wp-content\/uploads\/2026\/04\/jj.jpg","width":1024,"height":576},{"@type":"BreadcrumbList","@id":"https:\/\/conexion23.com\/?p=56821#breadcrumb","itemListElement":[{"@type":"ListItem","position":1,"name":"Portada","item":"https:\/\/conexion23.com\/"},{"@type":"ListItem","position":2,"name":"Don Miguelo cancela presentaciones tras fallecimiento de su abuelo, figura paterna"}]},{"@type":"WebSite","@id":"https:\/\/conexion23.com\/#website","url":"https:\/\/conexion23.com\/","name":"Conexi\u00f3n 23","description":"Peri\u00f3dico 100% Petromacorisano","publisher":{"@id":"https:\/\/conexion23.com\/#organization"},"potentialAction":[{"@type":"SearchAction","target":{"@type":"EntryPoint","urlTemplate":"https:\/\/conexion23.com\/?s={search_term_string}"},"query-input":{"@type":"PropertyValueSpecification","valueRequired":true,"valueName":"search_term_string"}}],"inLanguage":"es"},{"@type":"Organization","@id":"https:\/\/conexion23.com\/#organization","name":"Conexion 23","url":"https:\/\/conexion23.com\/","logo":{"@type":"ImageObject","inLanguage":"es","@id":"https:\/\/conexion23.com\/#\/schema\/logo\/image\/","url":"https:\/\/conexion23.com\/wp-content\/uploads\/2021\/11\/Diseno-sin-titulo-2.png","contentUrl":"https:\/\/conexion23.com\/wp-content\/uploads\/2021\/11\/Diseno-sin-titulo-2.png","width":541,"height":90,"caption":"Conexion 23"},"image":{"@id":"https:\/\/conexion23.com\/#\/schema\/logo\/image\/"},"sameAs":["https:\/\/www.facebook.com\/conexion23com","https:\/\/www.instagram.com\/conexion23com\/","https:\/\/www.youtube.com\/channel\/UCYc7vxxFZMYLIHNsHHxPZ3Q"]},{"@type":"Person","@id":"https:\/\/conexion23.com\/#\/schema\/person\/03e36043331117e97a373299bbcd30a6","name":"Raffy Ben\u00edtez","image":{"@type":"ImageObject","inLanguage":"es","@id":"https:\/\/conexion23.com\/#\/schema\/person\/image\/","url":"https:\/\/secure.gravatar.com\/avatar\/3190a6a6c5e1b0327500f7d6c56b6242472ee6cb974cf09b401ee6b3b0798f23?s=96&d=mm&r=g","contentUrl":"https:\/\/secure.gravatar.com\/avatar\/3190a6a6c5e1b0327500f7d6c56b6242472ee6cb974cf09b401ee6b3b0798f23?s=96&d=mm&r=g","caption":"Raffy Ben\u00edtez"},"url":"https:\/\/conexion23.com\/?author=15"}]}},"_links":{"self":[{"href":"https:\/\/conexion23.com\/index.php?rest_route=\/wp\/v2\/posts\/56821","targetHints":{"allow":["GET"]}}],"collection":[{"href":"https:\/\/conexion23.com\/index.php?rest_route=\/wp\/v2\/posts"}],"about":[{"href":"https:\/\/conexion23.com\/index.php?rest_route=\/wp\/v2\/types\/post"}],"author":[{"embeddable":true,"href":"https:\/\/conexion23.com\/index.php?rest_route=\/wp\/v2\/users\/15"}],"replies":[{"embeddable":true,"href":"https:\/\/conexion23.com\/index.php?rest_route=%2Fwp%2Fv2%2Fcomments&post=56821"}],"version-history":[{"count":1,"href":"https:\/\/conexion23.com\/index.php?rest_route=\/wp\/v2\/posts\/56821\/revisions"}],"predecessor-version":[{"id":56823,"href":"https:\/\/conexion23.com\/index.php?rest_route=\/wp\/v2\/posts\/56821\/revisions\/56823"}],"wp:featuredmedia":[{"embeddable":true,"href":"https:\/\/conexion23.com\/index.php?rest_route=\/wp\/v2\/media\/56822"}],"wp:attachment":[{"href":"https:\/\/conexion23.com\/index.php?rest_route=%2Fwp%2Fv2%2Fmedia&parent=56821"}],"wp:term":[{"taxonomy":"category","embeddable":true,"href":"https:\/\/conexion23.com\/index.php?rest_route=%2Fwp%2Fv2%2Fcategories&post=56821"},{"taxonomy":"post_tag","embeddable":true,"href":"https:\/\/conexion23.com\/index.php?rest_route=%2Fwp%2Fv2%2Ftags&post=56821"}],"curies":[{"name":"wp","href":"https:\/\/api.w.org\/{rel}","templated":true}]}}