{"id":56832,"date":"2026-04-30T20:29:53","date_gmt":"2026-05-01T00:29:53","guid":{"rendered":"https:\/\/conexion23.com\/?p=56832"},"modified":"2026-04-30T20:29:53","modified_gmt":"2026-05-01T00:29:53","slug":"despues-de-siete-anos-aterriza-en-miami-el-primer-vuelo-procedente-de-venezuela","status":"publish","type":"post","link":"https:\/\/conexion23.com\/?p=56832","title":{"rendered":"Despues de siete a\u00f1os, aterriza en Miami el primer vuelo procedente de Venezuela"},"content":{"rendered":"<p style=\"text-align: justify;\"><strong>El primer vuelo comercial directo procedente de Venezuela en siete a\u00f1os aterriz\u00f3 este jueves en el Aeropuerto Internacional de Miami, completando as\u00ed la reanudaci\u00f3n de esta ruta, que fue abierta horas antes cuando el mismo avi\u00f3n de American Airlines parti\u00f3 de Estados Unidos hacia Caracas.<\/strong><\/p>\n<p style=\"text-align: justify;\">El vuelo despeg\u00f3 de la capital venezolana a las 14:59 hora local (18:59 GMT) y aterriz\u00f3 a las 18:03 hora local (22:03 GMT) en el aeropuerto de Miami, despu\u00e9s de poco m\u00e1s de tres horas de trayecto.<\/p>\n<p style=\"text-align: justify;\">Horas antes, el mismo aparato hab\u00eda despegado de Miami con direcci\u00f3n a Caracas a las 10:11 hora local (14:11 GMT).<\/p>\n<p style=\"text-align: justify;\">La ruta tendr\u00e1 una frecuencia diaria entre ambos aeropuertos hasta el 20 de mayo, y aumentar\u00e1 a dos vuelos al d\u00eda desde el 21 de mayo, seg\u00fan inform\u00f3 la aerol\u00ednea estadounidense.<\/p>\n<p style=\"text-align: justify;\">El ambiente en el Aeropuerto Internacional de Miami para recibir a los pasajeros procedentes de Venezuela fue menos festivo que por la ma\u00f1ana, cuando se repartieron teque\u00f1os y hubo globos amarillos, azules y rojos con la bandera del pa\u00eds suramericano.<\/p>\n<p style=\"text-align: justify;\">En el primer vuelo hacia Caracas viaj\u00f3 una delegaci\u00f3n de la Casa Blanca, junto a empresarios estadounidenses, para trabajar en acuerdos econ\u00f3micos y de cooperaci\u00f3n en las \u00e1reas de energ\u00eda, petr\u00f3leo y gas.<\/p>\n<p style=\"text-align: justify;\">Sin embargo, el costo ha sido uno de los primeros filtros, as\u00ed como las restricciones de visas del gobierno estadounidense para los venezolanos y la ausencia de representaci\u00f3n consular venezolana en Estados Unidos, que han dejado a muchos venezolanos sin los documentos migratorios para ingresar a ambos pa\u00edses.<\/p>\n<p style=\"text-align: justify;\">Las b\u00fasquedas recientes en el sitio de internet de American Airlines muestran pasajes de ida y vuelta para finales de abril por encima de 2.700 d\u00f3lares, mientras que para mayo bajaban a poco m\u00e1s de 1.000 d\u00f3lares.<\/p>\n<p style=\"text-align: justify;\">Los vuelos comerciales directos entre ambos pa\u00edses fueron suspendidos en 2019 en medio de las tensiones entre los gobiernos del entonces presidente venezolano, Nicol\u00e1s Maduro, y su hom\u00f3logo estadounidense, Donald Trump, quien estaba en su primer mandato (2017-2021).<\/p>\n<p style=\"text-align: justify;\">Pero el propio Trump levant\u00f3 el veto este a\u00f1o, despu\u00e9s de que Washington y Caracas acercaran posiciones tras la captura del depuesto presidente Nicol\u00e1s Maduro por militares estadounidenses el pasado 3 de enero, y lo sustituyera como presidente encargada la entonces vicepresidenta, Delcy Rodr\u00edguez.<\/p>\n<p style=\"text-align: justify;\">El restablecimiento de las relaciones tambi\u00e9n impuls\u00f3 la reapertura de la embajada de EE.UU. en Caracas el pasado 30 de marzo.<\/p>\n<p style=\"text-align: justify;\">American Airlines recibi\u00f3 el pasado marzo la autorizaci\u00f3n del Gobierno estadounidense para reiniciar los vuelos, que conectan Caracas con Miami, donde se encuentra la mayor di\u00e1spora venezolana en Estados Unidos.<\/p>\n<p style=\"text-align: justify;\">No obstante, el Departamento de Estado de EE.UU. mantiene en nivel 3 la alerta para los estadounidenses que deseen viajar a Venezuela, a los que pide \u00abreconsiderar viajar a Venezuela\u00bb por el riesgo de \u00abcrimen, secuestro, terrorismo y una infraestructura de salud deficiente\u00bb.<\/p>\n","protected":false},"excerpt":{"rendered":"<p>El primer vuelo comercial directo procedente de Venezuela en siete a\u00f1os aterriz\u00f3 este jueves en el Aeropuerto Internacional de Miami, completando as\u00ed la reanudaci\u00f3n de esta ruta, que fue abierta horas antes cuando el mismo avi\u00f3n de American Airlines parti\u00f3 de Estados Unidos hacia Caracas. El vuelo despeg\u00f3 de la capital venezolana a las 14:59 [&hellip;]<\/p>\n","protected":false},"author":18,"featured_media":32265,"comment_status":"open","ping_status":"open","sticky":false,"template":"","format":"standard","meta":{"footnotes":""},"categories":[3881],"tags":[5687,1378,201],"class_list":{"0":"post-56832","1":"post","2":"type-post","3":"status-publish","4":"format-standard","5":"has-post-thumbnail","7":"category-internacionales","8":"tag-caracas","9":"tag-ee-uu-2","10":"tag-venezuela"},"yoast_head":"<!-- This site is optimized with the Yoast SEO plugin v27.1.1 - https:\/\/yoast.com\/product\/yoast-seo-wordpress\/ -->\n<title>Despues de siete a\u00f1os, aterriza en Miami el primer vuelo procedente de Venezuela - Conexi\u00f3n 23<\/title>\n<meta name=\"robots\" content=\"index, follow, max-snippet:-1, max-image-preview:large, max-video-preview:-1\" \/>\n<link rel=\"canonical\" href=\"https:\/\/conexion23.com\/?p=56832\" \/>\n<meta property=\"og:locale\" content=\"es_ES\" \/>\n<meta property=\"og:type\" content=\"article\" \/>\n<meta property=\"og:title\" content=\"Despues de siete a\u00f1os, aterriza en Miami el primer vuelo procedente de Venezuela - Conexi\u00f3n 23\" \/>\n<meta property=\"og:description\" content=\"El primer vuelo comercial directo procedente de Venezuela en siete a\u00f1os aterriz\u00f3 este jueves en el Aeropuerto Internacional de Miami, completando as\u00ed la reanudaci\u00f3n de esta ruta, que fue abierta horas antes cuando el mismo avi\u00f3n de American Airlines parti\u00f3 de Estados Unidos hacia Caracas. El vuelo despeg\u00f3 de la capital venezolana a las 14:59 [&hellip;]\" \/>\n<meta property=\"og:url\" content=\"https:\/\/conexion23.com\/?p=56832\" \/>\n<meta property=\"og:site_name\" content=\"Conexi\u00f3n 23\" \/>\n<meta property=\"article:publisher\" content=\"https:\/\/www.facebook.com\/conexion23com\" \/>\n<meta property=\"article:published_time\" content=\"2026-05-01T00:29:53+00:00\" \/>\n<meta property=\"og:image\" content=\"http:\/\/conexion23.com\/wp-content\/uploads\/2024\/09\/AVION.jpeg\" \/>\n\t<meta property=\"og:image:width\" content=\"900\" \/>\n\t<meta property=\"og:image:height\" content=\"506\" \/>\n\t<meta property=\"og:image:type\" content=\"image\/jpeg\" \/>\n<meta name=\"author\" content=\"Redacci\u00f3n\" \/>\n<meta name=\"twitter:card\" content=\"summary_large_image\" \/>\n<meta name=\"twitter:label1\" content=\"Escrito por\" \/>\n\t<meta name=\"twitter:data1\" content=\"Redacci\u00f3n\" \/>\n\t<meta name=\"twitter:label2\" content=\"Tiempo de lectura\" \/>\n\t<meta name=\"twitter:data2\" content=\"3 minutos\" \/>\n<script type=\"application\/ld+json\" class=\"yoast-schema-graph\">{\"@context\":\"https:\/\/schema.org\",\"@graph\":[{\"@type\":\"Article\",\"@id\":\"https:\/\/conexion23.com\/?p=56832#article\",\"isPartOf\":{\"@id\":\"https:\/\/conexion23.com\/?p=56832\"},\"author\":{\"name\":\"Redacci\u00f3n\",\"@id\":\"https:\/\/conexion23.com\/#\/schema\/person\/0a860802b17d01ad2a278f53c507c296\"},\"headline\":\"Despues de siete a\u00f1os, aterriza en Miami el primer vuelo procedente de Venezuela\",\"datePublished\":\"2026-05-01T00:29:53+00:00\",\"mainEntityOfPage\":{\"@id\":\"https:\/\/conexion23.com\/?p=56832\"},\"wordCount\":503,\"commentCount\":0,\"publisher\":{\"@id\":\"https:\/\/conexion23.com\/#organization\"},\"image\":{\"@id\":\"https:\/\/conexion23.com\/?p=56832#primaryimage\"},\"thumbnailUrl\":\"https:\/\/conexion23.com\/wp-content\/uploads\/2024\/09\/AVION.jpeg\",\"keywords\":[\"Caracas\",\"ee.uu\",\"venezuela\"],\"articleSection\":[\"Internacionales\"],\"inLanguage\":\"es\",\"potentialAction\":[{\"@type\":\"CommentAction\",\"name\":\"Comment\",\"target\":[\"https:\/\/conexion23.com\/?p=56832#respond\"]}]},{\"@type\":\"WebPage\",\"@id\":\"https:\/\/conexion23.com\/?p=56832\",\"url\":\"https:\/\/conexion23.com\/?p=56832\",\"name\":\"Despues de siete a\u00f1os, aterriza en Miami el primer vuelo procedente de Venezuela - Conexi\u00f3n 23\",\"isPartOf\":{\"@id\":\"https:\/\/conexion23.com\/#website\"},\"primaryImageOfPage\":{\"@id\":\"https:\/\/conexion23.com\/?p=56832#primaryimage\"},\"image\":{\"@id\":\"https:\/\/conexion23.com\/?p=56832#primaryimage\"},\"thumbnailUrl\":\"https:\/\/conexion23.com\/wp-content\/uploads\/2024\/09\/AVION.jpeg\",\"datePublished\":\"2026-05-01T00:29:53+00:00\",\"breadcrumb\":{\"@id\":\"https:\/\/conexion23.com\/?p=56832#breadcrumb\"},\"inLanguage\":\"es\",\"potentialAction\":[{\"@type\":\"ReadAction\",\"target\":[\"https:\/\/conexion23.com\/?p=56832\"]}]},{\"@type\":\"ImageObject\",\"inLanguage\":\"es\",\"@id\":\"https:\/\/conexion23.com\/?p=56832#primaryimage\",\"url\":\"https:\/\/conexion23.com\/wp-content\/uploads\/2024\/09\/AVION.jpeg\",\"contentUrl\":\"https:\/\/conexion23.com\/wp-content\/uploads\/2024\/09\/AVION.jpeg\",\"width\":900,\"height\":506},{\"@type\":\"BreadcrumbList\",\"@id\":\"https:\/\/conexion23.com\/?p=56832#breadcrumb\",\"itemListElement\":[{\"@type\":\"ListItem\",\"position\":1,\"name\":\"Portada\",\"item\":\"https:\/\/conexion23.com\/\"},{\"@type\":\"ListItem\",\"position\":2,\"name\":\"Despues de siete a\u00f1os, aterriza en Miami el primer vuelo procedente de Venezuela\"}]},{\"@type\":\"WebSite\",\"@id\":\"https:\/\/conexion23.com\/#website\",\"url\":\"https:\/\/conexion23.com\/\",\"name\":\"Conexi\u00f3n 23\",\"description\":\"Peri\u00f3dico 100% Petromacorisano\",\"publisher\":{\"@id\":\"https:\/\/conexion23.com\/#organization\"},\"potentialAction\":[{\"@type\":\"SearchAction\",\"target\":{\"@type\":\"EntryPoint\",\"urlTemplate\":\"https:\/\/conexion23.com\/?s={search_term_string}\"},\"query-input\":{\"@type\":\"PropertyValueSpecification\",\"valueRequired\":true,\"valueName\":\"search_term_string\"}}],\"inLanguage\":\"es\"},{\"@type\":\"Organization\",\"@id\":\"https:\/\/conexion23.com\/#organization\",\"name\":\"Conexion 23\",\"url\":\"https:\/\/conexion23.com\/\",\"logo\":{\"@type\":\"ImageObject\",\"inLanguage\":\"es\",\"@id\":\"https:\/\/conexion23.com\/#\/schema\/logo\/image\/\",\"url\":\"https:\/\/conexion23.com\/wp-content\/uploads\/2021\/11\/Diseno-sin-titulo-2.png\",\"contentUrl\":\"https:\/\/conexion23.com\/wp-content\/uploads\/2021\/11\/Diseno-sin-titulo-2.png\",\"width\":541,\"height\":90,\"caption\":\"Conexion 23\"},\"image\":{\"@id\":\"https:\/\/conexion23.com\/#\/schema\/logo\/image\/\"},\"sameAs\":[\"https:\/\/www.facebook.com\/conexion23com\",\"https:\/\/www.instagram.com\/conexion23com\/\",\"https:\/\/www.youtube.com\/channel\/UCYc7vxxFZMYLIHNsHHxPZ3Q\"]},{\"@type\":\"Person\",\"@id\":\"https:\/\/conexion23.com\/#\/schema\/person\/0a860802b17d01ad2a278f53c507c296\",\"name\":\"Redacci\u00f3n\",\"image\":{\"@type\":\"ImageObject\",\"inLanguage\":\"es\",\"@id\":\"https:\/\/conexion23.com\/#\/schema\/person\/image\/\",\"url\":\"https:\/\/secure.gravatar.com\/avatar\/ec9d84b79c776aa1994e5893944465db9974b17b884155623da51b7b62c02845?s=96&d=mm&r=g\",\"contentUrl\":\"https:\/\/secure.gravatar.com\/avatar\/ec9d84b79c776aa1994e5893944465db9974b17b884155623da51b7b62c02845?s=96&d=mm&r=g\",\"caption\":\"Redacci\u00f3n\"},\"url\":\"https:\/\/conexion23.com\/?author=18\"}]}<\/script>\n<!-- \/ Yoast SEO plugin. -->","yoast_head_json":{"title":"Despues de siete a\u00f1os, aterriza en Miami el primer vuelo procedente de Venezuela - Conexi\u00f3n 23","robots":{"index":"index","follow":"follow","max-snippet":"max-snippet:-1","max-image-preview":"max-image-preview:large","max-video-preview":"max-video-preview:-1"},"canonical":"https:\/\/conexion23.com\/?p=56832","og_locale":"es_ES","og_type":"article","og_title":"Despues de siete a\u00f1os, aterriza en Miami el primer vuelo procedente de Venezuela - Conexi\u00f3n 23","og_description":"El primer vuelo comercial directo procedente de Venezuela en siete a\u00f1os aterriz\u00f3 este jueves en el Aeropuerto Internacional de Miami, completando as\u00ed la reanudaci\u00f3n de esta ruta, que fue abierta horas antes cuando el mismo avi\u00f3n de American Airlines parti\u00f3 de Estados Unidos hacia Caracas. El vuelo despeg\u00f3 de la capital venezolana a las 14:59 [&hellip;]","og_url":"https:\/\/conexion23.com\/?p=56832","og_site_name":"Conexi\u00f3n 23","article_publisher":"https:\/\/www.facebook.com\/conexion23com","article_published_time":"2026-05-01T00:29:53+00:00","og_image":[{"width":900,"height":506,"url":"http:\/\/conexion23.com\/wp-content\/uploads\/2024\/09\/AVION.jpeg","type":"image\/jpeg"}],"author":"Redacci\u00f3n","twitter_card":"summary_large_image","twitter_misc":{"Escrito por":"Redacci\u00f3n","Tiempo de lectura":"3 minutos"},"schema":{"@context":"https:\/\/schema.org","@graph":[{"@type":"Article","@id":"https:\/\/conexion23.com\/?p=56832#article","isPartOf":{"@id":"https:\/\/conexion23.com\/?p=56832"},"author":{"name":"Redacci\u00f3n","@id":"https:\/\/conexion23.com\/#\/schema\/person\/0a860802b17d01ad2a278f53c507c296"},"headline":"Despues de siete a\u00f1os, aterriza en Miami el primer vuelo procedente de Venezuela","datePublished":"2026-05-01T00:29:53+00:00","mainEntityOfPage":{"@id":"https:\/\/conexion23.com\/?p=56832"},"wordCount":503,"commentCount":0,"publisher":{"@id":"https:\/\/conexion23.com\/#organization"},"image":{"@id":"https:\/\/conexion23.com\/?p=56832#primaryimage"},"thumbnailUrl":"https:\/\/conexion23.com\/wp-content\/uploads\/2024\/09\/AVION.jpeg","keywords":["Caracas","ee.uu","venezuela"],"articleSection":["Internacionales"],"inLanguage":"es","potentialAction":[{"@type":"CommentAction","name":"Comment","target":["https:\/\/conexion23.com\/?p=56832#respond"]}]},{"@type":"WebPage","@id":"https:\/\/conexion23.com\/?p=56832","url":"https:\/\/conexion23.com\/?p=56832","name":"Despues de siete a\u00f1os, aterriza en Miami el primer vuelo procedente de Venezuela - Conexi\u00f3n 23","isPartOf":{"@id":"https:\/\/conexion23.com\/#website"},"primaryImageOfPage":{"@id":"https:\/\/conexion23.com\/?p=56832#primaryimage"},"image":{"@id":"https:\/\/conexion23.com\/?p=56832#primaryimage"},"thumbnailUrl":"https:\/\/conexion23.com\/wp-content\/uploads\/2024\/09\/AVION.jpeg","datePublished":"2026-05-01T00:29:53+00:00","breadcrumb":{"@id":"https:\/\/conexion23.com\/?p=56832#breadcrumb"},"inLanguage":"es","potentialAction":[{"@type":"ReadAction","target":["https:\/\/conexion23.com\/?p=56832"]}]},{"@type":"ImageObject","inLanguage":"es","@id":"https:\/\/conexion23.com\/?p=56832#primaryimage","url":"https:\/\/conexion23.com\/wp-content\/uploads\/2024\/09\/AVION.jpeg","contentUrl":"https:\/\/conexion23.com\/wp-content\/uploads\/2024\/09\/AVION.jpeg","width":900,"height":506},{"@type":"BreadcrumbList","@id":"https:\/\/conexion23.com\/?p=56832#breadcrumb","itemListElement":[{"@type":"ListItem","position":1,"name":"Portada","item":"https:\/\/conexion23.com\/"},{"@type":"ListItem","position":2,"name":"Despues de siete a\u00f1os, aterriza en Miami el primer vuelo procedente de Venezuela"}]},{"@type":"WebSite","@id":"https:\/\/conexion23.com\/#website","url":"https:\/\/conexion23.com\/","name":"Conexi\u00f3n 23","description":"Peri\u00f3dico 100% Petromacorisano","publisher":{"@id":"https:\/\/conexion23.com\/#organization"},"potentialAction":[{"@type":"SearchAction","target":{"@type":"EntryPoint","urlTemplate":"https:\/\/conexion23.com\/?s={search_term_string}"},"query-input":{"@type":"PropertyValueSpecification","valueRequired":true,"valueName":"search_term_string"}}],"inLanguage":"es"},{"@type":"Organization","@id":"https:\/\/conexion23.com\/#organization","name":"Conexion 23","url":"https:\/\/conexion23.com\/","logo":{"@type":"ImageObject","inLanguage":"es","@id":"https:\/\/conexion23.com\/#\/schema\/logo\/image\/","url":"https:\/\/conexion23.com\/wp-content\/uploads\/2021\/11\/Diseno-sin-titulo-2.png","contentUrl":"https:\/\/conexion23.com\/wp-content\/uploads\/2021\/11\/Diseno-sin-titulo-2.png","width":541,"height":90,"caption":"Conexion 23"},"image":{"@id":"https:\/\/conexion23.com\/#\/schema\/logo\/image\/"},"sameAs":["https:\/\/www.facebook.com\/conexion23com","https:\/\/www.instagram.com\/conexion23com\/","https:\/\/www.youtube.com\/channel\/UCYc7vxxFZMYLIHNsHHxPZ3Q"]},{"@type":"Person","@id":"https:\/\/conexion23.com\/#\/schema\/person\/0a860802b17d01ad2a278f53c507c296","name":"Redacci\u00f3n","image":{"@type":"ImageObject","inLanguage":"es","@id":"https:\/\/conexion23.com\/#\/schema\/person\/image\/","url":"https:\/\/secure.gravatar.com\/avatar\/ec9d84b79c776aa1994e5893944465db9974b17b884155623da51b7b62c02845?s=96&d=mm&r=g","contentUrl":"https:\/\/secure.gravatar.com\/avatar\/ec9d84b79c776aa1994e5893944465db9974b17b884155623da51b7b62c02845?s=96&d=mm&r=g","caption":"Redacci\u00f3n"},"url":"https:\/\/conexion23.com\/?author=18"}]}},"_links":{"self":[{"href":"https:\/\/conexion23.com\/index.php?rest_route=\/wp\/v2\/posts\/56832","targetHints":{"allow":["GET"]}}],"collection":[{"href":"https:\/\/conexion23.com\/index.php?rest_route=\/wp\/v2\/posts"}],"about":[{"href":"https:\/\/conexion23.com\/index.php?rest_route=\/wp\/v2\/types\/post"}],"author":[{"embeddable":true,"href":"https:\/\/conexion23.com\/index.php?rest_route=\/wp\/v2\/users\/18"}],"replies":[{"embeddable":true,"href":"https:\/\/conexion23.com\/index.php?rest_route=%2Fwp%2Fv2%2Fcomments&post=56832"}],"version-history":[{"count":1,"href":"https:\/\/conexion23.com\/index.php?rest_route=\/wp\/v2\/posts\/56832\/revisions"}],"predecessor-version":[{"id":56833,"href":"https:\/\/conexion23.com\/index.php?rest_route=\/wp\/v2\/posts\/56832\/revisions\/56833"}],"wp:featuredmedia":[{"embeddable":true,"href":"https:\/\/conexion23.com\/index.php?rest_route=\/wp\/v2\/media\/32265"}],"wp:attachment":[{"href":"https:\/\/conexion23.com\/index.php?rest_route=%2Fwp%2Fv2%2Fmedia&parent=56832"}],"wp:term":[{"taxonomy":"category","embeddable":true,"href":"https:\/\/conexion23.com\/index.php?rest_route=%2Fwp%2Fv2%2Fcategories&post=56832"},{"taxonomy":"post_tag","embeddable":true,"href":"https:\/\/conexion23.com\/index.php?rest_route=%2Fwp%2Fv2%2Ftags&post=56832"}],"curies":[{"name":"wp","href":"https:\/\/api.w.org\/{rel}","templated":true}]}}