{"id":56834,"date":"2026-04-30T20:37:20","date_gmt":"2026-05-01T00:37:20","guid":{"rendered":"https:\/\/conexion23.com\/?p=56834"},"modified":"2026-04-30T20:37:20","modified_gmt":"2026-05-01T00:37:20","slug":"minerd-mantiene-suspendida-docencia-este-viernes-en-provincias-en-alerta-roja-por-lluvias","status":"publish","type":"post","link":"https:\/\/conexion23.com\/?p=56834","title":{"rendered":"Minerd mantiene suspendida docencia este viernes en provincias en alerta roja por lluvias"},"content":{"rendered":"<p style=\"text-align: justify;\"><strong>El Ministerio de Educaci\u00f3n de la Rep\u00fablica Dominicana (Minerd) inform\u00f3 que continua para este viernes la suspensi\u00f3n de docencia en las provincias de Montecristi, Puerto Plata, Santiago Rodr\u00edguez y Valverde tras ser declaradas en alerta roja en el bolet\u00edn del Centro de Operaciones de Emergencias (COE) debido a las condiciones meteorol\u00f3gicas actuales.<\/strong><\/p>\n<p style=\"text-align: justify;\">La cartera educativa indic\u00f3 a los directores regionales, distritales y de centros educativos a mantener medidas preventivas en las provincias en alerta amarilla que cuentan con zonas vulnerables, en funci\u00f3n de la evoluci\u00f3n de las condiciones clim\u00e1ticas.<\/p>\n<p style=\"text-align: justify;\">La entidad sostuvo que estas disposiciones incluyen la evaluaci\u00f3n continua de riesgos, as\u00ed como la potestad para suspender la docencia en \u00e1reas donde las condiciones climatol\u00f3gicas lo ameriten.<\/p>\n<p style=\"text-align: justify;\">El Ministerio llam\u00f3 a la comunidad educativa a mantenerse atenta a los boletines oficiales y a seguir las orientaciones de los organismos de protecci\u00f3n civil.<\/p>\n<p style=\"text-align: justify;\">Igualmente, record\u00f3 que, de acuerdo con el Centro de Operaciones de Emergencias (COE), la alerta roja se declara cuando existe un alto nivel de riesgo para la poblaci\u00f3n, ante la inminente ocurrencia de fen\u00f3menos adversos o cuando estos ya est\u00e1n impactando de manera significativa, lo que requiere la adopci\u00f3n inmediata de medidas de protecci\u00f3n.<\/p>\n<p style=\"text-align: justify;\">El COE establece que la alerta amarilla indica una situaci\u00f3n de riesgo moderado que puede escalar, por lo que se recomienda a la poblaci\u00f3n mantenerse atenta, y tomar precauciones.<\/p>\n<p style=\"text-align: justify;\">De igual forma, la alerta verde se emite ante la posibilidad de un evento adverso, lo que implica condiciones de vigilancia y seguimiento, sin que represente un peligro inmediato.<\/p>\n","protected":false},"excerpt":{"rendered":"<p>El Ministerio de Educaci\u00f3n de la Rep\u00fablica Dominicana (Minerd) inform\u00f3 que continua para este viernes la suspensi\u00f3n de docencia en las provincias de Montecristi, Puerto Plata, Santiago Rodr\u00edguez y Valverde tras ser declaradas en alerta roja en el bolet\u00edn del Centro de Operaciones de Emergencias (COE) debido a las condiciones meteorol\u00f3gicas actuales. La cartera educativa [&hellip;]<\/p>\n","protected":false},"author":18,"featured_media":56835,"comment_status":"open","ping_status":"open","sticky":false,"template":"","format":"standard","meta":{"footnotes":""},"categories":[3913,3773],"tags":[8678,483,90,1043],"class_list":{"0":"post-56834","1":"post","2":"type-post","3":"status-publish","4":"format-standard","5":"has-post-thumbnail","7":"category-nacionales","8":"category-portada","9":"tag-centro","10":"tag-coe","11":"tag-educacion","12":"tag-lluvia"},"yoast_head":"<!-- This site is optimized with the Yoast SEO plugin v27.1.1 - https:\/\/yoast.com\/product\/yoast-seo-wordpress\/ -->\n<title>Minerd mantiene suspendida docencia este viernes en provincias en alerta roja por lluvias - Conexi\u00f3n 23<\/title>\n<meta name=\"robots\" content=\"index, follow, max-snippet:-1, max-image-preview:large, max-video-preview:-1\" \/>\n<link rel=\"canonical\" href=\"https:\/\/conexion23.com\/?p=56834\" \/>\n<meta property=\"og:locale\" content=\"es_ES\" \/>\n<meta property=\"og:type\" content=\"article\" \/>\n<meta property=\"og:title\" content=\"Minerd mantiene suspendida docencia este viernes en provincias en alerta roja por lluvias - Conexi\u00f3n 23\" \/>\n<meta property=\"og:description\" content=\"El Ministerio de Educaci\u00f3n de la Rep\u00fablica Dominicana (Minerd) inform\u00f3 que continua para este viernes la suspensi\u00f3n de docencia en las provincias de Montecristi, Puerto Plata, Santiago Rodr\u00edguez y Valverde tras ser declaradas en alerta roja en el bolet\u00edn del Centro de Operaciones de Emergencias (COE) debido a las condiciones meteorol\u00f3gicas actuales. La cartera educativa [&hellip;]\" \/>\n<meta property=\"og:url\" content=\"https:\/\/conexion23.com\/?p=56834\" \/>\n<meta property=\"og:site_name\" content=\"Conexi\u00f3n 23\" \/>\n<meta property=\"article:publisher\" content=\"https:\/\/www.facebook.com\/conexion23com\" \/>\n<meta property=\"article:published_time\" content=\"2026-05-01T00:37:20+00:00\" \/>\n<meta property=\"og:image\" content=\"http:\/\/conexion23.com\/wp-content\/uploads\/2026\/04\/suspenden-dosencia.jpg\" \/>\n\t<meta property=\"og:image:width\" content=\"2000\" \/>\n\t<meta property=\"og:image:height\" content=\"1600\" \/>\n\t<meta property=\"og:image:type\" content=\"image\/jpeg\" \/>\n<meta name=\"author\" content=\"Redacci\u00f3n\" \/>\n<meta name=\"twitter:card\" content=\"summary_large_image\" \/>\n<meta name=\"twitter:label1\" content=\"Escrito por\" \/>\n\t<meta name=\"twitter:data1\" content=\"Redacci\u00f3n\" \/>\n\t<meta name=\"twitter:label2\" content=\"Tiempo de lectura\" \/>\n\t<meta name=\"twitter:data2\" content=\"2 minutos\" \/>\n<script type=\"application\/ld+json\" class=\"yoast-schema-graph\">{\"@context\":\"https:\/\/schema.org\",\"@graph\":[{\"@type\":\"Article\",\"@id\":\"https:\/\/conexion23.com\/?p=56834#article\",\"isPartOf\":{\"@id\":\"https:\/\/conexion23.com\/?p=56834\"},\"author\":{\"name\":\"Redacci\u00f3n\",\"@id\":\"https:\/\/conexion23.com\/#\/schema\/person\/0a860802b17d01ad2a278f53c507c296\"},\"headline\":\"Minerd mantiene suspendida docencia este viernes en provincias en alerta roja por lluvias\",\"datePublished\":\"2026-05-01T00:37:20+00:00\",\"mainEntityOfPage\":{\"@id\":\"https:\/\/conexion23.com\/?p=56834\"},\"wordCount\":286,\"commentCount\":0,\"publisher\":{\"@id\":\"https:\/\/conexion23.com\/#organization\"},\"image\":{\"@id\":\"https:\/\/conexion23.com\/?p=56834#primaryimage\"},\"thumbnailUrl\":\"https:\/\/conexion23.com\/wp-content\/uploads\/2026\/04\/suspenden-dosencia.jpg\",\"keywords\":[\"Centro\",\"coe\",\"EDUCACION\",\"lluvia\"],\"articleSection\":[\"Nacionales\",\"Portada\"],\"inLanguage\":\"es\",\"potentialAction\":[{\"@type\":\"CommentAction\",\"name\":\"Comment\",\"target\":[\"https:\/\/conexion23.com\/?p=56834#respond\"]}]},{\"@type\":\"WebPage\",\"@id\":\"https:\/\/conexion23.com\/?p=56834\",\"url\":\"https:\/\/conexion23.com\/?p=56834\",\"name\":\"Minerd mantiene suspendida docencia este viernes en provincias en alerta roja por lluvias - Conexi\u00f3n 23\",\"isPartOf\":{\"@id\":\"https:\/\/conexion23.com\/#website\"},\"primaryImageOfPage\":{\"@id\":\"https:\/\/conexion23.com\/?p=56834#primaryimage\"},\"image\":{\"@id\":\"https:\/\/conexion23.com\/?p=56834#primaryimage\"},\"thumbnailUrl\":\"https:\/\/conexion23.com\/wp-content\/uploads\/2026\/04\/suspenden-dosencia.jpg\",\"datePublished\":\"2026-05-01T00:37:20+00:00\",\"breadcrumb\":{\"@id\":\"https:\/\/conexion23.com\/?p=56834#breadcrumb\"},\"inLanguage\":\"es\",\"potentialAction\":[{\"@type\":\"ReadAction\",\"target\":[\"https:\/\/conexion23.com\/?p=56834\"]}]},{\"@type\":\"ImageObject\",\"inLanguage\":\"es\",\"@id\":\"https:\/\/conexion23.com\/?p=56834#primaryimage\",\"url\":\"https:\/\/conexion23.com\/wp-content\/uploads\/2026\/04\/suspenden-dosencia.jpg\",\"contentUrl\":\"https:\/\/conexion23.com\/wp-content\/uploads\/2026\/04\/suspenden-dosencia.jpg\",\"width\":2000,\"height\":1600},{\"@type\":\"BreadcrumbList\",\"@id\":\"https:\/\/conexion23.com\/?p=56834#breadcrumb\",\"itemListElement\":[{\"@type\":\"ListItem\",\"position\":1,\"name\":\"Portada\",\"item\":\"https:\/\/conexion23.com\/\"},{\"@type\":\"ListItem\",\"position\":2,\"name\":\"Minerd mantiene suspendida docencia este viernes en provincias en alerta roja por lluvias\"}]},{\"@type\":\"WebSite\",\"@id\":\"https:\/\/conexion23.com\/#website\",\"url\":\"https:\/\/conexion23.com\/\",\"name\":\"Conexi\u00f3n 23\",\"description\":\"Peri\u00f3dico 100% Petromacorisano\",\"publisher\":{\"@id\":\"https:\/\/conexion23.com\/#organization\"},\"potentialAction\":[{\"@type\":\"SearchAction\",\"target\":{\"@type\":\"EntryPoint\",\"urlTemplate\":\"https:\/\/conexion23.com\/?s={search_term_string}\"},\"query-input\":{\"@type\":\"PropertyValueSpecification\",\"valueRequired\":true,\"valueName\":\"search_term_string\"}}],\"inLanguage\":\"es\"},{\"@type\":\"Organization\",\"@id\":\"https:\/\/conexion23.com\/#organization\",\"name\":\"Conexion 23\",\"url\":\"https:\/\/conexion23.com\/\",\"logo\":{\"@type\":\"ImageObject\",\"inLanguage\":\"es\",\"@id\":\"https:\/\/conexion23.com\/#\/schema\/logo\/image\/\",\"url\":\"https:\/\/conexion23.com\/wp-content\/uploads\/2021\/11\/Diseno-sin-titulo-2.png\",\"contentUrl\":\"https:\/\/conexion23.com\/wp-content\/uploads\/2021\/11\/Diseno-sin-titulo-2.png\",\"width\":541,\"height\":90,\"caption\":\"Conexion 23\"},\"image\":{\"@id\":\"https:\/\/conexion23.com\/#\/schema\/logo\/image\/\"},\"sameAs\":[\"https:\/\/www.facebook.com\/conexion23com\",\"https:\/\/www.instagram.com\/conexion23com\/\",\"https:\/\/www.youtube.com\/channel\/UCYc7vxxFZMYLIHNsHHxPZ3Q\"]},{\"@type\":\"Person\",\"@id\":\"https:\/\/conexion23.com\/#\/schema\/person\/0a860802b17d01ad2a278f53c507c296\",\"name\":\"Redacci\u00f3n\",\"image\":{\"@type\":\"ImageObject\",\"inLanguage\":\"es\",\"@id\":\"https:\/\/conexion23.com\/#\/schema\/person\/image\/\",\"url\":\"https:\/\/secure.gravatar.com\/avatar\/ec9d84b79c776aa1994e5893944465db9974b17b884155623da51b7b62c02845?s=96&d=mm&r=g\",\"contentUrl\":\"https:\/\/secure.gravatar.com\/avatar\/ec9d84b79c776aa1994e5893944465db9974b17b884155623da51b7b62c02845?s=96&d=mm&r=g\",\"caption\":\"Redacci\u00f3n\"},\"url\":\"https:\/\/conexion23.com\/?author=18\"}]}<\/script>\n<!-- \/ Yoast SEO plugin. -->","yoast_head_json":{"title":"Minerd mantiene suspendida docencia este viernes en provincias en alerta roja por lluvias - Conexi\u00f3n 23","robots":{"index":"index","follow":"follow","max-snippet":"max-snippet:-1","max-image-preview":"max-image-preview:large","max-video-preview":"max-video-preview:-1"},"canonical":"https:\/\/conexion23.com\/?p=56834","og_locale":"es_ES","og_type":"article","og_title":"Minerd mantiene suspendida docencia este viernes en provincias en alerta roja por lluvias - Conexi\u00f3n 23","og_description":"El Ministerio de Educaci\u00f3n de la Rep\u00fablica Dominicana (Minerd) inform\u00f3 que continua para este viernes la suspensi\u00f3n de docencia en las provincias de Montecristi, Puerto Plata, Santiago Rodr\u00edguez y Valverde tras ser declaradas en alerta roja en el bolet\u00edn del Centro de Operaciones de Emergencias (COE) debido a las condiciones meteorol\u00f3gicas actuales. La cartera educativa [&hellip;]","og_url":"https:\/\/conexion23.com\/?p=56834","og_site_name":"Conexi\u00f3n 23","article_publisher":"https:\/\/www.facebook.com\/conexion23com","article_published_time":"2026-05-01T00:37:20+00:00","og_image":[{"width":2000,"height":1600,"url":"http:\/\/conexion23.com\/wp-content\/uploads\/2026\/04\/suspenden-dosencia.jpg","type":"image\/jpeg"}],"author":"Redacci\u00f3n","twitter_card":"summary_large_image","twitter_misc":{"Escrito por":"Redacci\u00f3n","Tiempo de lectura":"2 minutos"},"schema":{"@context":"https:\/\/schema.org","@graph":[{"@type":"Article","@id":"https:\/\/conexion23.com\/?p=56834#article","isPartOf":{"@id":"https:\/\/conexion23.com\/?p=56834"},"author":{"name":"Redacci\u00f3n","@id":"https:\/\/conexion23.com\/#\/schema\/person\/0a860802b17d01ad2a278f53c507c296"},"headline":"Minerd mantiene suspendida docencia este viernes en provincias en alerta roja por lluvias","datePublished":"2026-05-01T00:37:20+00:00","mainEntityOfPage":{"@id":"https:\/\/conexion23.com\/?p=56834"},"wordCount":286,"commentCount":0,"publisher":{"@id":"https:\/\/conexion23.com\/#organization"},"image":{"@id":"https:\/\/conexion23.com\/?p=56834#primaryimage"},"thumbnailUrl":"https:\/\/conexion23.com\/wp-content\/uploads\/2026\/04\/suspenden-dosencia.jpg","keywords":["Centro","coe","EDUCACION","lluvia"],"articleSection":["Nacionales","Portada"],"inLanguage":"es","potentialAction":[{"@type":"CommentAction","name":"Comment","target":["https:\/\/conexion23.com\/?p=56834#respond"]}]},{"@type":"WebPage","@id":"https:\/\/conexion23.com\/?p=56834","url":"https:\/\/conexion23.com\/?p=56834","name":"Minerd mantiene suspendida docencia este viernes en provincias en alerta roja por lluvias - Conexi\u00f3n 23","isPartOf":{"@id":"https:\/\/conexion23.com\/#website"},"primaryImageOfPage":{"@id":"https:\/\/conexion23.com\/?p=56834#primaryimage"},"image":{"@id":"https:\/\/conexion23.com\/?p=56834#primaryimage"},"thumbnailUrl":"https:\/\/conexion23.com\/wp-content\/uploads\/2026\/04\/suspenden-dosencia.jpg","datePublished":"2026-05-01T00:37:20+00:00","breadcrumb":{"@id":"https:\/\/conexion23.com\/?p=56834#breadcrumb"},"inLanguage":"es","potentialAction":[{"@type":"ReadAction","target":["https:\/\/conexion23.com\/?p=56834"]}]},{"@type":"ImageObject","inLanguage":"es","@id":"https:\/\/conexion23.com\/?p=56834#primaryimage","url":"https:\/\/conexion23.com\/wp-content\/uploads\/2026\/04\/suspenden-dosencia.jpg","contentUrl":"https:\/\/conexion23.com\/wp-content\/uploads\/2026\/04\/suspenden-dosencia.jpg","width":2000,"height":1600},{"@type":"BreadcrumbList","@id":"https:\/\/conexion23.com\/?p=56834#breadcrumb","itemListElement":[{"@type":"ListItem","position":1,"name":"Portada","item":"https:\/\/conexion23.com\/"},{"@type":"ListItem","position":2,"name":"Minerd mantiene suspendida docencia este viernes en provincias en alerta roja por lluvias"}]},{"@type":"WebSite","@id":"https:\/\/conexion23.com\/#website","url":"https:\/\/conexion23.com\/","name":"Conexi\u00f3n 23","description":"Peri\u00f3dico 100% Petromacorisano","publisher":{"@id":"https:\/\/conexion23.com\/#organization"},"potentialAction":[{"@type":"SearchAction","target":{"@type":"EntryPoint","urlTemplate":"https:\/\/conexion23.com\/?s={search_term_string}"},"query-input":{"@type":"PropertyValueSpecification","valueRequired":true,"valueName":"search_term_string"}}],"inLanguage":"es"},{"@type":"Organization","@id":"https:\/\/conexion23.com\/#organization","name":"Conexion 23","url":"https:\/\/conexion23.com\/","logo":{"@type":"ImageObject","inLanguage":"es","@id":"https:\/\/conexion23.com\/#\/schema\/logo\/image\/","url":"https:\/\/conexion23.com\/wp-content\/uploads\/2021\/11\/Diseno-sin-titulo-2.png","contentUrl":"https:\/\/conexion23.com\/wp-content\/uploads\/2021\/11\/Diseno-sin-titulo-2.png","width":541,"height":90,"caption":"Conexion 23"},"image":{"@id":"https:\/\/conexion23.com\/#\/schema\/logo\/image\/"},"sameAs":["https:\/\/www.facebook.com\/conexion23com","https:\/\/www.instagram.com\/conexion23com\/","https:\/\/www.youtube.com\/channel\/UCYc7vxxFZMYLIHNsHHxPZ3Q"]},{"@type":"Person","@id":"https:\/\/conexion23.com\/#\/schema\/person\/0a860802b17d01ad2a278f53c507c296","name":"Redacci\u00f3n","image":{"@type":"ImageObject","inLanguage":"es","@id":"https:\/\/conexion23.com\/#\/schema\/person\/image\/","url":"https:\/\/secure.gravatar.com\/avatar\/ec9d84b79c776aa1994e5893944465db9974b17b884155623da51b7b62c02845?s=96&d=mm&r=g","contentUrl":"https:\/\/secure.gravatar.com\/avatar\/ec9d84b79c776aa1994e5893944465db9974b17b884155623da51b7b62c02845?s=96&d=mm&r=g","caption":"Redacci\u00f3n"},"url":"https:\/\/conexion23.com\/?author=18"}]}},"_links":{"self":[{"href":"https:\/\/conexion23.com\/index.php?rest_route=\/wp\/v2\/posts\/56834","targetHints":{"allow":["GET"]}}],"collection":[{"href":"https:\/\/conexion23.com\/index.php?rest_route=\/wp\/v2\/posts"}],"about":[{"href":"https:\/\/conexion23.com\/index.php?rest_route=\/wp\/v2\/types\/post"}],"author":[{"embeddable":true,"href":"https:\/\/conexion23.com\/index.php?rest_route=\/wp\/v2\/users\/18"}],"replies":[{"embeddable":true,"href":"https:\/\/conexion23.com\/index.php?rest_route=%2Fwp%2Fv2%2Fcomments&post=56834"}],"version-history":[{"count":1,"href":"https:\/\/conexion23.com\/index.php?rest_route=\/wp\/v2\/posts\/56834\/revisions"}],"predecessor-version":[{"id":56836,"href":"https:\/\/conexion23.com\/index.php?rest_route=\/wp\/v2\/posts\/56834\/revisions\/56836"}],"wp:featuredmedia":[{"embeddable":true,"href":"https:\/\/conexion23.com\/index.php?rest_route=\/wp\/v2\/media\/56835"}],"wp:attachment":[{"href":"https:\/\/conexion23.com\/index.php?rest_route=%2Fwp%2Fv2%2Fmedia&parent=56834"}],"wp:term":[{"taxonomy":"category","embeddable":true,"href":"https:\/\/conexion23.com\/index.php?rest_route=%2Fwp%2Fv2%2Fcategories&post=56834"},{"taxonomy":"post_tag","embeddable":true,"href":"https:\/\/conexion23.com\/index.php?rest_route=%2Fwp%2Fv2%2Ftags&post=56834"}],"curies":[{"name":"wp","href":"https:\/\/api.w.org\/{rel}","templated":true}]}}