{"id":56837,"date":"2026-04-30T20:47:26","date_gmt":"2026-05-01T00:47:26","guid":{"rendered":"https:\/\/conexion23.com\/?p=56837"},"modified":"2026-04-30T20:47:26","modified_gmt":"2026-05-01T00:47:26","slug":"analizando-el-nuevo-codigo-penal-profesionales-acusados-de-delitos-graves-perderan-su-exequatur","status":"publish","type":"post","link":"https:\/\/conexion23.com\/?p=56837","title":{"rendered":"Analizando el nuevo c\u00f3digo penal: profesionales acusados de delitos graves perder\u00e1n su exequ\u00e1tur"},"content":{"rendered":"<p style=\"font-weight: 400; text-align: justify;\"><strong>El seis (6) de agosto del a\u00f1o 2026, entrar\u00e1 en vigencia en nuevo C\u00f3digo Penal en la Rep\u00fablica, por un lado con grandes avances, retrocesos, aumentos de penas, la configuraci\u00f3n de delitos nuevos, la figura del c\u00famulo de penas, una nueva modalidad de cumplimiento de las penas, entre otras novedades que el pa\u00eds a\u00fan desconoce y que deber\u00edan saber porque este c\u00f3digo le va a dar muy duro a las personas que se dedican a cometer delitos y que antes se pod\u00edan salir con las suyas, ya que trae penas bastante severas y ser\u00e1 necesario construir varias c\u00e1rceles nuevas porque las que hay no van a dar abasto.<\/strong><\/p>\n<p style=\"font-weight: 400; text-align: justify;\">Una de las figuras nuevas lo constituye el hecho de que el art\u00edculo 251 del nuevo c\u00f3digo penal, contempla penas que ser\u00e1n complementarias o adicionales y concomitantes a las de la prisi\u00f3n correccional establecidas en los art\u00edculos 30, 34 y 41 del mismo c\u00f3digo, cuando un profesional de cualquier rama utilice su profesi\u00f3n, sus conocimientos y hasta su oficina para cometer delitos y que incluyen no solamente el cierre y clausura a veces definitivas otras veces de manera temporal, de la sociedad comercial acusada del delito, sino tambi\u00e9n que las personas que las dirigen y resulten culpables, no importa la profesi\u00f3n o el oficio que ejerzan, tambi\u00e9n les ser\u00e1n revocados unas veces de manera temporal y otras veces de manera definitiva el exequ\u00e1tur que les fue otorgado por el poder ejecutivo para ejercer su profesi\u00f3n, lo que no estaba claramente regulado en leyes anteriores o era de dif\u00edcil aplicaci\u00f3n dada las complicidades que se daban en los gremios profesionales para sancionar solo de manera leve a sus miembros, a excepci\u00f3n del Colegio Dominicano de Notarios que de manera frecuente si solicitaba la cancelaci\u00f3n del exequatur a varios notarios acusados de faltas muy graves al ejercicio de la notar\u00eda, lo que permit\u00eda en otros gremios, que un profesional condenado hasta varias veces por utilizar su profesi\u00f3n u oficio para cometer delitos siguiera operando y delinquiendo, como ocurre con varios ingenieros y agrimensores, cuya ley del Colegio Dominicano de Ingenieros, Arquitectos y Agrimensores y profesiones afines era pr\u00e1cticamente inaplicables en materia disciplinaria y esto permit\u00eda que siguieran delinquiendo a pesar de haber sido condenados por pr\u00e1cticas dolosas tanto de estafas como de robo de tierras en sus profesiones.<\/p>\n<p style=\"font-weight: 400; text-align: justify;\">Esta disposici\u00f3n pondr\u00e1 en cintura a varios ingenieros dedicados a cometer estafas y abuso de confianza involucrados en estafas inmobiliarias, bancarrotas fraudulentas y estructuras piramidales para defraudar el patrimonio de cientos de personas que compran apartamentos en planos, lo mismo suceder\u00e1 con los m\u00e9dicos que tienen su propio cementerio privado por malas pr\u00e1cticas m\u00e9dicas a los cuales pr\u00e1cticamente nunca se les clausuran los consultorios ni su exequ\u00e1tur y por v\u00eda de consecuencia siguen en su proceso de operaciones quir\u00fargicas clandestinas y de carnicer\u00eda mortal sin muchas consecuencias.<\/p>\n<p style=\"font-weight: 400; text-align: justify;\">Con esta nueva disposici\u00f3n el Ministerio P\u00fablico podr\u00e1 lograr la revocaci\u00f3n definitiva del exequ\u00e1tur profesional de contables, auditores, dedicados a cometer delitos graves y muy graves vinculados a la doble contabilidad y al lavado de activos, abogados, ingenieros, arquitectos y agrimensores y profesiones afines, dedicados a cometer estafas, falsificaciones, uso de documentos falsos y cualquier tipo de delitos graves y muy graves, maestros, m\u00e9dicos, enfermeros, administradores de empresas, ingenieros en sistemas, etc. etc. etc.<\/p>\n<p style=\"font-weight: 400; text-align: justify;\">Los art\u00edculos 30, 34, 39 y 41 del nuevo C\u00f3digo Penal (ley 74-25), establecen lo siguiente;<\/p>\n<p style=\"font-weight: 400; text-align: justify;\">\u201cPenas complementarias por infracciones leves, graves y muy graves. Las penas complementarias aplicables a las personas f\u00edsicas imputables de infracciones muy graves son las siguientes\u201d:<\/p>\n<p style=\"font-weight: 400; text-align: justify;\">2)\u00a0El cierre definitivo del establecimiento comercial o de la instalaci\u00f3n involucrada directa o indirectamente en la infracci\u00f3n, o su cierre temporal por un periodo no mayor de tres a\u00f1os;<\/p>\n<p style=\"font-weight: 400; text-align: justify;\">4) La inhabilitaci\u00f3n definitiva para ejercer la funci\u00f3n p\u00fablica o actividad profesional o social en cuyo ejercicio se cometi\u00f3 la infracci\u00f3n que da lugar a la condena, o la inhabilitaci\u00f3n temporal para ejercerla por un periodo no mayor de cinco a\u00f1os;<\/p>\n<p style=\"font-weight: 400; text-align: justify;\">7) La revocaci\u00f3n de la licencia o t\u00edtulo p\u00fablico habilitante.<\/p>\n<p><a href=\"http:\/\/conexion23.com\/wp-content\/uploads\/2026\/04\/Ley-97-25-Codigo-Procesal-Penal-Nuevo.pdf\">Ley 97-25 Codigo Procesal Penal Nuevo<\/a><\/p>\n","protected":false},"excerpt":{"rendered":"<p>El seis (6) de agosto del a\u00f1o 2026, entrar\u00e1 en vigencia en nuevo C\u00f3digo Penal en la Rep\u00fablica, por un lado con grandes avances, retrocesos, aumentos de penas, la configuraci\u00f3n de delitos nuevos, la figura del c\u00famulo de penas, una nueva modalidad de cumplimiento de las penas, entre otras novedades que el pa\u00eds a\u00fan desconoce [&hellip;]<\/p>\n","protected":false},"author":18,"featured_media":56838,"comment_status":"open","ping_status":"open","sticky":false,"template":"","format":"standard","meta":{"footnotes":""},"categories":[58],"tags":[498,8680,8679],"class_list":{"0":"post-56837","1":"post","2":"type-post","3":"status-publish","4":"format-standard","5":"has-post-thumbnail","7":"category-opinion","8":"tag-codigo-penal","9":"tag-exequatur","10":"tag-ey-74-25"},"yoast_head":"<!-- This site is optimized with the Yoast SEO plugin v27.1.1 - https:\/\/yoast.com\/product\/yoast-seo-wordpress\/ -->\n<title>Analizando el nuevo c\u00f3digo penal: profesionales acusados de delitos graves perder\u00e1n su exequ\u00e1tur - Conexi\u00f3n 23<\/title>\n<meta name=\"robots\" content=\"index, follow, max-snippet:-1, max-image-preview:large, max-video-preview:-1\" \/>\n<link rel=\"canonical\" href=\"https:\/\/conexion23.com\/?p=56837\" \/>\n<meta property=\"og:locale\" content=\"es_ES\" \/>\n<meta property=\"og:type\" content=\"article\" \/>\n<meta property=\"og:title\" content=\"Analizando el nuevo c\u00f3digo penal: profesionales acusados de delitos graves perder\u00e1n su exequ\u00e1tur - Conexi\u00f3n 23\" \/>\n<meta property=\"og:description\" content=\"El seis (6) de agosto del a\u00f1o 2026, entrar\u00e1 en vigencia en nuevo C\u00f3digo Penal en la Rep\u00fablica, por un lado con grandes avances, retrocesos, aumentos de penas, la configuraci\u00f3n de delitos nuevos, la figura del c\u00famulo de penas, una nueva modalidad de cumplimiento de las penas, entre otras novedades que el pa\u00eds a\u00fan desconoce [&hellip;]\" \/>\n<meta property=\"og:url\" content=\"https:\/\/conexion23.com\/?p=56837\" \/>\n<meta property=\"og:site_name\" content=\"Conexi\u00f3n 23\" \/>\n<meta property=\"article:publisher\" content=\"https:\/\/www.facebook.com\/conexion23com\" \/>\n<meta property=\"article:published_time\" content=\"2026-05-01T00:47:26+00:00\" \/>\n<meta property=\"og:image\" content=\"http:\/\/conexion23.com\/wp-content\/uploads\/2026\/04\/image-3.png\" \/>\n\t<meta property=\"og:image:width\" content=\"407\" \/>\n\t<meta property=\"og:image:height\" content=\"512\" \/>\n\t<meta property=\"og:image:type\" content=\"image\/png\" \/>\n<meta name=\"author\" content=\"Redacci\u00f3n\" \/>\n<meta name=\"twitter:card\" content=\"summary_large_image\" \/>\n<meta name=\"twitter:label1\" content=\"Escrito por\" \/>\n\t<meta name=\"twitter:data1\" content=\"Redacci\u00f3n\" \/>\n\t<meta name=\"twitter:label2\" content=\"Tiempo de lectura\" \/>\n\t<meta name=\"twitter:data2\" content=\"4 minutos\" \/>\n<script type=\"application\/ld+json\" class=\"yoast-schema-graph\">{\"@context\":\"https:\/\/schema.org\",\"@graph\":[{\"@type\":\"Article\",\"@id\":\"https:\/\/conexion23.com\/?p=56837#article\",\"isPartOf\":{\"@id\":\"https:\/\/conexion23.com\/?p=56837\"},\"author\":{\"name\":\"Redacci\u00f3n\",\"@id\":\"https:\/\/conexion23.com\/#\/schema\/person\/0a860802b17d01ad2a278f53c507c296\"},\"headline\":\"Analizando el nuevo c\u00f3digo penal: profesionales acusados de delitos graves perder\u00e1n su exequ\u00e1tur\",\"datePublished\":\"2026-05-01T00:47:26+00:00\",\"mainEntityOfPage\":{\"@id\":\"https:\/\/conexion23.com\/?p=56837\"},\"wordCount\":739,\"commentCount\":0,\"publisher\":{\"@id\":\"https:\/\/conexion23.com\/#organization\"},\"image\":{\"@id\":\"https:\/\/conexion23.com\/?p=56837#primaryimage\"},\"thumbnailUrl\":\"https:\/\/conexion23.com\/wp-content\/uploads\/2026\/04\/image-3.png\",\"keywords\":[\"codigo penal\",\"exequ\u00e1tur\",\"ey 74-25\"],\"articleSection\":[\"Opini\u00f3n\"],\"inLanguage\":\"es\",\"potentialAction\":[{\"@type\":\"CommentAction\",\"name\":\"Comment\",\"target\":[\"https:\/\/conexion23.com\/?p=56837#respond\"]}]},{\"@type\":\"WebPage\",\"@id\":\"https:\/\/conexion23.com\/?p=56837\",\"url\":\"https:\/\/conexion23.com\/?p=56837\",\"name\":\"Analizando el nuevo c\u00f3digo penal: profesionales acusados de delitos graves perder\u00e1n su exequ\u00e1tur - Conexi\u00f3n 23\",\"isPartOf\":{\"@id\":\"https:\/\/conexion23.com\/#website\"},\"primaryImageOfPage\":{\"@id\":\"https:\/\/conexion23.com\/?p=56837#primaryimage\"},\"image\":{\"@id\":\"https:\/\/conexion23.com\/?p=56837#primaryimage\"},\"thumbnailUrl\":\"https:\/\/conexion23.com\/wp-content\/uploads\/2026\/04\/image-3.png\",\"datePublished\":\"2026-05-01T00:47:26+00:00\",\"breadcrumb\":{\"@id\":\"https:\/\/conexion23.com\/?p=56837#breadcrumb\"},\"inLanguage\":\"es\",\"potentialAction\":[{\"@type\":\"ReadAction\",\"target\":[\"https:\/\/conexion23.com\/?p=56837\"]}]},{\"@type\":\"ImageObject\",\"inLanguage\":\"es\",\"@id\":\"https:\/\/conexion23.com\/?p=56837#primaryimage\",\"url\":\"https:\/\/conexion23.com\/wp-content\/uploads\/2026\/04\/image-3.png\",\"contentUrl\":\"https:\/\/conexion23.com\/wp-content\/uploads\/2026\/04\/image-3.png\",\"width\":407,\"height\":512},{\"@type\":\"BreadcrumbList\",\"@id\":\"https:\/\/conexion23.com\/?p=56837#breadcrumb\",\"itemListElement\":[{\"@type\":\"ListItem\",\"position\":1,\"name\":\"Portada\",\"item\":\"https:\/\/conexion23.com\/\"},{\"@type\":\"ListItem\",\"position\":2,\"name\":\"Analizando el nuevo c\u00f3digo penal: profesionales acusados de delitos graves perder\u00e1n su exequ\u00e1tur\"}]},{\"@type\":\"WebSite\",\"@id\":\"https:\/\/conexion23.com\/#website\",\"url\":\"https:\/\/conexion23.com\/\",\"name\":\"Conexi\u00f3n 23\",\"description\":\"Peri\u00f3dico 100% Petromacorisano\",\"publisher\":{\"@id\":\"https:\/\/conexion23.com\/#organization\"},\"potentialAction\":[{\"@type\":\"SearchAction\",\"target\":{\"@type\":\"EntryPoint\",\"urlTemplate\":\"https:\/\/conexion23.com\/?s={search_term_string}\"},\"query-input\":{\"@type\":\"PropertyValueSpecification\",\"valueRequired\":true,\"valueName\":\"search_term_string\"}}],\"inLanguage\":\"es\"},{\"@type\":\"Organization\",\"@id\":\"https:\/\/conexion23.com\/#organization\",\"name\":\"Conexion 23\",\"url\":\"https:\/\/conexion23.com\/\",\"logo\":{\"@type\":\"ImageObject\",\"inLanguage\":\"es\",\"@id\":\"https:\/\/conexion23.com\/#\/schema\/logo\/image\/\",\"url\":\"https:\/\/conexion23.com\/wp-content\/uploads\/2021\/11\/Diseno-sin-titulo-2.png\",\"contentUrl\":\"https:\/\/conexion23.com\/wp-content\/uploads\/2021\/11\/Diseno-sin-titulo-2.png\",\"width\":541,\"height\":90,\"caption\":\"Conexion 23\"},\"image\":{\"@id\":\"https:\/\/conexion23.com\/#\/schema\/logo\/image\/\"},\"sameAs\":[\"https:\/\/www.facebook.com\/conexion23com\",\"https:\/\/www.instagram.com\/conexion23com\/\",\"https:\/\/www.youtube.com\/channel\/UCYc7vxxFZMYLIHNsHHxPZ3Q\"]},{\"@type\":\"Person\",\"@id\":\"https:\/\/conexion23.com\/#\/schema\/person\/0a860802b17d01ad2a278f53c507c296\",\"name\":\"Redacci\u00f3n\",\"image\":{\"@type\":\"ImageObject\",\"inLanguage\":\"es\",\"@id\":\"https:\/\/conexion23.com\/#\/schema\/person\/image\/\",\"url\":\"https:\/\/secure.gravatar.com\/avatar\/ec9d84b79c776aa1994e5893944465db9974b17b884155623da51b7b62c02845?s=96&d=mm&r=g\",\"contentUrl\":\"https:\/\/secure.gravatar.com\/avatar\/ec9d84b79c776aa1994e5893944465db9974b17b884155623da51b7b62c02845?s=96&d=mm&r=g\",\"caption\":\"Redacci\u00f3n\"},\"url\":\"https:\/\/conexion23.com\/?author=18\"}]}<\/script>\n<!-- \/ Yoast SEO plugin. -->","yoast_head_json":{"title":"Analizando el nuevo c\u00f3digo penal: profesionales acusados de delitos graves perder\u00e1n su exequ\u00e1tur - Conexi\u00f3n 23","robots":{"index":"index","follow":"follow","max-snippet":"max-snippet:-1","max-image-preview":"max-image-preview:large","max-video-preview":"max-video-preview:-1"},"canonical":"https:\/\/conexion23.com\/?p=56837","og_locale":"es_ES","og_type":"article","og_title":"Analizando el nuevo c\u00f3digo penal: profesionales acusados de delitos graves perder\u00e1n su exequ\u00e1tur - Conexi\u00f3n 23","og_description":"El seis (6) de agosto del a\u00f1o 2026, entrar\u00e1 en vigencia en nuevo C\u00f3digo Penal en la Rep\u00fablica, por un lado con grandes avances, retrocesos, aumentos de penas, la configuraci\u00f3n de delitos nuevos, la figura del c\u00famulo de penas, una nueva modalidad de cumplimiento de las penas, entre otras novedades que el pa\u00eds a\u00fan desconoce [&hellip;]","og_url":"https:\/\/conexion23.com\/?p=56837","og_site_name":"Conexi\u00f3n 23","article_publisher":"https:\/\/www.facebook.com\/conexion23com","article_published_time":"2026-05-01T00:47:26+00:00","og_image":[{"width":407,"height":512,"url":"http:\/\/conexion23.com\/wp-content\/uploads\/2026\/04\/image-3.png","type":"image\/png"}],"author":"Redacci\u00f3n","twitter_card":"summary_large_image","twitter_misc":{"Escrito por":"Redacci\u00f3n","Tiempo de lectura":"4 minutos"},"schema":{"@context":"https:\/\/schema.org","@graph":[{"@type":"Article","@id":"https:\/\/conexion23.com\/?p=56837#article","isPartOf":{"@id":"https:\/\/conexion23.com\/?p=56837"},"author":{"name":"Redacci\u00f3n","@id":"https:\/\/conexion23.com\/#\/schema\/person\/0a860802b17d01ad2a278f53c507c296"},"headline":"Analizando el nuevo c\u00f3digo penal: profesionales acusados de delitos graves perder\u00e1n su exequ\u00e1tur","datePublished":"2026-05-01T00:47:26+00:00","mainEntityOfPage":{"@id":"https:\/\/conexion23.com\/?p=56837"},"wordCount":739,"commentCount":0,"publisher":{"@id":"https:\/\/conexion23.com\/#organization"},"image":{"@id":"https:\/\/conexion23.com\/?p=56837#primaryimage"},"thumbnailUrl":"https:\/\/conexion23.com\/wp-content\/uploads\/2026\/04\/image-3.png","keywords":["codigo penal","exequ\u00e1tur","ey 74-25"],"articleSection":["Opini\u00f3n"],"inLanguage":"es","potentialAction":[{"@type":"CommentAction","name":"Comment","target":["https:\/\/conexion23.com\/?p=56837#respond"]}]},{"@type":"WebPage","@id":"https:\/\/conexion23.com\/?p=56837","url":"https:\/\/conexion23.com\/?p=56837","name":"Analizando el nuevo c\u00f3digo penal: profesionales acusados de delitos graves perder\u00e1n su exequ\u00e1tur - Conexi\u00f3n 23","isPartOf":{"@id":"https:\/\/conexion23.com\/#website"},"primaryImageOfPage":{"@id":"https:\/\/conexion23.com\/?p=56837#primaryimage"},"image":{"@id":"https:\/\/conexion23.com\/?p=56837#primaryimage"},"thumbnailUrl":"https:\/\/conexion23.com\/wp-content\/uploads\/2026\/04\/image-3.png","datePublished":"2026-05-01T00:47:26+00:00","breadcrumb":{"@id":"https:\/\/conexion23.com\/?p=56837#breadcrumb"},"inLanguage":"es","potentialAction":[{"@type":"ReadAction","target":["https:\/\/conexion23.com\/?p=56837"]}]},{"@type":"ImageObject","inLanguage":"es","@id":"https:\/\/conexion23.com\/?p=56837#primaryimage","url":"https:\/\/conexion23.com\/wp-content\/uploads\/2026\/04\/image-3.png","contentUrl":"https:\/\/conexion23.com\/wp-content\/uploads\/2026\/04\/image-3.png","width":407,"height":512},{"@type":"BreadcrumbList","@id":"https:\/\/conexion23.com\/?p=56837#breadcrumb","itemListElement":[{"@type":"ListItem","position":1,"name":"Portada","item":"https:\/\/conexion23.com\/"},{"@type":"ListItem","position":2,"name":"Analizando el nuevo c\u00f3digo penal: profesionales acusados de delitos graves perder\u00e1n su exequ\u00e1tur"}]},{"@type":"WebSite","@id":"https:\/\/conexion23.com\/#website","url":"https:\/\/conexion23.com\/","name":"Conexi\u00f3n 23","description":"Peri\u00f3dico 100% Petromacorisano","publisher":{"@id":"https:\/\/conexion23.com\/#organization"},"potentialAction":[{"@type":"SearchAction","target":{"@type":"EntryPoint","urlTemplate":"https:\/\/conexion23.com\/?s={search_term_string}"},"query-input":{"@type":"PropertyValueSpecification","valueRequired":true,"valueName":"search_term_string"}}],"inLanguage":"es"},{"@type":"Organization","@id":"https:\/\/conexion23.com\/#organization","name":"Conexion 23","url":"https:\/\/conexion23.com\/","logo":{"@type":"ImageObject","inLanguage":"es","@id":"https:\/\/conexion23.com\/#\/schema\/logo\/image\/","url":"https:\/\/conexion23.com\/wp-content\/uploads\/2021\/11\/Diseno-sin-titulo-2.png","contentUrl":"https:\/\/conexion23.com\/wp-content\/uploads\/2021\/11\/Diseno-sin-titulo-2.png","width":541,"height":90,"caption":"Conexion 23"},"image":{"@id":"https:\/\/conexion23.com\/#\/schema\/logo\/image\/"},"sameAs":["https:\/\/www.facebook.com\/conexion23com","https:\/\/www.instagram.com\/conexion23com\/","https:\/\/www.youtube.com\/channel\/UCYc7vxxFZMYLIHNsHHxPZ3Q"]},{"@type":"Person","@id":"https:\/\/conexion23.com\/#\/schema\/person\/0a860802b17d01ad2a278f53c507c296","name":"Redacci\u00f3n","image":{"@type":"ImageObject","inLanguage":"es","@id":"https:\/\/conexion23.com\/#\/schema\/person\/image\/","url":"https:\/\/secure.gravatar.com\/avatar\/ec9d84b79c776aa1994e5893944465db9974b17b884155623da51b7b62c02845?s=96&d=mm&r=g","contentUrl":"https:\/\/secure.gravatar.com\/avatar\/ec9d84b79c776aa1994e5893944465db9974b17b884155623da51b7b62c02845?s=96&d=mm&r=g","caption":"Redacci\u00f3n"},"url":"https:\/\/conexion23.com\/?author=18"}]}},"_links":{"self":[{"href":"https:\/\/conexion23.com\/index.php?rest_route=\/wp\/v2\/posts\/56837","targetHints":{"allow":["GET"]}}],"collection":[{"href":"https:\/\/conexion23.com\/index.php?rest_route=\/wp\/v2\/posts"}],"about":[{"href":"https:\/\/conexion23.com\/index.php?rest_route=\/wp\/v2\/types\/post"}],"author":[{"embeddable":true,"href":"https:\/\/conexion23.com\/index.php?rest_route=\/wp\/v2\/users\/18"}],"replies":[{"embeddable":true,"href":"https:\/\/conexion23.com\/index.php?rest_route=%2Fwp%2Fv2%2Fcomments&post=56837"}],"version-history":[{"count":1,"href":"https:\/\/conexion23.com\/index.php?rest_route=\/wp\/v2\/posts\/56837\/revisions"}],"predecessor-version":[{"id":56840,"href":"https:\/\/conexion23.com\/index.php?rest_route=\/wp\/v2\/posts\/56837\/revisions\/56840"}],"wp:featuredmedia":[{"embeddable":true,"href":"https:\/\/conexion23.com\/index.php?rest_route=\/wp\/v2\/media\/56838"}],"wp:attachment":[{"href":"https:\/\/conexion23.com\/index.php?rest_route=%2Fwp%2Fv2%2Fmedia&parent=56837"}],"wp:term":[{"taxonomy":"category","embeddable":true,"href":"https:\/\/conexion23.com\/index.php?rest_route=%2Fwp%2Fv2%2Fcategories&post=56837"},{"taxonomy":"post_tag","embeddable":true,"href":"https:\/\/conexion23.com\/index.php?rest_route=%2Fwp%2Fv2%2Ftags&post=56837"}],"curies":[{"name":"wp","href":"https:\/\/api.w.org\/{rel}","templated":true}]}}