{"id":56847,"date":"2026-05-01T07:11:02","date_gmt":"2026-05-01T11:11:02","guid":{"rendered":"https:\/\/conexion23.com\/?p=56847"},"modified":"2026-05-01T07:11:02","modified_gmt":"2026-05-01T11:11:02","slug":"sin-tocar-la-cesantia-comision-da-visto-bueno-a-la-reforma-laboral","status":"publish","type":"post","link":"https:\/\/conexion23.com\/?p=56847","title":{"rendered":"Sin tocar la cesant\u00eda comisi\u00f3n da visto bueno a la reforma laboral"},"content":{"rendered":"<p id=\"m22775-22774-22776\" style=\"text-align: justify;\">La Comisi\u00f3n de Trabajo de la C\u00e1mara de Diputados\u00a0que estudi\u00f3 el proyecto de reforma laboral, rindi\u00f3 ayer un\u00a0informe favorable\u00a0con varias modificaciones, para que la pieza sea conocida por el pleno legislativo.<\/p>\n<p id=\"m22780-22779-22781\" style=\"text-align: justify;\">El presidente de la Comisi\u00f3n,\u00a0M\u00e9lido Mercedes Castillo,\u00a0explic\u00f3 que tras los cumplimientos formales, el Pleno de la C\u00e1mara Baja estar\u00e1 apoderado para decidir sobre esta\u00a0reforma laboral.<\/p>\n<p id=\"m22785-22784-22786\" style=\"text-align: justify;\">El diputado se refiri\u00f3 al tema de la cesant\u00eda laboral, y extern\u00f3 que tal y como hab\u00eda sido prometido, no\u00a0fue tocada.<\/p>\n<p id=\"m22790-22789-22791\" style=\"text-align: justify;\">\u201cTal y como lo prometieron todos, nosotros tambi\u00e9n como presidente de la comisi\u00f3n en lo particular, y la mayor\u00eda de los honorables diputados dijeron que la cesant\u00eda no se tocaba y hemos cumplido al pie de la letra\u201d, afirm\u00f3 el legislador.<\/p>\n<h3 class=\"c-detail__destacado\" style=\"text-align: justify;\">modificaciones<\/h3>\n<p id=\"m22795-22794-22796\" style=\"text-align: justify;\">Entre las modificaciones m\u00e1s relevantes, Mercedes Castillo mencion\u00f3 que\u00a0fue incluida la figura del teletrabajo en el marco legal, por lo que dejar\u00e1 de estar regulado \u00fanicamente por resoluciones administrativas del\u00a0Ministerio de Trabajo\u00a0y pasar\u00e1 a formar parte del ordenamiento jur\u00eddico laboral.<\/p>\n<p id=\"m22800-22799-22801\" style=\"text-align: justify;\">La comisi\u00f3n tambi\u00e9n\u00a0aprob\u00f3 la creaci\u00f3n de nuevos tribunales de trabajo\u00a0en varios distritos judiciales del pa\u00eds, siendo San Juan de la Maguana y Barahona, dos de ellos. A partir de esto, los tribunales de trabajo van a tener dos jueces; un juez para conocer la conciliaci\u00f3n, y otro para conocer del fondo y de la discusi\u00f3n de prueba.<\/p>\n<p id=\"m22805-22804-22806\" style=\"text-align: justify;\">Otra de las modificaciones realizadas son\u00a0los plazos procesales,\u00a0los cuales pasar\u00e1n a ser francos y m\u00e1s amplios. Es decir, el plazo de la ejecuci\u00f3n de la sentencia que era de tres d\u00edas, pasar\u00e1 a ser de ocho d\u00edas francos. De igual forma, el plazo de la comparecencia tambi\u00e9n ser\u00e1 de ocho d\u00edas.<\/p>\n<p id=\"m22810-22809-22811\" style=\"text-align: justify;\">Asimismo, fue modificado el art\u00edculo 54 del C\u00f3digo de Trabajo, el cual establece\u00a0las licencias remuneradas por matrimonio, fallecimiento de padres, hijos, c\u00f3nyuge o abuelos. La reforma laboral incluir\u00e1 la licencia de tres d\u00edas por el fallecimiento de hermanos.<\/p>\n<p id=\"m22815-22814-22816\" style=\"text-align: justify;\">La pieza fue aprobada a unanimidad por los miembros de la comisi\u00f3n, por lo que ahora la C\u00e1mara de Diputados tendr\u00e1 bajo responsabilidad conocer y decidir si aprueba o no la iniciativa.<\/p>\n","protected":false},"excerpt":{"rendered":"<p>La Comisi\u00f3n de Trabajo de la C\u00e1mara de Diputados\u00a0que estudi\u00f3 el proyecto de reforma laboral, rindi\u00f3 ayer un\u00a0informe favorable\u00a0con varias modificaciones, para que la pieza sea conocida por el pleno legislativo. El presidente de la Comisi\u00f3n,\u00a0M\u00e9lido Mercedes Castillo,\u00a0explic\u00f3 que tras los cumplimientos formales, el Pleno de la C\u00e1mara Baja estar\u00e1 apoderado para decidir sobre esta\u00a0reforma [&hellip;]<\/p>\n","protected":false},"author":15,"featured_media":56848,"comment_status":"open","ping_status":"open","sticky":false,"template":"","format":"standard","meta":{"footnotes":""},"categories":[3773],"tags":[3949,7767,7509,8684],"class_list":{"0":"post-56847","1":"post","2":"type-post","3":"status-publish","4":"format-standard","5":"has-post-thumbnail","7":"category-portada","8":"tag-cesantia","9":"tag-comision","10":"tag-reforma-laboral","11":"tag-visto-bueno"},"yoast_head":"<!-- This site is optimized with the Yoast SEO plugin v27.1.1 - https:\/\/yoast.com\/product\/yoast-seo-wordpress\/ -->\n<title>Sin tocar la cesant\u00eda comisi\u00f3n da visto bueno a la reforma laboral - Conexi\u00f3n 23<\/title>\n<meta name=\"robots\" content=\"index, follow, max-snippet:-1, max-image-preview:large, max-video-preview:-1\" \/>\n<link rel=\"canonical\" href=\"https:\/\/conexion23.com\/?p=56847\" \/>\n<meta property=\"og:locale\" content=\"es_ES\" \/>\n<meta property=\"og:type\" content=\"article\" \/>\n<meta property=\"og:title\" content=\"Sin tocar la cesant\u00eda comisi\u00f3n da visto bueno a la reforma laboral - Conexi\u00f3n 23\" \/>\n<meta property=\"og:description\" content=\"La Comisi\u00f3n de Trabajo de la C\u00e1mara de Diputados\u00a0que estudi\u00f3 el proyecto de reforma laboral, rindi\u00f3 ayer un\u00a0informe favorable\u00a0con varias modificaciones, para que la pieza sea conocida por el pleno legislativo. El presidente de la Comisi\u00f3n,\u00a0M\u00e9lido Mercedes Castillo,\u00a0explic\u00f3 que tras los cumplimientos formales, el Pleno de la C\u00e1mara Baja estar\u00e1 apoderado para decidir sobre esta\u00a0reforma [&hellip;]\" \/>\n<meta property=\"og:url\" content=\"https:\/\/conexion23.com\/?p=56847\" \/>\n<meta property=\"og:site_name\" content=\"Conexi\u00f3n 23\" \/>\n<meta property=\"article:publisher\" content=\"https:\/\/www.facebook.com\/conexion23com\" \/>\n<meta property=\"article:published_time\" content=\"2026-05-01T11:11:02+00:00\" \/>\n<meta property=\"og:image\" content=\"https:\/\/conexion23.com\/wp-content\/uploads\/2026\/05\/69f3fe14a0865.jpeg\" \/>\n\t<meta property=\"og:image:width\" content=\"800\" \/>\n\t<meta property=\"og:image:height\" content=\"533\" \/>\n\t<meta property=\"og:image:type\" content=\"image\/jpeg\" \/>\n<meta name=\"author\" content=\"Raffy Ben\u00edtez\" \/>\n<meta name=\"twitter:card\" content=\"summary_large_image\" \/>\n<meta name=\"twitter:label1\" content=\"Escrito por\" \/>\n\t<meta name=\"twitter:data1\" content=\"Raffy Ben\u00edtez\" \/>\n\t<meta name=\"twitter:label2\" content=\"Tiempo de lectura\" \/>\n\t<meta name=\"twitter:data2\" content=\"2 minutos\" \/>\n<script type=\"application\/ld+json\" class=\"yoast-schema-graph\">{\"@context\":\"https:\/\/schema.org\",\"@graph\":[{\"@type\":\"Article\",\"@id\":\"https:\/\/conexion23.com\/?p=56847#article\",\"isPartOf\":{\"@id\":\"https:\/\/conexion23.com\/?p=56847\"},\"author\":{\"name\":\"Raffy Ben\u00edtez\",\"@id\":\"https:\/\/conexion23.com\/#\/schema\/person\/03e36043331117e97a373299bbcd30a6\"},\"headline\":\"Sin tocar la cesant\u00eda comisi\u00f3n da visto bueno a la reforma laboral\",\"datePublished\":\"2026-05-01T11:11:02+00:00\",\"mainEntityOfPage\":{\"@id\":\"https:\/\/conexion23.com\/?p=56847\"},\"wordCount\":397,\"commentCount\":0,\"publisher\":{\"@id\":\"https:\/\/conexion23.com\/#organization\"},\"image\":{\"@id\":\"https:\/\/conexion23.com\/?p=56847#primaryimage\"},\"thumbnailUrl\":\"https:\/\/conexion23.com\/wp-content\/uploads\/2026\/05\/69f3fe14a0865.jpeg\",\"keywords\":[\"cesant\u00eda\",\"Comisi\u00f3n\",\"reforma laboral\",\"visto bueno\"],\"articleSection\":[\"Portada\"],\"inLanguage\":\"es\",\"potentialAction\":[{\"@type\":\"CommentAction\",\"name\":\"Comment\",\"target\":[\"https:\/\/conexion23.com\/?p=56847#respond\"]}]},{\"@type\":\"WebPage\",\"@id\":\"https:\/\/conexion23.com\/?p=56847\",\"url\":\"https:\/\/conexion23.com\/?p=56847\",\"name\":\"Sin tocar la cesant\u00eda comisi\u00f3n da visto bueno a la reforma laboral - Conexi\u00f3n 23\",\"isPartOf\":{\"@id\":\"https:\/\/conexion23.com\/#website\"},\"primaryImageOfPage\":{\"@id\":\"https:\/\/conexion23.com\/?p=56847#primaryimage\"},\"image\":{\"@id\":\"https:\/\/conexion23.com\/?p=56847#primaryimage\"},\"thumbnailUrl\":\"https:\/\/conexion23.com\/wp-content\/uploads\/2026\/05\/69f3fe14a0865.jpeg\",\"datePublished\":\"2026-05-01T11:11:02+00:00\",\"breadcrumb\":{\"@id\":\"https:\/\/conexion23.com\/?p=56847#breadcrumb\"},\"inLanguage\":\"es\",\"potentialAction\":[{\"@type\":\"ReadAction\",\"target\":[\"https:\/\/conexion23.com\/?p=56847\"]}]},{\"@type\":\"ImageObject\",\"inLanguage\":\"es\",\"@id\":\"https:\/\/conexion23.com\/?p=56847#primaryimage\",\"url\":\"https:\/\/conexion23.com\/wp-content\/uploads\/2026\/05\/69f3fe14a0865.jpeg\",\"contentUrl\":\"https:\/\/conexion23.com\/wp-content\/uploads\/2026\/05\/69f3fe14a0865.jpeg\",\"width\":800,\"height\":533},{\"@type\":\"BreadcrumbList\",\"@id\":\"https:\/\/conexion23.com\/?p=56847#breadcrumb\",\"itemListElement\":[{\"@type\":\"ListItem\",\"position\":1,\"name\":\"Portada\",\"item\":\"https:\/\/conexion23.com\/\"},{\"@type\":\"ListItem\",\"position\":2,\"name\":\"Sin tocar la cesant\u00eda comisi\u00f3n da visto bueno a la reforma laboral\"}]},{\"@type\":\"WebSite\",\"@id\":\"https:\/\/conexion23.com\/#website\",\"url\":\"https:\/\/conexion23.com\/\",\"name\":\"Conexi\u00f3n 23\",\"description\":\"Peri\u00f3dico 100% Petromacorisano\",\"publisher\":{\"@id\":\"https:\/\/conexion23.com\/#organization\"},\"potentialAction\":[{\"@type\":\"SearchAction\",\"target\":{\"@type\":\"EntryPoint\",\"urlTemplate\":\"https:\/\/conexion23.com\/?s={search_term_string}\"},\"query-input\":{\"@type\":\"PropertyValueSpecification\",\"valueRequired\":true,\"valueName\":\"search_term_string\"}}],\"inLanguage\":\"es\"},{\"@type\":\"Organization\",\"@id\":\"https:\/\/conexion23.com\/#organization\",\"name\":\"Conexion 23\",\"url\":\"https:\/\/conexion23.com\/\",\"logo\":{\"@type\":\"ImageObject\",\"inLanguage\":\"es\",\"@id\":\"https:\/\/conexion23.com\/#\/schema\/logo\/image\/\",\"url\":\"https:\/\/conexion23.com\/wp-content\/uploads\/2021\/11\/Diseno-sin-titulo-2.png\",\"contentUrl\":\"https:\/\/conexion23.com\/wp-content\/uploads\/2021\/11\/Diseno-sin-titulo-2.png\",\"width\":541,\"height\":90,\"caption\":\"Conexion 23\"},\"image\":{\"@id\":\"https:\/\/conexion23.com\/#\/schema\/logo\/image\/\"},\"sameAs\":[\"https:\/\/www.facebook.com\/conexion23com\",\"https:\/\/www.instagram.com\/conexion23com\/\",\"https:\/\/www.youtube.com\/channel\/UCYc7vxxFZMYLIHNsHHxPZ3Q\"]},{\"@type\":\"Person\",\"@id\":\"https:\/\/conexion23.com\/#\/schema\/person\/03e36043331117e97a373299bbcd30a6\",\"name\":\"Raffy Ben\u00edtez\",\"image\":{\"@type\":\"ImageObject\",\"inLanguage\":\"es\",\"@id\":\"https:\/\/conexion23.com\/#\/schema\/person\/image\/\",\"url\":\"https:\/\/secure.gravatar.com\/avatar\/3190a6a6c5e1b0327500f7d6c56b6242472ee6cb974cf09b401ee6b3b0798f23?s=96&d=mm&r=g\",\"contentUrl\":\"https:\/\/secure.gravatar.com\/avatar\/3190a6a6c5e1b0327500f7d6c56b6242472ee6cb974cf09b401ee6b3b0798f23?s=96&d=mm&r=g\",\"caption\":\"Raffy Ben\u00edtez\"},\"url\":\"https:\/\/conexion23.com\/?author=15\"}]}<\/script>\n<!-- \/ Yoast SEO plugin. -->","yoast_head_json":{"title":"Sin tocar la cesant\u00eda comisi\u00f3n da visto bueno a la reforma laboral - Conexi\u00f3n 23","robots":{"index":"index","follow":"follow","max-snippet":"max-snippet:-1","max-image-preview":"max-image-preview:large","max-video-preview":"max-video-preview:-1"},"canonical":"https:\/\/conexion23.com\/?p=56847","og_locale":"es_ES","og_type":"article","og_title":"Sin tocar la cesant\u00eda comisi\u00f3n da visto bueno a la reforma laboral - Conexi\u00f3n 23","og_description":"La Comisi\u00f3n de Trabajo de la C\u00e1mara de Diputados\u00a0que estudi\u00f3 el proyecto de reforma laboral, rindi\u00f3 ayer un\u00a0informe favorable\u00a0con varias modificaciones, para que la pieza sea conocida por el pleno legislativo. El presidente de la Comisi\u00f3n,\u00a0M\u00e9lido Mercedes Castillo,\u00a0explic\u00f3 que tras los cumplimientos formales, el Pleno de la C\u00e1mara Baja estar\u00e1 apoderado para decidir sobre esta\u00a0reforma [&hellip;]","og_url":"https:\/\/conexion23.com\/?p=56847","og_site_name":"Conexi\u00f3n 23","article_publisher":"https:\/\/www.facebook.com\/conexion23com","article_published_time":"2026-05-01T11:11:02+00:00","og_image":[{"width":800,"height":533,"url":"https:\/\/conexion23.com\/wp-content\/uploads\/2026\/05\/69f3fe14a0865.jpeg","type":"image\/jpeg"}],"author":"Raffy Ben\u00edtez","twitter_card":"summary_large_image","twitter_misc":{"Escrito por":"Raffy Ben\u00edtez","Tiempo de lectura":"2 minutos"},"schema":{"@context":"https:\/\/schema.org","@graph":[{"@type":"Article","@id":"https:\/\/conexion23.com\/?p=56847#article","isPartOf":{"@id":"https:\/\/conexion23.com\/?p=56847"},"author":{"name":"Raffy Ben\u00edtez","@id":"https:\/\/conexion23.com\/#\/schema\/person\/03e36043331117e97a373299bbcd30a6"},"headline":"Sin tocar la cesant\u00eda comisi\u00f3n da visto bueno a la reforma laboral","datePublished":"2026-05-01T11:11:02+00:00","mainEntityOfPage":{"@id":"https:\/\/conexion23.com\/?p=56847"},"wordCount":397,"commentCount":0,"publisher":{"@id":"https:\/\/conexion23.com\/#organization"},"image":{"@id":"https:\/\/conexion23.com\/?p=56847#primaryimage"},"thumbnailUrl":"https:\/\/conexion23.com\/wp-content\/uploads\/2026\/05\/69f3fe14a0865.jpeg","keywords":["cesant\u00eda","Comisi\u00f3n","reforma laboral","visto bueno"],"articleSection":["Portada"],"inLanguage":"es","potentialAction":[{"@type":"CommentAction","name":"Comment","target":["https:\/\/conexion23.com\/?p=56847#respond"]}]},{"@type":"WebPage","@id":"https:\/\/conexion23.com\/?p=56847","url":"https:\/\/conexion23.com\/?p=56847","name":"Sin tocar la cesant\u00eda comisi\u00f3n da visto bueno a la reforma laboral - Conexi\u00f3n 23","isPartOf":{"@id":"https:\/\/conexion23.com\/#website"},"primaryImageOfPage":{"@id":"https:\/\/conexion23.com\/?p=56847#primaryimage"},"image":{"@id":"https:\/\/conexion23.com\/?p=56847#primaryimage"},"thumbnailUrl":"https:\/\/conexion23.com\/wp-content\/uploads\/2026\/05\/69f3fe14a0865.jpeg","datePublished":"2026-05-01T11:11:02+00:00","breadcrumb":{"@id":"https:\/\/conexion23.com\/?p=56847#breadcrumb"},"inLanguage":"es","potentialAction":[{"@type":"ReadAction","target":["https:\/\/conexion23.com\/?p=56847"]}]},{"@type":"ImageObject","inLanguage":"es","@id":"https:\/\/conexion23.com\/?p=56847#primaryimage","url":"https:\/\/conexion23.com\/wp-content\/uploads\/2026\/05\/69f3fe14a0865.jpeg","contentUrl":"https:\/\/conexion23.com\/wp-content\/uploads\/2026\/05\/69f3fe14a0865.jpeg","width":800,"height":533},{"@type":"BreadcrumbList","@id":"https:\/\/conexion23.com\/?p=56847#breadcrumb","itemListElement":[{"@type":"ListItem","position":1,"name":"Portada","item":"https:\/\/conexion23.com\/"},{"@type":"ListItem","position":2,"name":"Sin tocar la cesant\u00eda comisi\u00f3n da visto bueno a la reforma laboral"}]},{"@type":"WebSite","@id":"https:\/\/conexion23.com\/#website","url":"https:\/\/conexion23.com\/","name":"Conexi\u00f3n 23","description":"Peri\u00f3dico 100% Petromacorisano","publisher":{"@id":"https:\/\/conexion23.com\/#organization"},"potentialAction":[{"@type":"SearchAction","target":{"@type":"EntryPoint","urlTemplate":"https:\/\/conexion23.com\/?s={search_term_string}"},"query-input":{"@type":"PropertyValueSpecification","valueRequired":true,"valueName":"search_term_string"}}],"inLanguage":"es"},{"@type":"Organization","@id":"https:\/\/conexion23.com\/#organization","name":"Conexion 23","url":"https:\/\/conexion23.com\/","logo":{"@type":"ImageObject","inLanguage":"es","@id":"https:\/\/conexion23.com\/#\/schema\/logo\/image\/","url":"https:\/\/conexion23.com\/wp-content\/uploads\/2021\/11\/Diseno-sin-titulo-2.png","contentUrl":"https:\/\/conexion23.com\/wp-content\/uploads\/2021\/11\/Diseno-sin-titulo-2.png","width":541,"height":90,"caption":"Conexion 23"},"image":{"@id":"https:\/\/conexion23.com\/#\/schema\/logo\/image\/"},"sameAs":["https:\/\/www.facebook.com\/conexion23com","https:\/\/www.instagram.com\/conexion23com\/","https:\/\/www.youtube.com\/channel\/UCYc7vxxFZMYLIHNsHHxPZ3Q"]},{"@type":"Person","@id":"https:\/\/conexion23.com\/#\/schema\/person\/03e36043331117e97a373299bbcd30a6","name":"Raffy Ben\u00edtez","image":{"@type":"ImageObject","inLanguage":"es","@id":"https:\/\/conexion23.com\/#\/schema\/person\/image\/","url":"https:\/\/secure.gravatar.com\/avatar\/3190a6a6c5e1b0327500f7d6c56b6242472ee6cb974cf09b401ee6b3b0798f23?s=96&d=mm&r=g","contentUrl":"https:\/\/secure.gravatar.com\/avatar\/3190a6a6c5e1b0327500f7d6c56b6242472ee6cb974cf09b401ee6b3b0798f23?s=96&d=mm&r=g","caption":"Raffy Ben\u00edtez"},"url":"https:\/\/conexion23.com\/?author=15"}]}},"_links":{"self":[{"href":"https:\/\/conexion23.com\/index.php?rest_route=\/wp\/v2\/posts\/56847","targetHints":{"allow":["GET"]}}],"collection":[{"href":"https:\/\/conexion23.com\/index.php?rest_route=\/wp\/v2\/posts"}],"about":[{"href":"https:\/\/conexion23.com\/index.php?rest_route=\/wp\/v2\/types\/post"}],"author":[{"embeddable":true,"href":"https:\/\/conexion23.com\/index.php?rest_route=\/wp\/v2\/users\/15"}],"replies":[{"embeddable":true,"href":"https:\/\/conexion23.com\/index.php?rest_route=%2Fwp%2Fv2%2Fcomments&post=56847"}],"version-history":[{"count":1,"href":"https:\/\/conexion23.com\/index.php?rest_route=\/wp\/v2\/posts\/56847\/revisions"}],"predecessor-version":[{"id":56849,"href":"https:\/\/conexion23.com\/index.php?rest_route=\/wp\/v2\/posts\/56847\/revisions\/56849"}],"wp:featuredmedia":[{"embeddable":true,"href":"https:\/\/conexion23.com\/index.php?rest_route=\/wp\/v2\/media\/56848"}],"wp:attachment":[{"href":"https:\/\/conexion23.com\/index.php?rest_route=%2Fwp%2Fv2%2Fmedia&parent=56847"}],"wp:term":[{"taxonomy":"category","embeddable":true,"href":"https:\/\/conexion23.com\/index.php?rest_route=%2Fwp%2Fv2%2Fcategories&post=56847"},{"taxonomy":"post_tag","embeddable":true,"href":"https:\/\/conexion23.com\/index.php?rest_route=%2Fwp%2Fv2%2Ftags&post=56847"}],"curies":[{"name":"wp","href":"https:\/\/api.w.org\/{rel}","templated":true}]}}