{"id":56856,"date":"2026-05-01T07:38:43","date_gmt":"2026-05-01T11:38:43","guid":{"rendered":"https:\/\/conexion23.com\/?p=56856"},"modified":"2026-05-01T07:38:43","modified_gmt":"2026-05-01T11:38:43","slug":"hallan-muerto-dominicano-llevaba-dias-desapartecido-en-pensilvania","status":"publish","type":"post","link":"https:\/\/conexion23.com\/?p=56856","title":{"rendered":"Hallan muerto dominicano llevaba d\u00edas desapartecido en Pensilvania"},"content":{"rendered":"<p style=\"text-align: justify;\">Tras varios d\u00edas desaparecido, fue encontrado sin vida dentro de su veh\u00edculo un joven dominicano de 24 a\u00f1os.<\/p>\n<p style=\"text-align: justify;\">George Nicol\u00e1s Mora fue visto con vida por \u00faltima vez la noche del viernes 24 de abril. Su desaparici\u00f3n activ\u00f3 una intensa b\u00fasqueda por parte de familiares y allegados, quienes difundieron su fotograf\u00eda en redes sociales solicitando informaci\u00f3n sobre su paradero.<\/p>\n<p style=\"text-align: justify;\">El hallazgo se produjo en una camioneta estacionada que, seg\u00fan informaciones no confirmadas, llevaba varios d\u00edas estacionada en el lugar.<\/p>\n<p style=\"text-align: justify;\">Trascendi\u00f3 que antes de su desaparici\u00f3n, el joven hab\u00eda discutido con su pareja.<\/p>\n<p style=\"text-align: justify;\">Hasta el momento, no se han ofrecido detalles oficiales sobre las circunstancias ni la causa de la muerte.<\/p>\n","protected":false},"excerpt":{"rendered":"<p>Tras varios d\u00edas desaparecido, fue encontrado sin vida dentro de su veh\u00edculo un joven dominicano de 24 a\u00f1os. George Nicol\u00e1s Mora fue visto con vida por \u00faltima vez la noche del viernes 24 de abril. Su desaparici\u00f3n activ\u00f3 una intensa b\u00fasqueda por parte de familiares y allegados, quienes difundieron su fotograf\u00eda en redes sociales solicitando [&hellip;]<\/p>\n","protected":false},"author":15,"featured_media":56857,"comment_status":"open","ping_status":"open","sticky":false,"template":"","format":"standard","meta":{"footnotes":""},"categories":[3883],"tags":[8690,527,283,8689],"class_list":{"0":"post-56856","1":"post","2":"type-post","3":"status-publish","4":"format-standard","5":"has-post-thumbnail","7":"category-ultramar","8":"tag-desapartecido","9":"tag-dominicano","10":"tag-ee-uu","11":"tag-hallan-muerto"},"yoast_head":"<!-- This site is optimized with the Yoast SEO plugin v27.1.1 - https:\/\/yoast.com\/product\/yoast-seo-wordpress\/ -->\n<title>Hallan muerto dominicano llevaba d\u00edas desapartecido en Pensilvania - Conexi\u00f3n 23<\/title>\n<meta name=\"robots\" content=\"index, follow, max-snippet:-1, max-image-preview:large, max-video-preview:-1\" \/>\n<link rel=\"canonical\" href=\"https:\/\/conexion23.com\/?p=56856\" \/>\n<meta property=\"og:locale\" content=\"es_ES\" \/>\n<meta property=\"og:type\" content=\"article\" \/>\n<meta property=\"og:title\" content=\"Hallan muerto dominicano llevaba d\u00edas desapartecido en Pensilvania - Conexi\u00f3n 23\" \/>\n<meta property=\"og:description\" content=\"Tras varios d\u00edas desaparecido, fue encontrado sin vida dentro de su veh\u00edculo un joven dominicano de 24 a\u00f1os. George Nicol\u00e1s Mora fue visto con vida por \u00faltima vez la noche del viernes 24 de abril. Su desaparici\u00f3n activ\u00f3 una intensa b\u00fasqueda por parte de familiares y allegados, quienes difundieron su fotograf\u00eda en redes sociales solicitando [&hellip;]\" \/>\n<meta property=\"og:url\" content=\"https:\/\/conexion23.com\/?p=56856\" \/>\n<meta property=\"og:site_name\" content=\"Conexi\u00f3n 23\" \/>\n<meta property=\"article:publisher\" content=\"https:\/\/www.facebook.com\/conexion23com\" \/>\n<meta property=\"article:published_time\" content=\"2026-05-01T11:38:43+00:00\" \/>\n<meta property=\"og:image\" content=\"https:\/\/conexion23.com\/wp-content\/uploads\/2026\/05\/tras-ser-reportado-desaparecido-en-pensilvania-termino-en-tragedia-95ad1dbc-focus-0-0-896-504.jpg\" \/>\n\t<meta property=\"og:image:width\" content=\"405\" \/>\n\t<meta property=\"og:image:height\" content=\"504\" \/>\n\t<meta property=\"og:image:type\" content=\"image\/jpeg\" \/>\n<meta name=\"author\" content=\"Raffy Ben\u00edtez\" \/>\n<meta name=\"twitter:card\" content=\"summary_large_image\" \/>\n<meta name=\"twitter:label1\" content=\"Escrito por\" \/>\n\t<meta name=\"twitter:data1\" content=\"Raffy Ben\u00edtez\" \/>\n\t<meta name=\"twitter:label2\" content=\"Tiempo de lectura\" \/>\n\t<meta name=\"twitter:data2\" content=\"1 minuto\" \/>\n<script type=\"application\/ld+json\" class=\"yoast-schema-graph\">{\"@context\":\"https:\/\/schema.org\",\"@graph\":[{\"@type\":\"Article\",\"@id\":\"https:\/\/conexion23.com\/?p=56856#article\",\"isPartOf\":{\"@id\":\"https:\/\/conexion23.com\/?p=56856\"},\"author\":{\"name\":\"Raffy Ben\u00edtez\",\"@id\":\"https:\/\/conexion23.com\/#\/schema\/person\/03e36043331117e97a373299bbcd30a6\"},\"headline\":\"Hallan muerto dominicano llevaba d\u00edas desapartecido en Pensilvania\",\"datePublished\":\"2026-05-01T11:38:43+00:00\",\"mainEntityOfPage\":{\"@id\":\"https:\/\/conexion23.com\/?p=56856\"},\"wordCount\":129,\"commentCount\":0,\"publisher\":{\"@id\":\"https:\/\/conexion23.com\/#organization\"},\"image\":{\"@id\":\"https:\/\/conexion23.com\/?p=56856#primaryimage\"},\"thumbnailUrl\":\"https:\/\/conexion23.com\/wp-content\/uploads\/2026\/05\/tras-ser-reportado-desaparecido-en-pensilvania-termino-en-tragedia-95ad1dbc-focus-0-0-896-504.jpg\",\"keywords\":[\"desapartecido\",\"Dominicano\",\"EE.UU.\",\"Hallan muerto\"],\"articleSection\":[\"Ultramar\"],\"inLanguage\":\"es\",\"potentialAction\":[{\"@type\":\"CommentAction\",\"name\":\"Comment\",\"target\":[\"https:\/\/conexion23.com\/?p=56856#respond\"]}]},{\"@type\":\"WebPage\",\"@id\":\"https:\/\/conexion23.com\/?p=56856\",\"url\":\"https:\/\/conexion23.com\/?p=56856\",\"name\":\"Hallan muerto dominicano llevaba d\u00edas desapartecido en Pensilvania - Conexi\u00f3n 23\",\"isPartOf\":{\"@id\":\"https:\/\/conexion23.com\/#website\"},\"primaryImageOfPage\":{\"@id\":\"https:\/\/conexion23.com\/?p=56856#primaryimage\"},\"image\":{\"@id\":\"https:\/\/conexion23.com\/?p=56856#primaryimage\"},\"thumbnailUrl\":\"https:\/\/conexion23.com\/wp-content\/uploads\/2026\/05\/tras-ser-reportado-desaparecido-en-pensilvania-termino-en-tragedia-95ad1dbc-focus-0-0-896-504.jpg\",\"datePublished\":\"2026-05-01T11:38:43+00:00\",\"breadcrumb\":{\"@id\":\"https:\/\/conexion23.com\/?p=56856#breadcrumb\"},\"inLanguage\":\"es\",\"potentialAction\":[{\"@type\":\"ReadAction\",\"target\":[\"https:\/\/conexion23.com\/?p=56856\"]}]},{\"@type\":\"ImageObject\",\"inLanguage\":\"es\",\"@id\":\"https:\/\/conexion23.com\/?p=56856#primaryimage\",\"url\":\"https:\/\/conexion23.com\/wp-content\/uploads\/2026\/05\/tras-ser-reportado-desaparecido-en-pensilvania-termino-en-tragedia-95ad1dbc-focus-0-0-896-504.jpg\",\"contentUrl\":\"https:\/\/conexion23.com\/wp-content\/uploads\/2026\/05\/tras-ser-reportado-desaparecido-en-pensilvania-termino-en-tragedia-95ad1dbc-focus-0-0-896-504.jpg\",\"width\":405,\"height\":504},{\"@type\":\"BreadcrumbList\",\"@id\":\"https:\/\/conexion23.com\/?p=56856#breadcrumb\",\"itemListElement\":[{\"@type\":\"ListItem\",\"position\":1,\"name\":\"Portada\",\"item\":\"https:\/\/conexion23.com\/\"},{\"@type\":\"ListItem\",\"position\":2,\"name\":\"Hallan muerto dominicano llevaba d\u00edas desapartecido en Pensilvania\"}]},{\"@type\":\"WebSite\",\"@id\":\"https:\/\/conexion23.com\/#website\",\"url\":\"https:\/\/conexion23.com\/\",\"name\":\"Conexi\u00f3n 23\",\"description\":\"Peri\u00f3dico 100% Petromacorisano\",\"publisher\":{\"@id\":\"https:\/\/conexion23.com\/#organization\"},\"potentialAction\":[{\"@type\":\"SearchAction\",\"target\":{\"@type\":\"EntryPoint\",\"urlTemplate\":\"https:\/\/conexion23.com\/?s={search_term_string}\"},\"query-input\":{\"@type\":\"PropertyValueSpecification\",\"valueRequired\":true,\"valueName\":\"search_term_string\"}}],\"inLanguage\":\"es\"},{\"@type\":\"Organization\",\"@id\":\"https:\/\/conexion23.com\/#organization\",\"name\":\"Conexion 23\",\"url\":\"https:\/\/conexion23.com\/\",\"logo\":{\"@type\":\"ImageObject\",\"inLanguage\":\"es\",\"@id\":\"https:\/\/conexion23.com\/#\/schema\/logo\/image\/\",\"url\":\"https:\/\/conexion23.com\/wp-content\/uploads\/2021\/11\/Diseno-sin-titulo-2.png\",\"contentUrl\":\"https:\/\/conexion23.com\/wp-content\/uploads\/2021\/11\/Diseno-sin-titulo-2.png\",\"width\":541,\"height\":90,\"caption\":\"Conexion 23\"},\"image\":{\"@id\":\"https:\/\/conexion23.com\/#\/schema\/logo\/image\/\"},\"sameAs\":[\"https:\/\/www.facebook.com\/conexion23com\",\"https:\/\/www.instagram.com\/conexion23com\/\",\"https:\/\/www.youtube.com\/channel\/UCYc7vxxFZMYLIHNsHHxPZ3Q\"]},{\"@type\":\"Person\",\"@id\":\"https:\/\/conexion23.com\/#\/schema\/person\/03e36043331117e97a373299bbcd30a6\",\"name\":\"Raffy Ben\u00edtez\",\"image\":{\"@type\":\"ImageObject\",\"inLanguage\":\"es\",\"@id\":\"https:\/\/conexion23.com\/#\/schema\/person\/image\/\",\"url\":\"https:\/\/secure.gravatar.com\/avatar\/3190a6a6c5e1b0327500f7d6c56b6242472ee6cb974cf09b401ee6b3b0798f23?s=96&d=mm&r=g\",\"contentUrl\":\"https:\/\/secure.gravatar.com\/avatar\/3190a6a6c5e1b0327500f7d6c56b6242472ee6cb974cf09b401ee6b3b0798f23?s=96&d=mm&r=g\",\"caption\":\"Raffy Ben\u00edtez\"},\"url\":\"https:\/\/conexion23.com\/?author=15\"}]}<\/script>\n<!-- \/ Yoast SEO plugin. -->","yoast_head_json":{"title":"Hallan muerto dominicano llevaba d\u00edas desapartecido en Pensilvania - Conexi\u00f3n 23","robots":{"index":"index","follow":"follow","max-snippet":"max-snippet:-1","max-image-preview":"max-image-preview:large","max-video-preview":"max-video-preview:-1"},"canonical":"https:\/\/conexion23.com\/?p=56856","og_locale":"es_ES","og_type":"article","og_title":"Hallan muerto dominicano llevaba d\u00edas desapartecido en Pensilvania - Conexi\u00f3n 23","og_description":"Tras varios d\u00edas desaparecido, fue encontrado sin vida dentro de su veh\u00edculo un joven dominicano de 24 a\u00f1os. George Nicol\u00e1s Mora fue visto con vida por \u00faltima vez la noche del viernes 24 de abril. Su desaparici\u00f3n activ\u00f3 una intensa b\u00fasqueda por parte de familiares y allegados, quienes difundieron su fotograf\u00eda en redes sociales solicitando [&hellip;]","og_url":"https:\/\/conexion23.com\/?p=56856","og_site_name":"Conexi\u00f3n 23","article_publisher":"https:\/\/www.facebook.com\/conexion23com","article_published_time":"2026-05-01T11:38:43+00:00","og_image":[{"width":405,"height":504,"url":"https:\/\/conexion23.com\/wp-content\/uploads\/2026\/05\/tras-ser-reportado-desaparecido-en-pensilvania-termino-en-tragedia-95ad1dbc-focus-0-0-896-504.jpg","type":"image\/jpeg"}],"author":"Raffy Ben\u00edtez","twitter_card":"summary_large_image","twitter_misc":{"Escrito por":"Raffy Ben\u00edtez","Tiempo de lectura":"1 minuto"},"schema":{"@context":"https:\/\/schema.org","@graph":[{"@type":"Article","@id":"https:\/\/conexion23.com\/?p=56856#article","isPartOf":{"@id":"https:\/\/conexion23.com\/?p=56856"},"author":{"name":"Raffy Ben\u00edtez","@id":"https:\/\/conexion23.com\/#\/schema\/person\/03e36043331117e97a373299bbcd30a6"},"headline":"Hallan muerto dominicano llevaba d\u00edas desapartecido en Pensilvania","datePublished":"2026-05-01T11:38:43+00:00","mainEntityOfPage":{"@id":"https:\/\/conexion23.com\/?p=56856"},"wordCount":129,"commentCount":0,"publisher":{"@id":"https:\/\/conexion23.com\/#organization"},"image":{"@id":"https:\/\/conexion23.com\/?p=56856#primaryimage"},"thumbnailUrl":"https:\/\/conexion23.com\/wp-content\/uploads\/2026\/05\/tras-ser-reportado-desaparecido-en-pensilvania-termino-en-tragedia-95ad1dbc-focus-0-0-896-504.jpg","keywords":["desapartecido","Dominicano","EE.UU.","Hallan muerto"],"articleSection":["Ultramar"],"inLanguage":"es","potentialAction":[{"@type":"CommentAction","name":"Comment","target":["https:\/\/conexion23.com\/?p=56856#respond"]}]},{"@type":"WebPage","@id":"https:\/\/conexion23.com\/?p=56856","url":"https:\/\/conexion23.com\/?p=56856","name":"Hallan muerto dominicano llevaba d\u00edas desapartecido en Pensilvania - Conexi\u00f3n 23","isPartOf":{"@id":"https:\/\/conexion23.com\/#website"},"primaryImageOfPage":{"@id":"https:\/\/conexion23.com\/?p=56856#primaryimage"},"image":{"@id":"https:\/\/conexion23.com\/?p=56856#primaryimage"},"thumbnailUrl":"https:\/\/conexion23.com\/wp-content\/uploads\/2026\/05\/tras-ser-reportado-desaparecido-en-pensilvania-termino-en-tragedia-95ad1dbc-focus-0-0-896-504.jpg","datePublished":"2026-05-01T11:38:43+00:00","breadcrumb":{"@id":"https:\/\/conexion23.com\/?p=56856#breadcrumb"},"inLanguage":"es","potentialAction":[{"@type":"ReadAction","target":["https:\/\/conexion23.com\/?p=56856"]}]},{"@type":"ImageObject","inLanguage":"es","@id":"https:\/\/conexion23.com\/?p=56856#primaryimage","url":"https:\/\/conexion23.com\/wp-content\/uploads\/2026\/05\/tras-ser-reportado-desaparecido-en-pensilvania-termino-en-tragedia-95ad1dbc-focus-0-0-896-504.jpg","contentUrl":"https:\/\/conexion23.com\/wp-content\/uploads\/2026\/05\/tras-ser-reportado-desaparecido-en-pensilvania-termino-en-tragedia-95ad1dbc-focus-0-0-896-504.jpg","width":405,"height":504},{"@type":"BreadcrumbList","@id":"https:\/\/conexion23.com\/?p=56856#breadcrumb","itemListElement":[{"@type":"ListItem","position":1,"name":"Portada","item":"https:\/\/conexion23.com\/"},{"@type":"ListItem","position":2,"name":"Hallan muerto dominicano llevaba d\u00edas desapartecido en Pensilvania"}]},{"@type":"WebSite","@id":"https:\/\/conexion23.com\/#website","url":"https:\/\/conexion23.com\/","name":"Conexi\u00f3n 23","description":"Peri\u00f3dico 100% Petromacorisano","publisher":{"@id":"https:\/\/conexion23.com\/#organization"},"potentialAction":[{"@type":"SearchAction","target":{"@type":"EntryPoint","urlTemplate":"https:\/\/conexion23.com\/?s={search_term_string}"},"query-input":{"@type":"PropertyValueSpecification","valueRequired":true,"valueName":"search_term_string"}}],"inLanguage":"es"},{"@type":"Organization","@id":"https:\/\/conexion23.com\/#organization","name":"Conexion 23","url":"https:\/\/conexion23.com\/","logo":{"@type":"ImageObject","inLanguage":"es","@id":"https:\/\/conexion23.com\/#\/schema\/logo\/image\/","url":"https:\/\/conexion23.com\/wp-content\/uploads\/2021\/11\/Diseno-sin-titulo-2.png","contentUrl":"https:\/\/conexion23.com\/wp-content\/uploads\/2021\/11\/Diseno-sin-titulo-2.png","width":541,"height":90,"caption":"Conexion 23"},"image":{"@id":"https:\/\/conexion23.com\/#\/schema\/logo\/image\/"},"sameAs":["https:\/\/www.facebook.com\/conexion23com","https:\/\/www.instagram.com\/conexion23com\/","https:\/\/www.youtube.com\/channel\/UCYc7vxxFZMYLIHNsHHxPZ3Q"]},{"@type":"Person","@id":"https:\/\/conexion23.com\/#\/schema\/person\/03e36043331117e97a373299bbcd30a6","name":"Raffy Ben\u00edtez","image":{"@type":"ImageObject","inLanguage":"es","@id":"https:\/\/conexion23.com\/#\/schema\/person\/image\/","url":"https:\/\/secure.gravatar.com\/avatar\/3190a6a6c5e1b0327500f7d6c56b6242472ee6cb974cf09b401ee6b3b0798f23?s=96&d=mm&r=g","contentUrl":"https:\/\/secure.gravatar.com\/avatar\/3190a6a6c5e1b0327500f7d6c56b6242472ee6cb974cf09b401ee6b3b0798f23?s=96&d=mm&r=g","caption":"Raffy Ben\u00edtez"},"url":"https:\/\/conexion23.com\/?author=15"}]}},"_links":{"self":[{"href":"https:\/\/conexion23.com\/index.php?rest_route=\/wp\/v2\/posts\/56856","targetHints":{"allow":["GET"]}}],"collection":[{"href":"https:\/\/conexion23.com\/index.php?rest_route=\/wp\/v2\/posts"}],"about":[{"href":"https:\/\/conexion23.com\/index.php?rest_route=\/wp\/v2\/types\/post"}],"author":[{"embeddable":true,"href":"https:\/\/conexion23.com\/index.php?rest_route=\/wp\/v2\/users\/15"}],"replies":[{"embeddable":true,"href":"https:\/\/conexion23.com\/index.php?rest_route=%2Fwp%2Fv2%2Fcomments&post=56856"}],"version-history":[{"count":1,"href":"https:\/\/conexion23.com\/index.php?rest_route=\/wp\/v2\/posts\/56856\/revisions"}],"predecessor-version":[{"id":56858,"href":"https:\/\/conexion23.com\/index.php?rest_route=\/wp\/v2\/posts\/56856\/revisions\/56858"}],"wp:featuredmedia":[{"embeddable":true,"href":"https:\/\/conexion23.com\/index.php?rest_route=\/wp\/v2\/media\/56857"}],"wp:attachment":[{"href":"https:\/\/conexion23.com\/index.php?rest_route=%2Fwp%2Fv2%2Fmedia&parent=56856"}],"wp:term":[{"taxonomy":"category","embeddable":true,"href":"https:\/\/conexion23.com\/index.php?rest_route=%2Fwp%2Fv2%2Fcategories&post=56856"},{"taxonomy":"post_tag","embeddable":true,"href":"https:\/\/conexion23.com\/index.php?rest_route=%2Fwp%2Fv2%2Ftags&post=56856"}],"curies":[{"name":"wp","href":"https:\/\/api.w.org\/{rel}","templated":true}]}}