{"id":56859,"date":"2026-05-01T07:50:31","date_gmt":"2026-05-01T11:50:31","guid":{"rendered":"https:\/\/conexion23.com\/?p=56859"},"modified":"2026-05-01T07:50:31","modified_gmt":"2026-05-01T11:50:31","slug":"prision-preventiva-contra-cole-allen-acusado-de-intentar-matar-a-donald-trump","status":"publish","type":"post","link":"https:\/\/conexion23.com\/?p=56859","title":{"rendered":"Prisi\u00f3n preventiva contra Cole Allen acusado de intentar matar a Donald Trump"},"content":{"rendered":"<p class=\"has-text-align-justify has-text-align-justify\" style=\"text-align: justify;\">Una jueza del Distrito de Columbia orden\u00f3 prisi\u00f3n preventiva sin derecho a fianza contra Cole Allen, se\u00f1alado por las autoridades como responsable de un intento de ataque contra el presidente de Estados Unidos, Donald Trump, durante un evento celebrado el pasado fin de semana en la capital estadounidense.<\/p>\n<p class=\"has-text-align-justify has-text-align-justify\" style=\"text-align: justify;\">La decisi\u00f3n fue tomada durante una breve audiencia en la que el imputado acept\u00f3 la medida cautelar solicitada por la fiscal\u00eda, por lo que permanecer\u00e1 bajo custodia mientras avanza el proceso judicial en su contra.<\/p>\n<p class=\"has-text-align-justify has-text-align-justify\" style=\"text-align: justify;\">Allen enfrenta cargos relacionados con intento de homicidio contra el mandatario, as\u00ed como otros delitos vinculados al porte y uso de armas. De acuerdo con las autoridades, estos cargos podr\u00edan ampliarse una vez el caso sea presentado ante un gran jurado, instancia encargada de determinar si existen pruebas suficientes para una acusaci\u00f3n formal.<\/p>\n<p class=\"has-text-align-justify has-text-align-justify\" style=\"text-align: justify;\">El incidente ocurri\u00f3 durante la Cena de Corresponsales de la Casa Blanca, realizada en un hotel de Washington, donde se encontraban el presidente Trump, la primera dama Melania Trump, el vicepresidente JD Vance y otras autoridades, junto a cientos de invitados.<\/p>\n<p class=\"has-text-align-justify has-text-align-justify\" style=\"text-align: justify;\">Seg\u00fan el informe preliminar, el acusado habr\u00eda intentado acceder armado al sal\u00f3n principal del evento, logrando evadir un primer control de seguridad antes de ser neutralizado por agentes del Servicio Secreto de Estados Unidos, quienes respondieron de inmediato ante la amenaza.<\/p>\n<p class=\"has-text-align-justify has-text-align-justify\" style=\"text-align: justify;\">Las autoridades indicaron que el hecho no dej\u00f3 personas heridas, aunque gener\u00f3 momentos de tensi\u00f3n y oblig\u00f3 a evacuar a los asistentes, incluidos funcionarios y representantes de distintos sectores.<\/p>\n<p class=\"has-text-align-justify has-text-align-justify\" style=\"text-align: justify;\">Las investigaciones se\u00f1alan que el imputado habr\u00eda planificado el hecho con antelaci\u00f3n, traslad\u00e1ndose desde otro estado hacia Washington y aloj\u00e1ndose en el mismo hotel donde se desarrollaba la actividad.<\/p>\n<p class=\"has-text-align-justify has-text-align-justify\" style=\"text-align: justify;\">El caso contin\u00faa en proceso de investigaci\u00f3n mientras las autoridades federales profundizan en los detalles del suceso y en la posible presentaci\u00f3n de nuevos cargos en las pr\u00f3ximas etapas judiciales.<\/p>\n","protected":false},"excerpt":{"rendered":"<p>Una jueza del Distrito de Columbia orden\u00f3 prisi\u00f3n preventiva sin derecho a fianza contra Cole Allen, se\u00f1alado por las autoridades como responsable de un intento de ataque contra el presidente de Estados Unidos, Donald Trump, durante un evento celebrado el pasado fin de semana en la capital estadounidense. La decisi\u00f3n fue tomada durante una breve [&hellip;]<\/p>\n","protected":false},"author":15,"featured_media":56860,"comment_status":"open","ping_status":"open","sticky":false,"template":"","format":"standard","meta":{"footnotes":""},"categories":[3881],"tags":[224,8550,3647,2060,4856,4827],"class_list":{"0":"post-56859","1":"post","2":"type-post","3":"status-publish","4":"format-standard","5":"has-post-thumbnail","7":"category-internacionales","8":"tag-acusado","9":"tag-cole-allen","10":"tag-donald-trump","11":"tag-fianza","12":"tag-prision-preventiva","13":"tag-washington"},"yoast_head":"<!-- This site is optimized with the Yoast SEO plugin v27.1.1 - https:\/\/yoast.com\/product\/yoast-seo-wordpress\/ -->\n<title>Prisi\u00f3n preventiva contra Cole Allen acusado de intentar matar a Donald Trump - Conexi\u00f3n 23<\/title>\n<meta name=\"robots\" content=\"index, follow, max-snippet:-1, max-image-preview:large, max-video-preview:-1\" \/>\n<link rel=\"canonical\" href=\"https:\/\/conexion23.com\/?p=56859\" \/>\n<meta property=\"og:locale\" content=\"es_ES\" \/>\n<meta property=\"og:type\" content=\"article\" \/>\n<meta property=\"og:title\" content=\"Prisi\u00f3n preventiva contra Cole Allen acusado de intentar matar a Donald Trump - Conexi\u00f3n 23\" \/>\n<meta property=\"og:description\" content=\"Una jueza del Distrito de Columbia orden\u00f3 prisi\u00f3n preventiva sin derecho a fianza contra Cole Allen, se\u00f1alado por las autoridades como responsable de un intento de ataque contra el presidente de Estados Unidos, Donald Trump, durante un evento celebrado el pasado fin de semana en la capital estadounidense. La decisi\u00f3n fue tomada durante una breve [&hellip;]\" \/>\n<meta property=\"og:url\" content=\"https:\/\/conexion23.com\/?p=56859\" \/>\n<meta property=\"og:site_name\" content=\"Conexi\u00f3n 23\" \/>\n<meta property=\"article:publisher\" content=\"https:\/\/www.facebook.com\/conexion23com\" \/>\n<meta property=\"article:published_time\" content=\"2026-05-01T11:50:31+00:00\" \/>\n<meta property=\"og:image\" content=\"https:\/\/conexion23.com\/wp-content\/uploads\/2026\/05\/AME7977-EEUU-TRUMP-TIROTEO.webp\" \/>\n\t<meta property=\"og:image:width\" content=\"900\" \/>\n\t<meta property=\"og:image:height\" content=\"600\" \/>\n\t<meta property=\"og:image:type\" content=\"image\/webp\" \/>\n<meta name=\"author\" content=\"Raffy Ben\u00edtez\" \/>\n<meta name=\"twitter:card\" content=\"summary_large_image\" \/>\n<meta name=\"twitter:label1\" content=\"Escrito por\" \/>\n\t<meta name=\"twitter:data1\" content=\"Raffy Ben\u00edtez\" \/>\n\t<meta name=\"twitter:label2\" content=\"Tiempo de lectura\" \/>\n\t<meta name=\"twitter:data2\" content=\"2 minutos\" \/>\n<script type=\"application\/ld+json\" class=\"yoast-schema-graph\">{\"@context\":\"https:\/\/schema.org\",\"@graph\":[{\"@type\":\"Article\",\"@id\":\"https:\/\/conexion23.com\/?p=56859#article\",\"isPartOf\":{\"@id\":\"https:\/\/conexion23.com\/?p=56859\"},\"author\":{\"name\":\"Raffy Ben\u00edtez\",\"@id\":\"https:\/\/conexion23.com\/#\/schema\/person\/03e36043331117e97a373299bbcd30a6\"},\"headline\":\"Prisi\u00f3n preventiva contra Cole Allen acusado de intentar matar a Donald Trump\",\"datePublished\":\"2026-05-01T11:50:31+00:00\",\"mainEntityOfPage\":{\"@id\":\"https:\/\/conexion23.com\/?p=56859\"},\"wordCount\":338,\"commentCount\":0,\"publisher\":{\"@id\":\"https:\/\/conexion23.com\/#organization\"},\"image\":{\"@id\":\"https:\/\/conexion23.com\/?p=56859#primaryimage\"},\"thumbnailUrl\":\"https:\/\/conexion23.com\/wp-content\/uploads\/2026\/05\/AME7977-EEUU-TRUMP-TIROTEO.webp\",\"keywords\":[\"acusado\",\"Cole Allen\",\"Donald Trump\",\"fianza\",\"prisi\u00f3n preventiva\",\"Washington\"],\"articleSection\":[\"Internacionales\"],\"inLanguage\":\"es\",\"potentialAction\":[{\"@type\":\"CommentAction\",\"name\":\"Comment\",\"target\":[\"https:\/\/conexion23.com\/?p=56859#respond\"]}]},{\"@type\":\"WebPage\",\"@id\":\"https:\/\/conexion23.com\/?p=56859\",\"url\":\"https:\/\/conexion23.com\/?p=56859\",\"name\":\"Prisi\u00f3n preventiva contra Cole Allen acusado de intentar matar a Donald Trump - Conexi\u00f3n 23\",\"isPartOf\":{\"@id\":\"https:\/\/conexion23.com\/#website\"},\"primaryImageOfPage\":{\"@id\":\"https:\/\/conexion23.com\/?p=56859#primaryimage\"},\"image\":{\"@id\":\"https:\/\/conexion23.com\/?p=56859#primaryimage\"},\"thumbnailUrl\":\"https:\/\/conexion23.com\/wp-content\/uploads\/2026\/05\/AME7977-EEUU-TRUMP-TIROTEO.webp\",\"datePublished\":\"2026-05-01T11:50:31+00:00\",\"breadcrumb\":{\"@id\":\"https:\/\/conexion23.com\/?p=56859#breadcrumb\"},\"inLanguage\":\"es\",\"potentialAction\":[{\"@type\":\"ReadAction\",\"target\":[\"https:\/\/conexion23.com\/?p=56859\"]}]},{\"@type\":\"ImageObject\",\"inLanguage\":\"es\",\"@id\":\"https:\/\/conexion23.com\/?p=56859#primaryimage\",\"url\":\"https:\/\/conexion23.com\/wp-content\/uploads\/2026\/05\/AME7977-EEUU-TRUMP-TIROTEO.webp\",\"contentUrl\":\"https:\/\/conexion23.com\/wp-content\/uploads\/2026\/05\/AME7977-EEUU-TRUMP-TIROTEO.webp\",\"width\":900,\"height\":600},{\"@type\":\"BreadcrumbList\",\"@id\":\"https:\/\/conexion23.com\/?p=56859#breadcrumb\",\"itemListElement\":[{\"@type\":\"ListItem\",\"position\":1,\"name\":\"Portada\",\"item\":\"https:\/\/conexion23.com\/\"},{\"@type\":\"ListItem\",\"position\":2,\"name\":\"Prisi\u00f3n preventiva contra Cole Allen acusado de intentar matar a Donald Trump\"}]},{\"@type\":\"WebSite\",\"@id\":\"https:\/\/conexion23.com\/#website\",\"url\":\"https:\/\/conexion23.com\/\",\"name\":\"Conexi\u00f3n 23\",\"description\":\"Peri\u00f3dico 100% Petromacorisano\",\"publisher\":{\"@id\":\"https:\/\/conexion23.com\/#organization\"},\"potentialAction\":[{\"@type\":\"SearchAction\",\"target\":{\"@type\":\"EntryPoint\",\"urlTemplate\":\"https:\/\/conexion23.com\/?s={search_term_string}\"},\"query-input\":{\"@type\":\"PropertyValueSpecification\",\"valueRequired\":true,\"valueName\":\"search_term_string\"}}],\"inLanguage\":\"es\"},{\"@type\":\"Organization\",\"@id\":\"https:\/\/conexion23.com\/#organization\",\"name\":\"Conexion 23\",\"url\":\"https:\/\/conexion23.com\/\",\"logo\":{\"@type\":\"ImageObject\",\"inLanguage\":\"es\",\"@id\":\"https:\/\/conexion23.com\/#\/schema\/logo\/image\/\",\"url\":\"https:\/\/conexion23.com\/wp-content\/uploads\/2021\/11\/Diseno-sin-titulo-2.png\",\"contentUrl\":\"https:\/\/conexion23.com\/wp-content\/uploads\/2021\/11\/Diseno-sin-titulo-2.png\",\"width\":541,\"height\":90,\"caption\":\"Conexion 23\"},\"image\":{\"@id\":\"https:\/\/conexion23.com\/#\/schema\/logo\/image\/\"},\"sameAs\":[\"https:\/\/www.facebook.com\/conexion23com\",\"https:\/\/www.instagram.com\/conexion23com\/\",\"https:\/\/www.youtube.com\/channel\/UCYc7vxxFZMYLIHNsHHxPZ3Q\"]},{\"@type\":\"Person\",\"@id\":\"https:\/\/conexion23.com\/#\/schema\/person\/03e36043331117e97a373299bbcd30a6\",\"name\":\"Raffy Ben\u00edtez\",\"image\":{\"@type\":\"ImageObject\",\"inLanguage\":\"es\",\"@id\":\"https:\/\/conexion23.com\/#\/schema\/person\/image\/\",\"url\":\"https:\/\/secure.gravatar.com\/avatar\/3190a6a6c5e1b0327500f7d6c56b6242472ee6cb974cf09b401ee6b3b0798f23?s=96&d=mm&r=g\",\"contentUrl\":\"https:\/\/secure.gravatar.com\/avatar\/3190a6a6c5e1b0327500f7d6c56b6242472ee6cb974cf09b401ee6b3b0798f23?s=96&d=mm&r=g\",\"caption\":\"Raffy Ben\u00edtez\"},\"url\":\"https:\/\/conexion23.com\/?author=15\"}]}<\/script>\n<!-- \/ Yoast SEO plugin. -->","yoast_head_json":{"title":"Prisi\u00f3n preventiva contra Cole Allen acusado de intentar matar a Donald Trump - Conexi\u00f3n 23","robots":{"index":"index","follow":"follow","max-snippet":"max-snippet:-1","max-image-preview":"max-image-preview:large","max-video-preview":"max-video-preview:-1"},"canonical":"https:\/\/conexion23.com\/?p=56859","og_locale":"es_ES","og_type":"article","og_title":"Prisi\u00f3n preventiva contra Cole Allen acusado de intentar matar a Donald Trump - Conexi\u00f3n 23","og_description":"Una jueza del Distrito de Columbia orden\u00f3 prisi\u00f3n preventiva sin derecho a fianza contra Cole Allen, se\u00f1alado por las autoridades como responsable de un intento de ataque contra el presidente de Estados Unidos, Donald Trump, durante un evento celebrado el pasado fin de semana en la capital estadounidense. La decisi\u00f3n fue tomada durante una breve [&hellip;]","og_url":"https:\/\/conexion23.com\/?p=56859","og_site_name":"Conexi\u00f3n 23","article_publisher":"https:\/\/www.facebook.com\/conexion23com","article_published_time":"2026-05-01T11:50:31+00:00","og_image":[{"width":900,"height":600,"url":"https:\/\/conexion23.com\/wp-content\/uploads\/2026\/05\/AME7977-EEUU-TRUMP-TIROTEO.webp","type":"image\/webp"}],"author":"Raffy Ben\u00edtez","twitter_card":"summary_large_image","twitter_misc":{"Escrito por":"Raffy Ben\u00edtez","Tiempo de lectura":"2 minutos"},"schema":{"@context":"https:\/\/schema.org","@graph":[{"@type":"Article","@id":"https:\/\/conexion23.com\/?p=56859#article","isPartOf":{"@id":"https:\/\/conexion23.com\/?p=56859"},"author":{"name":"Raffy Ben\u00edtez","@id":"https:\/\/conexion23.com\/#\/schema\/person\/03e36043331117e97a373299bbcd30a6"},"headline":"Prisi\u00f3n preventiva contra Cole Allen acusado de intentar matar a Donald Trump","datePublished":"2026-05-01T11:50:31+00:00","mainEntityOfPage":{"@id":"https:\/\/conexion23.com\/?p=56859"},"wordCount":338,"commentCount":0,"publisher":{"@id":"https:\/\/conexion23.com\/#organization"},"image":{"@id":"https:\/\/conexion23.com\/?p=56859#primaryimage"},"thumbnailUrl":"https:\/\/conexion23.com\/wp-content\/uploads\/2026\/05\/AME7977-EEUU-TRUMP-TIROTEO.webp","keywords":["acusado","Cole Allen","Donald Trump","fianza","prisi\u00f3n preventiva","Washington"],"articleSection":["Internacionales"],"inLanguage":"es","potentialAction":[{"@type":"CommentAction","name":"Comment","target":["https:\/\/conexion23.com\/?p=56859#respond"]}]},{"@type":"WebPage","@id":"https:\/\/conexion23.com\/?p=56859","url":"https:\/\/conexion23.com\/?p=56859","name":"Prisi\u00f3n preventiva contra Cole Allen acusado de intentar matar a Donald Trump - Conexi\u00f3n 23","isPartOf":{"@id":"https:\/\/conexion23.com\/#website"},"primaryImageOfPage":{"@id":"https:\/\/conexion23.com\/?p=56859#primaryimage"},"image":{"@id":"https:\/\/conexion23.com\/?p=56859#primaryimage"},"thumbnailUrl":"https:\/\/conexion23.com\/wp-content\/uploads\/2026\/05\/AME7977-EEUU-TRUMP-TIROTEO.webp","datePublished":"2026-05-01T11:50:31+00:00","breadcrumb":{"@id":"https:\/\/conexion23.com\/?p=56859#breadcrumb"},"inLanguage":"es","potentialAction":[{"@type":"ReadAction","target":["https:\/\/conexion23.com\/?p=56859"]}]},{"@type":"ImageObject","inLanguage":"es","@id":"https:\/\/conexion23.com\/?p=56859#primaryimage","url":"https:\/\/conexion23.com\/wp-content\/uploads\/2026\/05\/AME7977-EEUU-TRUMP-TIROTEO.webp","contentUrl":"https:\/\/conexion23.com\/wp-content\/uploads\/2026\/05\/AME7977-EEUU-TRUMP-TIROTEO.webp","width":900,"height":600},{"@type":"BreadcrumbList","@id":"https:\/\/conexion23.com\/?p=56859#breadcrumb","itemListElement":[{"@type":"ListItem","position":1,"name":"Portada","item":"https:\/\/conexion23.com\/"},{"@type":"ListItem","position":2,"name":"Prisi\u00f3n preventiva contra Cole Allen acusado de intentar matar a Donald Trump"}]},{"@type":"WebSite","@id":"https:\/\/conexion23.com\/#website","url":"https:\/\/conexion23.com\/","name":"Conexi\u00f3n 23","description":"Peri\u00f3dico 100% Petromacorisano","publisher":{"@id":"https:\/\/conexion23.com\/#organization"},"potentialAction":[{"@type":"SearchAction","target":{"@type":"EntryPoint","urlTemplate":"https:\/\/conexion23.com\/?s={search_term_string}"},"query-input":{"@type":"PropertyValueSpecification","valueRequired":true,"valueName":"search_term_string"}}],"inLanguage":"es"},{"@type":"Organization","@id":"https:\/\/conexion23.com\/#organization","name":"Conexion 23","url":"https:\/\/conexion23.com\/","logo":{"@type":"ImageObject","inLanguage":"es","@id":"https:\/\/conexion23.com\/#\/schema\/logo\/image\/","url":"https:\/\/conexion23.com\/wp-content\/uploads\/2021\/11\/Diseno-sin-titulo-2.png","contentUrl":"https:\/\/conexion23.com\/wp-content\/uploads\/2021\/11\/Diseno-sin-titulo-2.png","width":541,"height":90,"caption":"Conexion 23"},"image":{"@id":"https:\/\/conexion23.com\/#\/schema\/logo\/image\/"},"sameAs":["https:\/\/www.facebook.com\/conexion23com","https:\/\/www.instagram.com\/conexion23com\/","https:\/\/www.youtube.com\/channel\/UCYc7vxxFZMYLIHNsHHxPZ3Q"]},{"@type":"Person","@id":"https:\/\/conexion23.com\/#\/schema\/person\/03e36043331117e97a373299bbcd30a6","name":"Raffy Ben\u00edtez","image":{"@type":"ImageObject","inLanguage":"es","@id":"https:\/\/conexion23.com\/#\/schema\/person\/image\/","url":"https:\/\/secure.gravatar.com\/avatar\/3190a6a6c5e1b0327500f7d6c56b6242472ee6cb974cf09b401ee6b3b0798f23?s=96&d=mm&r=g","contentUrl":"https:\/\/secure.gravatar.com\/avatar\/3190a6a6c5e1b0327500f7d6c56b6242472ee6cb974cf09b401ee6b3b0798f23?s=96&d=mm&r=g","caption":"Raffy Ben\u00edtez"},"url":"https:\/\/conexion23.com\/?author=15"}]}},"_links":{"self":[{"href":"https:\/\/conexion23.com\/index.php?rest_route=\/wp\/v2\/posts\/56859","targetHints":{"allow":["GET"]}}],"collection":[{"href":"https:\/\/conexion23.com\/index.php?rest_route=\/wp\/v2\/posts"}],"about":[{"href":"https:\/\/conexion23.com\/index.php?rest_route=\/wp\/v2\/types\/post"}],"author":[{"embeddable":true,"href":"https:\/\/conexion23.com\/index.php?rest_route=\/wp\/v2\/users\/15"}],"replies":[{"embeddable":true,"href":"https:\/\/conexion23.com\/index.php?rest_route=%2Fwp%2Fv2%2Fcomments&post=56859"}],"version-history":[{"count":1,"href":"https:\/\/conexion23.com\/index.php?rest_route=\/wp\/v2\/posts\/56859\/revisions"}],"predecessor-version":[{"id":56861,"href":"https:\/\/conexion23.com\/index.php?rest_route=\/wp\/v2\/posts\/56859\/revisions\/56861"}],"wp:featuredmedia":[{"embeddable":true,"href":"https:\/\/conexion23.com\/index.php?rest_route=\/wp\/v2\/media\/56860"}],"wp:attachment":[{"href":"https:\/\/conexion23.com\/index.php?rest_route=%2Fwp%2Fv2%2Fmedia&parent=56859"}],"wp:term":[{"taxonomy":"category","embeddable":true,"href":"https:\/\/conexion23.com\/index.php?rest_route=%2Fwp%2Fv2%2Fcategories&post=56859"},{"taxonomy":"post_tag","embeddable":true,"href":"https:\/\/conexion23.com\/index.php?rest_route=%2Fwp%2Fv2%2Ftags&post=56859"}],"curies":[{"name":"wp","href":"https:\/\/api.w.org\/{rel}","templated":true}]}}