{"id":56862,"date":"2026-05-01T08:01:42","date_gmt":"2026-05-01T12:01:42","guid":{"rendered":"https:\/\/conexion23.com\/?p=56862"},"modified":"2026-05-01T08:01:42","modified_gmt":"2026-05-01T12:01:42","slug":"defensa-civil-en-spm-informa-crecida-del-arroyo-guasa-en-ramon-santana","status":"publish","type":"post","link":"https:\/\/conexion23.com\/?p=56862","title":{"rendered":"Defensa Civil en SPM informa crecida del arroyo Guasa en Ram\u00f3n Santana"},"content":{"rendered":"<p style=\"text-align: justify;\">La Defensa Civil en San Pedro de Macor\u00eds informo sobre la crecida del arroyo Guasa en Ramon Santana<\/p>\n<p style=\"text-align: justify;\">El CPMR informo que el arroyo Guasa ha presentado una r\u00e1pida crecida producto de los aguaceros ca\u00eddos en Hato mayor, el Seibo y otras comunidades provocando la incomunicaci\u00f3n del municipio de Ram\u00f3n Santana con San Pedro de Macor\u00eds.<\/p>\n<p style=\"text-align: justify;\">Mantenerse atentos a los pr\u00f3ximos boletines, y evitar aventurarse a cruzar r\u00edos, arroyos y ca\u00f1adas<\/p>\n","protected":false},"excerpt":{"rendered":"<p>La Defensa Civil en San Pedro de Macor\u00eds informo sobre la crecida del arroyo Guasa en Ramon Santana El CPMR informo que el arroyo Guasa ha presentado una r\u00e1pida crecida producto de los aguaceros ca\u00eddos en Hato mayor, el Seibo y otras comunidades provocando la incomunicaci\u00f3n del municipio de Ram\u00f3n Santana con San Pedro de [&hellip;]<\/p>\n","protected":false},"author":15,"featured_media":56863,"comment_status":"open","ping_status":"open","sticky":false,"template":"","format":"standard","meta":{"footnotes":""},"categories":[12,2472,16],"tags":[],"class_list":{"0":"post-56862","1":"post","2":"type-post","3":"status-publish","4":"format-standard","5":"has-post-thumbnail","7":"category-municipales","8":"category-provincias-del-este","9":"category-ramon-santana"},"yoast_head":"<!-- This site is optimized with the Yoast SEO plugin v27.1.1 - https:\/\/yoast.com\/product\/yoast-seo-wordpress\/ -->\n<title>Defensa Civil en SPM informa crecida del arroyo Guasa en Ram\u00f3n Santana - Conexi\u00f3n 23<\/title>\n<meta name=\"robots\" content=\"index, follow, max-snippet:-1, max-image-preview:large, max-video-preview:-1\" \/>\n<link rel=\"canonical\" href=\"https:\/\/conexion23.com\/?p=56862\" \/>\n<meta property=\"og:locale\" content=\"es_ES\" \/>\n<meta property=\"og:type\" content=\"article\" \/>\n<meta property=\"og:title\" content=\"Defensa Civil en SPM informa crecida del arroyo Guasa en Ram\u00f3n Santana - Conexi\u00f3n 23\" \/>\n<meta property=\"og:description\" content=\"La Defensa Civil en San Pedro de Macor\u00eds informo sobre la crecida del arroyo Guasa en Ramon Santana El CPMR informo que el arroyo Guasa ha presentado una r\u00e1pida crecida producto de los aguaceros ca\u00eddos en Hato mayor, el Seibo y otras comunidades provocando la incomunicaci\u00f3n del municipio de Ram\u00f3n Santana con San Pedro de [&hellip;]\" \/>\n<meta property=\"og:url\" content=\"https:\/\/conexion23.com\/?p=56862\" \/>\n<meta property=\"og:site_name\" content=\"Conexi\u00f3n 23\" \/>\n<meta property=\"article:publisher\" content=\"https:\/\/www.facebook.com\/conexion23com\" \/>\n<meta property=\"article:published_time\" content=\"2026-05-01T12:01:42+00:00\" \/>\n<meta property=\"og:image\" content=\"https:\/\/conexion23.com\/wp-content\/uploads\/2026\/05\/66ab0e3a-fb6a-44bd-9b98-0f246091e113.jpg\" \/>\n\t<meta property=\"og:image:width\" content=\"1060\" \/>\n\t<meta property=\"og:image:height\" content=\"1600\" \/>\n\t<meta property=\"og:image:type\" content=\"image\/jpeg\" \/>\n<meta name=\"author\" content=\"Raffy Ben\u00edtez\" \/>\n<meta name=\"twitter:card\" content=\"summary_large_image\" \/>\n<meta name=\"twitter:label1\" content=\"Escrito por\" \/>\n\t<meta name=\"twitter:data1\" content=\"Raffy Ben\u00edtez\" \/>\n\t<meta name=\"twitter:label2\" content=\"Tiempo de lectura\" \/>\n\t<meta name=\"twitter:data2\" content=\"1 minuto\" \/>\n<script type=\"application\/ld+json\" class=\"yoast-schema-graph\">{\"@context\":\"https:\/\/schema.org\",\"@graph\":[{\"@type\":\"Article\",\"@id\":\"https:\/\/conexion23.com\/?p=56862#article\",\"isPartOf\":{\"@id\":\"https:\/\/conexion23.com\/?p=56862\"},\"author\":{\"name\":\"Raffy Ben\u00edtez\",\"@id\":\"https:\/\/conexion23.com\/#\/schema\/person\/03e36043331117e97a373299bbcd30a6\"},\"headline\":\"Defensa Civil en SPM informa crecida del arroyo Guasa en Ram\u00f3n Santana\",\"datePublished\":\"2026-05-01T12:01:42+00:00\",\"mainEntityOfPage\":{\"@id\":\"https:\/\/conexion23.com\/?p=56862\"},\"wordCount\":93,\"commentCount\":0,\"publisher\":{\"@id\":\"https:\/\/conexion23.com\/#organization\"},\"image\":{\"@id\":\"https:\/\/conexion23.com\/?p=56862#primaryimage\"},\"thumbnailUrl\":\"https:\/\/conexion23.com\/wp-content\/uploads\/2026\/05\/66ab0e3a-fb6a-44bd-9b98-0f246091e113.jpg\",\"articleSection\":[\"Municipales\",\"Provincias del Este\",\"Ram\u00f3n Santana\"],\"inLanguage\":\"es\",\"potentialAction\":[{\"@type\":\"CommentAction\",\"name\":\"Comment\",\"target\":[\"https:\/\/conexion23.com\/?p=56862#respond\"]}]},{\"@type\":\"WebPage\",\"@id\":\"https:\/\/conexion23.com\/?p=56862\",\"url\":\"https:\/\/conexion23.com\/?p=56862\",\"name\":\"Defensa Civil en SPM informa crecida del arroyo Guasa en Ram\u00f3n Santana - Conexi\u00f3n 23\",\"isPartOf\":{\"@id\":\"https:\/\/conexion23.com\/#website\"},\"primaryImageOfPage\":{\"@id\":\"https:\/\/conexion23.com\/?p=56862#primaryimage\"},\"image\":{\"@id\":\"https:\/\/conexion23.com\/?p=56862#primaryimage\"},\"thumbnailUrl\":\"https:\/\/conexion23.com\/wp-content\/uploads\/2026\/05\/66ab0e3a-fb6a-44bd-9b98-0f246091e113.jpg\",\"datePublished\":\"2026-05-01T12:01:42+00:00\",\"breadcrumb\":{\"@id\":\"https:\/\/conexion23.com\/?p=56862#breadcrumb\"},\"inLanguage\":\"es\",\"potentialAction\":[{\"@type\":\"ReadAction\",\"target\":[\"https:\/\/conexion23.com\/?p=56862\"]}]},{\"@type\":\"ImageObject\",\"inLanguage\":\"es\",\"@id\":\"https:\/\/conexion23.com\/?p=56862#primaryimage\",\"url\":\"https:\/\/conexion23.com\/wp-content\/uploads\/2026\/05\/66ab0e3a-fb6a-44bd-9b98-0f246091e113.jpg\",\"contentUrl\":\"https:\/\/conexion23.com\/wp-content\/uploads\/2026\/05\/66ab0e3a-fb6a-44bd-9b98-0f246091e113.jpg\",\"width\":1060,\"height\":1600},{\"@type\":\"BreadcrumbList\",\"@id\":\"https:\/\/conexion23.com\/?p=56862#breadcrumb\",\"itemListElement\":[{\"@type\":\"ListItem\",\"position\":1,\"name\":\"Portada\",\"item\":\"https:\/\/conexion23.com\/\"},{\"@type\":\"ListItem\",\"position\":2,\"name\":\"Defensa Civil en SPM informa crecida del arroyo Guasa en Ram\u00f3n Santana\"}]},{\"@type\":\"WebSite\",\"@id\":\"https:\/\/conexion23.com\/#website\",\"url\":\"https:\/\/conexion23.com\/\",\"name\":\"Conexi\u00f3n 23\",\"description\":\"Peri\u00f3dico 100% Petromacorisano\",\"publisher\":{\"@id\":\"https:\/\/conexion23.com\/#organization\"},\"potentialAction\":[{\"@type\":\"SearchAction\",\"target\":{\"@type\":\"EntryPoint\",\"urlTemplate\":\"https:\/\/conexion23.com\/?s={search_term_string}\"},\"query-input\":{\"@type\":\"PropertyValueSpecification\",\"valueRequired\":true,\"valueName\":\"search_term_string\"}}],\"inLanguage\":\"es\"},{\"@type\":\"Organization\",\"@id\":\"https:\/\/conexion23.com\/#organization\",\"name\":\"Conexion 23\",\"url\":\"https:\/\/conexion23.com\/\",\"logo\":{\"@type\":\"ImageObject\",\"inLanguage\":\"es\",\"@id\":\"https:\/\/conexion23.com\/#\/schema\/logo\/image\/\",\"url\":\"https:\/\/conexion23.com\/wp-content\/uploads\/2021\/11\/Diseno-sin-titulo-2.png\",\"contentUrl\":\"https:\/\/conexion23.com\/wp-content\/uploads\/2021\/11\/Diseno-sin-titulo-2.png\",\"width\":541,\"height\":90,\"caption\":\"Conexion 23\"},\"image\":{\"@id\":\"https:\/\/conexion23.com\/#\/schema\/logo\/image\/\"},\"sameAs\":[\"https:\/\/www.facebook.com\/conexion23com\",\"https:\/\/www.instagram.com\/conexion23com\/\",\"https:\/\/www.youtube.com\/channel\/UCYc7vxxFZMYLIHNsHHxPZ3Q\"]},{\"@type\":\"Person\",\"@id\":\"https:\/\/conexion23.com\/#\/schema\/person\/03e36043331117e97a373299bbcd30a6\",\"name\":\"Raffy Ben\u00edtez\",\"image\":{\"@type\":\"ImageObject\",\"inLanguage\":\"es\",\"@id\":\"https:\/\/conexion23.com\/#\/schema\/person\/image\/\",\"url\":\"https:\/\/secure.gravatar.com\/avatar\/3190a6a6c5e1b0327500f7d6c56b6242472ee6cb974cf09b401ee6b3b0798f23?s=96&d=mm&r=g\",\"contentUrl\":\"https:\/\/secure.gravatar.com\/avatar\/3190a6a6c5e1b0327500f7d6c56b6242472ee6cb974cf09b401ee6b3b0798f23?s=96&d=mm&r=g\",\"caption\":\"Raffy Ben\u00edtez\"},\"url\":\"https:\/\/conexion23.com\/?author=15\"}]}<\/script>\n<!-- \/ Yoast SEO plugin. -->","yoast_head_json":{"title":"Defensa Civil en SPM informa crecida del arroyo Guasa en Ram\u00f3n Santana - Conexi\u00f3n 23","robots":{"index":"index","follow":"follow","max-snippet":"max-snippet:-1","max-image-preview":"max-image-preview:large","max-video-preview":"max-video-preview:-1"},"canonical":"https:\/\/conexion23.com\/?p=56862","og_locale":"es_ES","og_type":"article","og_title":"Defensa Civil en SPM informa crecida del arroyo Guasa en Ram\u00f3n Santana - Conexi\u00f3n 23","og_description":"La Defensa Civil en San Pedro de Macor\u00eds informo sobre la crecida del arroyo Guasa en Ramon Santana El CPMR informo que el arroyo Guasa ha presentado una r\u00e1pida crecida producto de los aguaceros ca\u00eddos en Hato mayor, el Seibo y otras comunidades provocando la incomunicaci\u00f3n del municipio de Ram\u00f3n Santana con San Pedro de [&hellip;]","og_url":"https:\/\/conexion23.com\/?p=56862","og_site_name":"Conexi\u00f3n 23","article_publisher":"https:\/\/www.facebook.com\/conexion23com","article_published_time":"2026-05-01T12:01:42+00:00","og_image":[{"width":1060,"height":1600,"url":"https:\/\/conexion23.com\/wp-content\/uploads\/2026\/05\/66ab0e3a-fb6a-44bd-9b98-0f246091e113.jpg","type":"image\/jpeg"}],"author":"Raffy Ben\u00edtez","twitter_card":"summary_large_image","twitter_misc":{"Escrito por":"Raffy Ben\u00edtez","Tiempo de lectura":"1 minuto"},"schema":{"@context":"https:\/\/schema.org","@graph":[{"@type":"Article","@id":"https:\/\/conexion23.com\/?p=56862#article","isPartOf":{"@id":"https:\/\/conexion23.com\/?p=56862"},"author":{"name":"Raffy Ben\u00edtez","@id":"https:\/\/conexion23.com\/#\/schema\/person\/03e36043331117e97a373299bbcd30a6"},"headline":"Defensa Civil en SPM informa crecida del arroyo Guasa en Ram\u00f3n Santana","datePublished":"2026-05-01T12:01:42+00:00","mainEntityOfPage":{"@id":"https:\/\/conexion23.com\/?p=56862"},"wordCount":93,"commentCount":0,"publisher":{"@id":"https:\/\/conexion23.com\/#organization"},"image":{"@id":"https:\/\/conexion23.com\/?p=56862#primaryimage"},"thumbnailUrl":"https:\/\/conexion23.com\/wp-content\/uploads\/2026\/05\/66ab0e3a-fb6a-44bd-9b98-0f246091e113.jpg","articleSection":["Municipales","Provincias del Este","Ram\u00f3n Santana"],"inLanguage":"es","potentialAction":[{"@type":"CommentAction","name":"Comment","target":["https:\/\/conexion23.com\/?p=56862#respond"]}]},{"@type":"WebPage","@id":"https:\/\/conexion23.com\/?p=56862","url":"https:\/\/conexion23.com\/?p=56862","name":"Defensa Civil en SPM informa crecida del arroyo Guasa en Ram\u00f3n Santana - Conexi\u00f3n 23","isPartOf":{"@id":"https:\/\/conexion23.com\/#website"},"primaryImageOfPage":{"@id":"https:\/\/conexion23.com\/?p=56862#primaryimage"},"image":{"@id":"https:\/\/conexion23.com\/?p=56862#primaryimage"},"thumbnailUrl":"https:\/\/conexion23.com\/wp-content\/uploads\/2026\/05\/66ab0e3a-fb6a-44bd-9b98-0f246091e113.jpg","datePublished":"2026-05-01T12:01:42+00:00","breadcrumb":{"@id":"https:\/\/conexion23.com\/?p=56862#breadcrumb"},"inLanguage":"es","potentialAction":[{"@type":"ReadAction","target":["https:\/\/conexion23.com\/?p=56862"]}]},{"@type":"ImageObject","inLanguage":"es","@id":"https:\/\/conexion23.com\/?p=56862#primaryimage","url":"https:\/\/conexion23.com\/wp-content\/uploads\/2026\/05\/66ab0e3a-fb6a-44bd-9b98-0f246091e113.jpg","contentUrl":"https:\/\/conexion23.com\/wp-content\/uploads\/2026\/05\/66ab0e3a-fb6a-44bd-9b98-0f246091e113.jpg","width":1060,"height":1600},{"@type":"BreadcrumbList","@id":"https:\/\/conexion23.com\/?p=56862#breadcrumb","itemListElement":[{"@type":"ListItem","position":1,"name":"Portada","item":"https:\/\/conexion23.com\/"},{"@type":"ListItem","position":2,"name":"Defensa Civil en SPM informa crecida del arroyo Guasa en Ram\u00f3n Santana"}]},{"@type":"WebSite","@id":"https:\/\/conexion23.com\/#website","url":"https:\/\/conexion23.com\/","name":"Conexi\u00f3n 23","description":"Peri\u00f3dico 100% Petromacorisano","publisher":{"@id":"https:\/\/conexion23.com\/#organization"},"potentialAction":[{"@type":"SearchAction","target":{"@type":"EntryPoint","urlTemplate":"https:\/\/conexion23.com\/?s={search_term_string}"},"query-input":{"@type":"PropertyValueSpecification","valueRequired":true,"valueName":"search_term_string"}}],"inLanguage":"es"},{"@type":"Organization","@id":"https:\/\/conexion23.com\/#organization","name":"Conexion 23","url":"https:\/\/conexion23.com\/","logo":{"@type":"ImageObject","inLanguage":"es","@id":"https:\/\/conexion23.com\/#\/schema\/logo\/image\/","url":"https:\/\/conexion23.com\/wp-content\/uploads\/2021\/11\/Diseno-sin-titulo-2.png","contentUrl":"https:\/\/conexion23.com\/wp-content\/uploads\/2021\/11\/Diseno-sin-titulo-2.png","width":541,"height":90,"caption":"Conexion 23"},"image":{"@id":"https:\/\/conexion23.com\/#\/schema\/logo\/image\/"},"sameAs":["https:\/\/www.facebook.com\/conexion23com","https:\/\/www.instagram.com\/conexion23com\/","https:\/\/www.youtube.com\/channel\/UCYc7vxxFZMYLIHNsHHxPZ3Q"]},{"@type":"Person","@id":"https:\/\/conexion23.com\/#\/schema\/person\/03e36043331117e97a373299bbcd30a6","name":"Raffy Ben\u00edtez","image":{"@type":"ImageObject","inLanguage":"es","@id":"https:\/\/conexion23.com\/#\/schema\/person\/image\/","url":"https:\/\/secure.gravatar.com\/avatar\/3190a6a6c5e1b0327500f7d6c56b6242472ee6cb974cf09b401ee6b3b0798f23?s=96&d=mm&r=g","contentUrl":"https:\/\/secure.gravatar.com\/avatar\/3190a6a6c5e1b0327500f7d6c56b6242472ee6cb974cf09b401ee6b3b0798f23?s=96&d=mm&r=g","caption":"Raffy Ben\u00edtez"},"url":"https:\/\/conexion23.com\/?author=15"}]}},"_links":{"self":[{"href":"https:\/\/conexion23.com\/index.php?rest_route=\/wp\/v2\/posts\/56862","targetHints":{"allow":["GET"]}}],"collection":[{"href":"https:\/\/conexion23.com\/index.php?rest_route=\/wp\/v2\/posts"}],"about":[{"href":"https:\/\/conexion23.com\/index.php?rest_route=\/wp\/v2\/types\/post"}],"author":[{"embeddable":true,"href":"https:\/\/conexion23.com\/index.php?rest_route=\/wp\/v2\/users\/15"}],"replies":[{"embeddable":true,"href":"https:\/\/conexion23.com\/index.php?rest_route=%2Fwp%2Fv2%2Fcomments&post=56862"}],"version-history":[{"count":1,"href":"https:\/\/conexion23.com\/index.php?rest_route=\/wp\/v2\/posts\/56862\/revisions"}],"predecessor-version":[{"id":56864,"href":"https:\/\/conexion23.com\/index.php?rest_route=\/wp\/v2\/posts\/56862\/revisions\/56864"}],"wp:featuredmedia":[{"embeddable":true,"href":"https:\/\/conexion23.com\/index.php?rest_route=\/wp\/v2\/media\/56863"}],"wp:attachment":[{"href":"https:\/\/conexion23.com\/index.php?rest_route=%2Fwp%2Fv2%2Fmedia&parent=56862"}],"wp:term":[{"taxonomy":"category","embeddable":true,"href":"https:\/\/conexion23.com\/index.php?rest_route=%2Fwp%2Fv2%2Fcategories&post=56862"},{"taxonomy":"post_tag","embeddable":true,"href":"https:\/\/conexion23.com\/index.php?rest_route=%2Fwp%2Fv2%2Ftags&post=56862"}],"curies":[{"name":"wp","href":"https:\/\/api.w.org\/{rel}","templated":true}]}}