{"id":56865,"date":"2026-05-01T11:00:04","date_gmt":"2026-05-01T15:00:04","guid":{"rendered":"https:\/\/conexion23.com\/?p=56865"},"modified":"2026-05-01T08:13:00","modified_gmt":"2026-05-01T12:13:00","slug":"en-spm-la-cntd-aboga-por-reduccion-de-beneficios-de-las-afp-y-mejora-de-pensiones-a-los-trabajadores","status":"publish","type":"post","link":"https:\/\/conexion23.com\/?p=56865","title":{"rendered":"En SPM la CNTD aboga por reducci\u00f3n de beneficios de las AFP y mejora de pensiones a los trabajadores"},"content":{"rendered":"<p style=\"text-align: justify;\">La Confederaci\u00f3n Nacional de Trabajadores Dominicanos, CNTD, convoc\u00f3 una rueda de prensa el pasado mi\u00e9rcoles, en el local de \u00a0los Trabajadores Portuarios y de Arrimo de esta ciudad.<\/p>\n<p style=\"text-align: justify;\">Santo S\u00e1nchez, vocero de dicha confederaci\u00f3n, dijo que son excesivas las ganancias de las Administradoras de Fondos de Pensiones, AFP, por lo que abogar\u00e1n porque \u00e9stas sean reducidas, ya que actualmente son de 0.90%.<\/p>\n<p style=\"text-align: justify;\">Dijo que una de las mayores conquistas del \u00a0movimiento sindical en lo que ser\u00eda la nueva Ley de Seguridad Social, es esta reducci\u00f3n, ya que los excesivos beneficios de las AFP, van en desmedro de los fondos de los afiliados, degenerando en pensiones p\u00edrricas al momento del retiro de los trabajadores.<\/p>\n<p style=\"text-align: justify;\">La CNTD dijo que el pasado a\u00f1o las AFP ganaron m\u00e1s de 11 mil 500 millones de pesos, 8.6% m\u00e1s que en 2024, siendo aquella vez \u00a0casi 10 mil 630 millones, mientras los trabajadores \u00a0no cuentan con pensiones dignas.<\/p>\n<p style=\"text-align: justify;\">S\u00e1nchez hizo la comparaci\u00f3n con M\u00e9xico, d\u00f3nde las comisiones de las administradoras de fondos de pensiones son de 0.54%, y en Chile 0.58%, mientras que en Rep\u00fablica Dominicana se eleva a 0.90, sin que se invierta en el bienestar de los trabajadores.<\/p>\n<p style=\"text-align: justify;\">Advirtieron que este ser\u00e1 el principal punto de agenda a tratar para la aprobaci\u00f3n de la nueva Ley de Seguridad Social, que no amerita m\u00e1s tardanza, ya que la comisi\u00f3n bicameral no se re\u00fane desde el pasado mes de noviembre del 2025, a la espera que el gobierno env\u00ede su proyecto de ley.<\/p>\n<p style=\"text-align: justify;\">S\u00e1nchez finaliz\u00f3 diciendo que el movimiento sindical deposit\u00f3 su propuesta hace tiempo en aras de la aprobaci\u00f3n de la nueva ley, del bienestar de los trabajadores y la reducci\u00f3n del margen se beneficios de las AFP.<\/p>\n","protected":false},"excerpt":{"rendered":"<p>La Confederaci\u00f3n Nacional de Trabajadores Dominicanos, CNTD, convoc\u00f3 una rueda de prensa el pasado mi\u00e9rcoles, en el local de \u00a0los Trabajadores Portuarios y de Arrimo de esta ciudad. Santo S\u00e1nchez, vocero de dicha confederaci\u00f3n, dijo que son excesivas las ganancias de las Administradoras de Fondos de Pensiones, AFP, por lo que abogar\u00e1n porque \u00e9stas sean [&hellip;]<\/p>\n","protected":false},"author":15,"featured_media":56866,"comment_status":"open","ping_status":"open","sticky":false,"template":"","format":"standard","meta":{"footnotes":""},"categories":[12,2472,35],"tags":[1123,8692,7340,2442,684,8691,7341],"class_list":{"0":"post-56865","1":"post","2":"type-post","3":"status-publish","4":"format-standard","5":"has-post-thumbnail","7":"category-municipales","8":"category-provincias-del-este","9":"category-spm","10":"tag-afp","11":"tag-beneficios","12":"tag-cntd","13":"tag-mejora","14":"tag-pensiones","15":"tag-reduccion","16":"tag-trabajadores"},"yoast_head":"<!-- This site is optimized with the Yoast SEO plugin v27.1.1 - https:\/\/yoast.com\/product\/yoast-seo-wordpress\/ -->\n<title>En SPM la CNTD aboga por reducci\u00f3n de beneficios de las AFP y mejora de pensiones a los trabajadores - Conexi\u00f3n 23<\/title>\n<meta name=\"robots\" content=\"index, follow, max-snippet:-1, max-image-preview:large, max-video-preview:-1\" \/>\n<link rel=\"canonical\" href=\"https:\/\/conexion23.com\/?p=56865\" \/>\n<meta property=\"og:locale\" content=\"es_ES\" \/>\n<meta property=\"og:type\" content=\"article\" \/>\n<meta property=\"og:title\" content=\"En SPM la CNTD aboga por reducci\u00f3n de beneficios de las AFP y mejora de pensiones a los trabajadores - Conexi\u00f3n 23\" \/>\n<meta property=\"og:description\" content=\"La Confederaci\u00f3n Nacional de Trabajadores Dominicanos, CNTD, convoc\u00f3 una rueda de prensa el pasado mi\u00e9rcoles, en el local de \u00a0los Trabajadores Portuarios y de Arrimo de esta ciudad. Santo S\u00e1nchez, vocero de dicha confederaci\u00f3n, dijo que son excesivas las ganancias de las Administradoras de Fondos de Pensiones, AFP, por lo que abogar\u00e1n porque \u00e9stas sean [&hellip;]\" \/>\n<meta property=\"og:url\" content=\"https:\/\/conexion23.com\/?p=56865\" \/>\n<meta property=\"og:site_name\" content=\"Conexi\u00f3n 23\" \/>\n<meta property=\"article:publisher\" content=\"https:\/\/www.facebook.com\/conexion23com\" \/>\n<meta property=\"article:published_time\" content=\"2026-05-01T15:00:04+00:00\" \/>\n<meta property=\"og:image\" content=\"https:\/\/conexion23.com\/wp-content\/uploads\/2026\/05\/IMG_0397.webp\" \/>\n\t<meta property=\"og:image:width\" content=\"320\" \/>\n\t<meta property=\"og:image:height\" content=\"172\" \/>\n\t<meta property=\"og:image:type\" content=\"image\/webp\" \/>\n<meta name=\"author\" content=\"Raffy Ben\u00edtez\" \/>\n<meta name=\"twitter:card\" content=\"summary_large_image\" \/>\n<meta name=\"twitter:label1\" content=\"Escrito por\" \/>\n\t<meta name=\"twitter:data1\" content=\"Raffy Ben\u00edtez\" \/>\n\t<meta name=\"twitter:label2\" content=\"Tiempo de lectura\" \/>\n\t<meta name=\"twitter:data2\" content=\"2 minutos\" \/>\n<script type=\"application\/ld+json\" class=\"yoast-schema-graph\">{\"@context\":\"https:\/\/schema.org\",\"@graph\":[{\"@type\":\"Article\",\"@id\":\"https:\/\/conexion23.com\/?p=56865#article\",\"isPartOf\":{\"@id\":\"https:\/\/conexion23.com\/?p=56865\"},\"author\":{\"name\":\"Raffy Ben\u00edtez\",\"@id\":\"https:\/\/conexion23.com\/#\/schema\/person\/03e36043331117e97a373299bbcd30a6\"},\"headline\":\"En SPM la CNTD aboga por reducci\u00f3n de beneficios de las AFP y mejora de pensiones a los trabajadores\",\"datePublished\":\"2026-05-01T15:00:04+00:00\",\"mainEntityOfPage\":{\"@id\":\"https:\/\/conexion23.com\/?p=56865\"},\"wordCount\":316,\"commentCount\":0,\"publisher\":{\"@id\":\"https:\/\/conexion23.com\/#organization\"},\"image\":{\"@id\":\"https:\/\/conexion23.com\/?p=56865#primaryimage\"},\"thumbnailUrl\":\"https:\/\/conexion23.com\/wp-content\/uploads\/2026\/05\/IMG_0397.webp\",\"keywords\":[\"afp\",\"beneficios\",\"CNTD\",\"mejora\",\"pensiones\",\"reducci\u00f3n\",\"trabajadores\"],\"articleSection\":[\"Municipales\",\"Provincias del Este\",\"SPM\"],\"inLanguage\":\"es\",\"potentialAction\":[{\"@type\":\"CommentAction\",\"name\":\"Comment\",\"target\":[\"https:\/\/conexion23.com\/?p=56865#respond\"]}]},{\"@type\":\"WebPage\",\"@id\":\"https:\/\/conexion23.com\/?p=56865\",\"url\":\"https:\/\/conexion23.com\/?p=56865\",\"name\":\"En SPM la CNTD aboga por reducci\u00f3n de beneficios de las AFP y mejora de pensiones a los trabajadores - Conexi\u00f3n 23\",\"isPartOf\":{\"@id\":\"https:\/\/conexion23.com\/#website\"},\"primaryImageOfPage\":{\"@id\":\"https:\/\/conexion23.com\/?p=56865#primaryimage\"},\"image\":{\"@id\":\"https:\/\/conexion23.com\/?p=56865#primaryimage\"},\"thumbnailUrl\":\"https:\/\/conexion23.com\/wp-content\/uploads\/2026\/05\/IMG_0397.webp\",\"datePublished\":\"2026-05-01T15:00:04+00:00\",\"breadcrumb\":{\"@id\":\"https:\/\/conexion23.com\/?p=56865#breadcrumb\"},\"inLanguage\":\"es\",\"potentialAction\":[{\"@type\":\"ReadAction\",\"target\":[\"https:\/\/conexion23.com\/?p=56865\"]}]},{\"@type\":\"ImageObject\",\"inLanguage\":\"es\",\"@id\":\"https:\/\/conexion23.com\/?p=56865#primaryimage\",\"url\":\"https:\/\/conexion23.com\/wp-content\/uploads\/2026\/05\/IMG_0397.webp\",\"contentUrl\":\"https:\/\/conexion23.com\/wp-content\/uploads\/2026\/05\/IMG_0397.webp\",\"width\":320,\"height\":172},{\"@type\":\"BreadcrumbList\",\"@id\":\"https:\/\/conexion23.com\/?p=56865#breadcrumb\",\"itemListElement\":[{\"@type\":\"ListItem\",\"position\":1,\"name\":\"Portada\",\"item\":\"https:\/\/conexion23.com\/\"},{\"@type\":\"ListItem\",\"position\":2,\"name\":\"En SPM la CNTD aboga por reducci\u00f3n de beneficios de las AFP y mejora de pensiones a los trabajadores\"}]},{\"@type\":\"WebSite\",\"@id\":\"https:\/\/conexion23.com\/#website\",\"url\":\"https:\/\/conexion23.com\/\",\"name\":\"Conexi\u00f3n 23\",\"description\":\"Peri\u00f3dico 100% Petromacorisano\",\"publisher\":{\"@id\":\"https:\/\/conexion23.com\/#organization\"},\"potentialAction\":[{\"@type\":\"SearchAction\",\"target\":{\"@type\":\"EntryPoint\",\"urlTemplate\":\"https:\/\/conexion23.com\/?s={search_term_string}\"},\"query-input\":{\"@type\":\"PropertyValueSpecification\",\"valueRequired\":true,\"valueName\":\"search_term_string\"}}],\"inLanguage\":\"es\"},{\"@type\":\"Organization\",\"@id\":\"https:\/\/conexion23.com\/#organization\",\"name\":\"Conexion 23\",\"url\":\"https:\/\/conexion23.com\/\",\"logo\":{\"@type\":\"ImageObject\",\"inLanguage\":\"es\",\"@id\":\"https:\/\/conexion23.com\/#\/schema\/logo\/image\/\",\"url\":\"https:\/\/conexion23.com\/wp-content\/uploads\/2021\/11\/Diseno-sin-titulo-2.png\",\"contentUrl\":\"https:\/\/conexion23.com\/wp-content\/uploads\/2021\/11\/Diseno-sin-titulo-2.png\",\"width\":541,\"height\":90,\"caption\":\"Conexion 23\"},\"image\":{\"@id\":\"https:\/\/conexion23.com\/#\/schema\/logo\/image\/\"},\"sameAs\":[\"https:\/\/www.facebook.com\/conexion23com\",\"https:\/\/www.instagram.com\/conexion23com\/\",\"https:\/\/www.youtube.com\/channel\/UCYc7vxxFZMYLIHNsHHxPZ3Q\"]},{\"@type\":\"Person\",\"@id\":\"https:\/\/conexion23.com\/#\/schema\/person\/03e36043331117e97a373299bbcd30a6\",\"name\":\"Raffy Ben\u00edtez\",\"image\":{\"@type\":\"ImageObject\",\"inLanguage\":\"es\",\"@id\":\"https:\/\/conexion23.com\/#\/schema\/person\/image\/\",\"url\":\"https:\/\/secure.gravatar.com\/avatar\/3190a6a6c5e1b0327500f7d6c56b6242472ee6cb974cf09b401ee6b3b0798f23?s=96&d=mm&r=g\",\"contentUrl\":\"https:\/\/secure.gravatar.com\/avatar\/3190a6a6c5e1b0327500f7d6c56b6242472ee6cb974cf09b401ee6b3b0798f23?s=96&d=mm&r=g\",\"caption\":\"Raffy Ben\u00edtez\"},\"url\":\"https:\/\/conexion23.com\/?author=15\"}]}<\/script>\n<!-- \/ Yoast SEO plugin. -->","yoast_head_json":{"title":"En SPM la CNTD aboga por reducci\u00f3n de beneficios de las AFP y mejora de pensiones a los trabajadores - Conexi\u00f3n 23","robots":{"index":"index","follow":"follow","max-snippet":"max-snippet:-1","max-image-preview":"max-image-preview:large","max-video-preview":"max-video-preview:-1"},"canonical":"https:\/\/conexion23.com\/?p=56865","og_locale":"es_ES","og_type":"article","og_title":"En SPM la CNTD aboga por reducci\u00f3n de beneficios de las AFP y mejora de pensiones a los trabajadores - Conexi\u00f3n 23","og_description":"La Confederaci\u00f3n Nacional de Trabajadores Dominicanos, CNTD, convoc\u00f3 una rueda de prensa el pasado mi\u00e9rcoles, en el local de \u00a0los Trabajadores Portuarios y de Arrimo de esta ciudad. Santo S\u00e1nchez, vocero de dicha confederaci\u00f3n, dijo que son excesivas las ganancias de las Administradoras de Fondos de Pensiones, AFP, por lo que abogar\u00e1n porque \u00e9stas sean [&hellip;]","og_url":"https:\/\/conexion23.com\/?p=56865","og_site_name":"Conexi\u00f3n 23","article_publisher":"https:\/\/www.facebook.com\/conexion23com","article_published_time":"2026-05-01T15:00:04+00:00","og_image":[{"width":320,"height":172,"url":"https:\/\/conexion23.com\/wp-content\/uploads\/2026\/05\/IMG_0397.webp","type":"image\/webp"}],"author":"Raffy Ben\u00edtez","twitter_card":"summary_large_image","twitter_misc":{"Escrito por":"Raffy Ben\u00edtez","Tiempo de lectura":"2 minutos"},"schema":{"@context":"https:\/\/schema.org","@graph":[{"@type":"Article","@id":"https:\/\/conexion23.com\/?p=56865#article","isPartOf":{"@id":"https:\/\/conexion23.com\/?p=56865"},"author":{"name":"Raffy Ben\u00edtez","@id":"https:\/\/conexion23.com\/#\/schema\/person\/03e36043331117e97a373299bbcd30a6"},"headline":"En SPM la CNTD aboga por reducci\u00f3n de beneficios de las AFP y mejora de pensiones a los trabajadores","datePublished":"2026-05-01T15:00:04+00:00","mainEntityOfPage":{"@id":"https:\/\/conexion23.com\/?p=56865"},"wordCount":316,"commentCount":0,"publisher":{"@id":"https:\/\/conexion23.com\/#organization"},"image":{"@id":"https:\/\/conexion23.com\/?p=56865#primaryimage"},"thumbnailUrl":"https:\/\/conexion23.com\/wp-content\/uploads\/2026\/05\/IMG_0397.webp","keywords":["afp","beneficios","CNTD","mejora","pensiones","reducci\u00f3n","trabajadores"],"articleSection":["Municipales","Provincias del Este","SPM"],"inLanguage":"es","potentialAction":[{"@type":"CommentAction","name":"Comment","target":["https:\/\/conexion23.com\/?p=56865#respond"]}]},{"@type":"WebPage","@id":"https:\/\/conexion23.com\/?p=56865","url":"https:\/\/conexion23.com\/?p=56865","name":"En SPM la CNTD aboga por reducci\u00f3n de beneficios de las AFP y mejora de pensiones a los trabajadores - Conexi\u00f3n 23","isPartOf":{"@id":"https:\/\/conexion23.com\/#website"},"primaryImageOfPage":{"@id":"https:\/\/conexion23.com\/?p=56865#primaryimage"},"image":{"@id":"https:\/\/conexion23.com\/?p=56865#primaryimage"},"thumbnailUrl":"https:\/\/conexion23.com\/wp-content\/uploads\/2026\/05\/IMG_0397.webp","datePublished":"2026-05-01T15:00:04+00:00","breadcrumb":{"@id":"https:\/\/conexion23.com\/?p=56865#breadcrumb"},"inLanguage":"es","potentialAction":[{"@type":"ReadAction","target":["https:\/\/conexion23.com\/?p=56865"]}]},{"@type":"ImageObject","inLanguage":"es","@id":"https:\/\/conexion23.com\/?p=56865#primaryimage","url":"https:\/\/conexion23.com\/wp-content\/uploads\/2026\/05\/IMG_0397.webp","contentUrl":"https:\/\/conexion23.com\/wp-content\/uploads\/2026\/05\/IMG_0397.webp","width":320,"height":172},{"@type":"BreadcrumbList","@id":"https:\/\/conexion23.com\/?p=56865#breadcrumb","itemListElement":[{"@type":"ListItem","position":1,"name":"Portada","item":"https:\/\/conexion23.com\/"},{"@type":"ListItem","position":2,"name":"En SPM la CNTD aboga por reducci\u00f3n de beneficios de las AFP y mejora de pensiones a los trabajadores"}]},{"@type":"WebSite","@id":"https:\/\/conexion23.com\/#website","url":"https:\/\/conexion23.com\/","name":"Conexi\u00f3n 23","description":"Peri\u00f3dico 100% Petromacorisano","publisher":{"@id":"https:\/\/conexion23.com\/#organization"},"potentialAction":[{"@type":"SearchAction","target":{"@type":"EntryPoint","urlTemplate":"https:\/\/conexion23.com\/?s={search_term_string}"},"query-input":{"@type":"PropertyValueSpecification","valueRequired":true,"valueName":"search_term_string"}}],"inLanguage":"es"},{"@type":"Organization","@id":"https:\/\/conexion23.com\/#organization","name":"Conexion 23","url":"https:\/\/conexion23.com\/","logo":{"@type":"ImageObject","inLanguage":"es","@id":"https:\/\/conexion23.com\/#\/schema\/logo\/image\/","url":"https:\/\/conexion23.com\/wp-content\/uploads\/2021\/11\/Diseno-sin-titulo-2.png","contentUrl":"https:\/\/conexion23.com\/wp-content\/uploads\/2021\/11\/Diseno-sin-titulo-2.png","width":541,"height":90,"caption":"Conexion 23"},"image":{"@id":"https:\/\/conexion23.com\/#\/schema\/logo\/image\/"},"sameAs":["https:\/\/www.facebook.com\/conexion23com","https:\/\/www.instagram.com\/conexion23com\/","https:\/\/www.youtube.com\/channel\/UCYc7vxxFZMYLIHNsHHxPZ3Q"]},{"@type":"Person","@id":"https:\/\/conexion23.com\/#\/schema\/person\/03e36043331117e97a373299bbcd30a6","name":"Raffy Ben\u00edtez","image":{"@type":"ImageObject","inLanguage":"es","@id":"https:\/\/conexion23.com\/#\/schema\/person\/image\/","url":"https:\/\/secure.gravatar.com\/avatar\/3190a6a6c5e1b0327500f7d6c56b6242472ee6cb974cf09b401ee6b3b0798f23?s=96&d=mm&r=g","contentUrl":"https:\/\/secure.gravatar.com\/avatar\/3190a6a6c5e1b0327500f7d6c56b6242472ee6cb974cf09b401ee6b3b0798f23?s=96&d=mm&r=g","caption":"Raffy Ben\u00edtez"},"url":"https:\/\/conexion23.com\/?author=15"}]}},"_links":{"self":[{"href":"https:\/\/conexion23.com\/index.php?rest_route=\/wp\/v2\/posts\/56865","targetHints":{"allow":["GET"]}}],"collection":[{"href":"https:\/\/conexion23.com\/index.php?rest_route=\/wp\/v2\/posts"}],"about":[{"href":"https:\/\/conexion23.com\/index.php?rest_route=\/wp\/v2\/types\/post"}],"author":[{"embeddable":true,"href":"https:\/\/conexion23.com\/index.php?rest_route=\/wp\/v2\/users\/15"}],"replies":[{"embeddable":true,"href":"https:\/\/conexion23.com\/index.php?rest_route=%2Fwp%2Fv2%2Fcomments&post=56865"}],"version-history":[{"count":1,"href":"https:\/\/conexion23.com\/index.php?rest_route=\/wp\/v2\/posts\/56865\/revisions"}],"predecessor-version":[{"id":56867,"href":"https:\/\/conexion23.com\/index.php?rest_route=\/wp\/v2\/posts\/56865\/revisions\/56867"}],"wp:featuredmedia":[{"embeddable":true,"href":"https:\/\/conexion23.com\/index.php?rest_route=\/wp\/v2\/media\/56866"}],"wp:attachment":[{"href":"https:\/\/conexion23.com\/index.php?rest_route=%2Fwp%2Fv2%2Fmedia&parent=56865"}],"wp:term":[{"taxonomy":"category","embeddable":true,"href":"https:\/\/conexion23.com\/index.php?rest_route=%2Fwp%2Fv2%2Fcategories&post=56865"},{"taxonomy":"post_tag","embeddable":true,"href":"https:\/\/conexion23.com\/index.php?rest_route=%2Fwp%2Fv2%2Ftags&post=56865"}],"curies":[{"name":"wp","href":"https:\/\/api.w.org\/{rel}","templated":true}]}}