{"id":56868,"date":"2026-05-01T08:20:49","date_gmt":"2026-05-01T12:20:49","guid":{"rendered":"https:\/\/conexion23.com\/?p=56868"},"modified":"2026-05-01T08:20:49","modified_gmt":"2026-05-01T12:20:49","slug":"avioneta-se-precipita-en-cumayasa-tripulantes-sobreviven-de-milagro","status":"publish","type":"post","link":"https:\/\/conexion23.com\/?p=56868","title":{"rendered":"Avioneta se precipita en Cumayasa, tripulantes sobreviven de milagro"},"content":{"rendered":"<p class=\"has-text-align-justify has-text-align-justify\" style=\"text-align: justify;\">Una avioneta se precipit\u00f3 la noche del mi\u00e9rcoles pocos minutos despu\u00e9s de haber despegado, en un hecho ocurrido en el distrito municipal de Cumayasa, perteneciente a Caleta, en la provincia La Romana.<\/p>\n<p class=\"has-text-align-justify has-text-align-justify\" style=\"text-align: justify;\">Los ocupantes de la aeronave fueron identificados como N\u00e9stor Gonz\u00e1lez, empresario vinculado a la compa\u00f1\u00eda Ferry del Caribe, y el piloto Alexander Santiago, quienes lograron sobrevivir al accidente.<\/p>\n<p class=\"has-text-align-justify has-text-align-justify\" style=\"text-align: justify;\">De acuerdo con informaciones preliminares, la aeronave habr\u00eda presentado posibles fallas mec\u00e1nicas antes de precipitarse, aunque las autoridades a\u00fan no han ofrecido un informe oficial que confirme las causas del incidente.<\/p>\n<p class=\"has-text-align-justify has-text-align-justify\" style=\"text-align: justify;\">Equipos de emergencia se trasladaron al lugar para asistir a los tripulantes y realizar las evaluaciones correspondientes, mientras se espera un reporte detallado por parte de los organismos competentes.<\/p>\n<p class=\"has-text-align-justify has-text-align-justify\" style=\"text-align: justify;\">Este hecho se produce en medio de otro incidente a\u00e9reo registrado el mismo d\u00eda en el pa\u00eds, cuando una aeronave se incendi\u00f3 antes de despegar en la provincia Dajab\u00f3n, dejando a sus dos ocupantes con quemaduras en distintas partes del cuerpo.<\/p>\n<p class=\"has-text-align-justify has-text-align-justify\" style=\"text-align: justify;\">Las autoridades contin\u00faan investigando ambos casos para determinar las circunstancias en que ocurrieron los eventos.<\/p>\n","protected":false},"excerpt":{"rendered":"<p>Una avioneta se precipit\u00f3 la noche del mi\u00e9rcoles pocos minutos despu\u00e9s de haber despegado, en un hecho ocurrido en el distrito municipal de Cumayasa, perteneciente a Caleta, en la provincia La Romana. Los ocupantes de la aeronave fueron identificados como N\u00e9stor Gonz\u00e1lez, empresario vinculado a la compa\u00f1\u00eda Ferry del Caribe, y el piloto Alexander Santiago, [&hellip;]<\/p>\n","protected":false},"author":15,"featured_media":56869,"comment_status":"open","ping_status":"open","sticky":false,"template":"","format":"standard","meta":{"footnotes":""},"categories":[3773],"tags":[5970,4569,152,8693,8140],"class_list":{"0":"post-56868","1":"post","2":"type-post","3":"status-publish","4":"format-standard","5":"has-post-thumbnail","7":"category-portada","8":"tag-avioneta","9":"tag-cumayasa","10":"tag-la-romana","11":"tag-precipita","12":"tag-tripulantes"},"yoast_head":"<!-- This site is optimized with the Yoast SEO plugin v27.1.1 - https:\/\/yoast.com\/product\/yoast-seo-wordpress\/ -->\n<title>Avioneta se precipita en Cumayasa, tripulantes sobreviven de milagro - Conexi\u00f3n 23<\/title>\n<meta name=\"robots\" content=\"index, follow, max-snippet:-1, max-image-preview:large, max-video-preview:-1\" \/>\n<link rel=\"canonical\" href=\"https:\/\/conexion23.com\/?p=56868\" \/>\n<meta property=\"og:locale\" content=\"es_ES\" \/>\n<meta property=\"og:type\" content=\"article\" \/>\n<meta property=\"og:title\" content=\"Avioneta se precipita en Cumayasa, tripulantes sobreviven de milagro - Conexi\u00f3n 23\" \/>\n<meta property=\"og:description\" content=\"Una avioneta se precipit\u00f3 la noche del mi\u00e9rcoles pocos minutos despu\u00e9s de haber despegado, en un hecho ocurrido en el distrito municipal de Cumayasa, perteneciente a Caleta, en la provincia La Romana. Los ocupantes de la aeronave fueron identificados como N\u00e9stor Gonz\u00e1lez, empresario vinculado a la compa\u00f1\u00eda Ferry del Caribe, y el piloto Alexander Santiago, [&hellip;]\" \/>\n<meta property=\"og:url\" content=\"https:\/\/conexion23.com\/?p=56868\" \/>\n<meta property=\"og:site_name\" content=\"Conexi\u00f3n 23\" \/>\n<meta property=\"article:publisher\" content=\"https:\/\/www.facebook.com\/conexion23com\" \/>\n<meta property=\"article:published_time\" content=\"2026-05-01T12:20:49+00:00\" \/>\n<meta property=\"og:image\" content=\"https:\/\/conexion23.com\/wp-content\/uploads\/2026\/05\/dfeabdc8-c77b-4957-8a71-dd54177725e1-1068x799-1.jpeg\" \/>\n\t<meta property=\"og:image:width\" content=\"1068\" \/>\n\t<meta property=\"og:image:height\" content=\"799\" \/>\n\t<meta property=\"og:image:type\" content=\"image\/jpeg\" \/>\n<meta name=\"author\" content=\"Raffy Ben\u00edtez\" \/>\n<meta name=\"twitter:card\" content=\"summary_large_image\" \/>\n<meta name=\"twitter:label1\" content=\"Escrito por\" \/>\n\t<meta name=\"twitter:data1\" content=\"Raffy Ben\u00edtez\" \/>\n\t<meta name=\"twitter:label2\" content=\"Tiempo de lectura\" \/>\n\t<meta name=\"twitter:data2\" content=\"2 minutos\" \/>\n<script type=\"application\/ld+json\" class=\"yoast-schema-graph\">{\"@context\":\"https:\/\/schema.org\",\"@graph\":[{\"@type\":\"Article\",\"@id\":\"https:\/\/conexion23.com\/?p=56868#article\",\"isPartOf\":{\"@id\":\"https:\/\/conexion23.com\/?p=56868\"},\"author\":{\"name\":\"Raffy Ben\u00edtez\",\"@id\":\"https:\/\/conexion23.com\/#\/schema\/person\/03e36043331117e97a373299bbcd30a6\"},\"headline\":\"Avioneta se precipita en Cumayasa, tripulantes sobreviven de milagro\",\"datePublished\":\"2026-05-01T12:20:49+00:00\",\"mainEntityOfPage\":{\"@id\":\"https:\/\/conexion23.com\/?p=56868\"},\"wordCount\":198,\"commentCount\":0,\"publisher\":{\"@id\":\"https:\/\/conexion23.com\/#organization\"},\"image\":{\"@id\":\"https:\/\/conexion23.com\/?p=56868#primaryimage\"},\"thumbnailUrl\":\"https:\/\/conexion23.com\/wp-content\/uploads\/2026\/05\/dfeabdc8-c77b-4957-8a71-dd54177725e1-1068x799-1.jpeg\",\"keywords\":[\"Avioneta\",\"Cumayasa\",\"la romana\",\"precipita\",\"Tripulantes\"],\"articleSection\":[\"Portada\"],\"inLanguage\":\"es\",\"potentialAction\":[{\"@type\":\"CommentAction\",\"name\":\"Comment\",\"target\":[\"https:\/\/conexion23.com\/?p=56868#respond\"]}]},{\"@type\":\"WebPage\",\"@id\":\"https:\/\/conexion23.com\/?p=56868\",\"url\":\"https:\/\/conexion23.com\/?p=56868\",\"name\":\"Avioneta se precipita en Cumayasa, tripulantes sobreviven de milagro - Conexi\u00f3n 23\",\"isPartOf\":{\"@id\":\"https:\/\/conexion23.com\/#website\"},\"primaryImageOfPage\":{\"@id\":\"https:\/\/conexion23.com\/?p=56868#primaryimage\"},\"image\":{\"@id\":\"https:\/\/conexion23.com\/?p=56868#primaryimage\"},\"thumbnailUrl\":\"https:\/\/conexion23.com\/wp-content\/uploads\/2026\/05\/dfeabdc8-c77b-4957-8a71-dd54177725e1-1068x799-1.jpeg\",\"datePublished\":\"2026-05-01T12:20:49+00:00\",\"breadcrumb\":{\"@id\":\"https:\/\/conexion23.com\/?p=56868#breadcrumb\"},\"inLanguage\":\"es\",\"potentialAction\":[{\"@type\":\"ReadAction\",\"target\":[\"https:\/\/conexion23.com\/?p=56868\"]}]},{\"@type\":\"ImageObject\",\"inLanguage\":\"es\",\"@id\":\"https:\/\/conexion23.com\/?p=56868#primaryimage\",\"url\":\"https:\/\/conexion23.com\/wp-content\/uploads\/2026\/05\/dfeabdc8-c77b-4957-8a71-dd54177725e1-1068x799-1.jpeg\",\"contentUrl\":\"https:\/\/conexion23.com\/wp-content\/uploads\/2026\/05\/dfeabdc8-c77b-4957-8a71-dd54177725e1-1068x799-1.jpeg\",\"width\":1068,\"height\":799},{\"@type\":\"BreadcrumbList\",\"@id\":\"https:\/\/conexion23.com\/?p=56868#breadcrumb\",\"itemListElement\":[{\"@type\":\"ListItem\",\"position\":1,\"name\":\"Portada\",\"item\":\"https:\/\/conexion23.com\/\"},{\"@type\":\"ListItem\",\"position\":2,\"name\":\"Avioneta se precipita en Cumayasa, tripulantes sobreviven de milagro\"}]},{\"@type\":\"WebSite\",\"@id\":\"https:\/\/conexion23.com\/#website\",\"url\":\"https:\/\/conexion23.com\/\",\"name\":\"Conexi\u00f3n 23\",\"description\":\"Peri\u00f3dico 100% Petromacorisano\",\"publisher\":{\"@id\":\"https:\/\/conexion23.com\/#organization\"},\"potentialAction\":[{\"@type\":\"SearchAction\",\"target\":{\"@type\":\"EntryPoint\",\"urlTemplate\":\"https:\/\/conexion23.com\/?s={search_term_string}\"},\"query-input\":{\"@type\":\"PropertyValueSpecification\",\"valueRequired\":true,\"valueName\":\"search_term_string\"}}],\"inLanguage\":\"es\"},{\"@type\":\"Organization\",\"@id\":\"https:\/\/conexion23.com\/#organization\",\"name\":\"Conexion 23\",\"url\":\"https:\/\/conexion23.com\/\",\"logo\":{\"@type\":\"ImageObject\",\"inLanguage\":\"es\",\"@id\":\"https:\/\/conexion23.com\/#\/schema\/logo\/image\/\",\"url\":\"https:\/\/conexion23.com\/wp-content\/uploads\/2021\/11\/Diseno-sin-titulo-2.png\",\"contentUrl\":\"https:\/\/conexion23.com\/wp-content\/uploads\/2021\/11\/Diseno-sin-titulo-2.png\",\"width\":541,\"height\":90,\"caption\":\"Conexion 23\"},\"image\":{\"@id\":\"https:\/\/conexion23.com\/#\/schema\/logo\/image\/\"},\"sameAs\":[\"https:\/\/www.facebook.com\/conexion23com\",\"https:\/\/www.instagram.com\/conexion23com\/\",\"https:\/\/www.youtube.com\/channel\/UCYc7vxxFZMYLIHNsHHxPZ3Q\"]},{\"@type\":\"Person\",\"@id\":\"https:\/\/conexion23.com\/#\/schema\/person\/03e36043331117e97a373299bbcd30a6\",\"name\":\"Raffy Ben\u00edtez\",\"image\":{\"@type\":\"ImageObject\",\"inLanguage\":\"es\",\"@id\":\"https:\/\/conexion23.com\/#\/schema\/person\/image\/\",\"url\":\"https:\/\/secure.gravatar.com\/avatar\/3190a6a6c5e1b0327500f7d6c56b6242472ee6cb974cf09b401ee6b3b0798f23?s=96&d=mm&r=g\",\"contentUrl\":\"https:\/\/secure.gravatar.com\/avatar\/3190a6a6c5e1b0327500f7d6c56b6242472ee6cb974cf09b401ee6b3b0798f23?s=96&d=mm&r=g\",\"caption\":\"Raffy Ben\u00edtez\"},\"url\":\"https:\/\/conexion23.com\/?author=15\"}]}<\/script>\n<!-- \/ Yoast SEO plugin. -->","yoast_head_json":{"title":"Avioneta se precipita en Cumayasa, tripulantes sobreviven de milagro - Conexi\u00f3n 23","robots":{"index":"index","follow":"follow","max-snippet":"max-snippet:-1","max-image-preview":"max-image-preview:large","max-video-preview":"max-video-preview:-1"},"canonical":"https:\/\/conexion23.com\/?p=56868","og_locale":"es_ES","og_type":"article","og_title":"Avioneta se precipita en Cumayasa, tripulantes sobreviven de milagro - Conexi\u00f3n 23","og_description":"Una avioneta se precipit\u00f3 la noche del mi\u00e9rcoles pocos minutos despu\u00e9s de haber despegado, en un hecho ocurrido en el distrito municipal de Cumayasa, perteneciente a Caleta, en la provincia La Romana. Los ocupantes de la aeronave fueron identificados como N\u00e9stor Gonz\u00e1lez, empresario vinculado a la compa\u00f1\u00eda Ferry del Caribe, y el piloto Alexander Santiago, [&hellip;]","og_url":"https:\/\/conexion23.com\/?p=56868","og_site_name":"Conexi\u00f3n 23","article_publisher":"https:\/\/www.facebook.com\/conexion23com","article_published_time":"2026-05-01T12:20:49+00:00","og_image":[{"width":1068,"height":799,"url":"https:\/\/conexion23.com\/wp-content\/uploads\/2026\/05\/dfeabdc8-c77b-4957-8a71-dd54177725e1-1068x799-1.jpeg","type":"image\/jpeg"}],"author":"Raffy Ben\u00edtez","twitter_card":"summary_large_image","twitter_misc":{"Escrito por":"Raffy Ben\u00edtez","Tiempo de lectura":"2 minutos"},"schema":{"@context":"https:\/\/schema.org","@graph":[{"@type":"Article","@id":"https:\/\/conexion23.com\/?p=56868#article","isPartOf":{"@id":"https:\/\/conexion23.com\/?p=56868"},"author":{"name":"Raffy Ben\u00edtez","@id":"https:\/\/conexion23.com\/#\/schema\/person\/03e36043331117e97a373299bbcd30a6"},"headline":"Avioneta se precipita en Cumayasa, tripulantes sobreviven de milagro","datePublished":"2026-05-01T12:20:49+00:00","mainEntityOfPage":{"@id":"https:\/\/conexion23.com\/?p=56868"},"wordCount":198,"commentCount":0,"publisher":{"@id":"https:\/\/conexion23.com\/#organization"},"image":{"@id":"https:\/\/conexion23.com\/?p=56868#primaryimage"},"thumbnailUrl":"https:\/\/conexion23.com\/wp-content\/uploads\/2026\/05\/dfeabdc8-c77b-4957-8a71-dd54177725e1-1068x799-1.jpeg","keywords":["Avioneta","Cumayasa","la romana","precipita","Tripulantes"],"articleSection":["Portada"],"inLanguage":"es","potentialAction":[{"@type":"CommentAction","name":"Comment","target":["https:\/\/conexion23.com\/?p=56868#respond"]}]},{"@type":"WebPage","@id":"https:\/\/conexion23.com\/?p=56868","url":"https:\/\/conexion23.com\/?p=56868","name":"Avioneta se precipita en Cumayasa, tripulantes sobreviven de milagro - Conexi\u00f3n 23","isPartOf":{"@id":"https:\/\/conexion23.com\/#website"},"primaryImageOfPage":{"@id":"https:\/\/conexion23.com\/?p=56868#primaryimage"},"image":{"@id":"https:\/\/conexion23.com\/?p=56868#primaryimage"},"thumbnailUrl":"https:\/\/conexion23.com\/wp-content\/uploads\/2026\/05\/dfeabdc8-c77b-4957-8a71-dd54177725e1-1068x799-1.jpeg","datePublished":"2026-05-01T12:20:49+00:00","breadcrumb":{"@id":"https:\/\/conexion23.com\/?p=56868#breadcrumb"},"inLanguage":"es","potentialAction":[{"@type":"ReadAction","target":["https:\/\/conexion23.com\/?p=56868"]}]},{"@type":"ImageObject","inLanguage":"es","@id":"https:\/\/conexion23.com\/?p=56868#primaryimage","url":"https:\/\/conexion23.com\/wp-content\/uploads\/2026\/05\/dfeabdc8-c77b-4957-8a71-dd54177725e1-1068x799-1.jpeg","contentUrl":"https:\/\/conexion23.com\/wp-content\/uploads\/2026\/05\/dfeabdc8-c77b-4957-8a71-dd54177725e1-1068x799-1.jpeg","width":1068,"height":799},{"@type":"BreadcrumbList","@id":"https:\/\/conexion23.com\/?p=56868#breadcrumb","itemListElement":[{"@type":"ListItem","position":1,"name":"Portada","item":"https:\/\/conexion23.com\/"},{"@type":"ListItem","position":2,"name":"Avioneta se precipita en Cumayasa, tripulantes sobreviven de milagro"}]},{"@type":"WebSite","@id":"https:\/\/conexion23.com\/#website","url":"https:\/\/conexion23.com\/","name":"Conexi\u00f3n 23","description":"Peri\u00f3dico 100% Petromacorisano","publisher":{"@id":"https:\/\/conexion23.com\/#organization"},"potentialAction":[{"@type":"SearchAction","target":{"@type":"EntryPoint","urlTemplate":"https:\/\/conexion23.com\/?s={search_term_string}"},"query-input":{"@type":"PropertyValueSpecification","valueRequired":true,"valueName":"search_term_string"}}],"inLanguage":"es"},{"@type":"Organization","@id":"https:\/\/conexion23.com\/#organization","name":"Conexion 23","url":"https:\/\/conexion23.com\/","logo":{"@type":"ImageObject","inLanguage":"es","@id":"https:\/\/conexion23.com\/#\/schema\/logo\/image\/","url":"https:\/\/conexion23.com\/wp-content\/uploads\/2021\/11\/Diseno-sin-titulo-2.png","contentUrl":"https:\/\/conexion23.com\/wp-content\/uploads\/2021\/11\/Diseno-sin-titulo-2.png","width":541,"height":90,"caption":"Conexion 23"},"image":{"@id":"https:\/\/conexion23.com\/#\/schema\/logo\/image\/"},"sameAs":["https:\/\/www.facebook.com\/conexion23com","https:\/\/www.instagram.com\/conexion23com\/","https:\/\/www.youtube.com\/channel\/UCYc7vxxFZMYLIHNsHHxPZ3Q"]},{"@type":"Person","@id":"https:\/\/conexion23.com\/#\/schema\/person\/03e36043331117e97a373299bbcd30a6","name":"Raffy Ben\u00edtez","image":{"@type":"ImageObject","inLanguage":"es","@id":"https:\/\/conexion23.com\/#\/schema\/person\/image\/","url":"https:\/\/secure.gravatar.com\/avatar\/3190a6a6c5e1b0327500f7d6c56b6242472ee6cb974cf09b401ee6b3b0798f23?s=96&d=mm&r=g","contentUrl":"https:\/\/secure.gravatar.com\/avatar\/3190a6a6c5e1b0327500f7d6c56b6242472ee6cb974cf09b401ee6b3b0798f23?s=96&d=mm&r=g","caption":"Raffy Ben\u00edtez"},"url":"https:\/\/conexion23.com\/?author=15"}]}},"_links":{"self":[{"href":"https:\/\/conexion23.com\/index.php?rest_route=\/wp\/v2\/posts\/56868","targetHints":{"allow":["GET"]}}],"collection":[{"href":"https:\/\/conexion23.com\/index.php?rest_route=\/wp\/v2\/posts"}],"about":[{"href":"https:\/\/conexion23.com\/index.php?rest_route=\/wp\/v2\/types\/post"}],"author":[{"embeddable":true,"href":"https:\/\/conexion23.com\/index.php?rest_route=\/wp\/v2\/users\/15"}],"replies":[{"embeddable":true,"href":"https:\/\/conexion23.com\/index.php?rest_route=%2Fwp%2Fv2%2Fcomments&post=56868"}],"version-history":[{"count":1,"href":"https:\/\/conexion23.com\/index.php?rest_route=\/wp\/v2\/posts\/56868\/revisions"}],"predecessor-version":[{"id":56870,"href":"https:\/\/conexion23.com\/index.php?rest_route=\/wp\/v2\/posts\/56868\/revisions\/56870"}],"wp:featuredmedia":[{"embeddable":true,"href":"https:\/\/conexion23.com\/index.php?rest_route=\/wp\/v2\/media\/56869"}],"wp:attachment":[{"href":"https:\/\/conexion23.com\/index.php?rest_route=%2Fwp%2Fv2%2Fmedia&parent=56868"}],"wp:term":[{"taxonomy":"category","embeddable":true,"href":"https:\/\/conexion23.com\/index.php?rest_route=%2Fwp%2Fv2%2Fcategories&post=56868"},{"taxonomy":"post_tag","embeddable":true,"href":"https:\/\/conexion23.com\/index.php?rest_route=%2Fwp%2Fv2%2Ftags&post=56868"}],"curies":[{"name":"wp","href":"https:\/\/api.w.org\/{rel}","templated":true}]}}