{"id":56875,"date":"2026-05-01T10:00:50","date_gmt":"2026-05-01T14:00:50","guid":{"rendered":"https:\/\/conexion23.com\/?p=56875"},"modified":"2026-05-01T09:21:32","modified_gmt":"2026-05-01T13:21:32","slug":"dos-personas-son-rescatadas-con-vida-tras-crecida-del-rio-guayabito-en-bayaguana","status":"publish","type":"post","link":"https:\/\/conexion23.com\/?p=56875","title":{"rendered":"Dos personas son rescatadas con vida tras crecida del r\u00edo Guayabito en Bayaguana"},"content":{"rendered":"<p style=\"text-align: justify;\"><strong>Dos personas fueron rescatadas con vida por organismos de socorro, luego de quedar atrapadas en el techo de su vivienda, la cual fue arrasada por la crecida del r\u00edo Guayabito, en el sector Las Ca\u00f1itas del municipio Bayaguana, en la provincia Monte Plata.<\/strong><\/p>\n<p style=\"text-align: justify;\">En el operativo participaron unidades de la Defensa Civil, el Cuerpo de Bomberos y la estaci\u00f3n de emergencias 139, quienes lograron poner a salvo a los afectados en medio de las lluvias registradas en las \u00faltimas horas.<\/p>\n<p style=\"text-align: justify;\">La provincia Monte Plata se encuentra en alerta amarilla, seg\u00fan el Centro de Operaciones de Emergencias (COE), que exhorta a la poblaci\u00f3n a abstenerse de cruzar r\u00edos, arroyos y ca\u00f1adas con altos vol\u00famenes de agua.<\/p>\n","protected":false},"excerpt":{"rendered":"<p>Dos personas fueron rescatadas con vida por organismos de socorro, luego de quedar atrapadas en el techo de su vivienda, la cual fue arrasada por la crecida del r\u00edo Guayabito, en el sector Las Ca\u00f1itas del municipio Bayaguana, en la provincia Monte Plata. En el operativo participaron unidades de la Defensa Civil, el Cuerpo de [&hellip;]<\/p>\n","protected":false},"author":18,"featured_media":56876,"comment_status":"open","ping_status":"open","sticky":false,"template":"","format":"standard","meta":{"footnotes":""},"categories":[12,3773],"tags":[3267,483,8696,1043,4172],"class_list":{"0":"post-56875","1":"post","2":"type-post","3":"status-publish","4":"format-standard","5":"has-post-thumbnail","7":"category-municipales","8":"category-portada","9":"tag-bayaguana","10":"tag-coe","11":"tag-guayabito","12":"tag-lluvia","13":"tag-monte-plata"},"yoast_head":"<!-- This site is optimized with the Yoast SEO plugin v27.1.1 - https:\/\/yoast.com\/product\/yoast-seo-wordpress\/ -->\n<title>Dos personas son rescatadas con vida tras crecida del r\u00edo Guayabito en Bayaguana - Conexi\u00f3n 23<\/title>\n<meta name=\"robots\" content=\"index, follow, max-snippet:-1, max-image-preview:large, max-video-preview:-1\" \/>\n<link rel=\"canonical\" href=\"https:\/\/conexion23.com\/?p=56875\" \/>\n<meta property=\"og:locale\" content=\"es_ES\" \/>\n<meta property=\"og:type\" content=\"article\" \/>\n<meta property=\"og:title\" content=\"Dos personas son rescatadas con vida tras crecida del r\u00edo Guayabito en Bayaguana - Conexi\u00f3n 23\" \/>\n<meta property=\"og:description\" content=\"Dos personas fueron rescatadas con vida por organismos de socorro, luego de quedar atrapadas en el techo de su vivienda, la cual fue arrasada por la crecida del r\u00edo Guayabito, en el sector Las Ca\u00f1itas del municipio Bayaguana, en la provincia Monte Plata. En el operativo participaron unidades de la Defensa Civil, el Cuerpo de [&hellip;]\" \/>\n<meta property=\"og:url\" content=\"https:\/\/conexion23.com\/?p=56875\" \/>\n<meta property=\"og:site_name\" content=\"Conexi\u00f3n 23\" \/>\n<meta property=\"article:publisher\" content=\"https:\/\/www.facebook.com\/conexion23com\" \/>\n<meta property=\"article:published_time\" content=\"2026-05-01T14:00:50+00:00\" \/>\n<meta property=\"og:image\" content=\"https:\/\/conexion23.com\/wp-content\/uploads\/2026\/05\/Monte-Plata.webp\" \/>\n\t<meta property=\"og:image:width\" content=\"405\" \/>\n\t<meta property=\"og:image:height\" content=\"391\" \/>\n\t<meta property=\"og:image:type\" content=\"image\/webp\" \/>\n<meta name=\"author\" content=\"Redacci\u00f3n\" \/>\n<meta name=\"twitter:card\" content=\"summary_large_image\" \/>\n<meta name=\"twitter:label1\" content=\"Escrito por\" \/>\n\t<meta name=\"twitter:data1\" content=\"Redacci\u00f3n\" \/>\n\t<meta name=\"twitter:label2\" content=\"Tiempo de lectura\" \/>\n\t<meta name=\"twitter:data2\" content=\"1 minuto\" \/>\n<script type=\"application\/ld+json\" class=\"yoast-schema-graph\">{\"@context\":\"https:\/\/schema.org\",\"@graph\":[{\"@type\":\"Article\",\"@id\":\"https:\/\/conexion23.com\/?p=56875#article\",\"isPartOf\":{\"@id\":\"https:\/\/conexion23.com\/?p=56875\"},\"author\":{\"name\":\"Redacci\u00f3n\",\"@id\":\"https:\/\/conexion23.com\/#\/schema\/person\/0a860802b17d01ad2a278f53c507c296\"},\"headline\":\"Dos personas son rescatadas con vida tras crecida del r\u00edo Guayabito en Bayaguana\",\"datePublished\":\"2026-05-01T14:00:50+00:00\",\"mainEntityOfPage\":{\"@id\":\"https:\/\/conexion23.com\/?p=56875\"},\"wordCount\":136,\"commentCount\":0,\"publisher\":{\"@id\":\"https:\/\/conexion23.com\/#organization\"},\"image\":{\"@id\":\"https:\/\/conexion23.com\/?p=56875#primaryimage\"},\"thumbnailUrl\":\"https:\/\/conexion23.com\/wp-content\/uploads\/2026\/05\/Monte-Plata.webp\",\"keywords\":[\"bayaguana\",\"coe\",\"Guayabito\",\"lluvia\",\"Monte Plata\"],\"articleSection\":[\"Municipales\",\"Portada\"],\"inLanguage\":\"es\",\"potentialAction\":[{\"@type\":\"CommentAction\",\"name\":\"Comment\",\"target\":[\"https:\/\/conexion23.com\/?p=56875#respond\"]}]},{\"@type\":\"WebPage\",\"@id\":\"https:\/\/conexion23.com\/?p=56875\",\"url\":\"https:\/\/conexion23.com\/?p=56875\",\"name\":\"Dos personas son rescatadas con vida tras crecida del r\u00edo Guayabito en Bayaguana - Conexi\u00f3n 23\",\"isPartOf\":{\"@id\":\"https:\/\/conexion23.com\/#website\"},\"primaryImageOfPage\":{\"@id\":\"https:\/\/conexion23.com\/?p=56875#primaryimage\"},\"image\":{\"@id\":\"https:\/\/conexion23.com\/?p=56875#primaryimage\"},\"thumbnailUrl\":\"https:\/\/conexion23.com\/wp-content\/uploads\/2026\/05\/Monte-Plata.webp\",\"datePublished\":\"2026-05-01T14:00:50+00:00\",\"breadcrumb\":{\"@id\":\"https:\/\/conexion23.com\/?p=56875#breadcrumb\"},\"inLanguage\":\"es\",\"potentialAction\":[{\"@type\":\"ReadAction\",\"target\":[\"https:\/\/conexion23.com\/?p=56875\"]}]},{\"@type\":\"ImageObject\",\"inLanguage\":\"es\",\"@id\":\"https:\/\/conexion23.com\/?p=56875#primaryimage\",\"url\":\"https:\/\/conexion23.com\/wp-content\/uploads\/2026\/05\/Monte-Plata.webp\",\"contentUrl\":\"https:\/\/conexion23.com\/wp-content\/uploads\/2026\/05\/Monte-Plata.webp\",\"width\":405,\"height\":391},{\"@type\":\"BreadcrumbList\",\"@id\":\"https:\/\/conexion23.com\/?p=56875#breadcrumb\",\"itemListElement\":[{\"@type\":\"ListItem\",\"position\":1,\"name\":\"Portada\",\"item\":\"https:\/\/conexion23.com\/\"},{\"@type\":\"ListItem\",\"position\":2,\"name\":\"Dos personas son rescatadas con vida tras crecida del r\u00edo Guayabito en Bayaguana\"}]},{\"@type\":\"WebSite\",\"@id\":\"https:\/\/conexion23.com\/#website\",\"url\":\"https:\/\/conexion23.com\/\",\"name\":\"Conexi\u00f3n 23\",\"description\":\"Peri\u00f3dico 100% Petromacorisano\",\"publisher\":{\"@id\":\"https:\/\/conexion23.com\/#organization\"},\"potentialAction\":[{\"@type\":\"SearchAction\",\"target\":{\"@type\":\"EntryPoint\",\"urlTemplate\":\"https:\/\/conexion23.com\/?s={search_term_string}\"},\"query-input\":{\"@type\":\"PropertyValueSpecification\",\"valueRequired\":true,\"valueName\":\"search_term_string\"}}],\"inLanguage\":\"es\"},{\"@type\":\"Organization\",\"@id\":\"https:\/\/conexion23.com\/#organization\",\"name\":\"Conexion 23\",\"url\":\"https:\/\/conexion23.com\/\",\"logo\":{\"@type\":\"ImageObject\",\"inLanguage\":\"es\",\"@id\":\"https:\/\/conexion23.com\/#\/schema\/logo\/image\/\",\"url\":\"https:\/\/conexion23.com\/wp-content\/uploads\/2021\/11\/Diseno-sin-titulo-2.png\",\"contentUrl\":\"https:\/\/conexion23.com\/wp-content\/uploads\/2021\/11\/Diseno-sin-titulo-2.png\",\"width\":541,\"height\":90,\"caption\":\"Conexion 23\"},\"image\":{\"@id\":\"https:\/\/conexion23.com\/#\/schema\/logo\/image\/\"},\"sameAs\":[\"https:\/\/www.facebook.com\/conexion23com\",\"https:\/\/www.instagram.com\/conexion23com\/\",\"https:\/\/www.youtube.com\/channel\/UCYc7vxxFZMYLIHNsHHxPZ3Q\"]},{\"@type\":\"Person\",\"@id\":\"https:\/\/conexion23.com\/#\/schema\/person\/0a860802b17d01ad2a278f53c507c296\",\"name\":\"Redacci\u00f3n\",\"image\":{\"@type\":\"ImageObject\",\"inLanguage\":\"es\",\"@id\":\"https:\/\/conexion23.com\/#\/schema\/person\/image\/\",\"url\":\"https:\/\/secure.gravatar.com\/avatar\/ec9d84b79c776aa1994e5893944465db9974b17b884155623da51b7b62c02845?s=96&d=mm&r=g\",\"contentUrl\":\"https:\/\/secure.gravatar.com\/avatar\/ec9d84b79c776aa1994e5893944465db9974b17b884155623da51b7b62c02845?s=96&d=mm&r=g\",\"caption\":\"Redacci\u00f3n\"},\"url\":\"https:\/\/conexion23.com\/?author=18\"}]}<\/script>\n<!-- \/ Yoast SEO plugin. -->","yoast_head_json":{"title":"Dos personas son rescatadas con vida tras crecida del r\u00edo Guayabito en Bayaguana - Conexi\u00f3n 23","robots":{"index":"index","follow":"follow","max-snippet":"max-snippet:-1","max-image-preview":"max-image-preview:large","max-video-preview":"max-video-preview:-1"},"canonical":"https:\/\/conexion23.com\/?p=56875","og_locale":"es_ES","og_type":"article","og_title":"Dos personas son rescatadas con vida tras crecida del r\u00edo Guayabito en Bayaguana - Conexi\u00f3n 23","og_description":"Dos personas fueron rescatadas con vida por organismos de socorro, luego de quedar atrapadas en el techo de su vivienda, la cual fue arrasada por la crecida del r\u00edo Guayabito, en el sector Las Ca\u00f1itas del municipio Bayaguana, en la provincia Monte Plata. En el operativo participaron unidades de la Defensa Civil, el Cuerpo de [&hellip;]","og_url":"https:\/\/conexion23.com\/?p=56875","og_site_name":"Conexi\u00f3n 23","article_publisher":"https:\/\/www.facebook.com\/conexion23com","article_published_time":"2026-05-01T14:00:50+00:00","og_image":[{"width":405,"height":391,"url":"https:\/\/conexion23.com\/wp-content\/uploads\/2026\/05\/Monte-Plata.webp","type":"image\/webp"}],"author":"Redacci\u00f3n","twitter_card":"summary_large_image","twitter_misc":{"Escrito por":"Redacci\u00f3n","Tiempo de lectura":"1 minuto"},"schema":{"@context":"https:\/\/schema.org","@graph":[{"@type":"Article","@id":"https:\/\/conexion23.com\/?p=56875#article","isPartOf":{"@id":"https:\/\/conexion23.com\/?p=56875"},"author":{"name":"Redacci\u00f3n","@id":"https:\/\/conexion23.com\/#\/schema\/person\/0a860802b17d01ad2a278f53c507c296"},"headline":"Dos personas son rescatadas con vida tras crecida del r\u00edo Guayabito en Bayaguana","datePublished":"2026-05-01T14:00:50+00:00","mainEntityOfPage":{"@id":"https:\/\/conexion23.com\/?p=56875"},"wordCount":136,"commentCount":0,"publisher":{"@id":"https:\/\/conexion23.com\/#organization"},"image":{"@id":"https:\/\/conexion23.com\/?p=56875#primaryimage"},"thumbnailUrl":"https:\/\/conexion23.com\/wp-content\/uploads\/2026\/05\/Monte-Plata.webp","keywords":["bayaguana","coe","Guayabito","lluvia","Monte Plata"],"articleSection":["Municipales","Portada"],"inLanguage":"es","potentialAction":[{"@type":"CommentAction","name":"Comment","target":["https:\/\/conexion23.com\/?p=56875#respond"]}]},{"@type":"WebPage","@id":"https:\/\/conexion23.com\/?p=56875","url":"https:\/\/conexion23.com\/?p=56875","name":"Dos personas son rescatadas con vida tras crecida del r\u00edo Guayabito en Bayaguana - Conexi\u00f3n 23","isPartOf":{"@id":"https:\/\/conexion23.com\/#website"},"primaryImageOfPage":{"@id":"https:\/\/conexion23.com\/?p=56875#primaryimage"},"image":{"@id":"https:\/\/conexion23.com\/?p=56875#primaryimage"},"thumbnailUrl":"https:\/\/conexion23.com\/wp-content\/uploads\/2026\/05\/Monte-Plata.webp","datePublished":"2026-05-01T14:00:50+00:00","breadcrumb":{"@id":"https:\/\/conexion23.com\/?p=56875#breadcrumb"},"inLanguage":"es","potentialAction":[{"@type":"ReadAction","target":["https:\/\/conexion23.com\/?p=56875"]}]},{"@type":"ImageObject","inLanguage":"es","@id":"https:\/\/conexion23.com\/?p=56875#primaryimage","url":"https:\/\/conexion23.com\/wp-content\/uploads\/2026\/05\/Monte-Plata.webp","contentUrl":"https:\/\/conexion23.com\/wp-content\/uploads\/2026\/05\/Monte-Plata.webp","width":405,"height":391},{"@type":"BreadcrumbList","@id":"https:\/\/conexion23.com\/?p=56875#breadcrumb","itemListElement":[{"@type":"ListItem","position":1,"name":"Portada","item":"https:\/\/conexion23.com\/"},{"@type":"ListItem","position":2,"name":"Dos personas son rescatadas con vida tras crecida del r\u00edo Guayabito en Bayaguana"}]},{"@type":"WebSite","@id":"https:\/\/conexion23.com\/#website","url":"https:\/\/conexion23.com\/","name":"Conexi\u00f3n 23","description":"Peri\u00f3dico 100% Petromacorisano","publisher":{"@id":"https:\/\/conexion23.com\/#organization"},"potentialAction":[{"@type":"SearchAction","target":{"@type":"EntryPoint","urlTemplate":"https:\/\/conexion23.com\/?s={search_term_string}"},"query-input":{"@type":"PropertyValueSpecification","valueRequired":true,"valueName":"search_term_string"}}],"inLanguage":"es"},{"@type":"Organization","@id":"https:\/\/conexion23.com\/#organization","name":"Conexion 23","url":"https:\/\/conexion23.com\/","logo":{"@type":"ImageObject","inLanguage":"es","@id":"https:\/\/conexion23.com\/#\/schema\/logo\/image\/","url":"https:\/\/conexion23.com\/wp-content\/uploads\/2021\/11\/Diseno-sin-titulo-2.png","contentUrl":"https:\/\/conexion23.com\/wp-content\/uploads\/2021\/11\/Diseno-sin-titulo-2.png","width":541,"height":90,"caption":"Conexion 23"},"image":{"@id":"https:\/\/conexion23.com\/#\/schema\/logo\/image\/"},"sameAs":["https:\/\/www.facebook.com\/conexion23com","https:\/\/www.instagram.com\/conexion23com\/","https:\/\/www.youtube.com\/channel\/UCYc7vxxFZMYLIHNsHHxPZ3Q"]},{"@type":"Person","@id":"https:\/\/conexion23.com\/#\/schema\/person\/0a860802b17d01ad2a278f53c507c296","name":"Redacci\u00f3n","image":{"@type":"ImageObject","inLanguage":"es","@id":"https:\/\/conexion23.com\/#\/schema\/person\/image\/","url":"https:\/\/secure.gravatar.com\/avatar\/ec9d84b79c776aa1994e5893944465db9974b17b884155623da51b7b62c02845?s=96&d=mm&r=g","contentUrl":"https:\/\/secure.gravatar.com\/avatar\/ec9d84b79c776aa1994e5893944465db9974b17b884155623da51b7b62c02845?s=96&d=mm&r=g","caption":"Redacci\u00f3n"},"url":"https:\/\/conexion23.com\/?author=18"}]}},"_links":{"self":[{"href":"https:\/\/conexion23.com\/index.php?rest_route=\/wp\/v2\/posts\/56875","targetHints":{"allow":["GET"]}}],"collection":[{"href":"https:\/\/conexion23.com\/index.php?rest_route=\/wp\/v2\/posts"}],"about":[{"href":"https:\/\/conexion23.com\/index.php?rest_route=\/wp\/v2\/types\/post"}],"author":[{"embeddable":true,"href":"https:\/\/conexion23.com\/index.php?rest_route=\/wp\/v2\/users\/18"}],"replies":[{"embeddable":true,"href":"https:\/\/conexion23.com\/index.php?rest_route=%2Fwp%2Fv2%2Fcomments&post=56875"}],"version-history":[{"count":1,"href":"https:\/\/conexion23.com\/index.php?rest_route=\/wp\/v2\/posts\/56875\/revisions"}],"predecessor-version":[{"id":56877,"href":"https:\/\/conexion23.com\/index.php?rest_route=\/wp\/v2\/posts\/56875\/revisions\/56877"}],"wp:featuredmedia":[{"embeddable":true,"href":"https:\/\/conexion23.com\/index.php?rest_route=\/wp\/v2\/media\/56876"}],"wp:attachment":[{"href":"https:\/\/conexion23.com\/index.php?rest_route=%2Fwp%2Fv2%2Fmedia&parent=56875"}],"wp:term":[{"taxonomy":"category","embeddable":true,"href":"https:\/\/conexion23.com\/index.php?rest_route=%2Fwp%2Fv2%2Fcategories&post=56875"},{"taxonomy":"post_tag","embeddable":true,"href":"https:\/\/conexion23.com\/index.php?rest_route=%2Fwp%2Fv2%2Ftags&post=56875"}],"curies":[{"name":"wp","href":"https:\/\/api.w.org\/{rel}","templated":true}]}}