{"id":56884,"date":"2026-05-01T11:25:49","date_gmt":"2026-05-01T15:25:49","guid":{"rendered":"https:\/\/conexion23.com\/?p=56884"},"modified":"2026-05-01T11:03:27","modified_gmt":"2026-05-01T15:03:27","slug":"crisis-hidrica-en-consuelo-comunitarios-protestan-ante-la-falta-de-agua-potable","status":"publish","type":"post","link":"https:\/\/conexion23.com\/?p=56884","title":{"rendered":"Crisis h\u00eddrica en Consuelo: Comunitarios protestan ante la falta de agua potable"},"content":{"rendered":"<p style=\"text-align: justify;\"><a href=\"https:\/\/conexion23.com\/\"><strong>Por: Honatan Caraballo<\/strong><\/a><\/p>\n<p style=\"text-align: justify;\"><strong>La desesperaci\u00f3n por la escasez de agua potable alcanz\u00f3 su punto cr\u00edtico este lunes, cuando decenas de residentes del municipio de Consuelo se lanzaron a las calles y se apostaron frente a las oficinas locales del Instituto Nacional de Aguas Potables y Alcantarillados (INAPA).<\/strong><\/p>\n<p style=\"text-align: justify;\">Con pancartas en mano y consignas que exigen una soluci\u00f3n definitiva, los manifestantes denunciaron que llevan un tiempo prolongado sin recibir el l\u00edquido en sus hogares, lo que ha afectado dr\u00e1sticamente sus labores dom\u00e9sticas y su calidad de vida.<\/p>\n<p style=\"text-align: justify;\">La indignaci\u00f3n de la comunidad no solo nace de la sequ\u00eda actual en sus tuber\u00edas, sino de lo que consideran una falta de gesti\u00f3n ante problemas infraestructurales conocidos. Los comunitarios recordaron que la crisis se agudiz\u00f3 tras la explosi\u00f3n del tanque principal que abastec\u00eda a la mayor\u00eda de los sectores, un incidente que, seg\u00fan afirman, no ha sido resuelto con una alternativa eficiente.<\/p>\n<p style=\"text-align: justify;\">\u00abNo podemos seguir viviendo as\u00ed. El agua es un derecho b\u00e1sico y en Consuelo parece un lujo. El tanque explot\u00f3 y desde entonces estamos pasando el Ni\u00e1gara en bicicleta\u00bb, expres\u00f3 uno de los residentes durante la manifestaci\u00f3n.<\/p>\n<p style=\"text-align: justify;\">La protesta mantuvo el tr\u00e1nsito interrumpido parcialmente en las cercan\u00edas de las oficinas de INAPA, mientras los ciudadanos exig\u00edan la presencia de las autoridades provinciales para establecer un compromiso real de reparaci\u00f3n o sustituci\u00f3n de la infraestructura da\u00f1ada.<\/p>\n<p style=\"text-align: justify;\">Los sectores m\u00e1s afectados reportan que deben comprar camiones de agua a precios elevados. El comercio local tambi\u00e9n empieza a sentir el impacto econ\u00f3mico de la escasez.<\/p>\n<p style=\"text-align: justify;\">La comunidad advierte que, de no recibir una respuesta concreta en las pr\u00f3ximas horas, las jornadas de protesta se intensificar\u00e1n.<\/p>\n<p style=\"text-align: justify;\">Se espera que, en el transcurso del d\u00eda, representantes de INAPA emitan un comunicado oficial informando sobre el estatus de los trabajos de reparaci\u00f3n y el plan de contingencia para abastecer a las familias afectadas en este municipio de la provincia de San Pedro de Macor\u00eds.<\/p>\n","protected":false},"excerpt":{"rendered":"<p>Por: Honatan Caraballo La desesperaci\u00f3n por la escasez de agua potable alcanz\u00f3 su punto cr\u00edtico este lunes, cuando decenas de residentes del municipio de Consuelo se lanzaron a las calles y se apostaron frente a las oficinas locales del Instituto Nacional de Aguas Potables y Alcantarillados (INAPA). Con pancartas en mano y consignas que exigen [&hellip;]<\/p>\n","protected":false},"author":18,"featured_media":56885,"comment_status":"open","ping_status":"open","sticky":false,"template":"","format":"standard","meta":{"footnotes":""},"categories":[3773,2472,35],"tags":[4114,140,107],"class_list":{"0":"post-56884","1":"post","2":"type-post","3":"status-publish","4":"format-standard","5":"has-post-thumbnail","7":"category-portada","8":"category-provincias-del-este","9":"category-spm","10":"tag-aguas-potables","11":"tag-consuelo","12":"tag-inapa"},"yoast_head":"<!-- This site is optimized with the Yoast SEO plugin v27.1.1 - https:\/\/yoast.com\/product\/yoast-seo-wordpress\/ -->\n<title>Crisis h\u00eddrica en Consuelo: Comunitarios protestan ante la falta de agua potable - Conexi\u00f3n 23<\/title>\n<meta name=\"robots\" content=\"index, follow, max-snippet:-1, max-image-preview:large, max-video-preview:-1\" \/>\n<link rel=\"canonical\" href=\"https:\/\/conexion23.com\/?p=56884\" \/>\n<meta property=\"og:locale\" content=\"es_ES\" \/>\n<meta property=\"og:type\" content=\"article\" \/>\n<meta property=\"og:title\" content=\"Crisis h\u00eddrica en Consuelo: Comunitarios protestan ante la falta de agua potable - Conexi\u00f3n 23\" \/>\n<meta property=\"og:description\" content=\"Por: Honatan Caraballo La desesperaci\u00f3n por la escasez de agua potable alcanz\u00f3 su punto cr\u00edtico este lunes, cuando decenas de residentes del municipio de Consuelo se lanzaron a las calles y se apostaron frente a las oficinas locales del Instituto Nacional de Aguas Potables y Alcantarillados (INAPA). Con pancartas en mano y consignas que exigen [&hellip;]\" \/>\n<meta property=\"og:url\" content=\"https:\/\/conexion23.com\/?p=56884\" \/>\n<meta property=\"og:site_name\" content=\"Conexi\u00f3n 23\" \/>\n<meta property=\"article:publisher\" content=\"https:\/\/www.facebook.com\/conexion23com\" \/>\n<meta property=\"article:published_time\" content=\"2026-05-01T15:25:49+00:00\" \/>\n<meta property=\"og:image\" content=\"https:\/\/conexion23.com\/wp-content\/uploads\/2026\/05\/falta-de-agua-en-consuelo-e1777647768149.jpeg\" \/>\n\t<meta property=\"og:image:width\" content=\"898\" \/>\n\t<meta property=\"og:image:height\" content=\"910\" \/>\n\t<meta property=\"og:image:type\" content=\"image\/jpeg\" \/>\n<meta name=\"author\" content=\"Redacci\u00f3n\" \/>\n<meta name=\"twitter:card\" content=\"summary_large_image\" \/>\n<meta name=\"twitter:label1\" content=\"Escrito por\" \/>\n\t<meta name=\"twitter:data1\" content=\"Redacci\u00f3n\" \/>\n\t<meta name=\"twitter:label2\" content=\"Tiempo de lectura\" \/>\n\t<meta name=\"twitter:data2\" content=\"2 minutos\" \/>\n<script type=\"application\/ld+json\" class=\"yoast-schema-graph\">{\"@context\":\"https:\/\/schema.org\",\"@graph\":[{\"@type\":\"Article\",\"@id\":\"https:\/\/conexion23.com\/?p=56884#article\",\"isPartOf\":{\"@id\":\"https:\/\/conexion23.com\/?p=56884\"},\"author\":{\"name\":\"Redacci\u00f3n\",\"@id\":\"https:\/\/conexion23.com\/#\/schema\/person\/0a860802b17d01ad2a278f53c507c296\"},\"headline\":\"Crisis h\u00eddrica en Consuelo: Comunitarios protestan ante la falta de agua potable\",\"datePublished\":\"2026-05-01T15:25:49+00:00\",\"mainEntityOfPage\":{\"@id\":\"https:\/\/conexion23.com\/?p=56884\"},\"wordCount\":361,\"commentCount\":0,\"publisher\":{\"@id\":\"https:\/\/conexion23.com\/#organization\"},\"image\":{\"@id\":\"https:\/\/conexion23.com\/?p=56884#primaryimage\"},\"thumbnailUrl\":\"https:\/\/conexion23.com\/wp-content\/uploads\/2026\/05\/falta-de-agua-en-consuelo-e1777647768149.jpeg\",\"keywords\":[\"Aguas Potables\",\"consuelo\",\"inapa\"],\"articleSection\":[\"Portada\",\"Provincias del Este\",\"SPM\"],\"inLanguage\":\"es\",\"potentialAction\":[{\"@type\":\"CommentAction\",\"name\":\"Comment\",\"target\":[\"https:\/\/conexion23.com\/?p=56884#respond\"]}]},{\"@type\":\"WebPage\",\"@id\":\"https:\/\/conexion23.com\/?p=56884\",\"url\":\"https:\/\/conexion23.com\/?p=56884\",\"name\":\"Crisis h\u00eddrica en Consuelo: Comunitarios protestan ante la falta de agua potable - Conexi\u00f3n 23\",\"isPartOf\":{\"@id\":\"https:\/\/conexion23.com\/#website\"},\"primaryImageOfPage\":{\"@id\":\"https:\/\/conexion23.com\/?p=56884#primaryimage\"},\"image\":{\"@id\":\"https:\/\/conexion23.com\/?p=56884#primaryimage\"},\"thumbnailUrl\":\"https:\/\/conexion23.com\/wp-content\/uploads\/2026\/05\/falta-de-agua-en-consuelo-e1777647768149.jpeg\",\"datePublished\":\"2026-05-01T15:25:49+00:00\",\"breadcrumb\":{\"@id\":\"https:\/\/conexion23.com\/?p=56884#breadcrumb\"},\"inLanguage\":\"es\",\"potentialAction\":[{\"@type\":\"ReadAction\",\"target\":[\"https:\/\/conexion23.com\/?p=56884\"]}]},{\"@type\":\"ImageObject\",\"inLanguage\":\"es\",\"@id\":\"https:\/\/conexion23.com\/?p=56884#primaryimage\",\"url\":\"https:\/\/conexion23.com\/wp-content\/uploads\/2026\/05\/falta-de-agua-en-consuelo-e1777647768149.jpeg\",\"contentUrl\":\"https:\/\/conexion23.com\/wp-content\/uploads\/2026\/05\/falta-de-agua-en-consuelo-e1777647768149.jpeg\",\"width\":898,\"height\":910},{\"@type\":\"BreadcrumbList\",\"@id\":\"https:\/\/conexion23.com\/?p=56884#breadcrumb\",\"itemListElement\":[{\"@type\":\"ListItem\",\"position\":1,\"name\":\"Portada\",\"item\":\"https:\/\/conexion23.com\/\"},{\"@type\":\"ListItem\",\"position\":2,\"name\":\"Crisis h\u00eddrica en Consuelo: Comunitarios protestan ante la falta de agua potable\"}]},{\"@type\":\"WebSite\",\"@id\":\"https:\/\/conexion23.com\/#website\",\"url\":\"https:\/\/conexion23.com\/\",\"name\":\"Conexi\u00f3n 23\",\"description\":\"Peri\u00f3dico 100% Petromacorisano\",\"publisher\":{\"@id\":\"https:\/\/conexion23.com\/#organization\"},\"potentialAction\":[{\"@type\":\"SearchAction\",\"target\":{\"@type\":\"EntryPoint\",\"urlTemplate\":\"https:\/\/conexion23.com\/?s={search_term_string}\"},\"query-input\":{\"@type\":\"PropertyValueSpecification\",\"valueRequired\":true,\"valueName\":\"search_term_string\"}}],\"inLanguage\":\"es\"},{\"@type\":\"Organization\",\"@id\":\"https:\/\/conexion23.com\/#organization\",\"name\":\"Conexion 23\",\"url\":\"https:\/\/conexion23.com\/\",\"logo\":{\"@type\":\"ImageObject\",\"inLanguage\":\"es\",\"@id\":\"https:\/\/conexion23.com\/#\/schema\/logo\/image\/\",\"url\":\"https:\/\/conexion23.com\/wp-content\/uploads\/2021\/11\/Diseno-sin-titulo-2.png\",\"contentUrl\":\"https:\/\/conexion23.com\/wp-content\/uploads\/2021\/11\/Diseno-sin-titulo-2.png\",\"width\":541,\"height\":90,\"caption\":\"Conexion 23\"},\"image\":{\"@id\":\"https:\/\/conexion23.com\/#\/schema\/logo\/image\/\"},\"sameAs\":[\"https:\/\/www.facebook.com\/conexion23com\",\"https:\/\/www.instagram.com\/conexion23com\/\",\"https:\/\/www.youtube.com\/channel\/UCYc7vxxFZMYLIHNsHHxPZ3Q\"]},{\"@type\":\"Person\",\"@id\":\"https:\/\/conexion23.com\/#\/schema\/person\/0a860802b17d01ad2a278f53c507c296\",\"name\":\"Redacci\u00f3n\",\"image\":{\"@type\":\"ImageObject\",\"inLanguage\":\"es\",\"@id\":\"https:\/\/conexion23.com\/#\/schema\/person\/image\/\",\"url\":\"https:\/\/secure.gravatar.com\/avatar\/ec9d84b79c776aa1994e5893944465db9974b17b884155623da51b7b62c02845?s=96&d=mm&r=g\",\"contentUrl\":\"https:\/\/secure.gravatar.com\/avatar\/ec9d84b79c776aa1994e5893944465db9974b17b884155623da51b7b62c02845?s=96&d=mm&r=g\",\"caption\":\"Redacci\u00f3n\"},\"url\":\"https:\/\/conexion23.com\/?author=18\"}]}<\/script>\n<!-- \/ Yoast SEO plugin. -->","yoast_head_json":{"title":"Crisis h\u00eddrica en Consuelo: Comunitarios protestan ante la falta de agua potable - Conexi\u00f3n 23","robots":{"index":"index","follow":"follow","max-snippet":"max-snippet:-1","max-image-preview":"max-image-preview:large","max-video-preview":"max-video-preview:-1"},"canonical":"https:\/\/conexion23.com\/?p=56884","og_locale":"es_ES","og_type":"article","og_title":"Crisis h\u00eddrica en Consuelo: Comunitarios protestan ante la falta de agua potable - Conexi\u00f3n 23","og_description":"Por: Honatan Caraballo La desesperaci\u00f3n por la escasez de agua potable alcanz\u00f3 su punto cr\u00edtico este lunes, cuando decenas de residentes del municipio de Consuelo se lanzaron a las calles y se apostaron frente a las oficinas locales del Instituto Nacional de Aguas Potables y Alcantarillados (INAPA). Con pancartas en mano y consignas que exigen [&hellip;]","og_url":"https:\/\/conexion23.com\/?p=56884","og_site_name":"Conexi\u00f3n 23","article_publisher":"https:\/\/www.facebook.com\/conexion23com","article_published_time":"2026-05-01T15:25:49+00:00","og_image":[{"width":898,"height":910,"url":"https:\/\/conexion23.com\/wp-content\/uploads\/2026\/05\/falta-de-agua-en-consuelo-e1777647768149.jpeg","type":"image\/jpeg"}],"author":"Redacci\u00f3n","twitter_card":"summary_large_image","twitter_misc":{"Escrito por":"Redacci\u00f3n","Tiempo de lectura":"2 minutos"},"schema":{"@context":"https:\/\/schema.org","@graph":[{"@type":"Article","@id":"https:\/\/conexion23.com\/?p=56884#article","isPartOf":{"@id":"https:\/\/conexion23.com\/?p=56884"},"author":{"name":"Redacci\u00f3n","@id":"https:\/\/conexion23.com\/#\/schema\/person\/0a860802b17d01ad2a278f53c507c296"},"headline":"Crisis h\u00eddrica en Consuelo: Comunitarios protestan ante la falta de agua potable","datePublished":"2026-05-01T15:25:49+00:00","mainEntityOfPage":{"@id":"https:\/\/conexion23.com\/?p=56884"},"wordCount":361,"commentCount":0,"publisher":{"@id":"https:\/\/conexion23.com\/#organization"},"image":{"@id":"https:\/\/conexion23.com\/?p=56884#primaryimage"},"thumbnailUrl":"https:\/\/conexion23.com\/wp-content\/uploads\/2026\/05\/falta-de-agua-en-consuelo-e1777647768149.jpeg","keywords":["Aguas Potables","consuelo","inapa"],"articleSection":["Portada","Provincias del Este","SPM"],"inLanguage":"es","potentialAction":[{"@type":"CommentAction","name":"Comment","target":["https:\/\/conexion23.com\/?p=56884#respond"]}]},{"@type":"WebPage","@id":"https:\/\/conexion23.com\/?p=56884","url":"https:\/\/conexion23.com\/?p=56884","name":"Crisis h\u00eddrica en Consuelo: Comunitarios protestan ante la falta de agua potable - Conexi\u00f3n 23","isPartOf":{"@id":"https:\/\/conexion23.com\/#website"},"primaryImageOfPage":{"@id":"https:\/\/conexion23.com\/?p=56884#primaryimage"},"image":{"@id":"https:\/\/conexion23.com\/?p=56884#primaryimage"},"thumbnailUrl":"https:\/\/conexion23.com\/wp-content\/uploads\/2026\/05\/falta-de-agua-en-consuelo-e1777647768149.jpeg","datePublished":"2026-05-01T15:25:49+00:00","breadcrumb":{"@id":"https:\/\/conexion23.com\/?p=56884#breadcrumb"},"inLanguage":"es","potentialAction":[{"@type":"ReadAction","target":["https:\/\/conexion23.com\/?p=56884"]}]},{"@type":"ImageObject","inLanguage":"es","@id":"https:\/\/conexion23.com\/?p=56884#primaryimage","url":"https:\/\/conexion23.com\/wp-content\/uploads\/2026\/05\/falta-de-agua-en-consuelo-e1777647768149.jpeg","contentUrl":"https:\/\/conexion23.com\/wp-content\/uploads\/2026\/05\/falta-de-agua-en-consuelo-e1777647768149.jpeg","width":898,"height":910},{"@type":"BreadcrumbList","@id":"https:\/\/conexion23.com\/?p=56884#breadcrumb","itemListElement":[{"@type":"ListItem","position":1,"name":"Portada","item":"https:\/\/conexion23.com\/"},{"@type":"ListItem","position":2,"name":"Crisis h\u00eddrica en Consuelo: Comunitarios protestan ante la falta de agua potable"}]},{"@type":"WebSite","@id":"https:\/\/conexion23.com\/#website","url":"https:\/\/conexion23.com\/","name":"Conexi\u00f3n 23","description":"Peri\u00f3dico 100% Petromacorisano","publisher":{"@id":"https:\/\/conexion23.com\/#organization"},"potentialAction":[{"@type":"SearchAction","target":{"@type":"EntryPoint","urlTemplate":"https:\/\/conexion23.com\/?s={search_term_string}"},"query-input":{"@type":"PropertyValueSpecification","valueRequired":true,"valueName":"search_term_string"}}],"inLanguage":"es"},{"@type":"Organization","@id":"https:\/\/conexion23.com\/#organization","name":"Conexion 23","url":"https:\/\/conexion23.com\/","logo":{"@type":"ImageObject","inLanguage":"es","@id":"https:\/\/conexion23.com\/#\/schema\/logo\/image\/","url":"https:\/\/conexion23.com\/wp-content\/uploads\/2021\/11\/Diseno-sin-titulo-2.png","contentUrl":"https:\/\/conexion23.com\/wp-content\/uploads\/2021\/11\/Diseno-sin-titulo-2.png","width":541,"height":90,"caption":"Conexion 23"},"image":{"@id":"https:\/\/conexion23.com\/#\/schema\/logo\/image\/"},"sameAs":["https:\/\/www.facebook.com\/conexion23com","https:\/\/www.instagram.com\/conexion23com\/","https:\/\/www.youtube.com\/channel\/UCYc7vxxFZMYLIHNsHHxPZ3Q"]},{"@type":"Person","@id":"https:\/\/conexion23.com\/#\/schema\/person\/0a860802b17d01ad2a278f53c507c296","name":"Redacci\u00f3n","image":{"@type":"ImageObject","inLanguage":"es","@id":"https:\/\/conexion23.com\/#\/schema\/person\/image\/","url":"https:\/\/secure.gravatar.com\/avatar\/ec9d84b79c776aa1994e5893944465db9974b17b884155623da51b7b62c02845?s=96&d=mm&r=g","contentUrl":"https:\/\/secure.gravatar.com\/avatar\/ec9d84b79c776aa1994e5893944465db9974b17b884155623da51b7b62c02845?s=96&d=mm&r=g","caption":"Redacci\u00f3n"},"url":"https:\/\/conexion23.com\/?author=18"}]}},"_links":{"self":[{"href":"https:\/\/conexion23.com\/index.php?rest_route=\/wp\/v2\/posts\/56884","targetHints":{"allow":["GET"]}}],"collection":[{"href":"https:\/\/conexion23.com\/index.php?rest_route=\/wp\/v2\/posts"}],"about":[{"href":"https:\/\/conexion23.com\/index.php?rest_route=\/wp\/v2\/types\/post"}],"author":[{"embeddable":true,"href":"https:\/\/conexion23.com\/index.php?rest_route=\/wp\/v2\/users\/18"}],"replies":[{"embeddable":true,"href":"https:\/\/conexion23.com\/index.php?rest_route=%2Fwp%2Fv2%2Fcomments&post=56884"}],"version-history":[{"count":1,"href":"https:\/\/conexion23.com\/index.php?rest_route=\/wp\/v2\/posts\/56884\/revisions"}],"predecessor-version":[{"id":56886,"href":"https:\/\/conexion23.com\/index.php?rest_route=\/wp\/v2\/posts\/56884\/revisions\/56886"}],"wp:featuredmedia":[{"embeddable":true,"href":"https:\/\/conexion23.com\/index.php?rest_route=\/wp\/v2\/media\/56885"}],"wp:attachment":[{"href":"https:\/\/conexion23.com\/index.php?rest_route=%2Fwp%2Fv2%2Fmedia&parent=56884"}],"wp:term":[{"taxonomy":"category","embeddable":true,"href":"https:\/\/conexion23.com\/index.php?rest_route=%2Fwp%2Fv2%2Fcategories&post=56884"},{"taxonomy":"post_tag","embeddable":true,"href":"https:\/\/conexion23.com\/index.php?rest_route=%2Fwp%2Fv2%2Ftags&post=56884"}],"curies":[{"name":"wp","href":"https:\/\/api.w.org\/{rel}","templated":true}]}}