{"id":56887,"date":"2026-05-01T11:18:30","date_gmt":"2026-05-01T15:18:30","guid":{"rendered":"https:\/\/conexion23.com\/?p=56887"},"modified":"2026-05-01T11:18:30","modified_gmt":"2026-05-01T15:18:30","slug":"refuerzan-seguridad-en-palacio-de-justicia-previo-a-audiencia-hermanos-espaillat","status":"publish","type":"post","link":"https:\/\/conexion23.com\/?p=56887","title":{"rendered":"Refuerzan seguridad en Palacio de Justicia previo a audiencia hermanos Espaillat"},"content":{"rendered":"<p style=\"text-align: justify;\"><strong>Las autoridades reforzaron las medidas de seguridad en el Palacio de Justicia de Ciudad Nueva, Distrito Nacional, previo a la audiencia preliminar que se conoce en el Primer Juzgado de la Instrucci\u00f3n contra los hermanos Espaillat, imputados por homicidio involuntario en el caso Jet Set.<\/strong><\/p>\n<p style=\"text-align: justify;\">Un amplio amplio contingente policial ha sido desplegado, tanto en el interior como en los alrededores del recinto.<\/p>\n<p style=\"text-align: justify;\">El operativo busca garantizar el orden, prevenir incidentes y asegurar el normal desarrollo del proceso judicial, ante la expectativa y la atenci\u00f3n p\u00fablica que ha generado este caso.<\/p>\n<p style=\"text-align: justify;\">Asimismo, se establecieron controles de acceso m\u00e1s estrictos y vigilancia permanente para resguardar a las partes involucradas y al personal judicial.<\/p>\n<p style=\"text-align: justify;\">El juez Reymundo Mej\u00eda prosigue el d\u00eda de hoy con el desarrollo de la etapa preliminar.<\/p>\n<p style=\"text-align: justify;\">Los Espaillat son procesados por el colapso del techo de la discoteca Jet Set, hecho que dej\u00f3 236 personas fallecidas y m\u00e1s de 100 heridas, el 8 de abril del a\u00f1o 2025.<\/p>\n<p style=\"text-align: justify;\">El expediente indica que los acusados agravaron su responsabilidad al sobrecargar la estructura del techo del local con equipos de climatizaci\u00f3n de gran volumen y tinacos de agua, sin realizar estudios t\u00e9cnicos que garantizaran la resistencia de la estructura. Adem\u00e1s, ignoraron advertencias internas sobre el deterioro del techo, priorizando el ahorro de recursos a pesar de los riesgos evidentes.<\/p>\n","protected":false},"excerpt":{"rendered":"<p>Las autoridades reforzaron las medidas de seguridad en el Palacio de Justicia de Ciudad Nueva, Distrito Nacional, previo a la audiencia preliminar que se conoce en el Primer Juzgado de la Instrucci\u00f3n contra los hermanos Espaillat, imputados por homicidio involuntario en el caso Jet Set. Un amplio amplio contingente policial ha sido desplegado, tanto en [&hellip;]<\/p>\n","protected":false},"author":18,"featured_media":56888,"comment_status":"open","ping_status":"open","sticky":false,"template":"","format":"standard","meta":{"footnotes":""},"categories":[3913],"tags":[538,7556,8699,2258],"class_list":{"0":"post-56887","1":"post","2":"type-post","3":"status-publish","4":"format-standard","5":"has-post-thumbnail","7":"category-nacionales","8":"tag-espaillat","9":"tag-jet-set","10":"tag-justicia-de-ciudad-nueva","11":"tag-palacio"},"yoast_head":"<!-- This site is optimized with the Yoast SEO plugin v27.1.1 - https:\/\/yoast.com\/product\/yoast-seo-wordpress\/ -->\n<title>Refuerzan seguridad en Palacio de Justicia previo a audiencia hermanos Espaillat - Conexi\u00f3n 23<\/title>\n<meta name=\"robots\" content=\"index, follow, max-snippet:-1, max-image-preview:large, max-video-preview:-1\" \/>\n<link rel=\"canonical\" href=\"https:\/\/conexion23.com\/?p=56887\" \/>\n<meta property=\"og:locale\" content=\"es_ES\" \/>\n<meta property=\"og:type\" content=\"article\" \/>\n<meta property=\"og:title\" content=\"Refuerzan seguridad en Palacio de Justicia previo a audiencia hermanos Espaillat - Conexi\u00f3n 23\" \/>\n<meta property=\"og:description\" content=\"Las autoridades reforzaron las medidas de seguridad en el Palacio de Justicia de Ciudad Nueva, Distrito Nacional, previo a la audiencia preliminar que se conoce en el Primer Juzgado de la Instrucci\u00f3n contra los hermanos Espaillat, imputados por homicidio involuntario en el caso Jet Set. Un amplio amplio contingente policial ha sido desplegado, tanto en [&hellip;]\" \/>\n<meta property=\"og:url\" content=\"https:\/\/conexion23.com\/?p=56887\" \/>\n<meta property=\"og:site_name\" content=\"Conexi\u00f3n 23\" \/>\n<meta property=\"article:publisher\" content=\"https:\/\/www.facebook.com\/conexion23com\" \/>\n<meta property=\"article:published_time\" content=\"2026-05-01T15:18:30+00:00\" \/>\n<meta property=\"og:image\" content=\"http:\/\/conexion23.com\/wp-content\/uploads\/2026\/05\/Palacio-espallat.webp\" \/>\n\t<meta property=\"og:image:width\" content=\"1600\" \/>\n\t<meta property=\"og:image:height\" content=\"1200\" \/>\n\t<meta property=\"og:image:type\" content=\"image\/webp\" \/>\n<meta name=\"author\" content=\"Redacci\u00f3n\" \/>\n<meta name=\"twitter:card\" content=\"summary_large_image\" \/>\n<meta name=\"twitter:label1\" content=\"Escrito por\" \/>\n\t<meta name=\"twitter:data1\" content=\"Redacci\u00f3n\" \/>\n\t<meta name=\"twitter:label2\" content=\"Tiempo de lectura\" \/>\n\t<meta name=\"twitter:data2\" content=\"2 minutos\" \/>\n<script type=\"application\/ld+json\" class=\"yoast-schema-graph\">{\"@context\":\"https:\/\/schema.org\",\"@graph\":[{\"@type\":\"Article\",\"@id\":\"https:\/\/conexion23.com\/?p=56887#article\",\"isPartOf\":{\"@id\":\"https:\/\/conexion23.com\/?p=56887\"},\"author\":{\"name\":\"Redacci\u00f3n\",\"@id\":\"https:\/\/conexion23.com\/#\/schema\/person\/0a860802b17d01ad2a278f53c507c296\"},\"headline\":\"Refuerzan seguridad en Palacio de Justicia previo a audiencia hermanos Espaillat\",\"datePublished\":\"2026-05-01T15:18:30+00:00\",\"mainEntityOfPage\":{\"@id\":\"https:\/\/conexion23.com\/?p=56887\"},\"wordCount\":237,\"commentCount\":0,\"publisher\":{\"@id\":\"https:\/\/conexion23.com\/#organization\"},\"image\":{\"@id\":\"https:\/\/conexion23.com\/?p=56887#primaryimage\"},\"thumbnailUrl\":\"https:\/\/conexion23.com\/wp-content\/uploads\/2026\/05\/Palacio-espallat.webp\",\"keywords\":[\"espaillat\",\"Jet Set\",\"Justicia de Ciudad Nueva\",\"palacio\"],\"articleSection\":[\"Nacionales\"],\"inLanguage\":\"es\",\"potentialAction\":[{\"@type\":\"CommentAction\",\"name\":\"Comment\",\"target\":[\"https:\/\/conexion23.com\/?p=56887#respond\"]}]},{\"@type\":\"WebPage\",\"@id\":\"https:\/\/conexion23.com\/?p=56887\",\"url\":\"https:\/\/conexion23.com\/?p=56887\",\"name\":\"Refuerzan seguridad en Palacio de Justicia previo a audiencia hermanos Espaillat - Conexi\u00f3n 23\",\"isPartOf\":{\"@id\":\"https:\/\/conexion23.com\/#website\"},\"primaryImageOfPage\":{\"@id\":\"https:\/\/conexion23.com\/?p=56887#primaryimage\"},\"image\":{\"@id\":\"https:\/\/conexion23.com\/?p=56887#primaryimage\"},\"thumbnailUrl\":\"https:\/\/conexion23.com\/wp-content\/uploads\/2026\/05\/Palacio-espallat.webp\",\"datePublished\":\"2026-05-01T15:18:30+00:00\",\"breadcrumb\":{\"@id\":\"https:\/\/conexion23.com\/?p=56887#breadcrumb\"},\"inLanguage\":\"es\",\"potentialAction\":[{\"@type\":\"ReadAction\",\"target\":[\"https:\/\/conexion23.com\/?p=56887\"]}]},{\"@type\":\"ImageObject\",\"inLanguage\":\"es\",\"@id\":\"https:\/\/conexion23.com\/?p=56887#primaryimage\",\"url\":\"https:\/\/conexion23.com\/wp-content\/uploads\/2026\/05\/Palacio-espallat.webp\",\"contentUrl\":\"https:\/\/conexion23.com\/wp-content\/uploads\/2026\/05\/Palacio-espallat.webp\",\"width\":1600,\"height\":1200},{\"@type\":\"BreadcrumbList\",\"@id\":\"https:\/\/conexion23.com\/?p=56887#breadcrumb\",\"itemListElement\":[{\"@type\":\"ListItem\",\"position\":1,\"name\":\"Portada\",\"item\":\"https:\/\/conexion23.com\/\"},{\"@type\":\"ListItem\",\"position\":2,\"name\":\"Refuerzan seguridad en Palacio de Justicia previo a audiencia hermanos Espaillat\"}]},{\"@type\":\"WebSite\",\"@id\":\"https:\/\/conexion23.com\/#website\",\"url\":\"https:\/\/conexion23.com\/\",\"name\":\"Conexi\u00f3n 23\",\"description\":\"Peri\u00f3dico 100% Petromacorisano\",\"publisher\":{\"@id\":\"https:\/\/conexion23.com\/#organization\"},\"potentialAction\":[{\"@type\":\"SearchAction\",\"target\":{\"@type\":\"EntryPoint\",\"urlTemplate\":\"https:\/\/conexion23.com\/?s={search_term_string}\"},\"query-input\":{\"@type\":\"PropertyValueSpecification\",\"valueRequired\":true,\"valueName\":\"search_term_string\"}}],\"inLanguage\":\"es\"},{\"@type\":\"Organization\",\"@id\":\"https:\/\/conexion23.com\/#organization\",\"name\":\"Conexion 23\",\"url\":\"https:\/\/conexion23.com\/\",\"logo\":{\"@type\":\"ImageObject\",\"inLanguage\":\"es\",\"@id\":\"https:\/\/conexion23.com\/#\/schema\/logo\/image\/\",\"url\":\"https:\/\/conexion23.com\/wp-content\/uploads\/2021\/11\/Diseno-sin-titulo-2.png\",\"contentUrl\":\"https:\/\/conexion23.com\/wp-content\/uploads\/2021\/11\/Diseno-sin-titulo-2.png\",\"width\":541,\"height\":90,\"caption\":\"Conexion 23\"},\"image\":{\"@id\":\"https:\/\/conexion23.com\/#\/schema\/logo\/image\/\"},\"sameAs\":[\"https:\/\/www.facebook.com\/conexion23com\",\"https:\/\/www.instagram.com\/conexion23com\/\",\"https:\/\/www.youtube.com\/channel\/UCYc7vxxFZMYLIHNsHHxPZ3Q\"]},{\"@type\":\"Person\",\"@id\":\"https:\/\/conexion23.com\/#\/schema\/person\/0a860802b17d01ad2a278f53c507c296\",\"name\":\"Redacci\u00f3n\",\"image\":{\"@type\":\"ImageObject\",\"inLanguage\":\"es\",\"@id\":\"https:\/\/conexion23.com\/#\/schema\/person\/image\/\",\"url\":\"https:\/\/secure.gravatar.com\/avatar\/ec9d84b79c776aa1994e5893944465db9974b17b884155623da51b7b62c02845?s=96&d=mm&r=g\",\"contentUrl\":\"https:\/\/secure.gravatar.com\/avatar\/ec9d84b79c776aa1994e5893944465db9974b17b884155623da51b7b62c02845?s=96&d=mm&r=g\",\"caption\":\"Redacci\u00f3n\"},\"url\":\"https:\/\/conexion23.com\/?author=18\"}]}<\/script>\n<!-- \/ Yoast SEO plugin. -->","yoast_head_json":{"title":"Refuerzan seguridad en Palacio de Justicia previo a audiencia hermanos Espaillat - Conexi\u00f3n 23","robots":{"index":"index","follow":"follow","max-snippet":"max-snippet:-1","max-image-preview":"max-image-preview:large","max-video-preview":"max-video-preview:-1"},"canonical":"https:\/\/conexion23.com\/?p=56887","og_locale":"es_ES","og_type":"article","og_title":"Refuerzan seguridad en Palacio de Justicia previo a audiencia hermanos Espaillat - Conexi\u00f3n 23","og_description":"Las autoridades reforzaron las medidas de seguridad en el Palacio de Justicia de Ciudad Nueva, Distrito Nacional, previo a la audiencia preliminar que se conoce en el Primer Juzgado de la Instrucci\u00f3n contra los hermanos Espaillat, imputados por homicidio involuntario en el caso Jet Set. Un amplio amplio contingente policial ha sido desplegado, tanto en [&hellip;]","og_url":"https:\/\/conexion23.com\/?p=56887","og_site_name":"Conexi\u00f3n 23","article_publisher":"https:\/\/www.facebook.com\/conexion23com","article_published_time":"2026-05-01T15:18:30+00:00","og_image":[{"width":1600,"height":1200,"url":"http:\/\/conexion23.com\/wp-content\/uploads\/2026\/05\/Palacio-espallat.webp","type":"image\/webp"}],"author":"Redacci\u00f3n","twitter_card":"summary_large_image","twitter_misc":{"Escrito por":"Redacci\u00f3n","Tiempo de lectura":"2 minutos"},"schema":{"@context":"https:\/\/schema.org","@graph":[{"@type":"Article","@id":"https:\/\/conexion23.com\/?p=56887#article","isPartOf":{"@id":"https:\/\/conexion23.com\/?p=56887"},"author":{"name":"Redacci\u00f3n","@id":"https:\/\/conexion23.com\/#\/schema\/person\/0a860802b17d01ad2a278f53c507c296"},"headline":"Refuerzan seguridad en Palacio de Justicia previo a audiencia hermanos Espaillat","datePublished":"2026-05-01T15:18:30+00:00","mainEntityOfPage":{"@id":"https:\/\/conexion23.com\/?p=56887"},"wordCount":237,"commentCount":0,"publisher":{"@id":"https:\/\/conexion23.com\/#organization"},"image":{"@id":"https:\/\/conexion23.com\/?p=56887#primaryimage"},"thumbnailUrl":"https:\/\/conexion23.com\/wp-content\/uploads\/2026\/05\/Palacio-espallat.webp","keywords":["espaillat","Jet Set","Justicia de Ciudad Nueva","palacio"],"articleSection":["Nacionales"],"inLanguage":"es","potentialAction":[{"@type":"CommentAction","name":"Comment","target":["https:\/\/conexion23.com\/?p=56887#respond"]}]},{"@type":"WebPage","@id":"https:\/\/conexion23.com\/?p=56887","url":"https:\/\/conexion23.com\/?p=56887","name":"Refuerzan seguridad en Palacio de Justicia previo a audiencia hermanos Espaillat - Conexi\u00f3n 23","isPartOf":{"@id":"https:\/\/conexion23.com\/#website"},"primaryImageOfPage":{"@id":"https:\/\/conexion23.com\/?p=56887#primaryimage"},"image":{"@id":"https:\/\/conexion23.com\/?p=56887#primaryimage"},"thumbnailUrl":"https:\/\/conexion23.com\/wp-content\/uploads\/2026\/05\/Palacio-espallat.webp","datePublished":"2026-05-01T15:18:30+00:00","breadcrumb":{"@id":"https:\/\/conexion23.com\/?p=56887#breadcrumb"},"inLanguage":"es","potentialAction":[{"@type":"ReadAction","target":["https:\/\/conexion23.com\/?p=56887"]}]},{"@type":"ImageObject","inLanguage":"es","@id":"https:\/\/conexion23.com\/?p=56887#primaryimage","url":"https:\/\/conexion23.com\/wp-content\/uploads\/2026\/05\/Palacio-espallat.webp","contentUrl":"https:\/\/conexion23.com\/wp-content\/uploads\/2026\/05\/Palacio-espallat.webp","width":1600,"height":1200},{"@type":"BreadcrumbList","@id":"https:\/\/conexion23.com\/?p=56887#breadcrumb","itemListElement":[{"@type":"ListItem","position":1,"name":"Portada","item":"https:\/\/conexion23.com\/"},{"@type":"ListItem","position":2,"name":"Refuerzan seguridad en Palacio de Justicia previo a audiencia hermanos Espaillat"}]},{"@type":"WebSite","@id":"https:\/\/conexion23.com\/#website","url":"https:\/\/conexion23.com\/","name":"Conexi\u00f3n 23","description":"Peri\u00f3dico 100% Petromacorisano","publisher":{"@id":"https:\/\/conexion23.com\/#organization"},"potentialAction":[{"@type":"SearchAction","target":{"@type":"EntryPoint","urlTemplate":"https:\/\/conexion23.com\/?s={search_term_string}"},"query-input":{"@type":"PropertyValueSpecification","valueRequired":true,"valueName":"search_term_string"}}],"inLanguage":"es"},{"@type":"Organization","@id":"https:\/\/conexion23.com\/#organization","name":"Conexion 23","url":"https:\/\/conexion23.com\/","logo":{"@type":"ImageObject","inLanguage":"es","@id":"https:\/\/conexion23.com\/#\/schema\/logo\/image\/","url":"https:\/\/conexion23.com\/wp-content\/uploads\/2021\/11\/Diseno-sin-titulo-2.png","contentUrl":"https:\/\/conexion23.com\/wp-content\/uploads\/2021\/11\/Diseno-sin-titulo-2.png","width":541,"height":90,"caption":"Conexion 23"},"image":{"@id":"https:\/\/conexion23.com\/#\/schema\/logo\/image\/"},"sameAs":["https:\/\/www.facebook.com\/conexion23com","https:\/\/www.instagram.com\/conexion23com\/","https:\/\/www.youtube.com\/channel\/UCYc7vxxFZMYLIHNsHHxPZ3Q"]},{"@type":"Person","@id":"https:\/\/conexion23.com\/#\/schema\/person\/0a860802b17d01ad2a278f53c507c296","name":"Redacci\u00f3n","image":{"@type":"ImageObject","inLanguage":"es","@id":"https:\/\/conexion23.com\/#\/schema\/person\/image\/","url":"https:\/\/secure.gravatar.com\/avatar\/ec9d84b79c776aa1994e5893944465db9974b17b884155623da51b7b62c02845?s=96&d=mm&r=g","contentUrl":"https:\/\/secure.gravatar.com\/avatar\/ec9d84b79c776aa1994e5893944465db9974b17b884155623da51b7b62c02845?s=96&d=mm&r=g","caption":"Redacci\u00f3n"},"url":"https:\/\/conexion23.com\/?author=18"}]}},"_links":{"self":[{"href":"https:\/\/conexion23.com\/index.php?rest_route=\/wp\/v2\/posts\/56887","targetHints":{"allow":["GET"]}}],"collection":[{"href":"https:\/\/conexion23.com\/index.php?rest_route=\/wp\/v2\/posts"}],"about":[{"href":"https:\/\/conexion23.com\/index.php?rest_route=\/wp\/v2\/types\/post"}],"author":[{"embeddable":true,"href":"https:\/\/conexion23.com\/index.php?rest_route=\/wp\/v2\/users\/18"}],"replies":[{"embeddable":true,"href":"https:\/\/conexion23.com\/index.php?rest_route=%2Fwp%2Fv2%2Fcomments&post=56887"}],"version-history":[{"count":1,"href":"https:\/\/conexion23.com\/index.php?rest_route=\/wp\/v2\/posts\/56887\/revisions"}],"predecessor-version":[{"id":56889,"href":"https:\/\/conexion23.com\/index.php?rest_route=\/wp\/v2\/posts\/56887\/revisions\/56889"}],"wp:featuredmedia":[{"embeddable":true,"href":"https:\/\/conexion23.com\/index.php?rest_route=\/wp\/v2\/media\/56888"}],"wp:attachment":[{"href":"https:\/\/conexion23.com\/index.php?rest_route=%2Fwp%2Fv2%2Fmedia&parent=56887"}],"wp:term":[{"taxonomy":"category","embeddable":true,"href":"https:\/\/conexion23.com\/index.php?rest_route=%2Fwp%2Fv2%2Fcategories&post=56887"},{"taxonomy":"post_tag","embeddable":true,"href":"https:\/\/conexion23.com\/index.php?rest_route=%2Fwp%2Fv2%2Ftags&post=56887"}],"curies":[{"name":"wp","href":"https:\/\/api.w.org\/{rel}","templated":true}]}}