{"id":56897,"date":"2026-05-01T17:35:10","date_gmt":"2026-05-01T21:35:10","guid":{"rendered":"https:\/\/conexion23.com\/?p=56897"},"modified":"2026-05-01T17:35:10","modified_gmt":"2026-05-01T21:35:10","slug":"incendio-en-empresa-de-accesorios-de-banos-en-santo-domingo-este-sigue-activo-tras-casi-24-horas","status":"publish","type":"post","link":"https:\/\/conexion23.com\/?p=56897","title":{"rendered":"Incendio en empresa de accesorios de ba\u00f1os en Santo Domingo Este sigue activo tras casi 24 horas"},"content":{"rendered":"<p style=\"text-align: justify;\">Pese a casi 24 horas de labores ininterrumpidas, los bomberos a\u00fan no han logrado extinguir por completo el\u00a0incendio\u00a0que se origin\u00f3 la tarde del jueves en la empresa de accesorios de ba\u00f1os\u00a0Badeco Dominicana, ubicada en el sector Alma Rosa II, municipio\u00a0Santo Domingo Este.<\/p>\n<p style=\"text-align: justify;\">En el establecimiento, situado en la calle Presidente V\u00e1squez esquina calle Altagracia Sep\u00falveda, se\u00a0almacenan inodoros,\u00a0espejos, lavamanos y materiales para la adecuaci\u00f3n de ba\u00f1os, ba\u00f1eras y sanitarios.<\/p>\n<p style=\"text-align: justify;\">El\u00a0Cuerpo de Bomberos\u00a0despleg\u00f3 varias\u00a0unidades\u00a0en distintos puntos de la zona para las labores de control del siniestro.<\/p>\n<p style=\"text-align: justify;\">Para facilitar los trabajos, fue necesario\u00a0abrir orificios\u00a0en algunas de las\u00a0paredes\u00a0localizadas en la parte delantera y trasera del local, con el fin de controlar el fuego.<\/p>\n<p style=\"text-align: justify;\">El\u00a0general Roberto Santos M\u00e9ndez, del\u00a0Cuerpo de Bomberos, explic\u00f3 que la zona del siniestro ya se encuentra controlada, pero que todav\u00eda no ha sido sofocado en su totalidad.<\/p>\n<p style=\"text-align: justify;\">\u00abEn la parte frontal entramos en la fase de\u00a0remoci\u00f3n\u00a0de\u00a0escombros;\u00a0en la parte trasera a\u00fan nos falta un poco m\u00e1s para tener la\u00a0estructura fr\u00eda\u00a0y poder acceder\u201d, declar\u00f3.<\/p>\n<figure class=\"inline-block\" style=\"text-align: justify;\">\n<div class=\"expand-img-placeholder\"><img loading=\"lazy\" decoding=\"async\" src=\"https:\/\/resources.diariolibre.com\/images\/expand.svg\" alt=\"Expandir imagen\" width=\"20\" height=\"20\" \/><\/div>\n<picture><img decoding=\"async\" class=\"mx-auto\" src=\"https:\/\/resources.diariolibre.com\/images\/2026\/05\/01\/whatsapp-image-2026-05-01-at-124434-pm-ea24bc90.jpeg\" alt=\"Infograf\u00eda\" width=\"auto\" height=\"350\" \/><\/picture><figcaption>Bomberos trabajan en las labores de control del incendio mientras permanecen pr\u00f3ximos los tanques de gas desplazados de la zona como medida preventiva en Alma Rosa II, Santo Domingo Este. \u00a0DARE COLLADO<\/figcaption><\/figure>\n<p style=\"text-align: justify;\">De igual modo, fueron\u00a0desplazados\u00a0tanques\u00a0de\u00a0gas\u00a0que se encontraban cerca del lugar, pero el coronel indic\u00f3 que estos no representaban ning\u00fan peligro.<\/p>\n<p style=\"text-align: justify;\">\u00abAparte de que est\u00e1n\u00a0vac\u00edos,\u00a0no se le ha dado\u00a0ning\u00fan\u00a0uso\u00bb, agreg\u00f3 M\u00e9ndez.<\/p>\n","protected":false},"excerpt":{"rendered":"<p>Pese a casi 24 horas de labores ininterrumpidas, los bomberos a\u00fan no han logrado extinguir por completo el\u00a0incendio\u00a0que se origin\u00f3 la tarde del jueves en la empresa de accesorios de ba\u00f1os\u00a0Badeco Dominicana, ubicada en el sector Alma Rosa II, municipio\u00a0Santo Domingo Este. En el establecimiento, situado en la calle Presidente V\u00e1squez esquina calle Altagracia Sep\u00falveda, [&hellip;]<\/p>\n","protected":false},"author":15,"featured_media":56898,"comment_status":"open","ping_status":"open","sticky":false,"template":"","format":"standard","meta":{"footnotes":""},"categories":[3913],"tags":[8706,1926,412,1496,8705],"class_list":{"0":"post-56897","1":"post","2":"type-post","3":"status-publish","4":"format-standard","5":"has-post-thumbnail","7":"category-nacionales","8":"tag-accesorios-de-banos","9":"tag-empresa","10":"tag-incendio","11":"tag-santo-domingo-este","12":"tag-sigue-activo"},"yoast_head":"<!-- This site is optimized with the Yoast SEO plugin v27.1.1 - https:\/\/yoast.com\/product\/yoast-seo-wordpress\/ -->\n<title>Incendio en empresa de accesorios de ba\u00f1os en Santo Domingo Este sigue activo tras casi 24 horas - Conexi\u00f3n 23<\/title>\n<meta name=\"robots\" content=\"index, follow, max-snippet:-1, max-image-preview:large, max-video-preview:-1\" \/>\n<link rel=\"canonical\" href=\"https:\/\/conexion23.com\/?p=56897\" \/>\n<meta property=\"og:locale\" content=\"es_ES\" \/>\n<meta property=\"og:type\" content=\"article\" \/>\n<meta property=\"og:title\" content=\"Incendio en empresa de accesorios de ba\u00f1os en Santo Domingo Este sigue activo tras casi 24 horas - Conexi\u00f3n 23\" \/>\n<meta property=\"og:description\" content=\"Pese a casi 24 horas de labores ininterrumpidas, los bomberos a\u00fan no han logrado extinguir por completo el\u00a0incendio\u00a0que se origin\u00f3 la tarde del jueves en la empresa de accesorios de ba\u00f1os\u00a0Badeco Dominicana, ubicada en el sector Alma Rosa II, municipio\u00a0Santo Domingo Este. En el establecimiento, situado en la calle Presidente V\u00e1squez esquina calle Altagracia Sep\u00falveda, [&hellip;]\" \/>\n<meta property=\"og:url\" content=\"https:\/\/conexion23.com\/?p=56897\" \/>\n<meta property=\"og:site_name\" content=\"Conexi\u00f3n 23\" \/>\n<meta property=\"article:publisher\" content=\"https:\/\/www.facebook.com\/conexion23com\" \/>\n<meta property=\"article:published_time\" content=\"2026-05-01T21:35:10+00:00\" \/>\n<meta property=\"og:image\" content=\"http:\/\/conexion23.com\/wp-content\/uploads\/2026\/05\/aun-no-ha-sido-sofocado-incendio-en-empresa-de-bano-en-sde-18d8f53a-focus-min0.4-min0.16-896-504.jpg\" \/>\n\t<meta property=\"og:image:width\" content=\"895\" \/>\n\t<meta property=\"og:image:height\" content=\"504\" \/>\n\t<meta property=\"og:image:type\" content=\"image\/jpeg\" \/>\n<meta name=\"author\" content=\"Raffy Ben\u00edtez\" \/>\n<meta name=\"twitter:card\" content=\"summary_large_image\" \/>\n<meta name=\"twitter:label1\" content=\"Escrito por\" \/>\n\t<meta name=\"twitter:data1\" content=\"Raffy Ben\u00edtez\" \/>\n\t<meta name=\"twitter:label2\" content=\"Tiempo de lectura\" \/>\n\t<meta name=\"twitter:data2\" content=\"2 minutos\" \/>\n<script type=\"application\/ld+json\" class=\"yoast-schema-graph\">{\"@context\":\"https:\/\/schema.org\",\"@graph\":[{\"@type\":\"Article\",\"@id\":\"https:\/\/conexion23.com\/?p=56897#article\",\"isPartOf\":{\"@id\":\"https:\/\/conexion23.com\/?p=56897\"},\"author\":{\"name\":\"Raffy Ben\u00edtez\",\"@id\":\"https:\/\/conexion23.com\/#\/schema\/person\/03e36043331117e97a373299bbcd30a6\"},\"headline\":\"Incendio en empresa de accesorios de ba\u00f1os en Santo Domingo Este sigue activo tras casi 24 horas\",\"datePublished\":\"2026-05-01T21:35:10+00:00\",\"mainEntityOfPage\":{\"@id\":\"https:\/\/conexion23.com\/?p=56897\"},\"wordCount\":288,\"commentCount\":0,\"publisher\":{\"@id\":\"https:\/\/conexion23.com\/#organization\"},\"image\":{\"@id\":\"https:\/\/conexion23.com\/?p=56897#primaryimage\"},\"thumbnailUrl\":\"https:\/\/conexion23.com\/wp-content\/uploads\/2026\/05\/aun-no-ha-sido-sofocado-incendio-en-empresa-de-bano-en-sde-18d8f53a-focus-min0.4-min0.16-896-504.jpg\",\"keywords\":[\"accesorios de ba\u00f1os\",\"empresa\",\"Incendio\",\"santo domingo este\",\"sigue activo\"],\"articleSection\":[\"Nacionales\"],\"inLanguage\":\"es\",\"potentialAction\":[{\"@type\":\"CommentAction\",\"name\":\"Comment\",\"target\":[\"https:\/\/conexion23.com\/?p=56897#respond\"]}]},{\"@type\":\"WebPage\",\"@id\":\"https:\/\/conexion23.com\/?p=56897\",\"url\":\"https:\/\/conexion23.com\/?p=56897\",\"name\":\"Incendio en empresa de accesorios de ba\u00f1os en Santo Domingo Este sigue activo tras casi 24 horas - Conexi\u00f3n 23\",\"isPartOf\":{\"@id\":\"https:\/\/conexion23.com\/#website\"},\"primaryImageOfPage\":{\"@id\":\"https:\/\/conexion23.com\/?p=56897#primaryimage\"},\"image\":{\"@id\":\"https:\/\/conexion23.com\/?p=56897#primaryimage\"},\"thumbnailUrl\":\"https:\/\/conexion23.com\/wp-content\/uploads\/2026\/05\/aun-no-ha-sido-sofocado-incendio-en-empresa-de-bano-en-sde-18d8f53a-focus-min0.4-min0.16-896-504.jpg\",\"datePublished\":\"2026-05-01T21:35:10+00:00\",\"breadcrumb\":{\"@id\":\"https:\/\/conexion23.com\/?p=56897#breadcrumb\"},\"inLanguage\":\"es\",\"potentialAction\":[{\"@type\":\"ReadAction\",\"target\":[\"https:\/\/conexion23.com\/?p=56897\"]}]},{\"@type\":\"ImageObject\",\"inLanguage\":\"es\",\"@id\":\"https:\/\/conexion23.com\/?p=56897#primaryimage\",\"url\":\"https:\/\/conexion23.com\/wp-content\/uploads\/2026\/05\/aun-no-ha-sido-sofocado-incendio-en-empresa-de-bano-en-sde-18d8f53a-focus-min0.4-min0.16-896-504.jpg\",\"contentUrl\":\"https:\/\/conexion23.com\/wp-content\/uploads\/2026\/05\/aun-no-ha-sido-sofocado-incendio-en-empresa-de-bano-en-sde-18d8f53a-focus-min0.4-min0.16-896-504.jpg\",\"width\":895,\"height\":504},{\"@type\":\"BreadcrumbList\",\"@id\":\"https:\/\/conexion23.com\/?p=56897#breadcrumb\",\"itemListElement\":[{\"@type\":\"ListItem\",\"position\":1,\"name\":\"Portada\",\"item\":\"https:\/\/conexion23.com\/\"},{\"@type\":\"ListItem\",\"position\":2,\"name\":\"Incendio en empresa de accesorios de ba\u00f1os en Santo Domingo Este sigue activo tras casi 24 horas\"}]},{\"@type\":\"WebSite\",\"@id\":\"https:\/\/conexion23.com\/#website\",\"url\":\"https:\/\/conexion23.com\/\",\"name\":\"Conexi\u00f3n 23\",\"description\":\"Peri\u00f3dico 100% Petromacorisano\",\"publisher\":{\"@id\":\"https:\/\/conexion23.com\/#organization\"},\"potentialAction\":[{\"@type\":\"SearchAction\",\"target\":{\"@type\":\"EntryPoint\",\"urlTemplate\":\"https:\/\/conexion23.com\/?s={search_term_string}\"},\"query-input\":{\"@type\":\"PropertyValueSpecification\",\"valueRequired\":true,\"valueName\":\"search_term_string\"}}],\"inLanguage\":\"es\"},{\"@type\":\"Organization\",\"@id\":\"https:\/\/conexion23.com\/#organization\",\"name\":\"Conexion 23\",\"url\":\"https:\/\/conexion23.com\/\",\"logo\":{\"@type\":\"ImageObject\",\"inLanguage\":\"es\",\"@id\":\"https:\/\/conexion23.com\/#\/schema\/logo\/image\/\",\"url\":\"https:\/\/conexion23.com\/wp-content\/uploads\/2021\/11\/Diseno-sin-titulo-2.png\",\"contentUrl\":\"https:\/\/conexion23.com\/wp-content\/uploads\/2021\/11\/Diseno-sin-titulo-2.png\",\"width\":541,\"height\":90,\"caption\":\"Conexion 23\"},\"image\":{\"@id\":\"https:\/\/conexion23.com\/#\/schema\/logo\/image\/\"},\"sameAs\":[\"https:\/\/www.facebook.com\/conexion23com\",\"https:\/\/www.instagram.com\/conexion23com\/\",\"https:\/\/www.youtube.com\/channel\/UCYc7vxxFZMYLIHNsHHxPZ3Q\"]},{\"@type\":\"Person\",\"@id\":\"https:\/\/conexion23.com\/#\/schema\/person\/03e36043331117e97a373299bbcd30a6\",\"name\":\"Raffy Ben\u00edtez\",\"image\":{\"@type\":\"ImageObject\",\"inLanguage\":\"es\",\"@id\":\"https:\/\/conexion23.com\/#\/schema\/person\/image\/\",\"url\":\"https:\/\/secure.gravatar.com\/avatar\/3190a6a6c5e1b0327500f7d6c56b6242472ee6cb974cf09b401ee6b3b0798f23?s=96&d=mm&r=g\",\"contentUrl\":\"https:\/\/secure.gravatar.com\/avatar\/3190a6a6c5e1b0327500f7d6c56b6242472ee6cb974cf09b401ee6b3b0798f23?s=96&d=mm&r=g\",\"caption\":\"Raffy Ben\u00edtez\"},\"url\":\"https:\/\/conexion23.com\/?author=15\"}]}<\/script>\n<!-- \/ Yoast SEO plugin. -->","yoast_head_json":{"title":"Incendio en empresa de accesorios de ba\u00f1os en Santo Domingo Este sigue activo tras casi 24 horas - Conexi\u00f3n 23","robots":{"index":"index","follow":"follow","max-snippet":"max-snippet:-1","max-image-preview":"max-image-preview:large","max-video-preview":"max-video-preview:-1"},"canonical":"https:\/\/conexion23.com\/?p=56897","og_locale":"es_ES","og_type":"article","og_title":"Incendio en empresa de accesorios de ba\u00f1os en Santo Domingo Este sigue activo tras casi 24 horas - Conexi\u00f3n 23","og_description":"Pese a casi 24 horas de labores ininterrumpidas, los bomberos a\u00fan no han logrado extinguir por completo el\u00a0incendio\u00a0que se origin\u00f3 la tarde del jueves en la empresa de accesorios de ba\u00f1os\u00a0Badeco Dominicana, ubicada en el sector Alma Rosa II, municipio\u00a0Santo Domingo Este. En el establecimiento, situado en la calle Presidente V\u00e1squez esquina calle Altagracia Sep\u00falveda, [&hellip;]","og_url":"https:\/\/conexion23.com\/?p=56897","og_site_name":"Conexi\u00f3n 23","article_publisher":"https:\/\/www.facebook.com\/conexion23com","article_published_time":"2026-05-01T21:35:10+00:00","og_image":[{"width":895,"height":504,"url":"http:\/\/conexion23.com\/wp-content\/uploads\/2026\/05\/aun-no-ha-sido-sofocado-incendio-en-empresa-de-bano-en-sde-18d8f53a-focus-min0.4-min0.16-896-504.jpg","type":"image\/jpeg"}],"author":"Raffy Ben\u00edtez","twitter_card":"summary_large_image","twitter_misc":{"Escrito por":"Raffy Ben\u00edtez","Tiempo de lectura":"2 minutos"},"schema":{"@context":"https:\/\/schema.org","@graph":[{"@type":"Article","@id":"https:\/\/conexion23.com\/?p=56897#article","isPartOf":{"@id":"https:\/\/conexion23.com\/?p=56897"},"author":{"name":"Raffy Ben\u00edtez","@id":"https:\/\/conexion23.com\/#\/schema\/person\/03e36043331117e97a373299bbcd30a6"},"headline":"Incendio en empresa de accesorios de ba\u00f1os en Santo Domingo Este sigue activo tras casi 24 horas","datePublished":"2026-05-01T21:35:10+00:00","mainEntityOfPage":{"@id":"https:\/\/conexion23.com\/?p=56897"},"wordCount":288,"commentCount":0,"publisher":{"@id":"https:\/\/conexion23.com\/#organization"},"image":{"@id":"https:\/\/conexion23.com\/?p=56897#primaryimage"},"thumbnailUrl":"https:\/\/conexion23.com\/wp-content\/uploads\/2026\/05\/aun-no-ha-sido-sofocado-incendio-en-empresa-de-bano-en-sde-18d8f53a-focus-min0.4-min0.16-896-504.jpg","keywords":["accesorios de ba\u00f1os","empresa","Incendio","santo domingo este","sigue activo"],"articleSection":["Nacionales"],"inLanguage":"es","potentialAction":[{"@type":"CommentAction","name":"Comment","target":["https:\/\/conexion23.com\/?p=56897#respond"]}]},{"@type":"WebPage","@id":"https:\/\/conexion23.com\/?p=56897","url":"https:\/\/conexion23.com\/?p=56897","name":"Incendio en empresa de accesorios de ba\u00f1os en Santo Domingo Este sigue activo tras casi 24 horas - Conexi\u00f3n 23","isPartOf":{"@id":"https:\/\/conexion23.com\/#website"},"primaryImageOfPage":{"@id":"https:\/\/conexion23.com\/?p=56897#primaryimage"},"image":{"@id":"https:\/\/conexion23.com\/?p=56897#primaryimage"},"thumbnailUrl":"https:\/\/conexion23.com\/wp-content\/uploads\/2026\/05\/aun-no-ha-sido-sofocado-incendio-en-empresa-de-bano-en-sde-18d8f53a-focus-min0.4-min0.16-896-504.jpg","datePublished":"2026-05-01T21:35:10+00:00","breadcrumb":{"@id":"https:\/\/conexion23.com\/?p=56897#breadcrumb"},"inLanguage":"es","potentialAction":[{"@type":"ReadAction","target":["https:\/\/conexion23.com\/?p=56897"]}]},{"@type":"ImageObject","inLanguage":"es","@id":"https:\/\/conexion23.com\/?p=56897#primaryimage","url":"https:\/\/conexion23.com\/wp-content\/uploads\/2026\/05\/aun-no-ha-sido-sofocado-incendio-en-empresa-de-bano-en-sde-18d8f53a-focus-min0.4-min0.16-896-504.jpg","contentUrl":"https:\/\/conexion23.com\/wp-content\/uploads\/2026\/05\/aun-no-ha-sido-sofocado-incendio-en-empresa-de-bano-en-sde-18d8f53a-focus-min0.4-min0.16-896-504.jpg","width":895,"height":504},{"@type":"BreadcrumbList","@id":"https:\/\/conexion23.com\/?p=56897#breadcrumb","itemListElement":[{"@type":"ListItem","position":1,"name":"Portada","item":"https:\/\/conexion23.com\/"},{"@type":"ListItem","position":2,"name":"Incendio en empresa de accesorios de ba\u00f1os en Santo Domingo Este sigue activo tras casi 24 horas"}]},{"@type":"WebSite","@id":"https:\/\/conexion23.com\/#website","url":"https:\/\/conexion23.com\/","name":"Conexi\u00f3n 23","description":"Peri\u00f3dico 100% Petromacorisano","publisher":{"@id":"https:\/\/conexion23.com\/#organization"},"potentialAction":[{"@type":"SearchAction","target":{"@type":"EntryPoint","urlTemplate":"https:\/\/conexion23.com\/?s={search_term_string}"},"query-input":{"@type":"PropertyValueSpecification","valueRequired":true,"valueName":"search_term_string"}}],"inLanguage":"es"},{"@type":"Organization","@id":"https:\/\/conexion23.com\/#organization","name":"Conexion 23","url":"https:\/\/conexion23.com\/","logo":{"@type":"ImageObject","inLanguage":"es","@id":"https:\/\/conexion23.com\/#\/schema\/logo\/image\/","url":"https:\/\/conexion23.com\/wp-content\/uploads\/2021\/11\/Diseno-sin-titulo-2.png","contentUrl":"https:\/\/conexion23.com\/wp-content\/uploads\/2021\/11\/Diseno-sin-titulo-2.png","width":541,"height":90,"caption":"Conexion 23"},"image":{"@id":"https:\/\/conexion23.com\/#\/schema\/logo\/image\/"},"sameAs":["https:\/\/www.facebook.com\/conexion23com","https:\/\/www.instagram.com\/conexion23com\/","https:\/\/www.youtube.com\/channel\/UCYc7vxxFZMYLIHNsHHxPZ3Q"]},{"@type":"Person","@id":"https:\/\/conexion23.com\/#\/schema\/person\/03e36043331117e97a373299bbcd30a6","name":"Raffy Ben\u00edtez","image":{"@type":"ImageObject","inLanguage":"es","@id":"https:\/\/conexion23.com\/#\/schema\/person\/image\/","url":"https:\/\/secure.gravatar.com\/avatar\/3190a6a6c5e1b0327500f7d6c56b6242472ee6cb974cf09b401ee6b3b0798f23?s=96&d=mm&r=g","contentUrl":"https:\/\/secure.gravatar.com\/avatar\/3190a6a6c5e1b0327500f7d6c56b6242472ee6cb974cf09b401ee6b3b0798f23?s=96&d=mm&r=g","caption":"Raffy Ben\u00edtez"},"url":"https:\/\/conexion23.com\/?author=15"}]}},"_links":{"self":[{"href":"https:\/\/conexion23.com\/index.php?rest_route=\/wp\/v2\/posts\/56897","targetHints":{"allow":["GET"]}}],"collection":[{"href":"https:\/\/conexion23.com\/index.php?rest_route=\/wp\/v2\/posts"}],"about":[{"href":"https:\/\/conexion23.com\/index.php?rest_route=\/wp\/v2\/types\/post"}],"author":[{"embeddable":true,"href":"https:\/\/conexion23.com\/index.php?rest_route=\/wp\/v2\/users\/15"}],"replies":[{"embeddable":true,"href":"https:\/\/conexion23.com\/index.php?rest_route=%2Fwp%2Fv2%2Fcomments&post=56897"}],"version-history":[{"count":1,"href":"https:\/\/conexion23.com\/index.php?rest_route=\/wp\/v2\/posts\/56897\/revisions"}],"predecessor-version":[{"id":56899,"href":"https:\/\/conexion23.com\/index.php?rest_route=\/wp\/v2\/posts\/56897\/revisions\/56899"}],"wp:featuredmedia":[{"embeddable":true,"href":"https:\/\/conexion23.com\/index.php?rest_route=\/wp\/v2\/media\/56898"}],"wp:attachment":[{"href":"https:\/\/conexion23.com\/index.php?rest_route=%2Fwp%2Fv2%2Fmedia&parent=56897"}],"wp:term":[{"taxonomy":"category","embeddable":true,"href":"https:\/\/conexion23.com\/index.php?rest_route=%2Fwp%2Fv2%2Fcategories&post=56897"},{"taxonomy":"post_tag","embeddable":true,"href":"https:\/\/conexion23.com\/index.php?rest_route=%2Fwp%2Fv2%2Ftags&post=56897"}],"curies":[{"name":"wp","href":"https:\/\/api.w.org\/{rel}","templated":true}]}}