{"id":56904,"date":"2026-05-02T07:10:12","date_gmt":"2026-05-02T11:10:12","guid":{"rendered":"https:\/\/conexion23.com\/?p=56904"},"modified":"2026-05-02T07:10:12","modified_gmt":"2026-05-02T11:10:12","slug":"hombre-muere-al-sufrir-accidente-de-transito-en-el-seibo","status":"publish","type":"post","link":"https:\/\/conexion23.com\/?p=56904","title":{"rendered":"Hombre muere al sufrir accidente de tr\u00e1nsito en El Seibo"},"content":{"rendered":"<p style=\"text-align: justify;\">Un hombre perdi\u00f3 la vida la tarde de este viernes como resultado de un accidente de tr\u00e1nsito ocurrido en esta provincia.<\/p>\n<p style=\"text-align: justify;\">La v\u00edctima fue identificada de manera preliminar como Jos\u00e9, conocido popularmente como \u201cLa Choncha\u201d, residente en el sector La Manicera.<\/p>\n<p style=\"text-align: justify;\">Hasta el momento, no se han ofrecido detalles oficiales sobre las circunstancias en que se produjo el accidente. Autoridades competentes se presentaron en el lugar para realizar el levantamiento del cuerpo e iniciar las investigaciones correspondientes.<\/p>\n","protected":false},"excerpt":{"rendered":"<p>Un hombre perdi\u00f3 la vida la tarde de este viernes como resultado de un accidente de tr\u00e1nsito ocurrido en esta provincia. La v\u00edctima fue identificada de manera preliminar como Jos\u00e9, conocido popularmente como \u201cLa Choncha\u201d, residente en el sector La Manicera. Hasta el momento, no se han ofrecido detalles oficiales sobre las circunstancias en que [&hellip;]<\/p>\n","protected":false},"author":15,"featured_media":56905,"comment_status":"open","ping_status":"open","sticky":false,"template":"","format":"standard","meta":{"footnotes":""},"categories":[2475,12,2472],"tags":[4710,189,5591],"class_list":{"0":"post-56904","1":"post","2":"type-post","3":"status-publish","4":"format-standard","5":"has-post-thumbnail","7":"category-el-seibo","8":"category-municipales","9":"category-provincias-del-este","10":"tag-accidente-de-transito","11":"tag-el-seibo","12":"tag-hombre-muere"},"yoast_head":"<!-- This site is optimized with the Yoast SEO plugin v27.1.1 - https:\/\/yoast.com\/product\/yoast-seo-wordpress\/ -->\n<title>Hombre muere al sufrir accidente de tr\u00e1nsito en El Seibo - Conexi\u00f3n 23<\/title>\n<meta name=\"robots\" content=\"index, follow, max-snippet:-1, max-image-preview:large, max-video-preview:-1\" \/>\n<link rel=\"canonical\" href=\"https:\/\/conexion23.com\/?p=56904\" \/>\n<meta property=\"og:locale\" content=\"es_ES\" \/>\n<meta property=\"og:type\" content=\"article\" \/>\n<meta property=\"og:title\" content=\"Hombre muere al sufrir accidente de tr\u00e1nsito en El Seibo - Conexi\u00f3n 23\" \/>\n<meta property=\"og:description\" content=\"Un hombre perdi\u00f3 la vida la tarde de este viernes como resultado de un accidente de tr\u00e1nsito ocurrido en esta provincia. La v\u00edctima fue identificada de manera preliminar como Jos\u00e9, conocido popularmente como \u201cLa Choncha\u201d, residente en el sector La Manicera. Hasta el momento, no se han ofrecido detalles oficiales sobre las circunstancias en que [&hellip;]\" \/>\n<meta property=\"og:url\" content=\"https:\/\/conexion23.com\/?p=56904\" \/>\n<meta property=\"og:site_name\" content=\"Conexi\u00f3n 23\" \/>\n<meta property=\"article:publisher\" content=\"https:\/\/www.facebook.com\/conexion23com\" \/>\n<meta property=\"article:published_time\" content=\"2026-05-02T11:10:12+00:00\" \/>\n<meta property=\"og:image\" content=\"http:\/\/conexion23.com\/wp-content\/uploads\/2026\/05\/03300cd7-dbe9-4151-b36b-d95cb1b2f51f.jpg\" \/>\n\t<meta property=\"og:image:width\" content=\"2048\" \/>\n\t<meta property=\"og:image:height\" content=\"1152\" \/>\n\t<meta property=\"og:image:type\" content=\"image\/jpeg\" \/>\n<meta name=\"author\" content=\"Raffy Ben\u00edtez\" \/>\n<meta name=\"twitter:card\" content=\"summary_large_image\" \/>\n<meta name=\"twitter:label1\" content=\"Escrito por\" \/>\n\t<meta name=\"twitter:data1\" content=\"Raffy Ben\u00edtez\" \/>\n\t<meta name=\"twitter:label2\" content=\"Tiempo de lectura\" \/>\n\t<meta name=\"twitter:data2\" content=\"1 minuto\" \/>\n<script type=\"application\/ld+json\" class=\"yoast-schema-graph\">{\"@context\":\"https:\/\/schema.org\",\"@graph\":[{\"@type\":\"Article\",\"@id\":\"https:\/\/conexion23.com\/?p=56904#article\",\"isPartOf\":{\"@id\":\"https:\/\/conexion23.com\/?p=56904\"},\"author\":{\"name\":\"Raffy Ben\u00edtez\",\"@id\":\"https:\/\/conexion23.com\/#\/schema\/person\/03e36043331117e97a373299bbcd30a6\"},\"headline\":\"Hombre muere al sufrir accidente de tr\u00e1nsito en El Seibo\",\"datePublished\":\"2026-05-02T11:10:12+00:00\",\"mainEntityOfPage\":{\"@id\":\"https:\/\/conexion23.com\/?p=56904\"},\"wordCount\":90,\"commentCount\":0,\"publisher\":{\"@id\":\"https:\/\/conexion23.com\/#organization\"},\"image\":{\"@id\":\"https:\/\/conexion23.com\/?p=56904#primaryimage\"},\"thumbnailUrl\":\"https:\/\/conexion23.com\/wp-content\/uploads\/2026\/05\/03300cd7-dbe9-4151-b36b-d95cb1b2f51f.jpg\",\"keywords\":[\"Accidente de Tr\u00e1nsito\",\"el seibo\",\"Hombre muere\"],\"articleSection\":[\"El Seibo\",\"Municipales\",\"Provincias del Este\"],\"inLanguage\":\"es\",\"potentialAction\":[{\"@type\":\"CommentAction\",\"name\":\"Comment\",\"target\":[\"https:\/\/conexion23.com\/?p=56904#respond\"]}]},{\"@type\":\"WebPage\",\"@id\":\"https:\/\/conexion23.com\/?p=56904\",\"url\":\"https:\/\/conexion23.com\/?p=56904\",\"name\":\"Hombre muere al sufrir accidente de tr\u00e1nsito en El Seibo - Conexi\u00f3n 23\",\"isPartOf\":{\"@id\":\"https:\/\/conexion23.com\/#website\"},\"primaryImageOfPage\":{\"@id\":\"https:\/\/conexion23.com\/?p=56904#primaryimage\"},\"image\":{\"@id\":\"https:\/\/conexion23.com\/?p=56904#primaryimage\"},\"thumbnailUrl\":\"https:\/\/conexion23.com\/wp-content\/uploads\/2026\/05\/03300cd7-dbe9-4151-b36b-d95cb1b2f51f.jpg\",\"datePublished\":\"2026-05-02T11:10:12+00:00\",\"breadcrumb\":{\"@id\":\"https:\/\/conexion23.com\/?p=56904#breadcrumb\"},\"inLanguage\":\"es\",\"potentialAction\":[{\"@type\":\"ReadAction\",\"target\":[\"https:\/\/conexion23.com\/?p=56904\"]}]},{\"@type\":\"ImageObject\",\"inLanguage\":\"es\",\"@id\":\"https:\/\/conexion23.com\/?p=56904#primaryimage\",\"url\":\"https:\/\/conexion23.com\/wp-content\/uploads\/2026\/05\/03300cd7-dbe9-4151-b36b-d95cb1b2f51f.jpg\",\"contentUrl\":\"https:\/\/conexion23.com\/wp-content\/uploads\/2026\/05\/03300cd7-dbe9-4151-b36b-d95cb1b2f51f.jpg\",\"width\":2048,\"height\":1152},{\"@type\":\"BreadcrumbList\",\"@id\":\"https:\/\/conexion23.com\/?p=56904#breadcrumb\",\"itemListElement\":[{\"@type\":\"ListItem\",\"position\":1,\"name\":\"Portada\",\"item\":\"https:\/\/conexion23.com\/\"},{\"@type\":\"ListItem\",\"position\":2,\"name\":\"Hombre muere al sufrir accidente de tr\u00e1nsito en El Seibo\"}]},{\"@type\":\"WebSite\",\"@id\":\"https:\/\/conexion23.com\/#website\",\"url\":\"https:\/\/conexion23.com\/\",\"name\":\"Conexi\u00f3n 23\",\"description\":\"Peri\u00f3dico 100% Petromacorisano\",\"publisher\":{\"@id\":\"https:\/\/conexion23.com\/#organization\"},\"potentialAction\":[{\"@type\":\"SearchAction\",\"target\":{\"@type\":\"EntryPoint\",\"urlTemplate\":\"https:\/\/conexion23.com\/?s={search_term_string}\"},\"query-input\":{\"@type\":\"PropertyValueSpecification\",\"valueRequired\":true,\"valueName\":\"search_term_string\"}}],\"inLanguage\":\"es\"},{\"@type\":\"Organization\",\"@id\":\"https:\/\/conexion23.com\/#organization\",\"name\":\"Conexion 23\",\"url\":\"https:\/\/conexion23.com\/\",\"logo\":{\"@type\":\"ImageObject\",\"inLanguage\":\"es\",\"@id\":\"https:\/\/conexion23.com\/#\/schema\/logo\/image\/\",\"url\":\"https:\/\/conexion23.com\/wp-content\/uploads\/2021\/11\/Diseno-sin-titulo-2.png\",\"contentUrl\":\"https:\/\/conexion23.com\/wp-content\/uploads\/2021\/11\/Diseno-sin-titulo-2.png\",\"width\":541,\"height\":90,\"caption\":\"Conexion 23\"},\"image\":{\"@id\":\"https:\/\/conexion23.com\/#\/schema\/logo\/image\/\"},\"sameAs\":[\"https:\/\/www.facebook.com\/conexion23com\",\"https:\/\/www.instagram.com\/conexion23com\/\",\"https:\/\/www.youtube.com\/channel\/UCYc7vxxFZMYLIHNsHHxPZ3Q\"]},{\"@type\":\"Person\",\"@id\":\"https:\/\/conexion23.com\/#\/schema\/person\/03e36043331117e97a373299bbcd30a6\",\"name\":\"Raffy Ben\u00edtez\",\"image\":{\"@type\":\"ImageObject\",\"inLanguage\":\"es\",\"@id\":\"https:\/\/conexion23.com\/#\/schema\/person\/image\/\",\"url\":\"https:\/\/secure.gravatar.com\/avatar\/3190a6a6c5e1b0327500f7d6c56b6242472ee6cb974cf09b401ee6b3b0798f23?s=96&d=mm&r=g\",\"contentUrl\":\"https:\/\/secure.gravatar.com\/avatar\/3190a6a6c5e1b0327500f7d6c56b6242472ee6cb974cf09b401ee6b3b0798f23?s=96&d=mm&r=g\",\"caption\":\"Raffy Ben\u00edtez\"},\"url\":\"https:\/\/conexion23.com\/?author=15\"}]}<\/script>\n<!-- \/ Yoast SEO plugin. -->","yoast_head_json":{"title":"Hombre muere al sufrir accidente de tr\u00e1nsito en El Seibo - Conexi\u00f3n 23","robots":{"index":"index","follow":"follow","max-snippet":"max-snippet:-1","max-image-preview":"max-image-preview:large","max-video-preview":"max-video-preview:-1"},"canonical":"https:\/\/conexion23.com\/?p=56904","og_locale":"es_ES","og_type":"article","og_title":"Hombre muere al sufrir accidente de tr\u00e1nsito en El Seibo - Conexi\u00f3n 23","og_description":"Un hombre perdi\u00f3 la vida la tarde de este viernes como resultado de un accidente de tr\u00e1nsito ocurrido en esta provincia. La v\u00edctima fue identificada de manera preliminar como Jos\u00e9, conocido popularmente como \u201cLa Choncha\u201d, residente en el sector La Manicera. Hasta el momento, no se han ofrecido detalles oficiales sobre las circunstancias en que [&hellip;]","og_url":"https:\/\/conexion23.com\/?p=56904","og_site_name":"Conexi\u00f3n 23","article_publisher":"https:\/\/www.facebook.com\/conexion23com","article_published_time":"2026-05-02T11:10:12+00:00","og_image":[{"width":2048,"height":1152,"url":"http:\/\/conexion23.com\/wp-content\/uploads\/2026\/05\/03300cd7-dbe9-4151-b36b-d95cb1b2f51f.jpg","type":"image\/jpeg"}],"author":"Raffy Ben\u00edtez","twitter_card":"summary_large_image","twitter_misc":{"Escrito por":"Raffy Ben\u00edtez","Tiempo de lectura":"1 minuto"},"schema":{"@context":"https:\/\/schema.org","@graph":[{"@type":"Article","@id":"https:\/\/conexion23.com\/?p=56904#article","isPartOf":{"@id":"https:\/\/conexion23.com\/?p=56904"},"author":{"name":"Raffy Ben\u00edtez","@id":"https:\/\/conexion23.com\/#\/schema\/person\/03e36043331117e97a373299bbcd30a6"},"headline":"Hombre muere al sufrir accidente de tr\u00e1nsito en El Seibo","datePublished":"2026-05-02T11:10:12+00:00","mainEntityOfPage":{"@id":"https:\/\/conexion23.com\/?p=56904"},"wordCount":90,"commentCount":0,"publisher":{"@id":"https:\/\/conexion23.com\/#organization"},"image":{"@id":"https:\/\/conexion23.com\/?p=56904#primaryimage"},"thumbnailUrl":"https:\/\/conexion23.com\/wp-content\/uploads\/2026\/05\/03300cd7-dbe9-4151-b36b-d95cb1b2f51f.jpg","keywords":["Accidente de Tr\u00e1nsito","el seibo","Hombre muere"],"articleSection":["El Seibo","Municipales","Provincias del Este"],"inLanguage":"es","potentialAction":[{"@type":"CommentAction","name":"Comment","target":["https:\/\/conexion23.com\/?p=56904#respond"]}]},{"@type":"WebPage","@id":"https:\/\/conexion23.com\/?p=56904","url":"https:\/\/conexion23.com\/?p=56904","name":"Hombre muere al sufrir accidente de tr\u00e1nsito en El Seibo - Conexi\u00f3n 23","isPartOf":{"@id":"https:\/\/conexion23.com\/#website"},"primaryImageOfPage":{"@id":"https:\/\/conexion23.com\/?p=56904#primaryimage"},"image":{"@id":"https:\/\/conexion23.com\/?p=56904#primaryimage"},"thumbnailUrl":"https:\/\/conexion23.com\/wp-content\/uploads\/2026\/05\/03300cd7-dbe9-4151-b36b-d95cb1b2f51f.jpg","datePublished":"2026-05-02T11:10:12+00:00","breadcrumb":{"@id":"https:\/\/conexion23.com\/?p=56904#breadcrumb"},"inLanguage":"es","potentialAction":[{"@type":"ReadAction","target":["https:\/\/conexion23.com\/?p=56904"]}]},{"@type":"ImageObject","inLanguage":"es","@id":"https:\/\/conexion23.com\/?p=56904#primaryimage","url":"https:\/\/conexion23.com\/wp-content\/uploads\/2026\/05\/03300cd7-dbe9-4151-b36b-d95cb1b2f51f.jpg","contentUrl":"https:\/\/conexion23.com\/wp-content\/uploads\/2026\/05\/03300cd7-dbe9-4151-b36b-d95cb1b2f51f.jpg","width":2048,"height":1152},{"@type":"BreadcrumbList","@id":"https:\/\/conexion23.com\/?p=56904#breadcrumb","itemListElement":[{"@type":"ListItem","position":1,"name":"Portada","item":"https:\/\/conexion23.com\/"},{"@type":"ListItem","position":2,"name":"Hombre muere al sufrir accidente de tr\u00e1nsito en El Seibo"}]},{"@type":"WebSite","@id":"https:\/\/conexion23.com\/#website","url":"https:\/\/conexion23.com\/","name":"Conexi\u00f3n 23","description":"Peri\u00f3dico 100% Petromacorisano","publisher":{"@id":"https:\/\/conexion23.com\/#organization"},"potentialAction":[{"@type":"SearchAction","target":{"@type":"EntryPoint","urlTemplate":"https:\/\/conexion23.com\/?s={search_term_string}"},"query-input":{"@type":"PropertyValueSpecification","valueRequired":true,"valueName":"search_term_string"}}],"inLanguage":"es"},{"@type":"Organization","@id":"https:\/\/conexion23.com\/#organization","name":"Conexion 23","url":"https:\/\/conexion23.com\/","logo":{"@type":"ImageObject","inLanguage":"es","@id":"https:\/\/conexion23.com\/#\/schema\/logo\/image\/","url":"https:\/\/conexion23.com\/wp-content\/uploads\/2021\/11\/Diseno-sin-titulo-2.png","contentUrl":"https:\/\/conexion23.com\/wp-content\/uploads\/2021\/11\/Diseno-sin-titulo-2.png","width":541,"height":90,"caption":"Conexion 23"},"image":{"@id":"https:\/\/conexion23.com\/#\/schema\/logo\/image\/"},"sameAs":["https:\/\/www.facebook.com\/conexion23com","https:\/\/www.instagram.com\/conexion23com\/","https:\/\/www.youtube.com\/channel\/UCYc7vxxFZMYLIHNsHHxPZ3Q"]},{"@type":"Person","@id":"https:\/\/conexion23.com\/#\/schema\/person\/03e36043331117e97a373299bbcd30a6","name":"Raffy Ben\u00edtez","image":{"@type":"ImageObject","inLanguage":"es","@id":"https:\/\/conexion23.com\/#\/schema\/person\/image\/","url":"https:\/\/secure.gravatar.com\/avatar\/3190a6a6c5e1b0327500f7d6c56b6242472ee6cb974cf09b401ee6b3b0798f23?s=96&d=mm&r=g","contentUrl":"https:\/\/secure.gravatar.com\/avatar\/3190a6a6c5e1b0327500f7d6c56b6242472ee6cb974cf09b401ee6b3b0798f23?s=96&d=mm&r=g","caption":"Raffy Ben\u00edtez"},"url":"https:\/\/conexion23.com\/?author=15"}]}},"_links":{"self":[{"href":"https:\/\/conexion23.com\/index.php?rest_route=\/wp\/v2\/posts\/56904","targetHints":{"allow":["GET"]}}],"collection":[{"href":"https:\/\/conexion23.com\/index.php?rest_route=\/wp\/v2\/posts"}],"about":[{"href":"https:\/\/conexion23.com\/index.php?rest_route=\/wp\/v2\/types\/post"}],"author":[{"embeddable":true,"href":"https:\/\/conexion23.com\/index.php?rest_route=\/wp\/v2\/users\/15"}],"replies":[{"embeddable":true,"href":"https:\/\/conexion23.com\/index.php?rest_route=%2Fwp%2Fv2%2Fcomments&post=56904"}],"version-history":[{"count":1,"href":"https:\/\/conexion23.com\/index.php?rest_route=\/wp\/v2\/posts\/56904\/revisions"}],"predecessor-version":[{"id":56906,"href":"https:\/\/conexion23.com\/index.php?rest_route=\/wp\/v2\/posts\/56904\/revisions\/56906"}],"wp:featuredmedia":[{"embeddable":true,"href":"https:\/\/conexion23.com\/index.php?rest_route=\/wp\/v2\/media\/56905"}],"wp:attachment":[{"href":"https:\/\/conexion23.com\/index.php?rest_route=%2Fwp%2Fv2%2Fmedia&parent=56904"}],"wp:term":[{"taxonomy":"category","embeddable":true,"href":"https:\/\/conexion23.com\/index.php?rest_route=%2Fwp%2Fv2%2Fcategories&post=56904"},{"taxonomy":"post_tag","embeddable":true,"href":"https:\/\/conexion23.com\/index.php?rest_route=%2Fwp%2Fv2%2Ftags&post=56904"}],"curies":[{"name":"wp","href":"https:\/\/api.w.org\/{rel}","templated":true}]}}