{"id":56907,"date":"2026-05-02T07:16:37","date_gmt":"2026-05-02T11:16:37","guid":{"rendered":"https:\/\/conexion23.com\/?p=56907"},"modified":"2026-05-02T07:16:37","modified_gmt":"2026-05-02T11:16:37","slug":"trabajadores-exigen-mayores-salarios-y-que-siga-la-cesantia","status":"publish","type":"post","link":"https:\/\/conexion23.com\/?p=56907","title":{"rendered":"Trabajadores exigen mayores salarios y que siga la cesant\u00eda"},"content":{"rendered":"<p id=\"m61138-61137-61139\" style=\"text-align: justify;\">Cientos de trabajadores marcharon el viernes en las calles de Santo Domingo en demanda de soluciones al alto costo de la vida, aumentos salariales, respeto a la cesant\u00eda laboral y contra casos de corrupci\u00f3n como el de Senasa, as\u00ed como en rechazo al proyecto minero Romero, en San Juan de la Maguana. La movilizaci\u00f3n, realizada por el D\u00eda Internacional de los Trabajadores, avanz\u00f3 hasta las inmediaciones del Palacio Nacional, donde los manifestantes fueron recibidos por un amplio dispositivo de seguridad compuesto por agentes antimotines de la Polic\u00eda Nacional. Toda la zona estuvo acordonada con vallas met\u00e1licas y un amplio cord\u00f3n de uniformados.<\/p>\n<p id=\"m61143-61142-61144\" style=\"text-align: justify;\">Los manifestantes, de distintas organizaciones sindicalistas, demandaron mejoras econ\u00f3micas y laborales: aumento e indexaci\u00f3n de salarios al costo de vida, defensa de la cesant\u00eda y una reforma profunda del sistema de seguridad social que priorice derechos sobre ganancias.<\/p>\n<p id=\"m61148-61147-61149\" style=\"text-align: justify;\">Tambi\u00e9n exigen reducir impuestos en bienes esenciales, revisar privilegios fiscales, garantizar libertad sindical y pago de prestaciones adeudadas.<\/p>\n<p id=\"m61153-61152-61154\" style=\"text-align: justify;\">A esto se suman reclamos sociales m\u00e1s amplios: acceso a salud, educaci\u00f3n y vivienda digna, apoyo a la producci\u00f3n nacional y soberan\u00eda alimentaria, cumplimiento de acuerdos con sectores como salud y educaci\u00f3n, y rechazo a proyectos considerados da\u00f1inos para el medio ambiente. Igualmente, denuncian corrupci\u00f3n, inseguridad y el deterioro de la calidad de vida.<\/p>\n<p id=\"m61158-61157-61159\" style=\"text-align: justify;\">Durante la protesta, los participantes exhibieron pancartas con mensajes directos: \u201cCero impunidad, justicia en Senasa\u201d, \u201cNo a la contrarreforma laboral\u201d, \u201cIncentivos por tiempo en servicios\u201d y \u201cRespeto a la cesant\u00eda\u201d. Tambi\u00e9n coreaban consignas como: \u201cEl pueblo a la calle, esto no lo aguanta nadie\u201d y \u201cLibertad sindical, aumento salarial\u201d.<\/p>\n<p id=\"m61163-61162-61164\" style=\"text-align: justify;\">El presidente de la Asociaci\u00f3n Dominicana de Profesores (ADP), Eduardo Hidalgo Abreu, inform\u00f3 que una comisi\u00f3n entreg\u00f3 un documento con las principales reivindicaciones al presidente Luis Abinader.<\/p>\n<p id=\"m61168-61167-61169\" style=\"text-align: justify;\">\u201cEsperamos que haya o\u00eddo, no cuentos, que hayan soluciones, no cuentos, a las proclamas\u201d, dijo el dirigente, quien adem\u00e1s advirti\u00f3 que las movilizaciones podr\u00edan intensificarse en las pr\u00f3ximas semanas.<\/p>\n<p id=\"m61173-61172-61174\" style=\"text-align: justify;\">\u201cSolo estamos calentando el pulso\u201d, dijo. Sindicalistas arremeten contra empresarios por cesant\u00eda<\/p>\n<p id=\"m61178-61177-61179\" style=\"text-align: justify;\">M\u00e1s temprano, el presidente de la Confederaci\u00f3n Aut\u00f3noma Sindical Clasista (CASC), Gabriel del R\u00edo, critic\u00f3 a los empresarios en medio del debate sobre la cesant\u00eda en la reforma al C\u00f3digo Laboral, al afirmar que su \u201cmisi\u00f3n es joder a los trabajadores\u201d.<\/p>\n<p id=\"m61183-61182-61184\" style=\"text-align: justify;\">A\u00f1adi\u00f3 que esa postura responde a intereses del sector empresarial, pero afirm\u00f3 que hay consenso pol\u00edtico para mantener la cesant\u00eda.<\/p>\n<p id=\"m61188-61187-61189\" style=\"text-align: justify;\">\u201cNosotros tenemos que tener claro que es una misi\u00f3n de ellos y nosotros la respetamos, pero la mayor\u00eda de diputados y senadores que responden al PRM, la oposici\u00f3n, toda est\u00e1 de acuerdo de que se mantenga la cesant\u00eda\u201d, dijo.<\/p>\n<p id=\"m61193-61192-61194\" style=\"text-align: justify;\">La comisi\u00f3n de la C\u00e1mara de Diputados que estudia el C\u00f3digo aprob\u00f3 el jueves no tocar la cesant\u00eda, record\u00f3 el dirigente sindical.<\/p>\n<p id=\"m61198-61197-61199\" style=\"text-align: justify;\">Explic\u00f3 que ahora el proyecto pasar\u00e1 al plenario, donde, seg\u00fan dijo, existe el compromiso de mantener ese derecho.<\/p>\n<p id=\"m61203-61202-61204\" style=\"text-align: justify;\">\u201cLa C\u00e1mara de Diputados en su comisi\u00f3n que estaba revisando el c\u00f3digo laboral aprob\u00f3 no tocar la cesant\u00eda. Ahora va al plenario y el plenario est\u00e1 comprometido no tocar la cesant\u00eda, porque lo hemos discutido con los sectores del gobierno\u201d, indic\u00f3.<\/p>\n<p id=\"m61208-61207-61209\" style=\"text-align: justify;\">Agreg\u00f3 que el presidente Luis Abinader \u201cestaba muy de acuerdo de que no se toca la cesant\u00eda\u201d.<\/p>\n<p id=\"m61213-61212-61214\" style=\"text-align: justify;\">Mientras Rafael (Pepe) Abreu,\u00a0presidente de la Confederaci\u00f3n Nacional de Unidad Sindical (CNUS), sostuvo: \u201cSi se afecta la cesant\u00eda, se estar\u00eda dando un golpe mortal a la estabilidad laboral y a la paz social, especialmente en perjuicio de j\u00f3venes y mujeres\u201d.<\/p>\n<h3 class=\"c-detail__destacado\" style=\"text-align: justify;\">esperan aprobar pronto la reforma<\/h3>\n<p id=\"m61218-61217-61219\" style=\"text-align: justify;\">El presidente de la Confederaci\u00f3n Nacional de Trabajadores Dominicanos (CNTD) y diputado, Jacobo Ramos, sostuvo que no habr\u00e1 cambios en ese aspecto.<\/p>\n<p id=\"m61223-61222-61224\" style=\"text-align: justify;\">\u201cNo tiene retroceso porque todo el pa\u00eds sabe que el presidente (Abinader) ha dicho que no va a intervenir el tema de la cesant\u00eda\u201d, dijo.<\/p>\n<p id=\"m61228-61227-61229\" style=\"text-align: justify;\">\u201cLas centrales sindicales est\u00e1n opuestas a que se toque la cesant\u00eda. Los trabajadores dominicanos est\u00e1n opuestos a que se toque la cesant\u00eda. Eso no va a pasar en el Congreso\u201d, a\u00f1adi\u00f3.<\/p>\n<p id=\"m61233-61232-61234\" style=\"text-align: justify;\">Ramos tambi\u00e9n expres\u00f3 que esperan aprobar pronto el nuevo C\u00f3digo de Trabajo y destac\u00f3 la necesidad de mejorar salarios, fortalecer la seguridad social y garantizar la libertad sindical en el pa\u00eds.<\/p>\n<p id=\"m61238-61237-61239\" style=\"text-align: justify;\">Los sindicalistas celebraron este viernes el D\u00eda Internacional de los Trabajadores con un acto que reuni\u00f3 a docenas de obreros dominicanos.<\/p>\n","protected":false},"excerpt":{"rendered":"<p>Cientos de trabajadores marcharon el viernes en las calles de Santo Domingo en demanda de soluciones al alto costo de la vida, aumentos salariales, respeto a la cesant\u00eda laboral y contra casos de corrupci\u00f3n como el de Senasa, as\u00ed como en rechazo al proyecto minero Romero, en San Juan de la Maguana. La movilizaci\u00f3n, realizada [&hellip;]<\/p>\n","protected":false},"author":15,"featured_media":56908,"comment_status":"open","ping_status":"open","sticky":false,"template":"","format":"standard","meta":{"footnotes":""},"categories":[3913,3773],"tags":[3949,8655,4364,7341],"class_list":{"0":"post-56907","1":"post","2":"type-post","3":"status-publish","4":"format-standard","5":"has-post-thumbnail","7":"category-nacionales","8":"category-portada","9":"tag-cesantia","10":"tag-dia-del-trabajo","11":"tag-salarios","12":"tag-trabajadores"},"yoast_head":"<!-- This site is optimized with the Yoast SEO plugin v27.1.1 - https:\/\/yoast.com\/product\/yoast-seo-wordpress\/ -->\n<title>Trabajadores exigen mayores salarios y que siga la cesant\u00eda - Conexi\u00f3n 23<\/title>\n<meta name=\"robots\" content=\"index, follow, max-snippet:-1, max-image-preview:large, max-video-preview:-1\" \/>\n<link rel=\"canonical\" href=\"https:\/\/conexion23.com\/?p=56907\" \/>\n<meta property=\"og:locale\" content=\"es_ES\" \/>\n<meta property=\"og:type\" content=\"article\" \/>\n<meta property=\"og:title\" content=\"Trabajadores exigen mayores salarios y que siga la cesant\u00eda - Conexi\u00f3n 23\" \/>\n<meta property=\"og:description\" content=\"Cientos de trabajadores marcharon el viernes en las calles de Santo Domingo en demanda de soluciones al alto costo de la vida, aumentos salariales, respeto a la cesant\u00eda laboral y contra casos de corrupci\u00f3n como el de Senasa, as\u00ed como en rechazo al proyecto minero Romero, en San Juan de la Maguana. La movilizaci\u00f3n, realizada [&hellip;]\" \/>\n<meta property=\"og:url\" content=\"https:\/\/conexion23.com\/?p=56907\" \/>\n<meta property=\"og:site_name\" content=\"Conexi\u00f3n 23\" \/>\n<meta property=\"article:publisher\" content=\"https:\/\/www.facebook.com\/conexion23com\" \/>\n<meta property=\"article:published_time\" content=\"2026-05-02T11:16:37+00:00\" \/>\n<meta property=\"og:image\" content=\"http:\/\/conexion23.com\/wp-content\/uploads\/2026\/05\/69f556f1d968b.jpeg\" \/>\n\t<meta property=\"og:image:width\" content=\"800\" \/>\n\t<meta property=\"og:image:height\" content=\"533\" \/>\n\t<meta property=\"og:image:type\" content=\"image\/jpeg\" \/>\n<meta name=\"author\" content=\"Raffy Ben\u00edtez\" \/>\n<meta name=\"twitter:card\" content=\"summary_large_image\" \/>\n<meta name=\"twitter:label1\" content=\"Escrito por\" \/>\n\t<meta name=\"twitter:data1\" content=\"Raffy Ben\u00edtez\" \/>\n\t<meta name=\"twitter:label2\" content=\"Tiempo de lectura\" \/>\n\t<meta name=\"twitter:data2\" content=\"4 minutos\" \/>\n<script type=\"application\/ld+json\" class=\"yoast-schema-graph\">{\"@context\":\"https:\/\/schema.org\",\"@graph\":[{\"@type\":\"Article\",\"@id\":\"https:\/\/conexion23.com\/?p=56907#article\",\"isPartOf\":{\"@id\":\"https:\/\/conexion23.com\/?p=56907\"},\"author\":{\"name\":\"Raffy Ben\u00edtez\",\"@id\":\"https:\/\/conexion23.com\/#\/schema\/person\/03e36043331117e97a373299bbcd30a6\"},\"headline\":\"Trabajadores exigen mayores salarios y que siga la cesant\u00eda\",\"datePublished\":\"2026-05-02T11:16:37+00:00\",\"mainEntityOfPage\":{\"@id\":\"https:\/\/conexion23.com\/?p=56907\"},\"wordCount\":781,\"commentCount\":0,\"publisher\":{\"@id\":\"https:\/\/conexion23.com\/#organization\"},\"image\":{\"@id\":\"https:\/\/conexion23.com\/?p=56907#primaryimage\"},\"thumbnailUrl\":\"https:\/\/conexion23.com\/wp-content\/uploads\/2026\/05\/69f556f1d968b.jpeg\",\"keywords\":[\"cesant\u00eda\",\"D\u00eda del Trabajo\",\"salarios\",\"trabajadores\"],\"articleSection\":[\"Nacionales\",\"Portada\"],\"inLanguage\":\"es\",\"potentialAction\":[{\"@type\":\"CommentAction\",\"name\":\"Comment\",\"target\":[\"https:\/\/conexion23.com\/?p=56907#respond\"]}]},{\"@type\":\"WebPage\",\"@id\":\"https:\/\/conexion23.com\/?p=56907\",\"url\":\"https:\/\/conexion23.com\/?p=56907\",\"name\":\"Trabajadores exigen mayores salarios y que siga la cesant\u00eda - Conexi\u00f3n 23\",\"isPartOf\":{\"@id\":\"https:\/\/conexion23.com\/#website\"},\"primaryImageOfPage\":{\"@id\":\"https:\/\/conexion23.com\/?p=56907#primaryimage\"},\"image\":{\"@id\":\"https:\/\/conexion23.com\/?p=56907#primaryimage\"},\"thumbnailUrl\":\"https:\/\/conexion23.com\/wp-content\/uploads\/2026\/05\/69f556f1d968b.jpeg\",\"datePublished\":\"2026-05-02T11:16:37+00:00\",\"breadcrumb\":{\"@id\":\"https:\/\/conexion23.com\/?p=56907#breadcrumb\"},\"inLanguage\":\"es\",\"potentialAction\":[{\"@type\":\"ReadAction\",\"target\":[\"https:\/\/conexion23.com\/?p=56907\"]}]},{\"@type\":\"ImageObject\",\"inLanguage\":\"es\",\"@id\":\"https:\/\/conexion23.com\/?p=56907#primaryimage\",\"url\":\"https:\/\/conexion23.com\/wp-content\/uploads\/2026\/05\/69f556f1d968b.jpeg\",\"contentUrl\":\"https:\/\/conexion23.com\/wp-content\/uploads\/2026\/05\/69f556f1d968b.jpeg\",\"width\":800,\"height\":533},{\"@type\":\"BreadcrumbList\",\"@id\":\"https:\/\/conexion23.com\/?p=56907#breadcrumb\",\"itemListElement\":[{\"@type\":\"ListItem\",\"position\":1,\"name\":\"Portada\",\"item\":\"https:\/\/conexion23.com\/\"},{\"@type\":\"ListItem\",\"position\":2,\"name\":\"Trabajadores exigen mayores salarios y que siga la cesant\u00eda\"}]},{\"@type\":\"WebSite\",\"@id\":\"https:\/\/conexion23.com\/#website\",\"url\":\"https:\/\/conexion23.com\/\",\"name\":\"Conexi\u00f3n 23\",\"description\":\"Peri\u00f3dico 100% Petromacorisano\",\"publisher\":{\"@id\":\"https:\/\/conexion23.com\/#organization\"},\"potentialAction\":[{\"@type\":\"SearchAction\",\"target\":{\"@type\":\"EntryPoint\",\"urlTemplate\":\"https:\/\/conexion23.com\/?s={search_term_string}\"},\"query-input\":{\"@type\":\"PropertyValueSpecification\",\"valueRequired\":true,\"valueName\":\"search_term_string\"}}],\"inLanguage\":\"es\"},{\"@type\":\"Organization\",\"@id\":\"https:\/\/conexion23.com\/#organization\",\"name\":\"Conexion 23\",\"url\":\"https:\/\/conexion23.com\/\",\"logo\":{\"@type\":\"ImageObject\",\"inLanguage\":\"es\",\"@id\":\"https:\/\/conexion23.com\/#\/schema\/logo\/image\/\",\"url\":\"https:\/\/conexion23.com\/wp-content\/uploads\/2021\/11\/Diseno-sin-titulo-2.png\",\"contentUrl\":\"https:\/\/conexion23.com\/wp-content\/uploads\/2021\/11\/Diseno-sin-titulo-2.png\",\"width\":541,\"height\":90,\"caption\":\"Conexion 23\"},\"image\":{\"@id\":\"https:\/\/conexion23.com\/#\/schema\/logo\/image\/\"},\"sameAs\":[\"https:\/\/www.facebook.com\/conexion23com\",\"https:\/\/www.instagram.com\/conexion23com\/\",\"https:\/\/www.youtube.com\/channel\/UCYc7vxxFZMYLIHNsHHxPZ3Q\"]},{\"@type\":\"Person\",\"@id\":\"https:\/\/conexion23.com\/#\/schema\/person\/03e36043331117e97a373299bbcd30a6\",\"name\":\"Raffy Ben\u00edtez\",\"image\":{\"@type\":\"ImageObject\",\"inLanguage\":\"es\",\"@id\":\"https:\/\/conexion23.com\/#\/schema\/person\/image\/\",\"url\":\"https:\/\/secure.gravatar.com\/avatar\/3190a6a6c5e1b0327500f7d6c56b6242472ee6cb974cf09b401ee6b3b0798f23?s=96&d=mm&r=g\",\"contentUrl\":\"https:\/\/secure.gravatar.com\/avatar\/3190a6a6c5e1b0327500f7d6c56b6242472ee6cb974cf09b401ee6b3b0798f23?s=96&d=mm&r=g\",\"caption\":\"Raffy Ben\u00edtez\"},\"url\":\"https:\/\/conexion23.com\/?author=15\"}]}<\/script>\n<!-- \/ Yoast SEO plugin. -->","yoast_head_json":{"title":"Trabajadores exigen mayores salarios y que siga la cesant\u00eda - Conexi\u00f3n 23","robots":{"index":"index","follow":"follow","max-snippet":"max-snippet:-1","max-image-preview":"max-image-preview:large","max-video-preview":"max-video-preview:-1"},"canonical":"https:\/\/conexion23.com\/?p=56907","og_locale":"es_ES","og_type":"article","og_title":"Trabajadores exigen mayores salarios y que siga la cesant\u00eda - Conexi\u00f3n 23","og_description":"Cientos de trabajadores marcharon el viernes en las calles de Santo Domingo en demanda de soluciones al alto costo de la vida, aumentos salariales, respeto a la cesant\u00eda laboral y contra casos de corrupci\u00f3n como el de Senasa, as\u00ed como en rechazo al proyecto minero Romero, en San Juan de la Maguana. La movilizaci\u00f3n, realizada [&hellip;]","og_url":"https:\/\/conexion23.com\/?p=56907","og_site_name":"Conexi\u00f3n 23","article_publisher":"https:\/\/www.facebook.com\/conexion23com","article_published_time":"2026-05-02T11:16:37+00:00","og_image":[{"width":800,"height":533,"url":"http:\/\/conexion23.com\/wp-content\/uploads\/2026\/05\/69f556f1d968b.jpeg","type":"image\/jpeg"}],"author":"Raffy Ben\u00edtez","twitter_card":"summary_large_image","twitter_misc":{"Escrito por":"Raffy Ben\u00edtez","Tiempo de lectura":"4 minutos"},"schema":{"@context":"https:\/\/schema.org","@graph":[{"@type":"Article","@id":"https:\/\/conexion23.com\/?p=56907#article","isPartOf":{"@id":"https:\/\/conexion23.com\/?p=56907"},"author":{"name":"Raffy Ben\u00edtez","@id":"https:\/\/conexion23.com\/#\/schema\/person\/03e36043331117e97a373299bbcd30a6"},"headline":"Trabajadores exigen mayores salarios y que siga la cesant\u00eda","datePublished":"2026-05-02T11:16:37+00:00","mainEntityOfPage":{"@id":"https:\/\/conexion23.com\/?p=56907"},"wordCount":781,"commentCount":0,"publisher":{"@id":"https:\/\/conexion23.com\/#organization"},"image":{"@id":"https:\/\/conexion23.com\/?p=56907#primaryimage"},"thumbnailUrl":"https:\/\/conexion23.com\/wp-content\/uploads\/2026\/05\/69f556f1d968b.jpeg","keywords":["cesant\u00eda","D\u00eda del Trabajo","salarios","trabajadores"],"articleSection":["Nacionales","Portada"],"inLanguage":"es","potentialAction":[{"@type":"CommentAction","name":"Comment","target":["https:\/\/conexion23.com\/?p=56907#respond"]}]},{"@type":"WebPage","@id":"https:\/\/conexion23.com\/?p=56907","url":"https:\/\/conexion23.com\/?p=56907","name":"Trabajadores exigen mayores salarios y que siga la cesant\u00eda - Conexi\u00f3n 23","isPartOf":{"@id":"https:\/\/conexion23.com\/#website"},"primaryImageOfPage":{"@id":"https:\/\/conexion23.com\/?p=56907#primaryimage"},"image":{"@id":"https:\/\/conexion23.com\/?p=56907#primaryimage"},"thumbnailUrl":"https:\/\/conexion23.com\/wp-content\/uploads\/2026\/05\/69f556f1d968b.jpeg","datePublished":"2026-05-02T11:16:37+00:00","breadcrumb":{"@id":"https:\/\/conexion23.com\/?p=56907#breadcrumb"},"inLanguage":"es","potentialAction":[{"@type":"ReadAction","target":["https:\/\/conexion23.com\/?p=56907"]}]},{"@type":"ImageObject","inLanguage":"es","@id":"https:\/\/conexion23.com\/?p=56907#primaryimage","url":"https:\/\/conexion23.com\/wp-content\/uploads\/2026\/05\/69f556f1d968b.jpeg","contentUrl":"https:\/\/conexion23.com\/wp-content\/uploads\/2026\/05\/69f556f1d968b.jpeg","width":800,"height":533},{"@type":"BreadcrumbList","@id":"https:\/\/conexion23.com\/?p=56907#breadcrumb","itemListElement":[{"@type":"ListItem","position":1,"name":"Portada","item":"https:\/\/conexion23.com\/"},{"@type":"ListItem","position":2,"name":"Trabajadores exigen mayores salarios y que siga la cesant\u00eda"}]},{"@type":"WebSite","@id":"https:\/\/conexion23.com\/#website","url":"https:\/\/conexion23.com\/","name":"Conexi\u00f3n 23","description":"Peri\u00f3dico 100% Petromacorisano","publisher":{"@id":"https:\/\/conexion23.com\/#organization"},"potentialAction":[{"@type":"SearchAction","target":{"@type":"EntryPoint","urlTemplate":"https:\/\/conexion23.com\/?s={search_term_string}"},"query-input":{"@type":"PropertyValueSpecification","valueRequired":true,"valueName":"search_term_string"}}],"inLanguage":"es"},{"@type":"Organization","@id":"https:\/\/conexion23.com\/#organization","name":"Conexion 23","url":"https:\/\/conexion23.com\/","logo":{"@type":"ImageObject","inLanguage":"es","@id":"https:\/\/conexion23.com\/#\/schema\/logo\/image\/","url":"https:\/\/conexion23.com\/wp-content\/uploads\/2021\/11\/Diseno-sin-titulo-2.png","contentUrl":"https:\/\/conexion23.com\/wp-content\/uploads\/2021\/11\/Diseno-sin-titulo-2.png","width":541,"height":90,"caption":"Conexion 23"},"image":{"@id":"https:\/\/conexion23.com\/#\/schema\/logo\/image\/"},"sameAs":["https:\/\/www.facebook.com\/conexion23com","https:\/\/www.instagram.com\/conexion23com\/","https:\/\/www.youtube.com\/channel\/UCYc7vxxFZMYLIHNsHHxPZ3Q"]},{"@type":"Person","@id":"https:\/\/conexion23.com\/#\/schema\/person\/03e36043331117e97a373299bbcd30a6","name":"Raffy Ben\u00edtez","image":{"@type":"ImageObject","inLanguage":"es","@id":"https:\/\/conexion23.com\/#\/schema\/person\/image\/","url":"https:\/\/secure.gravatar.com\/avatar\/3190a6a6c5e1b0327500f7d6c56b6242472ee6cb974cf09b401ee6b3b0798f23?s=96&d=mm&r=g","contentUrl":"https:\/\/secure.gravatar.com\/avatar\/3190a6a6c5e1b0327500f7d6c56b6242472ee6cb974cf09b401ee6b3b0798f23?s=96&d=mm&r=g","caption":"Raffy Ben\u00edtez"},"url":"https:\/\/conexion23.com\/?author=15"}]}},"_links":{"self":[{"href":"https:\/\/conexion23.com\/index.php?rest_route=\/wp\/v2\/posts\/56907","targetHints":{"allow":["GET"]}}],"collection":[{"href":"https:\/\/conexion23.com\/index.php?rest_route=\/wp\/v2\/posts"}],"about":[{"href":"https:\/\/conexion23.com\/index.php?rest_route=\/wp\/v2\/types\/post"}],"author":[{"embeddable":true,"href":"https:\/\/conexion23.com\/index.php?rest_route=\/wp\/v2\/users\/15"}],"replies":[{"embeddable":true,"href":"https:\/\/conexion23.com\/index.php?rest_route=%2Fwp%2Fv2%2Fcomments&post=56907"}],"version-history":[{"count":1,"href":"https:\/\/conexion23.com\/index.php?rest_route=\/wp\/v2\/posts\/56907\/revisions"}],"predecessor-version":[{"id":56909,"href":"https:\/\/conexion23.com\/index.php?rest_route=\/wp\/v2\/posts\/56907\/revisions\/56909"}],"wp:featuredmedia":[{"embeddable":true,"href":"https:\/\/conexion23.com\/index.php?rest_route=\/wp\/v2\/media\/56908"}],"wp:attachment":[{"href":"https:\/\/conexion23.com\/index.php?rest_route=%2Fwp%2Fv2%2Fmedia&parent=56907"}],"wp:term":[{"taxonomy":"category","embeddable":true,"href":"https:\/\/conexion23.com\/index.php?rest_route=%2Fwp%2Fv2%2Fcategories&post=56907"},{"taxonomy":"post_tag","embeddable":true,"href":"https:\/\/conexion23.com\/index.php?rest_route=%2Fwp%2Fv2%2Ftags&post=56907"}],"curies":[{"name":"wp","href":"https:\/\/api.w.org\/{rel}","templated":true}]}}