{"id":56947,"date":"2026-05-03T07:00:37","date_gmt":"2026-05-03T11:00:37","guid":{"rendered":"https:\/\/conexion23.com\/?p=56947"},"modified":"2026-05-02T23:07:32","modified_gmt":"2026-05-03T03:07:32","slug":"asociacion-de-locutores-de-spm-firma-acuerdo-interinstitucional-con-la-defensa-civil","status":"publish","type":"post","link":"https:\/\/conexion23.com\/?p=56947","title":{"rendered":"Asociaci\u00f3n de Locutores de SPM, firma acuerdo interinstitucional con la Defensa Civil"},"content":{"rendered":"<div style=\"text-align: justify;\">El presidente de la Asociaci\u00f3n de Locutores John Carmelo Gil, firm\u00f3 un acuerdo interinstitucional con la defensa civil con la intenci\u00f3n de recibir capacitaci\u00f3n sobre gesti\u00f3n de riesgos.<\/div>\n<div style=\"text-align: justify;\"><\/div>\n<div style=\"text-align: justify;\">Starling Leger Director de dicha instituci\u00f3n destac\u00f3 adem\u00e1s que con este acuerdo interinstitucional se pretende coordinar acciones conjuntas en situaciones de emergencia \ud83d\udea8 y proveer informaci\u00f3n veraz y oportuna a la asociaci\u00f3n, al tiempo de capacitar a miembros de la instituci\u00f3n de socorro en cuanto a oratoria.<\/div>\n<div style=\"text-align: justify;\"><\/div>\n<div style=\"text-align: justify;\">De su lado el Presidente John Carmelo, inform\u00f3 que este acuerdo inici\u00f3 con un Taller de Reanimaci\u00f3n Cardiopulmonar y Control de hemorragia para miembros de la Asociaci\u00f3n de Locutores y p\u00fablico en general.<\/div>\n<div style=\"text-align: justify;\"><\/div>\n<div style=\"text-align: justify;\">El acuerdo interinstitucional fue firmado en la defensa civil donde estuvieron presentes John Carmelo, presidente de la Asociaci\u00f3n, Starling Leger, director defensa civil, Gissel P\u00e9rez vicepresidenta de la asociaci\u00f3n, Leocadia Ram\u00edrez, Carolin Mendoza y Mariel Collado ambas representantes de los nuevos miembros de la Asociaci\u00f3n de Locutores.<\/div>\n","protected":false},"excerpt":{"rendered":"<p>El presidente de la Asociaci\u00f3n de Locutores John Carmelo Gil, firm\u00f3 un acuerdo interinstitucional con la defensa civil con la intenci\u00f3n de recibir capacitaci\u00f3n sobre gesti\u00f3n de riesgos. Starling Leger Director de dicha instituci\u00f3n destac\u00f3 adem\u00e1s que con este acuerdo interinstitucional se pretende coordinar acciones conjuntas en situaciones de emergencia \ud83d\udea8 y proveer informaci\u00f3n veraz [&hellip;]<\/p>\n","protected":false},"author":15,"featured_media":56948,"comment_status":"open","ping_status":"open","sticky":false,"template":"","format":"standard","meta":{"footnotes":""},"categories":[12,2472,35],"tags":[7768,517,8731,8732,57],"class_list":{"0":"post-56947","1":"post","2":"type-post","3":"status-publish","4":"format-standard","5":"has-post-thumbnail","7":"category-municipales","8":"category-provincias-del-este","9":"category-spm","10":"tag-asociacion-de-locutores","11":"tag-defensa-civil","12":"tag-firma-acuerdo","13":"tag-interinstitucional","14":"tag-san-pedro-de-macoris"},"yoast_head":"<!-- This site is optimized with the Yoast SEO plugin v27.1.1 - https:\/\/yoast.com\/product\/yoast-seo-wordpress\/ -->\n<title>Asociaci\u00f3n de Locutores de SPM, firma acuerdo interinstitucional con la Defensa Civil - Conexi\u00f3n 23<\/title>\n<meta name=\"robots\" content=\"index, follow, max-snippet:-1, max-image-preview:large, max-video-preview:-1\" \/>\n<link rel=\"canonical\" href=\"https:\/\/conexion23.com\/?p=56947\" \/>\n<meta property=\"og:locale\" content=\"es_ES\" \/>\n<meta property=\"og:type\" content=\"article\" \/>\n<meta property=\"og:title\" content=\"Asociaci\u00f3n de Locutores de SPM, firma acuerdo interinstitucional con la Defensa Civil - Conexi\u00f3n 23\" \/>\n<meta property=\"og:description\" content=\"El presidente de la Asociaci\u00f3n de Locutores John Carmelo Gil, firm\u00f3 un acuerdo interinstitucional con la defensa civil con la intenci\u00f3n de recibir capacitaci\u00f3n sobre gesti\u00f3n de riesgos. Starling Leger Director de dicha instituci\u00f3n destac\u00f3 adem\u00e1s que con este acuerdo interinstitucional se pretende coordinar acciones conjuntas en situaciones de emergencia \ud83d\udea8 y proveer informaci\u00f3n veraz [&hellip;]\" \/>\n<meta property=\"og:url\" content=\"https:\/\/conexion23.com\/?p=56947\" \/>\n<meta property=\"og:site_name\" content=\"Conexi\u00f3n 23\" \/>\n<meta property=\"article:publisher\" content=\"https:\/\/www.facebook.com\/conexion23com\" \/>\n<meta property=\"article:published_time\" content=\"2026-05-03T11:00:37+00:00\" \/>\n<meta property=\"og:image\" content=\"https:\/\/conexion23.com\/wp-content\/uploads\/2026\/05\/1777757749563082-0.jpg\" \/>\n\t<meta property=\"og:image:width\" content=\"1080\" \/>\n\t<meta property=\"og:image:height\" content=\"1213\" \/>\n\t<meta property=\"og:image:type\" content=\"image\/jpeg\" \/>\n<meta name=\"author\" content=\"Raffy Ben\u00edtez\" \/>\n<meta name=\"twitter:card\" content=\"summary_large_image\" \/>\n<meta name=\"twitter:label1\" content=\"Escrito por\" \/>\n\t<meta name=\"twitter:data1\" content=\"Raffy Ben\u00edtez\" \/>\n\t<meta name=\"twitter:label2\" content=\"Tiempo de lectura\" \/>\n\t<meta name=\"twitter:data2\" content=\"1 minuto\" \/>\n<script type=\"application\/ld+json\" class=\"yoast-schema-graph\">{\"@context\":\"https:\/\/schema.org\",\"@graph\":[{\"@type\":\"Article\",\"@id\":\"https:\/\/conexion23.com\/?p=56947#article\",\"isPartOf\":{\"@id\":\"https:\/\/conexion23.com\/?p=56947\"},\"author\":{\"name\":\"Raffy Ben\u00edtez\",\"@id\":\"https:\/\/conexion23.com\/#\/schema\/person\/03e36043331117e97a373299bbcd30a6\"},\"headline\":\"Asociaci\u00f3n de Locutores de SPM, firma acuerdo interinstitucional con la Defensa Civil\",\"datePublished\":\"2026-05-03T11:00:37+00:00\",\"mainEntityOfPage\":{\"@id\":\"https:\/\/conexion23.com\/?p=56947\"},\"wordCount\":184,\"commentCount\":0,\"publisher\":{\"@id\":\"https:\/\/conexion23.com\/#organization\"},\"image\":{\"@id\":\"https:\/\/conexion23.com\/?p=56947#primaryimage\"},\"thumbnailUrl\":\"https:\/\/conexion23.com\/wp-content\/uploads\/2026\/05\/1777757749563082-0.jpg\",\"keywords\":[\"asociaci\u00f3n de locutores\",\"defensa civil\",\"firma acuerdo\",\"interinstitucional\",\"san pedro de macoris\"],\"articleSection\":[\"Municipales\",\"Provincias del Este\",\"SPM\"],\"inLanguage\":\"es\",\"potentialAction\":[{\"@type\":\"CommentAction\",\"name\":\"Comment\",\"target\":[\"https:\/\/conexion23.com\/?p=56947#respond\"]}]},{\"@type\":\"WebPage\",\"@id\":\"https:\/\/conexion23.com\/?p=56947\",\"url\":\"https:\/\/conexion23.com\/?p=56947\",\"name\":\"Asociaci\u00f3n de Locutores de SPM, firma acuerdo interinstitucional con la Defensa Civil - Conexi\u00f3n 23\",\"isPartOf\":{\"@id\":\"https:\/\/conexion23.com\/#website\"},\"primaryImageOfPage\":{\"@id\":\"https:\/\/conexion23.com\/?p=56947#primaryimage\"},\"image\":{\"@id\":\"https:\/\/conexion23.com\/?p=56947#primaryimage\"},\"thumbnailUrl\":\"https:\/\/conexion23.com\/wp-content\/uploads\/2026\/05\/1777757749563082-0.jpg\",\"datePublished\":\"2026-05-03T11:00:37+00:00\",\"breadcrumb\":{\"@id\":\"https:\/\/conexion23.com\/?p=56947#breadcrumb\"},\"inLanguage\":\"es\",\"potentialAction\":[{\"@type\":\"ReadAction\",\"target\":[\"https:\/\/conexion23.com\/?p=56947\"]}]},{\"@type\":\"ImageObject\",\"inLanguage\":\"es\",\"@id\":\"https:\/\/conexion23.com\/?p=56947#primaryimage\",\"url\":\"https:\/\/conexion23.com\/wp-content\/uploads\/2026\/05\/1777757749563082-0.jpg\",\"contentUrl\":\"https:\/\/conexion23.com\/wp-content\/uploads\/2026\/05\/1777757749563082-0.jpg\",\"width\":1080,\"height\":1213},{\"@type\":\"BreadcrumbList\",\"@id\":\"https:\/\/conexion23.com\/?p=56947#breadcrumb\",\"itemListElement\":[{\"@type\":\"ListItem\",\"position\":1,\"name\":\"Portada\",\"item\":\"https:\/\/conexion23.com\/\"},{\"@type\":\"ListItem\",\"position\":2,\"name\":\"Asociaci\u00f3n de Locutores de SPM, firma acuerdo interinstitucional con la Defensa Civil\"}]},{\"@type\":\"WebSite\",\"@id\":\"https:\/\/conexion23.com\/#website\",\"url\":\"https:\/\/conexion23.com\/\",\"name\":\"Conexi\u00f3n 23\",\"description\":\"Peri\u00f3dico 100% Petromacorisano\",\"publisher\":{\"@id\":\"https:\/\/conexion23.com\/#organization\"},\"potentialAction\":[{\"@type\":\"SearchAction\",\"target\":{\"@type\":\"EntryPoint\",\"urlTemplate\":\"https:\/\/conexion23.com\/?s={search_term_string}\"},\"query-input\":{\"@type\":\"PropertyValueSpecification\",\"valueRequired\":true,\"valueName\":\"search_term_string\"}}],\"inLanguage\":\"es\"},{\"@type\":\"Organization\",\"@id\":\"https:\/\/conexion23.com\/#organization\",\"name\":\"Conexion 23\",\"url\":\"https:\/\/conexion23.com\/\",\"logo\":{\"@type\":\"ImageObject\",\"inLanguage\":\"es\",\"@id\":\"https:\/\/conexion23.com\/#\/schema\/logo\/image\/\",\"url\":\"https:\/\/conexion23.com\/wp-content\/uploads\/2021\/11\/Diseno-sin-titulo-2.png\",\"contentUrl\":\"https:\/\/conexion23.com\/wp-content\/uploads\/2021\/11\/Diseno-sin-titulo-2.png\",\"width\":541,\"height\":90,\"caption\":\"Conexion 23\"},\"image\":{\"@id\":\"https:\/\/conexion23.com\/#\/schema\/logo\/image\/\"},\"sameAs\":[\"https:\/\/www.facebook.com\/conexion23com\",\"https:\/\/www.instagram.com\/conexion23com\/\",\"https:\/\/www.youtube.com\/channel\/UCYc7vxxFZMYLIHNsHHxPZ3Q\"]},{\"@type\":\"Person\",\"@id\":\"https:\/\/conexion23.com\/#\/schema\/person\/03e36043331117e97a373299bbcd30a6\",\"name\":\"Raffy Ben\u00edtez\",\"image\":{\"@type\":\"ImageObject\",\"inLanguage\":\"es\",\"@id\":\"https:\/\/conexion23.com\/#\/schema\/person\/image\/\",\"url\":\"https:\/\/secure.gravatar.com\/avatar\/3190a6a6c5e1b0327500f7d6c56b6242472ee6cb974cf09b401ee6b3b0798f23?s=96&d=mm&r=g\",\"contentUrl\":\"https:\/\/secure.gravatar.com\/avatar\/3190a6a6c5e1b0327500f7d6c56b6242472ee6cb974cf09b401ee6b3b0798f23?s=96&d=mm&r=g\",\"caption\":\"Raffy Ben\u00edtez\"},\"url\":\"https:\/\/conexion23.com\/?author=15\"}]}<\/script>\n<!-- \/ Yoast SEO plugin. -->","yoast_head_json":{"title":"Asociaci\u00f3n de Locutores de SPM, firma acuerdo interinstitucional con la Defensa Civil - Conexi\u00f3n 23","robots":{"index":"index","follow":"follow","max-snippet":"max-snippet:-1","max-image-preview":"max-image-preview:large","max-video-preview":"max-video-preview:-1"},"canonical":"https:\/\/conexion23.com\/?p=56947","og_locale":"es_ES","og_type":"article","og_title":"Asociaci\u00f3n de Locutores de SPM, firma acuerdo interinstitucional con la Defensa Civil - Conexi\u00f3n 23","og_description":"El presidente de la Asociaci\u00f3n de Locutores John Carmelo Gil, firm\u00f3 un acuerdo interinstitucional con la defensa civil con la intenci\u00f3n de recibir capacitaci\u00f3n sobre gesti\u00f3n de riesgos. Starling Leger Director de dicha instituci\u00f3n destac\u00f3 adem\u00e1s que con este acuerdo interinstitucional se pretende coordinar acciones conjuntas en situaciones de emergencia \ud83d\udea8 y proveer informaci\u00f3n veraz [&hellip;]","og_url":"https:\/\/conexion23.com\/?p=56947","og_site_name":"Conexi\u00f3n 23","article_publisher":"https:\/\/www.facebook.com\/conexion23com","article_published_time":"2026-05-03T11:00:37+00:00","og_image":[{"width":1080,"height":1213,"url":"https:\/\/conexion23.com\/wp-content\/uploads\/2026\/05\/1777757749563082-0.jpg","type":"image\/jpeg"}],"author":"Raffy Ben\u00edtez","twitter_card":"summary_large_image","twitter_misc":{"Escrito por":"Raffy Ben\u00edtez","Tiempo de lectura":"1 minuto"},"schema":{"@context":"https:\/\/schema.org","@graph":[{"@type":"Article","@id":"https:\/\/conexion23.com\/?p=56947#article","isPartOf":{"@id":"https:\/\/conexion23.com\/?p=56947"},"author":{"name":"Raffy Ben\u00edtez","@id":"https:\/\/conexion23.com\/#\/schema\/person\/03e36043331117e97a373299bbcd30a6"},"headline":"Asociaci\u00f3n de Locutores de SPM, firma acuerdo interinstitucional con la Defensa Civil","datePublished":"2026-05-03T11:00:37+00:00","mainEntityOfPage":{"@id":"https:\/\/conexion23.com\/?p=56947"},"wordCount":184,"commentCount":0,"publisher":{"@id":"https:\/\/conexion23.com\/#organization"},"image":{"@id":"https:\/\/conexion23.com\/?p=56947#primaryimage"},"thumbnailUrl":"https:\/\/conexion23.com\/wp-content\/uploads\/2026\/05\/1777757749563082-0.jpg","keywords":["asociaci\u00f3n de locutores","defensa civil","firma acuerdo","interinstitucional","san pedro de macoris"],"articleSection":["Municipales","Provincias del Este","SPM"],"inLanguage":"es","potentialAction":[{"@type":"CommentAction","name":"Comment","target":["https:\/\/conexion23.com\/?p=56947#respond"]}]},{"@type":"WebPage","@id":"https:\/\/conexion23.com\/?p=56947","url":"https:\/\/conexion23.com\/?p=56947","name":"Asociaci\u00f3n de Locutores de SPM, firma acuerdo interinstitucional con la Defensa Civil - Conexi\u00f3n 23","isPartOf":{"@id":"https:\/\/conexion23.com\/#website"},"primaryImageOfPage":{"@id":"https:\/\/conexion23.com\/?p=56947#primaryimage"},"image":{"@id":"https:\/\/conexion23.com\/?p=56947#primaryimage"},"thumbnailUrl":"https:\/\/conexion23.com\/wp-content\/uploads\/2026\/05\/1777757749563082-0.jpg","datePublished":"2026-05-03T11:00:37+00:00","breadcrumb":{"@id":"https:\/\/conexion23.com\/?p=56947#breadcrumb"},"inLanguage":"es","potentialAction":[{"@type":"ReadAction","target":["https:\/\/conexion23.com\/?p=56947"]}]},{"@type":"ImageObject","inLanguage":"es","@id":"https:\/\/conexion23.com\/?p=56947#primaryimage","url":"https:\/\/conexion23.com\/wp-content\/uploads\/2026\/05\/1777757749563082-0.jpg","contentUrl":"https:\/\/conexion23.com\/wp-content\/uploads\/2026\/05\/1777757749563082-0.jpg","width":1080,"height":1213},{"@type":"BreadcrumbList","@id":"https:\/\/conexion23.com\/?p=56947#breadcrumb","itemListElement":[{"@type":"ListItem","position":1,"name":"Portada","item":"https:\/\/conexion23.com\/"},{"@type":"ListItem","position":2,"name":"Asociaci\u00f3n de Locutores de SPM, firma acuerdo interinstitucional con la Defensa Civil"}]},{"@type":"WebSite","@id":"https:\/\/conexion23.com\/#website","url":"https:\/\/conexion23.com\/","name":"Conexi\u00f3n 23","description":"Peri\u00f3dico 100% Petromacorisano","publisher":{"@id":"https:\/\/conexion23.com\/#organization"},"potentialAction":[{"@type":"SearchAction","target":{"@type":"EntryPoint","urlTemplate":"https:\/\/conexion23.com\/?s={search_term_string}"},"query-input":{"@type":"PropertyValueSpecification","valueRequired":true,"valueName":"search_term_string"}}],"inLanguage":"es"},{"@type":"Organization","@id":"https:\/\/conexion23.com\/#organization","name":"Conexion 23","url":"https:\/\/conexion23.com\/","logo":{"@type":"ImageObject","inLanguage":"es","@id":"https:\/\/conexion23.com\/#\/schema\/logo\/image\/","url":"https:\/\/conexion23.com\/wp-content\/uploads\/2021\/11\/Diseno-sin-titulo-2.png","contentUrl":"https:\/\/conexion23.com\/wp-content\/uploads\/2021\/11\/Diseno-sin-titulo-2.png","width":541,"height":90,"caption":"Conexion 23"},"image":{"@id":"https:\/\/conexion23.com\/#\/schema\/logo\/image\/"},"sameAs":["https:\/\/www.facebook.com\/conexion23com","https:\/\/www.instagram.com\/conexion23com\/","https:\/\/www.youtube.com\/channel\/UCYc7vxxFZMYLIHNsHHxPZ3Q"]},{"@type":"Person","@id":"https:\/\/conexion23.com\/#\/schema\/person\/03e36043331117e97a373299bbcd30a6","name":"Raffy Ben\u00edtez","image":{"@type":"ImageObject","inLanguage":"es","@id":"https:\/\/conexion23.com\/#\/schema\/person\/image\/","url":"https:\/\/secure.gravatar.com\/avatar\/3190a6a6c5e1b0327500f7d6c56b6242472ee6cb974cf09b401ee6b3b0798f23?s=96&d=mm&r=g","contentUrl":"https:\/\/secure.gravatar.com\/avatar\/3190a6a6c5e1b0327500f7d6c56b6242472ee6cb974cf09b401ee6b3b0798f23?s=96&d=mm&r=g","caption":"Raffy Ben\u00edtez"},"url":"https:\/\/conexion23.com\/?author=15"}]}},"_links":{"self":[{"href":"https:\/\/conexion23.com\/index.php?rest_route=\/wp\/v2\/posts\/56947","targetHints":{"allow":["GET"]}}],"collection":[{"href":"https:\/\/conexion23.com\/index.php?rest_route=\/wp\/v2\/posts"}],"about":[{"href":"https:\/\/conexion23.com\/index.php?rest_route=\/wp\/v2\/types\/post"}],"author":[{"embeddable":true,"href":"https:\/\/conexion23.com\/index.php?rest_route=\/wp\/v2\/users\/15"}],"replies":[{"embeddable":true,"href":"https:\/\/conexion23.com\/index.php?rest_route=%2Fwp%2Fv2%2Fcomments&post=56947"}],"version-history":[{"count":1,"href":"https:\/\/conexion23.com\/index.php?rest_route=\/wp\/v2\/posts\/56947\/revisions"}],"predecessor-version":[{"id":56949,"href":"https:\/\/conexion23.com\/index.php?rest_route=\/wp\/v2\/posts\/56947\/revisions\/56949"}],"wp:featuredmedia":[{"embeddable":true,"href":"https:\/\/conexion23.com\/index.php?rest_route=\/wp\/v2\/media\/56948"}],"wp:attachment":[{"href":"https:\/\/conexion23.com\/index.php?rest_route=%2Fwp%2Fv2%2Fmedia&parent=56947"}],"wp:term":[{"taxonomy":"category","embeddable":true,"href":"https:\/\/conexion23.com\/index.php?rest_route=%2Fwp%2Fv2%2Fcategories&post=56947"},{"taxonomy":"post_tag","embeddable":true,"href":"https:\/\/conexion23.com\/index.php?rest_route=%2Fwp%2Fv2%2Ftags&post=56947"}],"curies":[{"name":"wp","href":"https:\/\/api.w.org\/{rel}","templated":true}]}}