{"id":56950,"date":"2026-05-03T07:00:45","date_gmt":"2026-05-03T11:00:45","guid":{"rendered":"https:\/\/conexion23.com\/?p=56950"},"modified":"2026-05-02T23:17:16","modified_gmt":"2026-05-03T03:17:16","slug":"leonel-define-al-gobierno-del-prm-como-tramposo","status":"publish","type":"post","link":"https:\/\/conexion23.com\/?p=56950","title":{"rendered":"Leonel define al gobierno del PRM como \u201ctramposo\u201d"},"content":{"rendered":"<p>El presidente del partido Fuerza del Pueblo (FP) y expresidente de la Rep\u00fablica, Leonel Fern\u00e1ndez, defini\u00f3 como \u201ctramposo\u201d al gobierno del Partido Revolucionario Moderno (PRM), al que acus\u00f3 de utilizar recursos del Estado con fines electorales y de incurrir en pr\u00e1cticas irregulares durante los procesos electorales.<\/p>\n<p>Las declaraciones fueron ofrecidas durante un almuerzo con los miembros de la Direcci\u00f3n Provincial de la Fuerza del Pueblo en Barahona, donde Fern\u00e1ndez abord\u00f3 la situaci\u00f3n pol\u00edtica actual y el comportamiento del oficialismo en el ejercicio del poder.<\/p>\n<p>En ese contexto, el l\u00edder opositor record\u00f3 lo ocurrido en el pasado proceso electoral, se\u00f1alando que el gobierno promovi\u00f3 la compra de dirigentes, la captaci\u00f3n de alcaldes de la oposici\u00f3n y la adquisici\u00f3n de c\u00e9dulas el d\u00eda de las elecciones, adem\u00e1s de ejercer presi\u00f3n sobre representantes locales de su organizaci\u00f3n.<\/p>\n<p>Fern\u00e1ndez tambi\u00e9n cuestion\u00f3 el manejo de los recursos obtenidos a trav\u00e9s del acuerdo con Aerodom, indicando que se procuraron 750 millones de d\u00f3lares que no fueron aplicados en las obras prometidas, sino destinados a actividades de car\u00e1cter pol\u00edtico-electoral.<\/p>\n<p>El expresidente destac\u00f3, adem\u00e1s, el crecimiento de la Fuerza del Pueblo en la regi\u00f3n Sur, afirmando que desde el a\u00f1o 2024 percib\u00eda el fortalecimiento de la organizaci\u00f3n en Barahona, provincia que defini\u00f3 como una de las primeras donde el partido logr\u00f3 consolidar sus bases.<\/p>\n<p>Previo a su llegada a Barahona, Fern\u00e1ndez realiz\u00f3 una parada en el Cruce de Ocoa, donde sostuvo un encuentro de saludo con el empresario Edward Lara Mart\u00ednez y el exjugador de Grandes Ligas Juan Uribe, en el tradicional parador de esa localidad, punto de referencia para quienes se desplazan hacia la regi\u00f3n Sur del pa\u00eds.<\/p>\n<p>Ya en Barahona, desarroll\u00f3 una agenda de contacto directo que incluy\u00f3 visitas a puntos emblem\u00e1ticos de la ciudad, como la reconocida esquina de Quipes Paisolo, negocio de tradici\u00f3n gastron\u00f3mica con m\u00e1s de seis d\u00e9cadas de historia en la provincia, as\u00ed como encuentros con sectores representativos de la vida social y comunitaria.<\/p>\n<p>La agenda del s\u00e1bado tambi\u00e9n contempl\u00f3 un encuentro con el obispo de la Di\u00f3cesis de Barahona, monse\u00f1or Andr\u00e9s Napole\u00f3n Romero C\u00e1rdenas, y con el rector de la Universidad Cat\u00f3lica Tecnol\u00f3gica de Barahona (UCATEBA), reverendo padre Marco Antonio P\u00e9rez P\u00e9rez.<\/p>\n<p>La noche de este s\u00e1bado asistir\u00e1 a un c\u00f3ctel con sectores sociales, empresariales y productivos de la provincia.<\/p>\n<p>Para este domingo, Fern\u00e1ndez encabezar\u00e1 el acto de juramentaci\u00f3n de nuevos miembros de la Fuerza del Pueblo, pautado para las 10:30 de la ma\u00f1ana en el Palacio de los Deportes de Santa Cruz de Barahona.<\/p>\n<p>Estas actividades forman parte del recorrido pol\u00edtico que encabeza el l\u00edder opositor a nivel nacional, orientado al fortalecimiento de la estructura partidaria y la ampliaci\u00f3n de su base de apoyo en todo el territorio.<\/p>\n","protected":false},"excerpt":{"rendered":"<p>El presidente del partido Fuerza del Pueblo (FP) y expresidente de la Rep\u00fablica, Leonel Fern\u00e1ndez, defini\u00f3 como \u201ctramposo\u201d al gobierno del Partido Revolucionario Moderno (PRM), al que acus\u00f3 de utilizar recursos del Estado con fines electorales y de incurrir en pr\u00e1cticas irregulares durante los procesos electorales. Las declaraciones fueron ofrecidas durante un almuerzo con los [&hellip;]<\/p>\n","protected":false},"author":15,"featured_media":50204,"comment_status":"open","ping_status":"open","sticky":false,"template":"","format":"standard","meta":{"footnotes":""},"categories":[3882],"tags":[119,211,343,8733],"class_list":{"0":"post-56950","1":"post","2":"type-post","3":"status-publish","4":"format-standard","5":"has-post-thumbnail","7":"category-politica","8":"tag-gobierno","9":"tag-leonel-fernandez","10":"tag-prm","11":"tag-tramposo"},"yoast_head":"<!-- This site is optimized with the Yoast SEO plugin v27.1.1 - https:\/\/yoast.com\/product\/yoast-seo-wordpress\/ -->\n<title>Leonel define al gobierno del PRM como \u201ctramposo\u201d - Conexi\u00f3n 23<\/title>\n<meta name=\"robots\" content=\"index, follow, max-snippet:-1, max-image-preview:large, max-video-preview:-1\" \/>\n<link rel=\"canonical\" href=\"https:\/\/conexion23.com\/?p=56950\" \/>\n<meta property=\"og:locale\" content=\"es_ES\" \/>\n<meta property=\"og:type\" content=\"article\" \/>\n<meta property=\"og:title\" content=\"Leonel define al gobierno del PRM como \u201ctramposo\u201d - Conexi\u00f3n 23\" \/>\n<meta property=\"og:description\" content=\"El presidente del partido Fuerza del Pueblo (FP) y expresidente de la Rep\u00fablica, Leonel Fern\u00e1ndez, defini\u00f3 como \u201ctramposo\u201d al gobierno del Partido Revolucionario Moderno (PRM), al que acus\u00f3 de utilizar recursos del Estado con fines electorales y de incurrir en pr\u00e1cticas irregulares durante los procesos electorales. Las declaraciones fueron ofrecidas durante un almuerzo con los [&hellip;]\" \/>\n<meta property=\"og:url\" content=\"https:\/\/conexion23.com\/?p=56950\" \/>\n<meta property=\"og:site_name\" content=\"Conexi\u00f3n 23\" \/>\n<meta property=\"article:publisher\" content=\"https:\/\/www.facebook.com\/conexion23com\" \/>\n<meta property=\"article:published_time\" content=\"2026-05-03T11:00:45+00:00\" \/>\n<meta property=\"og:image\" content=\"https:\/\/conexion23.com\/wp-content\/uploads\/2025\/12\/leonel-sobre-seguro-senasa.webp\" \/>\n\t<meta property=\"og:image:width\" content=\"1280\" \/>\n\t<meta property=\"og:image:height\" content=\"854\" \/>\n\t<meta property=\"og:image:type\" content=\"image\/webp\" \/>\n<meta name=\"author\" content=\"Raffy Ben\u00edtez\" \/>\n<meta name=\"twitter:card\" content=\"summary_large_image\" \/>\n<meta name=\"twitter:label1\" content=\"Escrito por\" \/>\n\t<meta name=\"twitter:data1\" content=\"Raffy Ben\u00edtez\" \/>\n\t<meta name=\"twitter:label2\" content=\"Tiempo de lectura\" \/>\n\t<meta name=\"twitter:data2\" content=\"3 minutos\" \/>\n<script type=\"application\/ld+json\" class=\"yoast-schema-graph\">{\"@context\":\"https:\/\/schema.org\",\"@graph\":[{\"@type\":\"Article\",\"@id\":\"https:\/\/conexion23.com\/?p=56950#article\",\"isPartOf\":{\"@id\":\"https:\/\/conexion23.com\/?p=56950\"},\"author\":{\"name\":\"Raffy Ben\u00edtez\",\"@id\":\"https:\/\/conexion23.com\/#\/schema\/person\/03e36043331117e97a373299bbcd30a6\"},\"headline\":\"Leonel define al gobierno del PRM como \u201ctramposo\u201d\",\"datePublished\":\"2026-05-03T11:00:45+00:00\",\"mainEntityOfPage\":{\"@id\":\"https:\/\/conexion23.com\/?p=56950\"},\"wordCount\":509,\"commentCount\":0,\"publisher\":{\"@id\":\"https:\/\/conexion23.com\/#organization\"},\"image\":{\"@id\":\"https:\/\/conexion23.com\/?p=56950#primaryimage\"},\"thumbnailUrl\":\"https:\/\/conexion23.com\/wp-content\/uploads\/2025\/12\/leonel-sobre-seguro-senasa.webp\",\"keywords\":[\"gobierno\",\"leonel fernandez\",\"prm\",\"tramposo\"],\"articleSection\":[\"Pol\u00edtica\"],\"inLanguage\":\"es\",\"potentialAction\":[{\"@type\":\"CommentAction\",\"name\":\"Comment\",\"target\":[\"https:\/\/conexion23.com\/?p=56950#respond\"]}]},{\"@type\":\"WebPage\",\"@id\":\"https:\/\/conexion23.com\/?p=56950\",\"url\":\"https:\/\/conexion23.com\/?p=56950\",\"name\":\"Leonel define al gobierno del PRM como \u201ctramposo\u201d - Conexi\u00f3n 23\",\"isPartOf\":{\"@id\":\"https:\/\/conexion23.com\/#website\"},\"primaryImageOfPage\":{\"@id\":\"https:\/\/conexion23.com\/?p=56950#primaryimage\"},\"image\":{\"@id\":\"https:\/\/conexion23.com\/?p=56950#primaryimage\"},\"thumbnailUrl\":\"https:\/\/conexion23.com\/wp-content\/uploads\/2025\/12\/leonel-sobre-seguro-senasa.webp\",\"datePublished\":\"2026-05-03T11:00:45+00:00\",\"breadcrumb\":{\"@id\":\"https:\/\/conexion23.com\/?p=56950#breadcrumb\"},\"inLanguage\":\"es\",\"potentialAction\":[{\"@type\":\"ReadAction\",\"target\":[\"https:\/\/conexion23.com\/?p=56950\"]}]},{\"@type\":\"ImageObject\",\"inLanguage\":\"es\",\"@id\":\"https:\/\/conexion23.com\/?p=56950#primaryimage\",\"url\":\"https:\/\/conexion23.com\/wp-content\/uploads\/2025\/12\/leonel-sobre-seguro-senasa.webp\",\"contentUrl\":\"https:\/\/conexion23.com\/wp-content\/uploads\/2025\/12\/leonel-sobre-seguro-senasa.webp\",\"width\":1280,\"height\":854},{\"@type\":\"BreadcrumbList\",\"@id\":\"https:\/\/conexion23.com\/?p=56950#breadcrumb\",\"itemListElement\":[{\"@type\":\"ListItem\",\"position\":1,\"name\":\"Portada\",\"item\":\"https:\/\/conexion23.com\/\"},{\"@type\":\"ListItem\",\"position\":2,\"name\":\"Leonel define al gobierno del PRM como \u201ctramposo\u201d\"}]},{\"@type\":\"WebSite\",\"@id\":\"https:\/\/conexion23.com\/#website\",\"url\":\"https:\/\/conexion23.com\/\",\"name\":\"Conexi\u00f3n 23\",\"description\":\"Peri\u00f3dico 100% Petromacorisano\",\"publisher\":{\"@id\":\"https:\/\/conexion23.com\/#organization\"},\"potentialAction\":[{\"@type\":\"SearchAction\",\"target\":{\"@type\":\"EntryPoint\",\"urlTemplate\":\"https:\/\/conexion23.com\/?s={search_term_string}\"},\"query-input\":{\"@type\":\"PropertyValueSpecification\",\"valueRequired\":true,\"valueName\":\"search_term_string\"}}],\"inLanguage\":\"es\"},{\"@type\":\"Organization\",\"@id\":\"https:\/\/conexion23.com\/#organization\",\"name\":\"Conexion 23\",\"url\":\"https:\/\/conexion23.com\/\",\"logo\":{\"@type\":\"ImageObject\",\"inLanguage\":\"es\",\"@id\":\"https:\/\/conexion23.com\/#\/schema\/logo\/image\/\",\"url\":\"https:\/\/conexion23.com\/wp-content\/uploads\/2021\/11\/Diseno-sin-titulo-2.png\",\"contentUrl\":\"https:\/\/conexion23.com\/wp-content\/uploads\/2021\/11\/Diseno-sin-titulo-2.png\",\"width\":541,\"height\":90,\"caption\":\"Conexion 23\"},\"image\":{\"@id\":\"https:\/\/conexion23.com\/#\/schema\/logo\/image\/\"},\"sameAs\":[\"https:\/\/www.facebook.com\/conexion23com\",\"https:\/\/www.instagram.com\/conexion23com\/\",\"https:\/\/www.youtube.com\/channel\/UCYc7vxxFZMYLIHNsHHxPZ3Q\"]},{\"@type\":\"Person\",\"@id\":\"https:\/\/conexion23.com\/#\/schema\/person\/03e36043331117e97a373299bbcd30a6\",\"name\":\"Raffy Ben\u00edtez\",\"image\":{\"@type\":\"ImageObject\",\"inLanguage\":\"es\",\"@id\":\"https:\/\/conexion23.com\/#\/schema\/person\/image\/\",\"url\":\"https:\/\/secure.gravatar.com\/avatar\/3190a6a6c5e1b0327500f7d6c56b6242472ee6cb974cf09b401ee6b3b0798f23?s=96&d=mm&r=g\",\"contentUrl\":\"https:\/\/secure.gravatar.com\/avatar\/3190a6a6c5e1b0327500f7d6c56b6242472ee6cb974cf09b401ee6b3b0798f23?s=96&d=mm&r=g\",\"caption\":\"Raffy Ben\u00edtez\"},\"url\":\"https:\/\/conexion23.com\/?author=15\"}]}<\/script>\n<!-- \/ Yoast SEO plugin. -->","yoast_head_json":{"title":"Leonel define al gobierno del PRM como \u201ctramposo\u201d - Conexi\u00f3n 23","robots":{"index":"index","follow":"follow","max-snippet":"max-snippet:-1","max-image-preview":"max-image-preview:large","max-video-preview":"max-video-preview:-1"},"canonical":"https:\/\/conexion23.com\/?p=56950","og_locale":"es_ES","og_type":"article","og_title":"Leonel define al gobierno del PRM como \u201ctramposo\u201d - Conexi\u00f3n 23","og_description":"El presidente del partido Fuerza del Pueblo (FP) y expresidente de la Rep\u00fablica, Leonel Fern\u00e1ndez, defini\u00f3 como \u201ctramposo\u201d al gobierno del Partido Revolucionario Moderno (PRM), al que acus\u00f3 de utilizar recursos del Estado con fines electorales y de incurrir en pr\u00e1cticas irregulares durante los procesos electorales. Las declaraciones fueron ofrecidas durante un almuerzo con los [&hellip;]","og_url":"https:\/\/conexion23.com\/?p=56950","og_site_name":"Conexi\u00f3n 23","article_publisher":"https:\/\/www.facebook.com\/conexion23com","article_published_time":"2026-05-03T11:00:45+00:00","og_image":[{"width":1280,"height":854,"url":"https:\/\/conexion23.com\/wp-content\/uploads\/2025\/12\/leonel-sobre-seguro-senasa.webp","type":"image\/webp"}],"author":"Raffy Ben\u00edtez","twitter_card":"summary_large_image","twitter_misc":{"Escrito por":"Raffy Ben\u00edtez","Tiempo de lectura":"3 minutos"},"schema":{"@context":"https:\/\/schema.org","@graph":[{"@type":"Article","@id":"https:\/\/conexion23.com\/?p=56950#article","isPartOf":{"@id":"https:\/\/conexion23.com\/?p=56950"},"author":{"name":"Raffy Ben\u00edtez","@id":"https:\/\/conexion23.com\/#\/schema\/person\/03e36043331117e97a373299bbcd30a6"},"headline":"Leonel define al gobierno del PRM como \u201ctramposo\u201d","datePublished":"2026-05-03T11:00:45+00:00","mainEntityOfPage":{"@id":"https:\/\/conexion23.com\/?p=56950"},"wordCount":509,"commentCount":0,"publisher":{"@id":"https:\/\/conexion23.com\/#organization"},"image":{"@id":"https:\/\/conexion23.com\/?p=56950#primaryimage"},"thumbnailUrl":"https:\/\/conexion23.com\/wp-content\/uploads\/2025\/12\/leonel-sobre-seguro-senasa.webp","keywords":["gobierno","leonel fernandez","prm","tramposo"],"articleSection":["Pol\u00edtica"],"inLanguage":"es","potentialAction":[{"@type":"CommentAction","name":"Comment","target":["https:\/\/conexion23.com\/?p=56950#respond"]}]},{"@type":"WebPage","@id":"https:\/\/conexion23.com\/?p=56950","url":"https:\/\/conexion23.com\/?p=56950","name":"Leonel define al gobierno del PRM como \u201ctramposo\u201d - Conexi\u00f3n 23","isPartOf":{"@id":"https:\/\/conexion23.com\/#website"},"primaryImageOfPage":{"@id":"https:\/\/conexion23.com\/?p=56950#primaryimage"},"image":{"@id":"https:\/\/conexion23.com\/?p=56950#primaryimage"},"thumbnailUrl":"https:\/\/conexion23.com\/wp-content\/uploads\/2025\/12\/leonel-sobre-seguro-senasa.webp","datePublished":"2026-05-03T11:00:45+00:00","breadcrumb":{"@id":"https:\/\/conexion23.com\/?p=56950#breadcrumb"},"inLanguage":"es","potentialAction":[{"@type":"ReadAction","target":["https:\/\/conexion23.com\/?p=56950"]}]},{"@type":"ImageObject","inLanguage":"es","@id":"https:\/\/conexion23.com\/?p=56950#primaryimage","url":"https:\/\/conexion23.com\/wp-content\/uploads\/2025\/12\/leonel-sobre-seguro-senasa.webp","contentUrl":"https:\/\/conexion23.com\/wp-content\/uploads\/2025\/12\/leonel-sobre-seguro-senasa.webp","width":1280,"height":854},{"@type":"BreadcrumbList","@id":"https:\/\/conexion23.com\/?p=56950#breadcrumb","itemListElement":[{"@type":"ListItem","position":1,"name":"Portada","item":"https:\/\/conexion23.com\/"},{"@type":"ListItem","position":2,"name":"Leonel define al gobierno del PRM como \u201ctramposo\u201d"}]},{"@type":"WebSite","@id":"https:\/\/conexion23.com\/#website","url":"https:\/\/conexion23.com\/","name":"Conexi\u00f3n 23","description":"Peri\u00f3dico 100% Petromacorisano","publisher":{"@id":"https:\/\/conexion23.com\/#organization"},"potentialAction":[{"@type":"SearchAction","target":{"@type":"EntryPoint","urlTemplate":"https:\/\/conexion23.com\/?s={search_term_string}"},"query-input":{"@type":"PropertyValueSpecification","valueRequired":true,"valueName":"search_term_string"}}],"inLanguage":"es"},{"@type":"Organization","@id":"https:\/\/conexion23.com\/#organization","name":"Conexion 23","url":"https:\/\/conexion23.com\/","logo":{"@type":"ImageObject","inLanguage":"es","@id":"https:\/\/conexion23.com\/#\/schema\/logo\/image\/","url":"https:\/\/conexion23.com\/wp-content\/uploads\/2021\/11\/Diseno-sin-titulo-2.png","contentUrl":"https:\/\/conexion23.com\/wp-content\/uploads\/2021\/11\/Diseno-sin-titulo-2.png","width":541,"height":90,"caption":"Conexion 23"},"image":{"@id":"https:\/\/conexion23.com\/#\/schema\/logo\/image\/"},"sameAs":["https:\/\/www.facebook.com\/conexion23com","https:\/\/www.instagram.com\/conexion23com\/","https:\/\/www.youtube.com\/channel\/UCYc7vxxFZMYLIHNsHHxPZ3Q"]},{"@type":"Person","@id":"https:\/\/conexion23.com\/#\/schema\/person\/03e36043331117e97a373299bbcd30a6","name":"Raffy Ben\u00edtez","image":{"@type":"ImageObject","inLanguage":"es","@id":"https:\/\/conexion23.com\/#\/schema\/person\/image\/","url":"https:\/\/secure.gravatar.com\/avatar\/3190a6a6c5e1b0327500f7d6c56b6242472ee6cb974cf09b401ee6b3b0798f23?s=96&d=mm&r=g","contentUrl":"https:\/\/secure.gravatar.com\/avatar\/3190a6a6c5e1b0327500f7d6c56b6242472ee6cb974cf09b401ee6b3b0798f23?s=96&d=mm&r=g","caption":"Raffy Ben\u00edtez"},"url":"https:\/\/conexion23.com\/?author=15"}]}},"_links":{"self":[{"href":"https:\/\/conexion23.com\/index.php?rest_route=\/wp\/v2\/posts\/56950","targetHints":{"allow":["GET"]}}],"collection":[{"href":"https:\/\/conexion23.com\/index.php?rest_route=\/wp\/v2\/posts"}],"about":[{"href":"https:\/\/conexion23.com\/index.php?rest_route=\/wp\/v2\/types\/post"}],"author":[{"embeddable":true,"href":"https:\/\/conexion23.com\/index.php?rest_route=\/wp\/v2\/users\/15"}],"replies":[{"embeddable":true,"href":"https:\/\/conexion23.com\/index.php?rest_route=%2Fwp%2Fv2%2Fcomments&post=56950"}],"version-history":[{"count":1,"href":"https:\/\/conexion23.com\/index.php?rest_route=\/wp\/v2\/posts\/56950\/revisions"}],"predecessor-version":[{"id":56951,"href":"https:\/\/conexion23.com\/index.php?rest_route=\/wp\/v2\/posts\/56950\/revisions\/56951"}],"wp:featuredmedia":[{"embeddable":true,"href":"https:\/\/conexion23.com\/index.php?rest_route=\/wp\/v2\/media\/50204"}],"wp:attachment":[{"href":"https:\/\/conexion23.com\/index.php?rest_route=%2Fwp%2Fv2%2Fmedia&parent=56950"}],"wp:term":[{"taxonomy":"category","embeddable":true,"href":"https:\/\/conexion23.com\/index.php?rest_route=%2Fwp%2Fv2%2Fcategories&post=56950"},{"taxonomy":"post_tag","embeddable":true,"href":"https:\/\/conexion23.com\/index.php?rest_route=%2Fwp%2Fv2%2Ftags&post=56950"}],"curies":[{"name":"wp","href":"https:\/\/api.w.org\/{rel}","templated":true}]}}