{"id":56955,"date":"2026-05-03T07:00:04","date_gmt":"2026-05-03T11:00:04","guid":{"rendered":"https:\/\/conexion23.com\/?p=56955"},"modified":"2026-05-02T23:28:33","modified_gmt":"2026-05-03T03:28:33","slug":"5-venezolanos-un-colombiano-y-dos-dominicanos-arrestados-por-cargamento-de-1-7-kilos-de-coca","status":"publish","type":"post","link":"https:\/\/conexion23.com\/?p=56955","title":{"rendered":"5 venezolanos, un colombiano y dos dominicanos arrestados por cargamento de 1.7 kilos de coca"},"content":{"rendered":"<p id=\"m91298-91297-91299\" style=\"text-align: justify;\">Ocho presuntos narcotraficantes de tres nacionalidades venezolana, colombiana y dominicana fueron arrestados el s\u00e1bado por su vinculaci\u00f3n al cargamento de 1.7 toneladas de coca\u00edna incautada recientemente frente a las costas de la provincia de Pedernales, en una operaci\u00f3n realizada con apoyo de Estados Unidos.<\/p>\n<p id=\"m91303-91302-91304\" style=\"text-align: justify;\">La informaci\u00f3n fue dada a conocer por la<b>\u00a0Direcci\u00f3n Nacional de Control de Drogas\u00a0<\/b>(DNCD).<\/p>\n<p id=\"m91308-91307-91309\" style=\"text-align: justify;\">Del total de detenidos, cinco son ciudadanos venezolanos:\u00a0<b>Pedro Marcano Larosa, Jeorge Luis Espina V\u00edlchez, Yoenny Yaguar Ugaz<\/b>, Auderma Jos\u00e9 Salazar, tambi\u00e9n identificado como Douglas Enmanuel Guti\u00e9rrez, y Ronni Jos\u00e9 L\u00f3pez.<\/p>\n<p id=\"m91313-91312-91314\" style=\"text-align: justify;\">A estos se suma el colombiano Erick Gonz\u00e1lez Gonz\u00e1lez, as\u00ed como los dominicanos Juan Daniel Cuevas y Wilbert Orlando Medina Medina.<\/p>\n<p id=\"m91318-91317-91319\" style=\"text-align: justify;\">Las detenciones se produjeron en dos operativos simult\u00e1neos. En el Vacacional de Haina, provincia San Crist\u00f3bal, fueron arrestados los extranjeros mediante \u00f3rdenes judiciales, mientras que en el sector La Placeta, en Azua, fueron capturados los dos ciudadanos dominicanos.<\/p>\n<p id=\"m91323-91322-91324\" style=\"text-align: justify;\">Las autoridades vinculan a los detenidos con el decomiso de<b>\u00a01,670 paquetes de coca\u00edna, con un peso total de 1.7 kilogramos<\/b>, incautados en una operaci\u00f3n mar\u00edtima desarrollada frente a las costas de Pedernales.<\/p>\n<p id=\"m91328-91327-91329\" style=\"text-align: justify;\">En la intervenci\u00f3n participaron agentes de la DNCD, efectivos de la Armada de Rep\u00fablica Dominicana, la Direcci\u00f3n General de Migraci\u00f3n y el Ministerio P\u00fablico, con apoyo internacional de la Fuerza de Tarea Interagencial Sur (JIATFS) y la Administraci\u00f3n de Control de Drogas de Estados Unidos (<b>DEA<\/b>).<\/p>\n<p id=\"m91333-91332-91334\" style=\"text-align: justify;\">El cargamento era transportado en una lancha r\u00e1pida que, al ser interceptada, intent\u00f3 evadir a las autoridades, indic\u00f3 la\u00a0<b>DNCD<\/b>.<\/p>\n<p id=\"m91338-91337-91339\" style=\"text-align: justify;\">Durante la persecuci\u00f3n, los ocupantes encallaron la embarcaci\u00f3n en las proximidades de playa Blanca, en la comunidad de Trudill\u00e9, donde se produjo un intercambio de disparos tras los sospechosos abrir fuego contra los agentes.<\/p>\n<p id=\"m91343-91342-91344\" style=\"text-align: justify;\">\u201cEstamos frente a estructuras criminales que emplean narcolanchas equipadas con potentes motores fuera de borda y tecnolog\u00eda avanzada de comunicaci\u00f3n, cuyo modo operativo, consiste en tratar de introducir a territorio dominicano, grandes cargamentos de drogas procedentes de Sudam\u00e9rica\u201d, explic\u00f3 la DNCD.<\/p>\n","protected":false},"excerpt":{"rendered":"<p>Ocho presuntos narcotraficantes de tres nacionalidades venezolana, colombiana y dominicana fueron arrestados el s\u00e1bado por su vinculaci\u00f3n al cargamento de 1.7 toneladas de coca\u00edna incautada recientemente frente a las costas de la provincia de Pedernales, en una operaci\u00f3n realizada con apoyo de Estados Unidos. La informaci\u00f3n fue dada a conocer por la\u00a0Direcci\u00f3n Nacional de Control [&hellip;]<\/p>\n","protected":false},"author":15,"featured_media":56956,"comment_status":"open","ping_status":"open","sticky":false,"template":"","format":"standard","meta":{"footnotes":""},"categories":[3913,3773],"tags":[8735,2566,595,1169,316,8734],"class_list":{"0":"post-56955","1":"post","2":"type-post","3":"status-publish","4":"format-standard","5":"has-post-thumbnail","7":"category-nacionales","8":"category-portada","9":"tag-arrestados","10":"tag-cargamento","11":"tag-cocaina","12":"tag-colombiano","13":"tag-dominicanos","14":"tag-venezolanos"},"yoast_head":"<!-- This site is optimized with the Yoast SEO plugin v27.1.1 - https:\/\/yoast.com\/product\/yoast-seo-wordpress\/ -->\n<title>5 venezolanos, un colombiano y dos dominicanos arrestados por cargamento de 1.7 kilos de coca - Conexi\u00f3n 23<\/title>\n<meta name=\"robots\" content=\"index, follow, max-snippet:-1, max-image-preview:large, max-video-preview:-1\" \/>\n<link rel=\"canonical\" href=\"https:\/\/conexion23.com\/?p=56955\" \/>\n<meta property=\"og:locale\" content=\"es_ES\" \/>\n<meta property=\"og:type\" content=\"article\" \/>\n<meta property=\"og:title\" content=\"5 venezolanos, un colombiano y dos dominicanos arrestados por cargamento de 1.7 kilos de coca - Conexi\u00f3n 23\" \/>\n<meta property=\"og:description\" content=\"Ocho presuntos narcotraficantes de tres nacionalidades venezolana, colombiana y dominicana fueron arrestados el s\u00e1bado por su vinculaci\u00f3n al cargamento de 1.7 toneladas de coca\u00edna incautada recientemente frente a las costas de la provincia de Pedernales, en una operaci\u00f3n realizada con apoyo de Estados Unidos. La informaci\u00f3n fue dada a conocer por la\u00a0Direcci\u00f3n Nacional de Control [&hellip;]\" \/>\n<meta property=\"og:url\" content=\"https:\/\/conexion23.com\/?p=56955\" \/>\n<meta property=\"og:site_name\" content=\"Conexi\u00f3n 23\" \/>\n<meta property=\"article:publisher\" content=\"https:\/\/www.facebook.com\/conexion23com\" \/>\n<meta property=\"article:published_time\" content=\"2026-05-03T11:00:04+00:00\" \/>\n<meta property=\"og:image\" content=\"https:\/\/conexion23.com\/wp-content\/uploads\/2026\/05\/69f69c0b20aec.jpeg\" \/>\n\t<meta property=\"og:image:width\" content=\"800\" \/>\n\t<meta property=\"og:image:height\" content=\"444\" \/>\n\t<meta property=\"og:image:type\" content=\"image\/jpeg\" \/>\n<meta name=\"author\" content=\"Raffy Ben\u00edtez\" \/>\n<meta name=\"twitter:card\" content=\"summary_large_image\" \/>\n<meta name=\"twitter:label1\" content=\"Escrito por\" \/>\n\t<meta name=\"twitter:data1\" content=\"Raffy Ben\u00edtez\" \/>\n\t<meta name=\"twitter:label2\" content=\"Tiempo de lectura\" \/>\n\t<meta name=\"twitter:data2\" content=\"2 minutos\" \/>\n<script type=\"application\/ld+json\" class=\"yoast-schema-graph\">{\"@context\":\"https:\/\/schema.org\",\"@graph\":[{\"@type\":\"Article\",\"@id\":\"https:\/\/conexion23.com\/?p=56955#article\",\"isPartOf\":{\"@id\":\"https:\/\/conexion23.com\/?p=56955\"},\"author\":{\"name\":\"Raffy Ben\u00edtez\",\"@id\":\"https:\/\/conexion23.com\/#\/schema\/person\/03e36043331117e97a373299bbcd30a6\"},\"headline\":\"5 venezolanos, un colombiano y dos dominicanos arrestados por cargamento de 1.7 kilos de coca\",\"datePublished\":\"2026-05-03T11:00:04+00:00\",\"mainEntityOfPage\":{\"@id\":\"https:\/\/conexion23.com\/?p=56955\"},\"wordCount\":362,\"commentCount\":0,\"publisher\":{\"@id\":\"https:\/\/conexion23.com\/#organization\"},\"image\":{\"@id\":\"https:\/\/conexion23.com\/?p=56955#primaryimage\"},\"thumbnailUrl\":\"https:\/\/conexion23.com\/wp-content\/uploads\/2026\/05\/69f69c0b20aec.jpeg\",\"keywords\":[\"arrestados\",\"cargamento\",\"cocaina\",\"colombiano\",\"dominicanos\",\"venezolanos\"],\"articleSection\":[\"Nacionales\",\"Portada\"],\"inLanguage\":\"es\",\"potentialAction\":[{\"@type\":\"CommentAction\",\"name\":\"Comment\",\"target\":[\"https:\/\/conexion23.com\/?p=56955#respond\"]}]},{\"@type\":\"WebPage\",\"@id\":\"https:\/\/conexion23.com\/?p=56955\",\"url\":\"https:\/\/conexion23.com\/?p=56955\",\"name\":\"5 venezolanos, un colombiano y dos dominicanos arrestados por cargamento de 1.7 kilos de coca - Conexi\u00f3n 23\",\"isPartOf\":{\"@id\":\"https:\/\/conexion23.com\/#website\"},\"primaryImageOfPage\":{\"@id\":\"https:\/\/conexion23.com\/?p=56955#primaryimage\"},\"image\":{\"@id\":\"https:\/\/conexion23.com\/?p=56955#primaryimage\"},\"thumbnailUrl\":\"https:\/\/conexion23.com\/wp-content\/uploads\/2026\/05\/69f69c0b20aec.jpeg\",\"datePublished\":\"2026-05-03T11:00:04+00:00\",\"breadcrumb\":{\"@id\":\"https:\/\/conexion23.com\/?p=56955#breadcrumb\"},\"inLanguage\":\"es\",\"potentialAction\":[{\"@type\":\"ReadAction\",\"target\":[\"https:\/\/conexion23.com\/?p=56955\"]}]},{\"@type\":\"ImageObject\",\"inLanguage\":\"es\",\"@id\":\"https:\/\/conexion23.com\/?p=56955#primaryimage\",\"url\":\"https:\/\/conexion23.com\/wp-content\/uploads\/2026\/05\/69f69c0b20aec.jpeg\",\"contentUrl\":\"https:\/\/conexion23.com\/wp-content\/uploads\/2026\/05\/69f69c0b20aec.jpeg\",\"width\":800,\"height\":444},{\"@type\":\"BreadcrumbList\",\"@id\":\"https:\/\/conexion23.com\/?p=56955#breadcrumb\",\"itemListElement\":[{\"@type\":\"ListItem\",\"position\":1,\"name\":\"Portada\",\"item\":\"https:\/\/conexion23.com\/\"},{\"@type\":\"ListItem\",\"position\":2,\"name\":\"5 venezolanos, un colombiano y dos dominicanos arrestados por cargamento de 1.7 kilos de coca\"}]},{\"@type\":\"WebSite\",\"@id\":\"https:\/\/conexion23.com\/#website\",\"url\":\"https:\/\/conexion23.com\/\",\"name\":\"Conexi\u00f3n 23\",\"description\":\"Peri\u00f3dico 100% Petromacorisano\",\"publisher\":{\"@id\":\"https:\/\/conexion23.com\/#organization\"},\"potentialAction\":[{\"@type\":\"SearchAction\",\"target\":{\"@type\":\"EntryPoint\",\"urlTemplate\":\"https:\/\/conexion23.com\/?s={search_term_string}\"},\"query-input\":{\"@type\":\"PropertyValueSpecification\",\"valueRequired\":true,\"valueName\":\"search_term_string\"}}],\"inLanguage\":\"es\"},{\"@type\":\"Organization\",\"@id\":\"https:\/\/conexion23.com\/#organization\",\"name\":\"Conexion 23\",\"url\":\"https:\/\/conexion23.com\/\",\"logo\":{\"@type\":\"ImageObject\",\"inLanguage\":\"es\",\"@id\":\"https:\/\/conexion23.com\/#\/schema\/logo\/image\/\",\"url\":\"https:\/\/conexion23.com\/wp-content\/uploads\/2021\/11\/Diseno-sin-titulo-2.png\",\"contentUrl\":\"https:\/\/conexion23.com\/wp-content\/uploads\/2021\/11\/Diseno-sin-titulo-2.png\",\"width\":541,\"height\":90,\"caption\":\"Conexion 23\"},\"image\":{\"@id\":\"https:\/\/conexion23.com\/#\/schema\/logo\/image\/\"},\"sameAs\":[\"https:\/\/www.facebook.com\/conexion23com\",\"https:\/\/www.instagram.com\/conexion23com\/\",\"https:\/\/www.youtube.com\/channel\/UCYc7vxxFZMYLIHNsHHxPZ3Q\"]},{\"@type\":\"Person\",\"@id\":\"https:\/\/conexion23.com\/#\/schema\/person\/03e36043331117e97a373299bbcd30a6\",\"name\":\"Raffy Ben\u00edtez\",\"image\":{\"@type\":\"ImageObject\",\"inLanguage\":\"es\",\"@id\":\"https:\/\/conexion23.com\/#\/schema\/person\/image\/\",\"url\":\"https:\/\/secure.gravatar.com\/avatar\/3190a6a6c5e1b0327500f7d6c56b6242472ee6cb974cf09b401ee6b3b0798f23?s=96&d=mm&r=g\",\"contentUrl\":\"https:\/\/secure.gravatar.com\/avatar\/3190a6a6c5e1b0327500f7d6c56b6242472ee6cb974cf09b401ee6b3b0798f23?s=96&d=mm&r=g\",\"caption\":\"Raffy Ben\u00edtez\"},\"url\":\"https:\/\/conexion23.com\/?author=15\"}]}<\/script>\n<!-- \/ Yoast SEO plugin. -->","yoast_head_json":{"title":"5 venezolanos, un colombiano y dos dominicanos arrestados por cargamento de 1.7 kilos de coca - Conexi\u00f3n 23","robots":{"index":"index","follow":"follow","max-snippet":"max-snippet:-1","max-image-preview":"max-image-preview:large","max-video-preview":"max-video-preview:-1"},"canonical":"https:\/\/conexion23.com\/?p=56955","og_locale":"es_ES","og_type":"article","og_title":"5 venezolanos, un colombiano y dos dominicanos arrestados por cargamento de 1.7 kilos de coca - Conexi\u00f3n 23","og_description":"Ocho presuntos narcotraficantes de tres nacionalidades venezolana, colombiana y dominicana fueron arrestados el s\u00e1bado por su vinculaci\u00f3n al cargamento de 1.7 toneladas de coca\u00edna incautada recientemente frente a las costas de la provincia de Pedernales, en una operaci\u00f3n realizada con apoyo de Estados Unidos. La informaci\u00f3n fue dada a conocer por la\u00a0Direcci\u00f3n Nacional de Control [&hellip;]","og_url":"https:\/\/conexion23.com\/?p=56955","og_site_name":"Conexi\u00f3n 23","article_publisher":"https:\/\/www.facebook.com\/conexion23com","article_published_time":"2026-05-03T11:00:04+00:00","og_image":[{"width":800,"height":444,"url":"https:\/\/conexion23.com\/wp-content\/uploads\/2026\/05\/69f69c0b20aec.jpeg","type":"image\/jpeg"}],"author":"Raffy Ben\u00edtez","twitter_card":"summary_large_image","twitter_misc":{"Escrito por":"Raffy Ben\u00edtez","Tiempo de lectura":"2 minutos"},"schema":{"@context":"https:\/\/schema.org","@graph":[{"@type":"Article","@id":"https:\/\/conexion23.com\/?p=56955#article","isPartOf":{"@id":"https:\/\/conexion23.com\/?p=56955"},"author":{"name":"Raffy Ben\u00edtez","@id":"https:\/\/conexion23.com\/#\/schema\/person\/03e36043331117e97a373299bbcd30a6"},"headline":"5 venezolanos, un colombiano y dos dominicanos arrestados por cargamento de 1.7 kilos de coca","datePublished":"2026-05-03T11:00:04+00:00","mainEntityOfPage":{"@id":"https:\/\/conexion23.com\/?p=56955"},"wordCount":362,"commentCount":0,"publisher":{"@id":"https:\/\/conexion23.com\/#organization"},"image":{"@id":"https:\/\/conexion23.com\/?p=56955#primaryimage"},"thumbnailUrl":"https:\/\/conexion23.com\/wp-content\/uploads\/2026\/05\/69f69c0b20aec.jpeg","keywords":["arrestados","cargamento","cocaina","colombiano","dominicanos","venezolanos"],"articleSection":["Nacionales","Portada"],"inLanguage":"es","potentialAction":[{"@type":"CommentAction","name":"Comment","target":["https:\/\/conexion23.com\/?p=56955#respond"]}]},{"@type":"WebPage","@id":"https:\/\/conexion23.com\/?p=56955","url":"https:\/\/conexion23.com\/?p=56955","name":"5 venezolanos, un colombiano y dos dominicanos arrestados por cargamento de 1.7 kilos de coca - Conexi\u00f3n 23","isPartOf":{"@id":"https:\/\/conexion23.com\/#website"},"primaryImageOfPage":{"@id":"https:\/\/conexion23.com\/?p=56955#primaryimage"},"image":{"@id":"https:\/\/conexion23.com\/?p=56955#primaryimage"},"thumbnailUrl":"https:\/\/conexion23.com\/wp-content\/uploads\/2026\/05\/69f69c0b20aec.jpeg","datePublished":"2026-05-03T11:00:04+00:00","breadcrumb":{"@id":"https:\/\/conexion23.com\/?p=56955#breadcrumb"},"inLanguage":"es","potentialAction":[{"@type":"ReadAction","target":["https:\/\/conexion23.com\/?p=56955"]}]},{"@type":"ImageObject","inLanguage":"es","@id":"https:\/\/conexion23.com\/?p=56955#primaryimage","url":"https:\/\/conexion23.com\/wp-content\/uploads\/2026\/05\/69f69c0b20aec.jpeg","contentUrl":"https:\/\/conexion23.com\/wp-content\/uploads\/2026\/05\/69f69c0b20aec.jpeg","width":800,"height":444},{"@type":"BreadcrumbList","@id":"https:\/\/conexion23.com\/?p=56955#breadcrumb","itemListElement":[{"@type":"ListItem","position":1,"name":"Portada","item":"https:\/\/conexion23.com\/"},{"@type":"ListItem","position":2,"name":"5 venezolanos, un colombiano y dos dominicanos arrestados por cargamento de 1.7 kilos de coca"}]},{"@type":"WebSite","@id":"https:\/\/conexion23.com\/#website","url":"https:\/\/conexion23.com\/","name":"Conexi\u00f3n 23","description":"Peri\u00f3dico 100% Petromacorisano","publisher":{"@id":"https:\/\/conexion23.com\/#organization"},"potentialAction":[{"@type":"SearchAction","target":{"@type":"EntryPoint","urlTemplate":"https:\/\/conexion23.com\/?s={search_term_string}"},"query-input":{"@type":"PropertyValueSpecification","valueRequired":true,"valueName":"search_term_string"}}],"inLanguage":"es"},{"@type":"Organization","@id":"https:\/\/conexion23.com\/#organization","name":"Conexion 23","url":"https:\/\/conexion23.com\/","logo":{"@type":"ImageObject","inLanguage":"es","@id":"https:\/\/conexion23.com\/#\/schema\/logo\/image\/","url":"https:\/\/conexion23.com\/wp-content\/uploads\/2021\/11\/Diseno-sin-titulo-2.png","contentUrl":"https:\/\/conexion23.com\/wp-content\/uploads\/2021\/11\/Diseno-sin-titulo-2.png","width":541,"height":90,"caption":"Conexion 23"},"image":{"@id":"https:\/\/conexion23.com\/#\/schema\/logo\/image\/"},"sameAs":["https:\/\/www.facebook.com\/conexion23com","https:\/\/www.instagram.com\/conexion23com\/","https:\/\/www.youtube.com\/channel\/UCYc7vxxFZMYLIHNsHHxPZ3Q"]},{"@type":"Person","@id":"https:\/\/conexion23.com\/#\/schema\/person\/03e36043331117e97a373299bbcd30a6","name":"Raffy Ben\u00edtez","image":{"@type":"ImageObject","inLanguage":"es","@id":"https:\/\/conexion23.com\/#\/schema\/person\/image\/","url":"https:\/\/secure.gravatar.com\/avatar\/3190a6a6c5e1b0327500f7d6c56b6242472ee6cb974cf09b401ee6b3b0798f23?s=96&d=mm&r=g","contentUrl":"https:\/\/secure.gravatar.com\/avatar\/3190a6a6c5e1b0327500f7d6c56b6242472ee6cb974cf09b401ee6b3b0798f23?s=96&d=mm&r=g","caption":"Raffy Ben\u00edtez"},"url":"https:\/\/conexion23.com\/?author=15"}]}},"_links":{"self":[{"href":"https:\/\/conexion23.com\/index.php?rest_route=\/wp\/v2\/posts\/56955","targetHints":{"allow":["GET"]}}],"collection":[{"href":"https:\/\/conexion23.com\/index.php?rest_route=\/wp\/v2\/posts"}],"about":[{"href":"https:\/\/conexion23.com\/index.php?rest_route=\/wp\/v2\/types\/post"}],"author":[{"embeddable":true,"href":"https:\/\/conexion23.com\/index.php?rest_route=\/wp\/v2\/users\/15"}],"replies":[{"embeddable":true,"href":"https:\/\/conexion23.com\/index.php?rest_route=%2Fwp%2Fv2%2Fcomments&post=56955"}],"version-history":[{"count":1,"href":"https:\/\/conexion23.com\/index.php?rest_route=\/wp\/v2\/posts\/56955\/revisions"}],"predecessor-version":[{"id":56957,"href":"https:\/\/conexion23.com\/index.php?rest_route=\/wp\/v2\/posts\/56955\/revisions\/56957"}],"wp:featuredmedia":[{"embeddable":true,"href":"https:\/\/conexion23.com\/index.php?rest_route=\/wp\/v2\/media\/56956"}],"wp:attachment":[{"href":"https:\/\/conexion23.com\/index.php?rest_route=%2Fwp%2Fv2%2Fmedia&parent=56955"}],"wp:term":[{"taxonomy":"category","embeddable":true,"href":"https:\/\/conexion23.com\/index.php?rest_route=%2Fwp%2Fv2%2Fcategories&post=56955"},{"taxonomy":"post_tag","embeddable":true,"href":"https:\/\/conexion23.com\/index.php?rest_route=%2Fwp%2Fv2%2Ftags&post=56955"}],"curies":[{"name":"wp","href":"https:\/\/api.w.org\/{rel}","templated":true}]}}