{"id":56961,"date":"2026-05-03T07:05:38","date_gmt":"2026-05-03T11:05:38","guid":{"rendered":"https:\/\/conexion23.com\/?p=56961"},"modified":"2026-05-02T23:41:14","modified_gmt":"2026-05-03T03:41:14","slug":"crece-llamado-a-frenar-proyecto-minero-en-san-juan-para-evitar-conflicto-social","status":"publish","type":"post","link":"https:\/\/conexion23.com\/?p=56961","title":{"rendered":"Crece llamado a frenar proyecto minero en San Juan para evitar conflicto social"},"content":{"rendered":"<p style=\"text-align: justify;\">San Juan, Rep\u00fablica Dominicana.\u2013\u00a0Sectores sociales y comunitarios elevaron un\u00a0llamado directo al presidente de la Rep\u00fablica\u00a0para que\u00a0detenga el proyecto minero\u00a0en esta provincia, advirtiendo sobre el riesgo de\u00a0conflicto social y posible derramamiento de sangre si no se atienden las demandas de la poblaci\u00f3n.<\/p>\n<p style=\"text-align: justify;\">Los denunciantes sostienen que existe un\u00a0rechazo mayoritario del pueblo dominicano, especialmente de los\u00a0sanjuaneros, quienes aseguran que la actividad minera podr\u00eda provocar un\u00a0grave impacto ambiental, afectando de forma directa\u00a0las fuentes de agua, consideradas vitales para la vida y la producci\u00f3n agr\u00edcola de la zona.<\/p>\n<p style=\"text-align: justify;\">En sus planteamientos, comparan las posibles consecuencias con situaciones ambientales pasadas, se\u00f1alando que el da\u00f1o ser\u00eda\u00a0irreversible. \u201cEl agua es vida\u201d, reiteran como consigna central, insistiendo en que el desarrollo econ\u00f3mico no debe imponerse por encima de los\u00a0recursos naturales ni la salud de la poblaci\u00f3n.<\/p>\n<p style=\"text-align: justify;\">Asimismo, advirtieron que\u00a0comunidades organizadas est\u00e1n dispuestas a movilizarse en defensa de su territorio, lo que podr\u00eda escalar el nivel de tensi\u00f3n en la provincia si no se produce una respuesta oportuna por parte de las autoridades.<\/p>\n<p style=\"text-align: justify;\">El llamado concluye con una exhortaci\u00f3n al mandatario a\u00a0priorizar el bienestar colectivo sobre los intereses econ\u00f3micos, en medio de un debate que contin\u00faa generando\u00a0amplia discusi\u00f3n en la opini\u00f3n p\u00fablica nacional.<\/p>\n","protected":false},"excerpt":{"rendered":"<p>San Juan, Rep\u00fablica Dominicana.\u2013\u00a0Sectores sociales y comunitarios elevaron un\u00a0llamado directo al presidente de la Rep\u00fablica\u00a0para que\u00a0detenga el proyecto minero\u00a0en esta provincia, advirtiendo sobre el riesgo de\u00a0conflicto social y posible derramamiento de sangre si no se atienden las demandas de la poblaci\u00f3n. Los denunciantes sostienen que existe un\u00a0rechazo mayoritario del pueblo dominicano, especialmente de los\u00a0sanjuaneros, quienes [&hellip;]<\/p>\n","protected":false},"author":15,"featured_media":56962,"comment_status":"open","ping_status":"open","sticky":false,"template":"","format":"standard","meta":{"footnotes":""},"categories":[3773],"tags":[8742,8740,8741,159],"class_list":{"0":"post-56961","1":"post","2":"type-post","3":"status-publish","4":"format-standard","5":"has-post-thumbnail","7":"category-portada","8":"tag-conflicto-social","9":"tag-crece-llamado","10":"tag-frenar-proyecto","11":"tag-san-juan"},"yoast_head":"<!-- This site is optimized with the Yoast SEO plugin v27.1.1 - https:\/\/yoast.com\/product\/yoast-seo-wordpress\/ -->\n<title>Crece llamado a frenar proyecto minero en San Juan para evitar conflicto social - Conexi\u00f3n 23<\/title>\n<meta name=\"robots\" content=\"index, follow, max-snippet:-1, max-image-preview:large, max-video-preview:-1\" \/>\n<link rel=\"canonical\" href=\"https:\/\/conexion23.com\/?p=56961\" \/>\n<meta property=\"og:locale\" content=\"es_ES\" \/>\n<meta property=\"og:type\" content=\"article\" \/>\n<meta property=\"og:title\" content=\"Crece llamado a frenar proyecto minero en San Juan para evitar conflicto social - Conexi\u00f3n 23\" \/>\n<meta property=\"og:description\" content=\"San Juan, Rep\u00fablica Dominicana.\u2013\u00a0Sectores sociales y comunitarios elevaron un\u00a0llamado directo al presidente de la Rep\u00fablica\u00a0para que\u00a0detenga el proyecto minero\u00a0en esta provincia, advirtiendo sobre el riesgo de\u00a0conflicto social y posible derramamiento de sangre si no se atienden las demandas de la poblaci\u00f3n. Los denunciantes sostienen que existe un\u00a0rechazo mayoritario del pueblo dominicano, especialmente de los\u00a0sanjuaneros, quienes [&hellip;]\" \/>\n<meta property=\"og:url\" content=\"https:\/\/conexion23.com\/?p=56961\" \/>\n<meta property=\"og:site_name\" content=\"Conexi\u00f3n 23\" \/>\n<meta property=\"article:publisher\" content=\"https:\/\/www.facebook.com\/conexion23com\" \/>\n<meta property=\"article:published_time\" content=\"2026-05-03T11:05:38+00:00\" \/>\n<meta property=\"og:image\" content=\"https:\/\/conexion23.com\/wp-content\/uploads\/2026\/05\/56745535645667564345345474564561435542483534456456rte1-e1777779632453.webp\" \/>\n\t<meta property=\"og:image:width\" content=\"1200\" \/>\n\t<meta property=\"og:image:height\" content=\"548\" \/>\n\t<meta property=\"og:image:type\" content=\"image\/webp\" \/>\n<meta name=\"author\" content=\"Raffy Ben\u00edtez\" \/>\n<meta name=\"twitter:card\" content=\"summary_large_image\" \/>\n<meta name=\"twitter:label1\" content=\"Escrito por\" \/>\n\t<meta name=\"twitter:data1\" content=\"Raffy Ben\u00edtez\" \/>\n\t<meta name=\"twitter:label2\" content=\"Tiempo de lectura\" \/>\n\t<meta name=\"twitter:data2\" content=\"2 minutos\" \/>\n<script type=\"application\/ld+json\" class=\"yoast-schema-graph\">{\"@context\":\"https:\/\/schema.org\",\"@graph\":[{\"@type\":\"Article\",\"@id\":\"https:\/\/conexion23.com\/?p=56961#article\",\"isPartOf\":{\"@id\":\"https:\/\/conexion23.com\/?p=56961\"},\"author\":{\"name\":\"Raffy Ben\u00edtez\",\"@id\":\"https:\/\/conexion23.com\/#\/schema\/person\/03e36043331117e97a373299bbcd30a6\"},\"headline\":\"Crece llamado a frenar proyecto minero en San Juan para evitar conflicto social\",\"datePublished\":\"2026-05-03T11:05:38+00:00\",\"mainEntityOfPage\":{\"@id\":\"https:\/\/conexion23.com\/?p=56961\"},\"wordCount\":242,\"commentCount\":0,\"publisher\":{\"@id\":\"https:\/\/conexion23.com\/#organization\"},\"image\":{\"@id\":\"https:\/\/conexion23.com\/?p=56961#primaryimage\"},\"thumbnailUrl\":\"https:\/\/conexion23.com\/wp-content\/uploads\/2026\/05\/56745535645667564345345474564561435542483534456456rte1-e1777779632453.webp\",\"keywords\":[\"conflicto social\",\"Crece llamado\",\"frenar proyecto\",\"san juan\"],\"articleSection\":[\"Portada\"],\"inLanguage\":\"es\",\"potentialAction\":[{\"@type\":\"CommentAction\",\"name\":\"Comment\",\"target\":[\"https:\/\/conexion23.com\/?p=56961#respond\"]}]},{\"@type\":\"WebPage\",\"@id\":\"https:\/\/conexion23.com\/?p=56961\",\"url\":\"https:\/\/conexion23.com\/?p=56961\",\"name\":\"Crece llamado a frenar proyecto minero en San Juan para evitar conflicto social - Conexi\u00f3n 23\",\"isPartOf\":{\"@id\":\"https:\/\/conexion23.com\/#website\"},\"primaryImageOfPage\":{\"@id\":\"https:\/\/conexion23.com\/?p=56961#primaryimage\"},\"image\":{\"@id\":\"https:\/\/conexion23.com\/?p=56961#primaryimage\"},\"thumbnailUrl\":\"https:\/\/conexion23.com\/wp-content\/uploads\/2026\/05\/56745535645667564345345474564561435542483534456456rte1-e1777779632453.webp\",\"datePublished\":\"2026-05-03T11:05:38+00:00\",\"breadcrumb\":{\"@id\":\"https:\/\/conexion23.com\/?p=56961#breadcrumb\"},\"inLanguage\":\"es\",\"potentialAction\":[{\"@type\":\"ReadAction\",\"target\":[\"https:\/\/conexion23.com\/?p=56961\"]}]},{\"@type\":\"ImageObject\",\"inLanguage\":\"es\",\"@id\":\"https:\/\/conexion23.com\/?p=56961#primaryimage\",\"url\":\"https:\/\/conexion23.com\/wp-content\/uploads\/2026\/05\/56745535645667564345345474564561435542483534456456rte1-e1777779632453.webp\",\"contentUrl\":\"https:\/\/conexion23.com\/wp-content\/uploads\/2026\/05\/56745535645667564345345474564561435542483534456456rte1-e1777779632453.webp\",\"width\":1200,\"height\":548},{\"@type\":\"BreadcrumbList\",\"@id\":\"https:\/\/conexion23.com\/?p=56961#breadcrumb\",\"itemListElement\":[{\"@type\":\"ListItem\",\"position\":1,\"name\":\"Portada\",\"item\":\"https:\/\/conexion23.com\/\"},{\"@type\":\"ListItem\",\"position\":2,\"name\":\"Crece llamado a frenar proyecto minero en San Juan para evitar conflicto social\"}]},{\"@type\":\"WebSite\",\"@id\":\"https:\/\/conexion23.com\/#website\",\"url\":\"https:\/\/conexion23.com\/\",\"name\":\"Conexi\u00f3n 23\",\"description\":\"Peri\u00f3dico 100% Petromacorisano\",\"publisher\":{\"@id\":\"https:\/\/conexion23.com\/#organization\"},\"potentialAction\":[{\"@type\":\"SearchAction\",\"target\":{\"@type\":\"EntryPoint\",\"urlTemplate\":\"https:\/\/conexion23.com\/?s={search_term_string}\"},\"query-input\":{\"@type\":\"PropertyValueSpecification\",\"valueRequired\":true,\"valueName\":\"search_term_string\"}}],\"inLanguage\":\"es\"},{\"@type\":\"Organization\",\"@id\":\"https:\/\/conexion23.com\/#organization\",\"name\":\"Conexion 23\",\"url\":\"https:\/\/conexion23.com\/\",\"logo\":{\"@type\":\"ImageObject\",\"inLanguage\":\"es\",\"@id\":\"https:\/\/conexion23.com\/#\/schema\/logo\/image\/\",\"url\":\"https:\/\/conexion23.com\/wp-content\/uploads\/2021\/11\/Diseno-sin-titulo-2.png\",\"contentUrl\":\"https:\/\/conexion23.com\/wp-content\/uploads\/2021\/11\/Diseno-sin-titulo-2.png\",\"width\":541,\"height\":90,\"caption\":\"Conexion 23\"},\"image\":{\"@id\":\"https:\/\/conexion23.com\/#\/schema\/logo\/image\/\"},\"sameAs\":[\"https:\/\/www.facebook.com\/conexion23com\",\"https:\/\/www.instagram.com\/conexion23com\/\",\"https:\/\/www.youtube.com\/channel\/UCYc7vxxFZMYLIHNsHHxPZ3Q\"]},{\"@type\":\"Person\",\"@id\":\"https:\/\/conexion23.com\/#\/schema\/person\/03e36043331117e97a373299bbcd30a6\",\"name\":\"Raffy Ben\u00edtez\",\"image\":{\"@type\":\"ImageObject\",\"inLanguage\":\"es\",\"@id\":\"https:\/\/conexion23.com\/#\/schema\/person\/image\/\",\"url\":\"https:\/\/secure.gravatar.com\/avatar\/3190a6a6c5e1b0327500f7d6c56b6242472ee6cb974cf09b401ee6b3b0798f23?s=96&d=mm&r=g\",\"contentUrl\":\"https:\/\/secure.gravatar.com\/avatar\/3190a6a6c5e1b0327500f7d6c56b6242472ee6cb974cf09b401ee6b3b0798f23?s=96&d=mm&r=g\",\"caption\":\"Raffy Ben\u00edtez\"},\"url\":\"https:\/\/conexion23.com\/?author=15\"}]}<\/script>\n<!-- \/ Yoast SEO plugin. -->","yoast_head_json":{"title":"Crece llamado a frenar proyecto minero en San Juan para evitar conflicto social - Conexi\u00f3n 23","robots":{"index":"index","follow":"follow","max-snippet":"max-snippet:-1","max-image-preview":"max-image-preview:large","max-video-preview":"max-video-preview:-1"},"canonical":"https:\/\/conexion23.com\/?p=56961","og_locale":"es_ES","og_type":"article","og_title":"Crece llamado a frenar proyecto minero en San Juan para evitar conflicto social - Conexi\u00f3n 23","og_description":"San Juan, Rep\u00fablica Dominicana.\u2013\u00a0Sectores sociales y comunitarios elevaron un\u00a0llamado directo al presidente de la Rep\u00fablica\u00a0para que\u00a0detenga el proyecto minero\u00a0en esta provincia, advirtiendo sobre el riesgo de\u00a0conflicto social y posible derramamiento de sangre si no se atienden las demandas de la poblaci\u00f3n. Los denunciantes sostienen que existe un\u00a0rechazo mayoritario del pueblo dominicano, especialmente de los\u00a0sanjuaneros, quienes [&hellip;]","og_url":"https:\/\/conexion23.com\/?p=56961","og_site_name":"Conexi\u00f3n 23","article_publisher":"https:\/\/www.facebook.com\/conexion23com","article_published_time":"2026-05-03T11:05:38+00:00","og_image":[{"width":1200,"height":548,"url":"https:\/\/conexion23.com\/wp-content\/uploads\/2026\/05\/56745535645667564345345474564561435542483534456456rte1-e1777779632453.webp","type":"image\/webp"}],"author":"Raffy Ben\u00edtez","twitter_card":"summary_large_image","twitter_misc":{"Escrito por":"Raffy Ben\u00edtez","Tiempo de lectura":"2 minutos"},"schema":{"@context":"https:\/\/schema.org","@graph":[{"@type":"Article","@id":"https:\/\/conexion23.com\/?p=56961#article","isPartOf":{"@id":"https:\/\/conexion23.com\/?p=56961"},"author":{"name":"Raffy Ben\u00edtez","@id":"https:\/\/conexion23.com\/#\/schema\/person\/03e36043331117e97a373299bbcd30a6"},"headline":"Crece llamado a frenar proyecto minero en San Juan para evitar conflicto social","datePublished":"2026-05-03T11:05:38+00:00","mainEntityOfPage":{"@id":"https:\/\/conexion23.com\/?p=56961"},"wordCount":242,"commentCount":0,"publisher":{"@id":"https:\/\/conexion23.com\/#organization"},"image":{"@id":"https:\/\/conexion23.com\/?p=56961#primaryimage"},"thumbnailUrl":"https:\/\/conexion23.com\/wp-content\/uploads\/2026\/05\/56745535645667564345345474564561435542483534456456rte1-e1777779632453.webp","keywords":["conflicto social","Crece llamado","frenar proyecto","san juan"],"articleSection":["Portada"],"inLanguage":"es","potentialAction":[{"@type":"CommentAction","name":"Comment","target":["https:\/\/conexion23.com\/?p=56961#respond"]}]},{"@type":"WebPage","@id":"https:\/\/conexion23.com\/?p=56961","url":"https:\/\/conexion23.com\/?p=56961","name":"Crece llamado a frenar proyecto minero en San Juan para evitar conflicto social - Conexi\u00f3n 23","isPartOf":{"@id":"https:\/\/conexion23.com\/#website"},"primaryImageOfPage":{"@id":"https:\/\/conexion23.com\/?p=56961#primaryimage"},"image":{"@id":"https:\/\/conexion23.com\/?p=56961#primaryimage"},"thumbnailUrl":"https:\/\/conexion23.com\/wp-content\/uploads\/2026\/05\/56745535645667564345345474564561435542483534456456rte1-e1777779632453.webp","datePublished":"2026-05-03T11:05:38+00:00","breadcrumb":{"@id":"https:\/\/conexion23.com\/?p=56961#breadcrumb"},"inLanguage":"es","potentialAction":[{"@type":"ReadAction","target":["https:\/\/conexion23.com\/?p=56961"]}]},{"@type":"ImageObject","inLanguage":"es","@id":"https:\/\/conexion23.com\/?p=56961#primaryimage","url":"https:\/\/conexion23.com\/wp-content\/uploads\/2026\/05\/56745535645667564345345474564561435542483534456456rte1-e1777779632453.webp","contentUrl":"https:\/\/conexion23.com\/wp-content\/uploads\/2026\/05\/56745535645667564345345474564561435542483534456456rte1-e1777779632453.webp","width":1200,"height":548},{"@type":"BreadcrumbList","@id":"https:\/\/conexion23.com\/?p=56961#breadcrumb","itemListElement":[{"@type":"ListItem","position":1,"name":"Portada","item":"https:\/\/conexion23.com\/"},{"@type":"ListItem","position":2,"name":"Crece llamado a frenar proyecto minero en San Juan para evitar conflicto social"}]},{"@type":"WebSite","@id":"https:\/\/conexion23.com\/#website","url":"https:\/\/conexion23.com\/","name":"Conexi\u00f3n 23","description":"Peri\u00f3dico 100% Petromacorisano","publisher":{"@id":"https:\/\/conexion23.com\/#organization"},"potentialAction":[{"@type":"SearchAction","target":{"@type":"EntryPoint","urlTemplate":"https:\/\/conexion23.com\/?s={search_term_string}"},"query-input":{"@type":"PropertyValueSpecification","valueRequired":true,"valueName":"search_term_string"}}],"inLanguage":"es"},{"@type":"Organization","@id":"https:\/\/conexion23.com\/#organization","name":"Conexion 23","url":"https:\/\/conexion23.com\/","logo":{"@type":"ImageObject","inLanguage":"es","@id":"https:\/\/conexion23.com\/#\/schema\/logo\/image\/","url":"https:\/\/conexion23.com\/wp-content\/uploads\/2021\/11\/Diseno-sin-titulo-2.png","contentUrl":"https:\/\/conexion23.com\/wp-content\/uploads\/2021\/11\/Diseno-sin-titulo-2.png","width":541,"height":90,"caption":"Conexion 23"},"image":{"@id":"https:\/\/conexion23.com\/#\/schema\/logo\/image\/"},"sameAs":["https:\/\/www.facebook.com\/conexion23com","https:\/\/www.instagram.com\/conexion23com\/","https:\/\/www.youtube.com\/channel\/UCYc7vxxFZMYLIHNsHHxPZ3Q"]},{"@type":"Person","@id":"https:\/\/conexion23.com\/#\/schema\/person\/03e36043331117e97a373299bbcd30a6","name":"Raffy Ben\u00edtez","image":{"@type":"ImageObject","inLanguage":"es","@id":"https:\/\/conexion23.com\/#\/schema\/person\/image\/","url":"https:\/\/secure.gravatar.com\/avatar\/3190a6a6c5e1b0327500f7d6c56b6242472ee6cb974cf09b401ee6b3b0798f23?s=96&d=mm&r=g","contentUrl":"https:\/\/secure.gravatar.com\/avatar\/3190a6a6c5e1b0327500f7d6c56b6242472ee6cb974cf09b401ee6b3b0798f23?s=96&d=mm&r=g","caption":"Raffy Ben\u00edtez"},"url":"https:\/\/conexion23.com\/?author=15"}]}},"_links":{"self":[{"href":"https:\/\/conexion23.com\/index.php?rest_route=\/wp\/v2\/posts\/56961","targetHints":{"allow":["GET"]}}],"collection":[{"href":"https:\/\/conexion23.com\/index.php?rest_route=\/wp\/v2\/posts"}],"about":[{"href":"https:\/\/conexion23.com\/index.php?rest_route=\/wp\/v2\/types\/post"}],"author":[{"embeddable":true,"href":"https:\/\/conexion23.com\/index.php?rest_route=\/wp\/v2\/users\/15"}],"replies":[{"embeddable":true,"href":"https:\/\/conexion23.com\/index.php?rest_route=%2Fwp%2Fv2%2Fcomments&post=56961"}],"version-history":[{"count":1,"href":"https:\/\/conexion23.com\/index.php?rest_route=\/wp\/v2\/posts\/56961\/revisions"}],"predecessor-version":[{"id":56963,"href":"https:\/\/conexion23.com\/index.php?rest_route=\/wp\/v2\/posts\/56961\/revisions\/56963"}],"wp:featuredmedia":[{"embeddable":true,"href":"https:\/\/conexion23.com\/index.php?rest_route=\/wp\/v2\/media\/56962"}],"wp:attachment":[{"href":"https:\/\/conexion23.com\/index.php?rest_route=%2Fwp%2Fv2%2Fmedia&parent=56961"}],"wp:term":[{"taxonomy":"category","embeddable":true,"href":"https:\/\/conexion23.com\/index.php?rest_route=%2Fwp%2Fv2%2Fcategories&post=56961"},{"taxonomy":"post_tag","embeddable":true,"href":"https:\/\/conexion23.com\/index.php?rest_route=%2Fwp%2Fv2%2Ftags&post=56961"}],"curies":[{"name":"wp","href":"https:\/\/api.w.org\/{rel}","templated":true}]}}