{"id":56967,"date":"2026-05-03T10:24:48","date_gmt":"2026-05-03T14:24:48","guid":{"rendered":"https:\/\/conexion23.com\/?p=56967"},"modified":"2026-05-03T10:35:57","modified_gmt":"2026-05-03T14:35:57","slug":"radhames-jimenez-estara-en-san-pedro-de-macoris-y-sus-municipios-encabezando-juramentaciones-de-nuevos-miembros","status":"publish","type":"post","link":"https:\/\/conexion23.com\/?p=56967","title":{"rendered":"Radham\u00e9s Jim\u00e9nez encabezar\u00e1 juramentaciones de nuevos miembros en San Pedro"},"content":{"rendered":"<p style=\"text-align: justify;\"><strong>Radham\u00e9s Jim\u00e9nez Pe\u00f1a, vicepresidente y coordinador pol\u00edtico de la Fuerza del Pueblo estar\u00e1 este domingo en La Sultana del este realizando juramentaciones de nuevos miembros al partido La Fuerza del Pueblo.<\/strong><\/p>\n<p style=\"text-align: justify;\"><span style=\"font-weight: 400;\">La agenda comenzar\u00e1 en el Municipio Quisqueya acompa\u00f1ado de los principales l\u00edderes y dirigentes del principal partido de oposici\u00f3n, dando inicio a las juramentaciones a las 9:30 de la ma\u00f1ana, luego a las 11;00 AM se trasladan a San Jos\u00e9 de Los Llanos para completar las juramentaciones de la ma\u00f1ana.<\/span><\/p>\n<p style=\"text-align: justify;\"><span style=\"font-weight: 400;\">En horas de la tarde las actividades contin\u00faan a las 2:00 PM en Consuelo, para desde ese municipio trasladarse al Multiuso del Colegio Credy en el municipio cabecera, a las 3:30 de la tarde.<\/span><\/p>\n<p style=\"text-align: justify;\"><span style=\"font-weight: 400;\">A las 4:30 de la tarde Jimenez Pe\u00f1a llegar\u00e1 a la Oficina Pol\u00edtica del Dr. Franklin Pe\u00f1a en donde una gran cantidad de abogados tomar\u00e1n juramento, y a las 5:00 de la tarde finalizan las actividades en el Club de Leones con la juramentaci\u00f3n masiva\u00a0 de cientos de compa\u00f1eros que se sumar\u00e1n a la Fuerza del Pueblo.<\/span><\/p>\n<p style=\"text-align: justify;\"><span style=\"font-weight: 400;\">El vicepresidente y coordinador pol\u00edtico del partido Fuerza del Pueblo (FP) mantiene una agenda constante de visitas a las provincias del pa\u00eds para fortalecer la estructura de su partido de cara a las elecciones de 2028.\u00a0<\/span><\/p>\n<p style=\"text-align: justify;\">\n","protected":false},"excerpt":{"rendered":"<p>Radham\u00e9s Jim\u00e9nez Pe\u00f1a, vicepresidente y coordinador pol\u00edtico de la Fuerza del Pueblo estar\u00e1 este domingo en La Sultana del este realizando juramentaciones de nuevos miembros al partido La Fuerza del Pueblo. La agenda comenzar\u00e1 en el Municipio Quisqueya acompa\u00f1ado de los principales l\u00edderes y dirigentes del principal partido de oposici\u00f3n, dando inicio a las juramentaciones [&hellip;]<\/p>\n","protected":false},"author":15,"featured_media":56969,"comment_status":"open","ping_status":"open","sticky":false,"template":"","format":"standard","meta":{"footnotes":""},"categories":[12,2472,35],"tags":[5952,2372,5953,7479,57],"class_list":{"0":"post-56967","1":"post","2":"type-post","3":"status-publish","4":"format-standard","5":"has-post-thumbnail","7":"category-municipales","8":"category-provincias-del-este","9":"category-spm","10":"tag-juramentaciones","11":"tag-municipios","12":"tag-nuevos-miembros","13":"tag-radhames-jimenez","14":"tag-san-pedro-de-macoris"},"yoast_head":"<!-- This site is optimized with the Yoast SEO plugin v27.1.1 - https:\/\/yoast.com\/product\/yoast-seo-wordpress\/ -->\n<title>Radham\u00e9s Jim\u00e9nez encabezar\u00e1 juramentaciones de nuevos miembros en San Pedro - Conexi\u00f3n 23<\/title>\n<meta name=\"robots\" content=\"index, follow, max-snippet:-1, max-image-preview:large, max-video-preview:-1\" \/>\n<link rel=\"canonical\" href=\"https:\/\/conexion23.com\/?p=56967\" \/>\n<meta property=\"og:locale\" content=\"es_ES\" \/>\n<meta property=\"og:type\" content=\"article\" \/>\n<meta property=\"og:title\" content=\"Radham\u00e9s Jim\u00e9nez encabezar\u00e1 juramentaciones de nuevos miembros en San Pedro - Conexi\u00f3n 23\" \/>\n<meta property=\"og:description\" content=\"Radham\u00e9s Jim\u00e9nez Pe\u00f1a, vicepresidente y coordinador pol\u00edtico de la Fuerza del Pueblo estar\u00e1 este domingo en La Sultana del este realizando juramentaciones de nuevos miembros al partido La Fuerza del Pueblo. La agenda comenzar\u00e1 en el Municipio Quisqueya acompa\u00f1ado de los principales l\u00edderes y dirigentes del principal partido de oposici\u00f3n, dando inicio a las juramentaciones [&hellip;]\" \/>\n<meta property=\"og:url\" content=\"https:\/\/conexion23.com\/?p=56967\" \/>\n<meta property=\"og:site_name\" content=\"Conexi\u00f3n 23\" \/>\n<meta property=\"article:publisher\" content=\"https:\/\/www.facebook.com\/conexion23com\" \/>\n<meta property=\"article:published_time\" content=\"2026-05-03T14:24:48+00:00\" \/>\n<meta property=\"article:modified_time\" content=\"2026-05-03T14:35:57+00:00\" \/>\n<meta property=\"og:image\" content=\"http:\/\/conexion23.com\/wp-content\/uploads\/2026\/05\/descarga.jpg\" \/>\n\t<meta property=\"og:image:width\" content=\"300\" \/>\n\t<meta property=\"og:image:height\" content=\"168\" \/>\n\t<meta property=\"og:image:type\" content=\"image\/jpeg\" \/>\n<meta name=\"author\" content=\"Raffy Ben\u00edtez\" \/>\n<meta name=\"twitter:card\" content=\"summary_large_image\" \/>\n<meta name=\"twitter:label1\" content=\"Escrito por\" \/>\n\t<meta name=\"twitter:data1\" content=\"Raffy Ben\u00edtez\" \/>\n\t<meta name=\"twitter:label2\" content=\"Tiempo de lectura\" \/>\n\t<meta name=\"twitter:data2\" content=\"2 minutos\" \/>\n<script type=\"application\/ld+json\" class=\"yoast-schema-graph\">{\"@context\":\"https:\/\/schema.org\",\"@graph\":[{\"@type\":\"Article\",\"@id\":\"https:\/\/conexion23.com\/?p=56967#article\",\"isPartOf\":{\"@id\":\"https:\/\/conexion23.com\/?p=56967\"},\"author\":{\"name\":\"Raffy Ben\u00edtez\",\"@id\":\"https:\/\/conexion23.com\/#\/schema\/person\/03e36043331117e97a373299bbcd30a6\"},\"headline\":\"Radham\u00e9s Jim\u00e9nez encabezar\u00e1 juramentaciones de nuevos miembros en San Pedro\",\"datePublished\":\"2026-05-03T14:24:48+00:00\",\"dateModified\":\"2026-05-03T14:35:57+00:00\",\"mainEntityOfPage\":{\"@id\":\"https:\/\/conexion23.com\/?p=56967\"},\"wordCount\":232,\"commentCount\":0,\"publisher\":{\"@id\":\"https:\/\/conexion23.com\/#organization\"},\"image\":{\"@id\":\"https:\/\/conexion23.com\/?p=56967#primaryimage\"},\"thumbnailUrl\":\"https:\/\/conexion23.com\/wp-content\/uploads\/2026\/05\/descarga.jpg\",\"keywords\":[\"juramentaciones\",\"municipios\",\"nuevos miembros\",\"Radhames Jim\u00e9nez\",\"san pedro de macoris\"],\"articleSection\":[\"Municipales\",\"Provincias del Este\",\"SPM\"],\"inLanguage\":\"es\",\"potentialAction\":[{\"@type\":\"CommentAction\",\"name\":\"Comment\",\"target\":[\"https:\/\/conexion23.com\/?p=56967#respond\"]}]},{\"@type\":\"WebPage\",\"@id\":\"https:\/\/conexion23.com\/?p=56967\",\"url\":\"https:\/\/conexion23.com\/?p=56967\",\"name\":\"Radham\u00e9s Jim\u00e9nez encabezar\u00e1 juramentaciones de nuevos miembros en San Pedro - Conexi\u00f3n 23\",\"isPartOf\":{\"@id\":\"https:\/\/conexion23.com\/#website\"},\"primaryImageOfPage\":{\"@id\":\"https:\/\/conexion23.com\/?p=56967#primaryimage\"},\"image\":{\"@id\":\"https:\/\/conexion23.com\/?p=56967#primaryimage\"},\"thumbnailUrl\":\"https:\/\/conexion23.com\/wp-content\/uploads\/2026\/05\/descarga.jpg\",\"datePublished\":\"2026-05-03T14:24:48+00:00\",\"dateModified\":\"2026-05-03T14:35:57+00:00\",\"breadcrumb\":{\"@id\":\"https:\/\/conexion23.com\/?p=56967#breadcrumb\"},\"inLanguage\":\"es\",\"potentialAction\":[{\"@type\":\"ReadAction\",\"target\":[\"https:\/\/conexion23.com\/?p=56967\"]}]},{\"@type\":\"ImageObject\",\"inLanguage\":\"es\",\"@id\":\"https:\/\/conexion23.com\/?p=56967#primaryimage\",\"url\":\"https:\/\/conexion23.com\/wp-content\/uploads\/2026\/05\/descarga.jpg\",\"contentUrl\":\"https:\/\/conexion23.com\/wp-content\/uploads\/2026\/05\/descarga.jpg\",\"width\":300,\"height\":168},{\"@type\":\"BreadcrumbList\",\"@id\":\"https:\/\/conexion23.com\/?p=56967#breadcrumb\",\"itemListElement\":[{\"@type\":\"ListItem\",\"position\":1,\"name\":\"Portada\",\"item\":\"https:\/\/conexion23.com\/\"},{\"@type\":\"ListItem\",\"position\":2,\"name\":\"Radham\u00e9s Jim\u00e9nez encabezar\u00e1 juramentaciones de nuevos miembros en San Pedro\"}]},{\"@type\":\"WebSite\",\"@id\":\"https:\/\/conexion23.com\/#website\",\"url\":\"https:\/\/conexion23.com\/\",\"name\":\"Conexi\u00f3n 23\",\"description\":\"Peri\u00f3dico 100% Petromacorisano\",\"publisher\":{\"@id\":\"https:\/\/conexion23.com\/#organization\"},\"potentialAction\":[{\"@type\":\"SearchAction\",\"target\":{\"@type\":\"EntryPoint\",\"urlTemplate\":\"https:\/\/conexion23.com\/?s={search_term_string}\"},\"query-input\":{\"@type\":\"PropertyValueSpecification\",\"valueRequired\":true,\"valueName\":\"search_term_string\"}}],\"inLanguage\":\"es\"},{\"@type\":\"Organization\",\"@id\":\"https:\/\/conexion23.com\/#organization\",\"name\":\"Conexion 23\",\"url\":\"https:\/\/conexion23.com\/\",\"logo\":{\"@type\":\"ImageObject\",\"inLanguage\":\"es\",\"@id\":\"https:\/\/conexion23.com\/#\/schema\/logo\/image\/\",\"url\":\"https:\/\/conexion23.com\/wp-content\/uploads\/2021\/11\/Diseno-sin-titulo-2.png\",\"contentUrl\":\"https:\/\/conexion23.com\/wp-content\/uploads\/2021\/11\/Diseno-sin-titulo-2.png\",\"width\":541,\"height\":90,\"caption\":\"Conexion 23\"},\"image\":{\"@id\":\"https:\/\/conexion23.com\/#\/schema\/logo\/image\/\"},\"sameAs\":[\"https:\/\/www.facebook.com\/conexion23com\",\"https:\/\/www.instagram.com\/conexion23com\/\",\"https:\/\/www.youtube.com\/channel\/UCYc7vxxFZMYLIHNsHHxPZ3Q\"]},{\"@type\":\"Person\",\"@id\":\"https:\/\/conexion23.com\/#\/schema\/person\/03e36043331117e97a373299bbcd30a6\",\"name\":\"Raffy Ben\u00edtez\",\"image\":{\"@type\":\"ImageObject\",\"inLanguage\":\"es\",\"@id\":\"https:\/\/conexion23.com\/#\/schema\/person\/image\/\",\"url\":\"https:\/\/secure.gravatar.com\/avatar\/3190a6a6c5e1b0327500f7d6c56b6242472ee6cb974cf09b401ee6b3b0798f23?s=96&d=mm&r=g\",\"contentUrl\":\"https:\/\/secure.gravatar.com\/avatar\/3190a6a6c5e1b0327500f7d6c56b6242472ee6cb974cf09b401ee6b3b0798f23?s=96&d=mm&r=g\",\"caption\":\"Raffy Ben\u00edtez\"},\"url\":\"https:\/\/conexion23.com\/?author=15\"}]}<\/script>\n<!-- \/ Yoast SEO plugin. -->","yoast_head_json":{"title":"Radham\u00e9s Jim\u00e9nez encabezar\u00e1 juramentaciones de nuevos miembros en San Pedro - Conexi\u00f3n 23","robots":{"index":"index","follow":"follow","max-snippet":"max-snippet:-1","max-image-preview":"max-image-preview:large","max-video-preview":"max-video-preview:-1"},"canonical":"https:\/\/conexion23.com\/?p=56967","og_locale":"es_ES","og_type":"article","og_title":"Radham\u00e9s Jim\u00e9nez encabezar\u00e1 juramentaciones de nuevos miembros en San Pedro - Conexi\u00f3n 23","og_description":"Radham\u00e9s Jim\u00e9nez Pe\u00f1a, vicepresidente y coordinador pol\u00edtico de la Fuerza del Pueblo estar\u00e1 este domingo en La Sultana del este realizando juramentaciones de nuevos miembros al partido La Fuerza del Pueblo. La agenda comenzar\u00e1 en el Municipio Quisqueya acompa\u00f1ado de los principales l\u00edderes y dirigentes del principal partido de oposici\u00f3n, dando inicio a las juramentaciones [&hellip;]","og_url":"https:\/\/conexion23.com\/?p=56967","og_site_name":"Conexi\u00f3n 23","article_publisher":"https:\/\/www.facebook.com\/conexion23com","article_published_time":"2026-05-03T14:24:48+00:00","article_modified_time":"2026-05-03T14:35:57+00:00","og_image":[{"width":300,"height":168,"url":"http:\/\/conexion23.com\/wp-content\/uploads\/2026\/05\/descarga.jpg","type":"image\/jpeg"}],"author":"Raffy Ben\u00edtez","twitter_card":"summary_large_image","twitter_misc":{"Escrito por":"Raffy Ben\u00edtez","Tiempo de lectura":"2 minutos"},"schema":{"@context":"https:\/\/schema.org","@graph":[{"@type":"Article","@id":"https:\/\/conexion23.com\/?p=56967#article","isPartOf":{"@id":"https:\/\/conexion23.com\/?p=56967"},"author":{"name":"Raffy Ben\u00edtez","@id":"https:\/\/conexion23.com\/#\/schema\/person\/03e36043331117e97a373299bbcd30a6"},"headline":"Radham\u00e9s Jim\u00e9nez encabezar\u00e1 juramentaciones de nuevos miembros en San Pedro","datePublished":"2026-05-03T14:24:48+00:00","dateModified":"2026-05-03T14:35:57+00:00","mainEntityOfPage":{"@id":"https:\/\/conexion23.com\/?p=56967"},"wordCount":232,"commentCount":0,"publisher":{"@id":"https:\/\/conexion23.com\/#organization"},"image":{"@id":"https:\/\/conexion23.com\/?p=56967#primaryimage"},"thumbnailUrl":"https:\/\/conexion23.com\/wp-content\/uploads\/2026\/05\/descarga.jpg","keywords":["juramentaciones","municipios","nuevos miembros","Radhames Jim\u00e9nez","san pedro de macoris"],"articleSection":["Municipales","Provincias del Este","SPM"],"inLanguage":"es","potentialAction":[{"@type":"CommentAction","name":"Comment","target":["https:\/\/conexion23.com\/?p=56967#respond"]}]},{"@type":"WebPage","@id":"https:\/\/conexion23.com\/?p=56967","url":"https:\/\/conexion23.com\/?p=56967","name":"Radham\u00e9s Jim\u00e9nez encabezar\u00e1 juramentaciones de nuevos miembros en San Pedro - Conexi\u00f3n 23","isPartOf":{"@id":"https:\/\/conexion23.com\/#website"},"primaryImageOfPage":{"@id":"https:\/\/conexion23.com\/?p=56967#primaryimage"},"image":{"@id":"https:\/\/conexion23.com\/?p=56967#primaryimage"},"thumbnailUrl":"https:\/\/conexion23.com\/wp-content\/uploads\/2026\/05\/descarga.jpg","datePublished":"2026-05-03T14:24:48+00:00","dateModified":"2026-05-03T14:35:57+00:00","breadcrumb":{"@id":"https:\/\/conexion23.com\/?p=56967#breadcrumb"},"inLanguage":"es","potentialAction":[{"@type":"ReadAction","target":["https:\/\/conexion23.com\/?p=56967"]}]},{"@type":"ImageObject","inLanguage":"es","@id":"https:\/\/conexion23.com\/?p=56967#primaryimage","url":"https:\/\/conexion23.com\/wp-content\/uploads\/2026\/05\/descarga.jpg","contentUrl":"https:\/\/conexion23.com\/wp-content\/uploads\/2026\/05\/descarga.jpg","width":300,"height":168},{"@type":"BreadcrumbList","@id":"https:\/\/conexion23.com\/?p=56967#breadcrumb","itemListElement":[{"@type":"ListItem","position":1,"name":"Portada","item":"https:\/\/conexion23.com\/"},{"@type":"ListItem","position":2,"name":"Radham\u00e9s Jim\u00e9nez encabezar\u00e1 juramentaciones de nuevos miembros en San Pedro"}]},{"@type":"WebSite","@id":"https:\/\/conexion23.com\/#website","url":"https:\/\/conexion23.com\/","name":"Conexi\u00f3n 23","description":"Peri\u00f3dico 100% Petromacorisano","publisher":{"@id":"https:\/\/conexion23.com\/#organization"},"potentialAction":[{"@type":"SearchAction","target":{"@type":"EntryPoint","urlTemplate":"https:\/\/conexion23.com\/?s={search_term_string}"},"query-input":{"@type":"PropertyValueSpecification","valueRequired":true,"valueName":"search_term_string"}}],"inLanguage":"es"},{"@type":"Organization","@id":"https:\/\/conexion23.com\/#organization","name":"Conexion 23","url":"https:\/\/conexion23.com\/","logo":{"@type":"ImageObject","inLanguage":"es","@id":"https:\/\/conexion23.com\/#\/schema\/logo\/image\/","url":"https:\/\/conexion23.com\/wp-content\/uploads\/2021\/11\/Diseno-sin-titulo-2.png","contentUrl":"https:\/\/conexion23.com\/wp-content\/uploads\/2021\/11\/Diseno-sin-titulo-2.png","width":541,"height":90,"caption":"Conexion 23"},"image":{"@id":"https:\/\/conexion23.com\/#\/schema\/logo\/image\/"},"sameAs":["https:\/\/www.facebook.com\/conexion23com","https:\/\/www.instagram.com\/conexion23com\/","https:\/\/www.youtube.com\/channel\/UCYc7vxxFZMYLIHNsHHxPZ3Q"]},{"@type":"Person","@id":"https:\/\/conexion23.com\/#\/schema\/person\/03e36043331117e97a373299bbcd30a6","name":"Raffy Ben\u00edtez","image":{"@type":"ImageObject","inLanguage":"es","@id":"https:\/\/conexion23.com\/#\/schema\/person\/image\/","url":"https:\/\/secure.gravatar.com\/avatar\/3190a6a6c5e1b0327500f7d6c56b6242472ee6cb974cf09b401ee6b3b0798f23?s=96&d=mm&r=g","contentUrl":"https:\/\/secure.gravatar.com\/avatar\/3190a6a6c5e1b0327500f7d6c56b6242472ee6cb974cf09b401ee6b3b0798f23?s=96&d=mm&r=g","caption":"Raffy Ben\u00edtez"},"url":"https:\/\/conexion23.com\/?author=15"}]}},"_links":{"self":[{"href":"https:\/\/conexion23.com\/index.php?rest_route=\/wp\/v2\/posts\/56967","targetHints":{"allow":["GET"]}}],"collection":[{"href":"https:\/\/conexion23.com\/index.php?rest_route=\/wp\/v2\/posts"}],"about":[{"href":"https:\/\/conexion23.com\/index.php?rest_route=\/wp\/v2\/types\/post"}],"author":[{"embeddable":true,"href":"https:\/\/conexion23.com\/index.php?rest_route=\/wp\/v2\/users\/15"}],"replies":[{"embeddable":true,"href":"https:\/\/conexion23.com\/index.php?rest_route=%2Fwp%2Fv2%2Fcomments&post=56967"}],"version-history":[{"count":2,"href":"https:\/\/conexion23.com\/index.php?rest_route=\/wp\/v2\/posts\/56967\/revisions"}],"predecessor-version":[{"id":56972,"href":"https:\/\/conexion23.com\/index.php?rest_route=\/wp\/v2\/posts\/56967\/revisions\/56972"}],"wp:featuredmedia":[{"embeddable":true,"href":"https:\/\/conexion23.com\/index.php?rest_route=\/wp\/v2\/media\/56969"}],"wp:attachment":[{"href":"https:\/\/conexion23.com\/index.php?rest_route=%2Fwp%2Fv2%2Fmedia&parent=56967"}],"wp:term":[{"taxonomy":"category","embeddable":true,"href":"https:\/\/conexion23.com\/index.php?rest_route=%2Fwp%2Fv2%2Fcategories&post=56967"},{"taxonomy":"post_tag","embeddable":true,"href":"https:\/\/conexion23.com\/index.php?rest_route=%2Fwp%2Fv2%2Ftags&post=56967"}],"curies":[{"name":"wp","href":"https:\/\/api.w.org\/{rel}","templated":true}]}}