{"id":59500,"date":"2026-06-25T07:48:12","date_gmt":"2026-06-25T11:48:12","guid":{"rendered":"https:\/\/conexion23.com\/?p=59500"},"modified":"2026-06-25T07:48:12","modified_gmt":"2026-06-25T11:48:12","slug":"este-jueves-republica-dominicana-enviara-equipos-especializados-de-busqueda-y-rescate-a-venezuela","status":"publish","type":"post","link":"https:\/\/conexion23.com\/?p=59500","title":{"rendered":"Este jueves Rep\u00fablica Dominicana enviar\u00e1 equipos especializados de b\u00fasqueda y rescate a Venezuela"},"content":{"rendered":"<p id=\"m70442-70441-70443\" style=\"text-align: justify;\">El presidente Luis Abinader inform\u00f3 que a primeras horas de este jueves un equipo de rescatistas especializados en b\u00fasqueda, rescate y atenci\u00f3n a emergencias de las Fuerzas Armadas partir\u00e1 hacia Venezuela para apoyar las labores que se realizan en ese pa\u00eds tras los sismos de 7.2 y 7.5 que se registraron el mi\u00e9rcoles.<\/p>\n<p id=\"m70447-70446-70448\" style=\"text-align: justify;\">Asimismo, inform\u00f3 que\u00a0convers\u00f3 con la presidenta, Delcy Rodr\u00edguez, para expresarle, \u201cen nombre del pueblo y del Gobierno dominicano, nuestra m\u00e1s profunda solidaridad ante la tragedia causada por el devastador terremoto\u201d.<\/p>\n<p id=\"m70452-70451-70453\" style=\"text-align: justify;\">\u201cNuestros pensamientos est\u00e1n con las familias de las v\u00edctimas, los heridos y todo\u00a0el pueblo venezolano en estas horas tan dif\u00edciles\u201d, conclu\u00eda el mensaje que Abinader poste\u00f3 en la red social X.<\/p>\n<p id=\"m70457-70456-70458\" style=\"text-align: justify;\">Estas ayudas fueron confirmadas por Rodr\u00edguez en una rueda de prensa.<\/p>\n<p id=\"m70462-70461-70463\" style=\"text-align: justify;\">\u201cRecibiremos rescatistas de Rep\u00fablica Dominicana, como se lo\u00a0agradec\u00ed en llamada telef\u00f3nica a su presidente Luis Abinader\u201d, dec\u00eda en rueda de prensa la presidenta de Venezuela, Delcy Rodr\u00edguez.<\/p>\n<p id=\"m70467-70466-70468\" style=\"text-align: justify;\">Seg\u00fan el \u00faltimo informe, hasta el momento se han reportado\u00a0164 muertos y 971 heridos, tras los dos sismos registrados el mi\u00e9rcoles. El primer terremoto tuvo una magnitud de 7.2 y el segundo de 7.5. Hasta el momento se han registrado unas 30 r\u00e9plicas.<\/p>\n<p id=\"m70472-70471-70473\" style=\"text-align: justify;\">De acuerdo a las agencias internacionales, ante el miedo por r\u00e9plicas, decenas de personas durmieron en sus veh\u00edculos.<\/p>\n","protected":false},"excerpt":{"rendered":"<p>El presidente Luis Abinader inform\u00f3 que a primeras horas de este jueves un equipo de rescatistas especializados en b\u00fasqueda, rescate y atenci\u00f3n a emergencias de las Fuerzas Armadas partir\u00e1 hacia Venezuela para apoyar las labores que se realizan en ese pa\u00eds tras los sismos de 7.2 y 7.5 que se registraron el mi\u00e9rcoles. Asimismo, inform\u00f3 [&hellip;]<\/p>\n","protected":false},"author":15,"featured_media":59501,"comment_status":"open","ping_status":"open","sticky":false,"template":"","format":"standard","meta":{"footnotes":""},"categories":[3913],"tags":[9935,819,9934,56,201],"class_list":["post-59500","post","type-post","status-publish","format-standard","has-post-thumbnail","category-nacionales","tag-busqueda-y-rescate","tag-equipos","tag-especializados","tag-republica-dominicana","tag-venezuela"],"yoast_head":"<!-- This site is optimized with the Yoast SEO plugin v27.6 - https:\/\/yoast.com\/product\/yoast-seo-wordpress\/ -->\n<title>Este jueves Rep\u00fablica Dominicana enviar\u00e1 equipos especializados de b\u00fasqueda y rescate a Venezuela - Conexi\u00f3n 23<\/title>\n<meta name=\"robots\" content=\"index, follow, max-snippet:-1, max-image-preview:large, max-video-preview:-1\" \/>\n<link rel=\"canonical\" href=\"https:\/\/conexion23.com\/?p=59500\" \/>\n<meta property=\"og:locale\" content=\"es_ES\" \/>\n<meta property=\"og:type\" content=\"article\" \/>\n<meta property=\"og:title\" content=\"Este jueves Rep\u00fablica Dominicana enviar\u00e1 equipos especializados de b\u00fasqueda y rescate a Venezuela - Conexi\u00f3n 23\" \/>\n<meta property=\"og:description\" content=\"El presidente Luis Abinader inform\u00f3 que a primeras horas de este jueves un equipo de rescatistas especializados en b\u00fasqueda, rescate y atenci\u00f3n a emergencias de las Fuerzas Armadas partir\u00e1 hacia Venezuela para apoyar las labores que se realizan en ese pa\u00eds tras los sismos de 7.2 y 7.5 que se registraron el mi\u00e9rcoles. Asimismo, inform\u00f3 [&hellip;]\" \/>\n<meta property=\"og:url\" content=\"https:\/\/conexion23.com\/?p=59500\" \/>\n<meta property=\"og:site_name\" content=\"Conexi\u00f3n 23\" \/>\n<meta property=\"article:publisher\" content=\"https:\/\/www.facebook.com\/conexion23com\" \/>\n<meta property=\"article:published_time\" content=\"2026-06-25T11:48:12+00:00\" \/>\n<meta property=\"og:image\" content=\"https:\/\/conexion23.com\/wp-content\/uploads\/2026\/06\/6a3d0e8ce16f7.jpeg\" \/>\n\t<meta property=\"og:image:width\" content=\"800\" \/>\n\t<meta property=\"og:image:height\" content=\"534\" \/>\n\t<meta property=\"og:image:type\" content=\"image\/jpeg\" \/>\n<meta name=\"author\" content=\"Raffy Ben\u00edtez\" \/>\n<meta name=\"twitter:card\" content=\"summary_large_image\" \/>\n<meta name=\"twitter:label1\" content=\"Escrito por\" \/>\n\t<meta name=\"twitter:data1\" content=\"Raffy Ben\u00edtez\" \/>\n\t<meta name=\"twitter:label2\" content=\"Tiempo de lectura\" \/>\n\t<meta name=\"twitter:data2\" content=\"2 minutos\" \/>\n<script type=\"application\/ld+json\" class=\"yoast-schema-graph\">{\"@context\":\"https:\\\/\\\/schema.org\",\"@graph\":[{\"@type\":\"Article\",\"@id\":\"https:\\\/\\\/conexion23.com\\\/?p=59500#article\",\"isPartOf\":{\"@id\":\"https:\\\/\\\/conexion23.com\\\/?p=59500\"},\"author\":{\"name\":\"Raffy Ben\u00edtez\",\"@id\":\"https:\\\/\\\/conexion23.com\\\/#\\\/schema\\\/person\\\/03e36043331117e97a373299bbcd30a6\"},\"headline\":\"Este jueves Rep\u00fablica Dominicana enviar\u00e1 equipos especializados de b\u00fasqueda y rescate a Venezuela\",\"datePublished\":\"2026-06-25T11:48:12+00:00\",\"mainEntityOfPage\":{\"@id\":\"https:\\\/\\\/conexion23.com\\\/?p=59500\"},\"wordCount\":245,\"commentCount\":0,\"publisher\":{\"@id\":\"https:\\\/\\\/conexion23.com\\\/#organization\"},\"image\":{\"@id\":\"https:\\\/\\\/conexion23.com\\\/?p=59500#primaryimage\"},\"thumbnailUrl\":\"https:\\\/\\\/conexion23.com\\\/wp-content\\\/uploads\\\/2026\\\/06\\\/6a3d0e8ce16f7.jpeg\",\"keywords\":[\"b\u00fasqueda y rescate\",\"equipos\",\"especializados\",\"republica dominicana\",\"venezuela\"],\"articleSection\":[\"Nacionales\"],\"inLanguage\":\"es\",\"potentialAction\":[{\"@type\":\"CommentAction\",\"name\":\"Comment\",\"target\":[\"https:\\\/\\\/conexion23.com\\\/?p=59500#respond\"]}]},{\"@type\":\"WebPage\",\"@id\":\"https:\\\/\\\/conexion23.com\\\/?p=59500\",\"url\":\"https:\\\/\\\/conexion23.com\\\/?p=59500\",\"name\":\"Este jueves Rep\u00fablica Dominicana enviar\u00e1 equipos especializados de b\u00fasqueda y rescate a Venezuela - Conexi\u00f3n 23\",\"isPartOf\":{\"@id\":\"https:\\\/\\\/conexion23.com\\\/#website\"},\"primaryImageOfPage\":{\"@id\":\"https:\\\/\\\/conexion23.com\\\/?p=59500#primaryimage\"},\"image\":{\"@id\":\"https:\\\/\\\/conexion23.com\\\/?p=59500#primaryimage\"},\"thumbnailUrl\":\"https:\\\/\\\/conexion23.com\\\/wp-content\\\/uploads\\\/2026\\\/06\\\/6a3d0e8ce16f7.jpeg\",\"datePublished\":\"2026-06-25T11:48:12+00:00\",\"breadcrumb\":{\"@id\":\"https:\\\/\\\/conexion23.com\\\/?p=59500#breadcrumb\"},\"inLanguage\":\"es\",\"potentialAction\":[{\"@type\":\"ReadAction\",\"target\":[\"https:\\\/\\\/conexion23.com\\\/?p=59500\"]}]},{\"@type\":\"ImageObject\",\"inLanguage\":\"es\",\"@id\":\"https:\\\/\\\/conexion23.com\\\/?p=59500#primaryimage\",\"url\":\"https:\\\/\\\/conexion23.com\\\/wp-content\\\/uploads\\\/2026\\\/06\\\/6a3d0e8ce16f7.jpeg\",\"contentUrl\":\"https:\\\/\\\/conexion23.com\\\/wp-content\\\/uploads\\\/2026\\\/06\\\/6a3d0e8ce16f7.jpeg\",\"width\":800,\"height\":534},{\"@type\":\"BreadcrumbList\",\"@id\":\"https:\\\/\\\/conexion23.com\\\/?p=59500#breadcrumb\",\"itemListElement\":[{\"@type\":\"ListItem\",\"position\":1,\"name\":\"Portada\",\"item\":\"https:\\\/\\\/conexion23.com\\\/\"},{\"@type\":\"ListItem\",\"position\":2,\"name\":\"Este jueves Rep\u00fablica Dominicana enviar\u00e1 equipos especializados de b\u00fasqueda y rescate a Venezuela\"}]},{\"@type\":\"WebSite\",\"@id\":\"https:\\\/\\\/conexion23.com\\\/#website\",\"url\":\"https:\\\/\\\/conexion23.com\\\/\",\"name\":\"Conexi\u00f3n 23\",\"description\":\"Peri\u00f3dico 100% Petromacorisano\",\"publisher\":{\"@id\":\"https:\\\/\\\/conexion23.com\\\/#organization\"},\"potentialAction\":[{\"@type\":\"SearchAction\",\"target\":{\"@type\":\"EntryPoint\",\"urlTemplate\":\"https:\\\/\\\/conexion23.com\\\/?s={search_term_string}\"},\"query-input\":{\"@type\":\"PropertyValueSpecification\",\"valueRequired\":true,\"valueName\":\"search_term_string\"}}],\"inLanguage\":\"es\"},{\"@type\":\"Organization\",\"@id\":\"https:\\\/\\\/conexion23.com\\\/#organization\",\"name\":\"Conexion 23\",\"url\":\"https:\\\/\\\/conexion23.com\\\/\",\"logo\":{\"@type\":\"ImageObject\",\"inLanguage\":\"es\",\"@id\":\"https:\\\/\\\/conexion23.com\\\/#\\\/schema\\\/logo\\\/image\\\/\",\"url\":\"https:\\\/\\\/conexion23.com\\\/wp-content\\\/uploads\\\/2021\\\/11\\\/Diseno-sin-titulo-2.png\",\"contentUrl\":\"https:\\\/\\\/conexion23.com\\\/wp-content\\\/uploads\\\/2021\\\/11\\\/Diseno-sin-titulo-2.png\",\"width\":541,\"height\":90,\"caption\":\"Conexion 23\"},\"image\":{\"@id\":\"https:\\\/\\\/conexion23.com\\\/#\\\/schema\\\/logo\\\/image\\\/\"},\"sameAs\":[\"https:\\\/\\\/www.facebook.com\\\/conexion23com\",\"https:\\\/\\\/www.instagram.com\\\/conexion23com\\\/\",\"https:\\\/\\\/www.youtube.com\\\/channel\\\/UCYc7vxxFZMYLIHNsHHxPZ3Q\"]},{\"@type\":\"Person\",\"@id\":\"https:\\\/\\\/conexion23.com\\\/#\\\/schema\\\/person\\\/03e36043331117e97a373299bbcd30a6\",\"name\":\"Raffy Ben\u00edtez\",\"image\":{\"@type\":\"ImageObject\",\"inLanguage\":\"es\",\"@id\":\"https:\\\/\\\/secure.gravatar.com\\\/avatar\\\/3190a6a6c5e1b0327500f7d6c56b6242472ee6cb974cf09b401ee6b3b0798f23?s=96&d=mm&r=g\",\"url\":\"https:\\\/\\\/secure.gravatar.com\\\/avatar\\\/3190a6a6c5e1b0327500f7d6c56b6242472ee6cb974cf09b401ee6b3b0798f23?s=96&d=mm&r=g\",\"contentUrl\":\"https:\\\/\\\/secure.gravatar.com\\\/avatar\\\/3190a6a6c5e1b0327500f7d6c56b6242472ee6cb974cf09b401ee6b3b0798f23?s=96&d=mm&r=g\",\"caption\":\"Raffy Ben\u00edtez\"},\"url\":\"https:\\\/\\\/conexion23.com\\\/?author=15\"}]}<\/script>\n<!-- \/ Yoast SEO plugin. -->","yoast_head_json":{"title":"Este jueves Rep\u00fablica Dominicana enviar\u00e1 equipos especializados de b\u00fasqueda y rescate a Venezuela - Conexi\u00f3n 23","robots":{"index":"index","follow":"follow","max-snippet":"max-snippet:-1","max-image-preview":"max-image-preview:large","max-video-preview":"max-video-preview:-1"},"canonical":"https:\/\/conexion23.com\/?p=59500","og_locale":"es_ES","og_type":"article","og_title":"Este jueves Rep\u00fablica Dominicana enviar\u00e1 equipos especializados de b\u00fasqueda y rescate a Venezuela - Conexi\u00f3n 23","og_description":"El presidente Luis Abinader inform\u00f3 que a primeras horas de este jueves un equipo de rescatistas especializados en b\u00fasqueda, rescate y atenci\u00f3n a emergencias de las Fuerzas Armadas partir\u00e1 hacia Venezuela para apoyar las labores que se realizan en ese pa\u00eds tras los sismos de 7.2 y 7.5 que se registraron el mi\u00e9rcoles. Asimismo, inform\u00f3 [&hellip;]","og_url":"https:\/\/conexion23.com\/?p=59500","og_site_name":"Conexi\u00f3n 23","article_publisher":"https:\/\/www.facebook.com\/conexion23com","article_published_time":"2026-06-25T11:48:12+00:00","og_image":[{"width":800,"height":534,"url":"https:\/\/conexion23.com\/wp-content\/uploads\/2026\/06\/6a3d0e8ce16f7.jpeg","type":"image\/jpeg"}],"author":"Raffy Ben\u00edtez","twitter_card":"summary_large_image","twitter_misc":{"Escrito por":"Raffy Ben\u00edtez","Tiempo de lectura":"2 minutos"},"schema":{"@context":"https:\/\/schema.org","@graph":[{"@type":"Article","@id":"https:\/\/conexion23.com\/?p=59500#article","isPartOf":{"@id":"https:\/\/conexion23.com\/?p=59500"},"author":{"name":"Raffy Ben\u00edtez","@id":"https:\/\/conexion23.com\/#\/schema\/person\/03e36043331117e97a373299bbcd30a6"},"headline":"Este jueves Rep\u00fablica Dominicana enviar\u00e1 equipos especializados de b\u00fasqueda y rescate a Venezuela","datePublished":"2026-06-25T11:48:12+00:00","mainEntityOfPage":{"@id":"https:\/\/conexion23.com\/?p=59500"},"wordCount":245,"commentCount":0,"publisher":{"@id":"https:\/\/conexion23.com\/#organization"},"image":{"@id":"https:\/\/conexion23.com\/?p=59500#primaryimage"},"thumbnailUrl":"https:\/\/conexion23.com\/wp-content\/uploads\/2026\/06\/6a3d0e8ce16f7.jpeg","keywords":["b\u00fasqueda y rescate","equipos","especializados","republica dominicana","venezuela"],"articleSection":["Nacionales"],"inLanguage":"es","potentialAction":[{"@type":"CommentAction","name":"Comment","target":["https:\/\/conexion23.com\/?p=59500#respond"]}]},{"@type":"WebPage","@id":"https:\/\/conexion23.com\/?p=59500","url":"https:\/\/conexion23.com\/?p=59500","name":"Este jueves Rep\u00fablica Dominicana enviar\u00e1 equipos especializados de b\u00fasqueda y rescate a Venezuela - Conexi\u00f3n 23","isPartOf":{"@id":"https:\/\/conexion23.com\/#website"},"primaryImageOfPage":{"@id":"https:\/\/conexion23.com\/?p=59500#primaryimage"},"image":{"@id":"https:\/\/conexion23.com\/?p=59500#primaryimage"},"thumbnailUrl":"https:\/\/conexion23.com\/wp-content\/uploads\/2026\/06\/6a3d0e8ce16f7.jpeg","datePublished":"2026-06-25T11:48:12+00:00","breadcrumb":{"@id":"https:\/\/conexion23.com\/?p=59500#breadcrumb"},"inLanguage":"es","potentialAction":[{"@type":"ReadAction","target":["https:\/\/conexion23.com\/?p=59500"]}]},{"@type":"ImageObject","inLanguage":"es","@id":"https:\/\/conexion23.com\/?p=59500#primaryimage","url":"https:\/\/conexion23.com\/wp-content\/uploads\/2026\/06\/6a3d0e8ce16f7.jpeg","contentUrl":"https:\/\/conexion23.com\/wp-content\/uploads\/2026\/06\/6a3d0e8ce16f7.jpeg","width":800,"height":534},{"@type":"BreadcrumbList","@id":"https:\/\/conexion23.com\/?p=59500#breadcrumb","itemListElement":[{"@type":"ListItem","position":1,"name":"Portada","item":"https:\/\/conexion23.com\/"},{"@type":"ListItem","position":2,"name":"Este jueves Rep\u00fablica Dominicana enviar\u00e1 equipos especializados de b\u00fasqueda y rescate a Venezuela"}]},{"@type":"WebSite","@id":"https:\/\/conexion23.com\/#website","url":"https:\/\/conexion23.com\/","name":"Conexi\u00f3n 23","description":"Peri\u00f3dico 100% Petromacorisano","publisher":{"@id":"https:\/\/conexion23.com\/#organization"},"potentialAction":[{"@type":"SearchAction","target":{"@type":"EntryPoint","urlTemplate":"https:\/\/conexion23.com\/?s={search_term_string}"},"query-input":{"@type":"PropertyValueSpecification","valueRequired":true,"valueName":"search_term_string"}}],"inLanguage":"es"},{"@type":"Organization","@id":"https:\/\/conexion23.com\/#organization","name":"Conexion 23","url":"https:\/\/conexion23.com\/","logo":{"@type":"ImageObject","inLanguage":"es","@id":"https:\/\/conexion23.com\/#\/schema\/logo\/image\/","url":"https:\/\/conexion23.com\/wp-content\/uploads\/2021\/11\/Diseno-sin-titulo-2.png","contentUrl":"https:\/\/conexion23.com\/wp-content\/uploads\/2021\/11\/Diseno-sin-titulo-2.png","width":541,"height":90,"caption":"Conexion 23"},"image":{"@id":"https:\/\/conexion23.com\/#\/schema\/logo\/image\/"},"sameAs":["https:\/\/www.facebook.com\/conexion23com","https:\/\/www.instagram.com\/conexion23com\/","https:\/\/www.youtube.com\/channel\/UCYc7vxxFZMYLIHNsHHxPZ3Q"]},{"@type":"Person","@id":"https:\/\/conexion23.com\/#\/schema\/person\/03e36043331117e97a373299bbcd30a6","name":"Raffy Ben\u00edtez","image":{"@type":"ImageObject","inLanguage":"es","@id":"https:\/\/secure.gravatar.com\/avatar\/3190a6a6c5e1b0327500f7d6c56b6242472ee6cb974cf09b401ee6b3b0798f23?s=96&d=mm&r=g","url":"https:\/\/secure.gravatar.com\/avatar\/3190a6a6c5e1b0327500f7d6c56b6242472ee6cb974cf09b401ee6b3b0798f23?s=96&d=mm&r=g","contentUrl":"https:\/\/secure.gravatar.com\/avatar\/3190a6a6c5e1b0327500f7d6c56b6242472ee6cb974cf09b401ee6b3b0798f23?s=96&d=mm&r=g","caption":"Raffy Ben\u00edtez"},"url":"https:\/\/conexion23.com\/?author=15"}]}},"_links":{"self":[{"href":"https:\/\/conexion23.com\/index.php?rest_route=\/wp\/v2\/posts\/59500","targetHints":{"allow":["GET"]}}],"collection":[{"href":"https:\/\/conexion23.com\/index.php?rest_route=\/wp\/v2\/posts"}],"about":[{"href":"https:\/\/conexion23.com\/index.php?rest_route=\/wp\/v2\/types\/post"}],"author":[{"embeddable":true,"href":"https:\/\/conexion23.com\/index.php?rest_route=\/wp\/v2\/users\/15"}],"replies":[{"embeddable":true,"href":"https:\/\/conexion23.com\/index.php?rest_route=%2Fwp%2Fv2%2Fcomments&post=59500"}],"version-history":[{"count":1,"href":"https:\/\/conexion23.com\/index.php?rest_route=\/wp\/v2\/posts\/59500\/revisions"}],"predecessor-version":[{"id":59502,"href":"https:\/\/conexion23.com\/index.php?rest_route=\/wp\/v2\/posts\/59500\/revisions\/59502"}],"wp:featuredmedia":[{"embeddable":true,"href":"https:\/\/conexion23.com\/index.php?rest_route=\/wp\/v2\/media\/59501"}],"wp:attachment":[{"href":"https:\/\/conexion23.com\/index.php?rest_route=%2Fwp%2Fv2%2Fmedia&parent=59500"}],"wp:term":[{"taxonomy":"category","embeddable":true,"href":"https:\/\/conexion23.com\/index.php?rest_route=%2Fwp%2Fv2%2Fcategories&post=59500"},{"taxonomy":"post_tag","embeddable":true,"href":"https:\/\/conexion23.com\/index.php?rest_route=%2Fwp%2Fv2%2Ftags&post=59500"}],"curies":[{"name":"wp","href":"https:\/\/api.w.org\/{rel}","templated":true}]}}