{"id":62826,"date":"2026-08-31T08:07:33","date_gmt":"2026-08-31T12:07:33","guid":{"rendered":"https:\/\/conexion23.com\/?p=62826"},"modified":"2026-08-31T08:07:33","modified_gmt":"2026-08-31T12:07:33","slug":"despiden-en-haiti-a-cuatro-victimas-de-una-familia-de-la-masacre-que-dejo-47-muertos","status":"publish","type":"post","link":"https:\/\/conexion23.com\/?p=62826","title":{"rendered":"Despiden en Hait\u00ed a cuatro v\u00edctimas de una familia de la masacre que dej\u00f3 47 muertos"},"content":{"rendered":"<p style=\"text-align: justify;\">En medio del dolor,\u00a0vecinos de Kenscoff, en las afueras de Puerto Pr\u00edncipe, acudieron este domingo a despedir a cuatro miembros de una misma familia v\u00edctimas del\u00a0ataque de bandas armadas\u00a0que dej\u00f3 al menos\u00a047 muertos\u00a0en esta localidad hace una semana.<\/p>\n<p style=\"text-align: justify;\">La\u00a0ceremonia\u00a0se celebr\u00f3 en la\u00a0Iglesia Bautista Conservadora Kenscoff, donde cientos de vecinos, as\u00ed como\u00a0familiares\u00a0y amigos de las v\u00edctimas, acudieron para darles el\u00a0\u00faltimo adi\u00f3s.<\/p>\n<p style=\"text-align: justify;\">Familiares, visiblemente afectados por la p\u00e9rdida de sus seres queridos, criticaron lo que consideran\u00a0pasividad e inacci\u00f3n\u00a0de las autoridades ante la violencia de las\u00a0bandas armadas, a las que responsabilizan de las muertes y de la\u00a0inseguridad\u00a0que afecta a la poblaci\u00f3n.<\/p>\n<p style=\"text-align: justify;\">El\u00a0funeral\u00a0se celebr\u00f3 una semana despu\u00e9s del ataque, mientras la\u00a0situaci\u00f3n de seguridad\u00a0contin\u00faa siendo uno de los principales desaf\u00edos que enfrenta\u00a0Hait\u00ed, que tiene previsto celebrar\u00a0elecciones generales el 13 de diciembre de 2026.<\/p>\n<p style=\"text-align: justify;\">Tras la masacre, 60 personas fueron secuestradas, de las cuales fueron\u00a0liberadas\u00a0el viernes seis ni\u00f1os y siete mujeres, seg\u00fan inform\u00f3 el Fondo de las Naciones Unidas para la Infancia (Unicef).<\/p>\n<p style=\"text-align: justify;\">En un comunicado emitido tras la liberaci\u00f3n del grupo,\u00a0Yannig Dussart, representante adjunta de\u00a0Unicef\u00a0en el pa\u00eds, advirti\u00f3 de que el\u00a0secuestro de Kenscoff\u00a0\u00abno fue un incidente aislado\u00bb, sino un nuevo reflejo de la magnitud y frecuencia de los ataques contra los ni\u00f1os en\u00a0Hait\u00ed.<\/p>\n<p style=\"text-align: justify;\">Asimismo,\u00a0Unicef\u00a0record\u00f3 que la\u00a0violencia armada\u00a0contin\u00faa exponiendo a los menores a asesinatos, secuestros y otras violaciones graves, y llam\u00f3 a los grupos armados a poner fin a los ataques contra los ni\u00f1os que permanecen retenidos y a garantizar su\u00a0protecci\u00f3n.<\/p>\n<p style=\"text-align: justify;\">Hait\u00ed\u00a0vive una crisis en todos los aspectos, marcada especialmente por la\u00a0inseguridad\u00a0a manos de las\u00a0bandas armadas, que controlan la mayor parte de la capital.<\/p>\n<p style=\"text-align: justify;\">De acuerdo con datos de la\u00a0ONU\u00a0actualizados esta semana, la violencia en\u00a0Hait\u00ed\u00a0caus\u00f3 en los primeros seis meses del a\u00f1o al menos\u00a03.050 muertos\u00a0y\u00a01.401 heridos.<\/p>\n","protected":false},"excerpt":{"rendered":"<p>En medio del dolor,\u00a0vecinos de Kenscoff, en las afueras de Puerto Pr\u00edncipe, acudieron este domingo a despedir a cuatro miembros de una misma familia v\u00edctimas del\u00a0ataque de bandas armadas\u00a0que dej\u00f3 al menos\u00a047 muertos\u00a0en esta localidad hace una semana. La\u00a0ceremonia\u00a0se celebr\u00f3 en la\u00a0Iglesia Bautista Conservadora Kenscoff, donde cientos de vecinos, as\u00ed como\u00a0familiares\u00a0y amigos de las v\u00edctimas, [&hellip;]<\/p>\n","protected":false},"author":15,"featured_media":62828,"comment_status":"open","ping_status":"open","sticky":false,"template":"","format":"standard","meta":{"footnotes":""},"categories":[3881],"tags":[11560,11559,2511,2771,5936],"class_list":["post-62826","post","type-post","status-publish","format-standard","has-post-thumbnail","category-internacionales","tag-47-muertos","tag-despiden-en-haiti","tag-familia","tag-masacre","tag-victimas"],"yoast_head":"<!-- This site is optimized with the Yoast SEO plugin v27.6 - https:\/\/yoast.com\/product\/yoast-seo-wordpress\/ -->\n<title>Despiden en Hait\u00ed a cuatro v\u00edctimas de una familia de la masacre que dej\u00f3 47 muertos - Conexi\u00f3n 23<\/title>\n<meta name=\"robots\" content=\"index, follow, max-snippet:-1, max-image-preview:large, max-video-preview:-1\" \/>\n<link rel=\"canonical\" href=\"http:\/\/conexion23.com\/?p=62826\" \/>\n<meta property=\"og:locale\" content=\"es_ES\" \/>\n<meta property=\"og:type\" content=\"article\" \/>\n<meta property=\"og:title\" content=\"Despiden en Hait\u00ed a cuatro v\u00edctimas de una familia de la masacre que dej\u00f3 47 muertos - Conexi\u00f3n 23\" \/>\n<meta property=\"og:description\" content=\"En medio del dolor,\u00a0vecinos de Kenscoff, en las afueras de Puerto Pr\u00edncipe, acudieron este domingo a despedir a cuatro miembros de una misma familia v\u00edctimas del\u00a0ataque de bandas armadas\u00a0que dej\u00f3 al menos\u00a047 muertos\u00a0en esta localidad hace una semana. La\u00a0ceremonia\u00a0se celebr\u00f3 en la\u00a0Iglesia Bautista Conservadora Kenscoff, donde cientos de vecinos, as\u00ed como\u00a0familiares\u00a0y amigos de las v\u00edctimas, [&hellip;]\" \/>\n<meta property=\"og:url\" content=\"http:\/\/conexion23.com\/?p=62826\" \/>\n<meta property=\"og:site_name\" content=\"Conexi\u00f3n 23\" \/>\n<meta property=\"article:publisher\" content=\"https:\/\/www.facebook.com\/conexion23com\" \/>\n<meta property=\"article:published_time\" content=\"2026-08-31T12:07:33+00:00\" \/>\n<meta property=\"og:image\" content=\"http:\/\/conexion23.com\/wp-content\/uploads\/2026\/08\/Muertos-en-Haiti.jpg\" \/>\n\t<meta property=\"og:image:width\" content=\"896\" \/>\n\t<meta property=\"og:image:height\" content=\"504\" \/>\n\t<meta property=\"og:image:type\" content=\"image\/jpeg\" \/>\n<meta name=\"author\" content=\"Raffy Ben\u00edtez\" \/>\n<meta name=\"twitter:card\" content=\"summary_large_image\" \/>\n<meta name=\"twitter:label1\" content=\"Escrito por\" \/>\n\t<meta name=\"twitter:data1\" content=\"Raffy Ben\u00edtez\" \/>\n\t<meta name=\"twitter:label2\" content=\"Tiempo de lectura\" \/>\n\t<meta name=\"twitter:data2\" content=\"2 minutos\" \/>\n<script type=\"application\/ld+json\" class=\"yoast-schema-graph\">{\"@context\":\"https:\\\/\\\/schema.org\",\"@graph\":[{\"@type\":\"Article\",\"@id\":\"http:\\\/\\\/conexion23.com\\\/?p=62826#article\",\"isPartOf\":{\"@id\":\"http:\\\/\\\/conexion23.com\\\/?p=62826\"},\"author\":{\"name\":\"Raffy Ben\u00edtez\",\"@id\":\"http:\\\/\\\/conexion23.com\\\/#\\\/schema\\\/person\\\/03e36043331117e97a373299bbcd30a6\"},\"headline\":\"Despiden en Hait\u00ed a cuatro v\u00edctimas de una familia de la masacre que dej\u00f3 47 muertos\",\"datePublished\":\"2026-08-31T12:07:33+00:00\",\"mainEntityOfPage\":{\"@id\":\"http:\\\/\\\/conexion23.com\\\/?p=62826\"},\"wordCount\":356,\"commentCount\":0,\"publisher\":{\"@id\":\"http:\\\/\\\/conexion23.com\\\/#organization\"},\"image\":{\"@id\":\"http:\\\/\\\/conexion23.com\\\/?p=62826#primaryimage\"},\"thumbnailUrl\":\"https:\\\/\\\/conexion23.com\\\/wp-content\\\/uploads\\\/2026\\\/08\\\/Muertos-en-Haiti.jpg\",\"keywords\":[\"47 muertos\",\"Despiden en Hait\u00ed\",\"familia\",\"masacre\",\"V\u00edctimas\"],\"articleSection\":[\"Internacionales\"],\"inLanguage\":\"es\",\"potentialAction\":[{\"@type\":\"CommentAction\",\"name\":\"Comment\",\"target\":[\"http:\\\/\\\/conexion23.com\\\/?p=62826#respond\"]}]},{\"@type\":\"WebPage\",\"@id\":\"http:\\\/\\\/conexion23.com\\\/?p=62826\",\"url\":\"http:\\\/\\\/conexion23.com\\\/?p=62826\",\"name\":\"Despiden en Hait\u00ed a cuatro v\u00edctimas de una familia de la masacre que dej\u00f3 47 muertos - Conexi\u00f3n 23\",\"isPartOf\":{\"@id\":\"http:\\\/\\\/conexion23.com\\\/#website\"},\"primaryImageOfPage\":{\"@id\":\"http:\\\/\\\/conexion23.com\\\/?p=62826#primaryimage\"},\"image\":{\"@id\":\"http:\\\/\\\/conexion23.com\\\/?p=62826#primaryimage\"},\"thumbnailUrl\":\"https:\\\/\\\/conexion23.com\\\/wp-content\\\/uploads\\\/2026\\\/08\\\/Muertos-en-Haiti.jpg\",\"datePublished\":\"2026-08-31T12:07:33+00:00\",\"breadcrumb\":{\"@id\":\"http:\\\/\\\/conexion23.com\\\/?p=62826#breadcrumb\"},\"inLanguage\":\"es\",\"potentialAction\":[{\"@type\":\"ReadAction\",\"target\":[\"http:\\\/\\\/conexion23.com\\\/?p=62826\"]}]},{\"@type\":\"ImageObject\",\"inLanguage\":\"es\",\"@id\":\"http:\\\/\\\/conexion23.com\\\/?p=62826#primaryimage\",\"url\":\"https:\\\/\\\/conexion23.com\\\/wp-content\\\/uploads\\\/2026\\\/08\\\/Muertos-en-Haiti.jpg\",\"contentUrl\":\"https:\\\/\\\/conexion23.com\\\/wp-content\\\/uploads\\\/2026\\\/08\\\/Muertos-en-Haiti.jpg\",\"width\":896,\"height\":504},{\"@type\":\"BreadcrumbList\",\"@id\":\"http:\\\/\\\/conexion23.com\\\/?p=62826#breadcrumb\",\"itemListElement\":[{\"@type\":\"ListItem\",\"position\":1,\"name\":\"Portada\",\"item\":\"http:\\\/\\\/conexion23.com\\\/\"},{\"@type\":\"ListItem\",\"position\":2,\"name\":\"Despiden en Hait\u00ed a cuatro v\u00edctimas de una familia de la masacre que dej\u00f3 47 muertos\"}]},{\"@type\":\"WebSite\",\"@id\":\"http:\\\/\\\/conexion23.com\\\/#website\",\"url\":\"http:\\\/\\\/conexion23.com\\\/\",\"name\":\"Conexi\u00f3n 23\",\"description\":\"Peri\u00f3dico 100% Petromacorisano\",\"publisher\":{\"@id\":\"http:\\\/\\\/conexion23.com\\\/#organization\"},\"potentialAction\":[{\"@type\":\"SearchAction\",\"target\":{\"@type\":\"EntryPoint\",\"urlTemplate\":\"http:\\\/\\\/conexion23.com\\\/?s={search_term_string}\"},\"query-input\":{\"@type\":\"PropertyValueSpecification\",\"valueRequired\":true,\"valueName\":\"search_term_string\"}}],\"inLanguage\":\"es\"},{\"@type\":\"Organization\",\"@id\":\"http:\\\/\\\/conexion23.com\\\/#organization\",\"name\":\"Conexion 23\",\"url\":\"http:\\\/\\\/conexion23.com\\\/\",\"logo\":{\"@type\":\"ImageObject\",\"inLanguage\":\"es\",\"@id\":\"http:\\\/\\\/conexion23.com\\\/#\\\/schema\\\/logo\\\/image\\\/\",\"url\":\"https:\\\/\\\/conexion23.com\\\/wp-content\\\/uploads\\\/2021\\\/11\\\/Diseno-sin-titulo-2.png\",\"contentUrl\":\"https:\\\/\\\/conexion23.com\\\/wp-content\\\/uploads\\\/2021\\\/11\\\/Diseno-sin-titulo-2.png\",\"width\":541,\"height\":90,\"caption\":\"Conexion 23\"},\"image\":{\"@id\":\"http:\\\/\\\/conexion23.com\\\/#\\\/schema\\\/logo\\\/image\\\/\"},\"sameAs\":[\"https:\\\/\\\/www.facebook.com\\\/conexion23com\",\"https:\\\/\\\/www.instagram.com\\\/conexion23com\\\/\",\"https:\\\/\\\/www.youtube.com\\\/channel\\\/UCYc7vxxFZMYLIHNsHHxPZ3Q\"]},{\"@type\":\"Person\",\"@id\":\"http:\\\/\\\/conexion23.com\\\/#\\\/schema\\\/person\\\/03e36043331117e97a373299bbcd30a6\",\"name\":\"Raffy Ben\u00edtez\",\"image\":{\"@type\":\"ImageObject\",\"inLanguage\":\"es\",\"@id\":\"https:\\\/\\\/secure.gravatar.com\\\/avatar\\\/3190a6a6c5e1b0327500f7d6c56b6242472ee6cb974cf09b401ee6b3b0798f23?s=96&d=mm&r=g\",\"url\":\"https:\\\/\\\/secure.gravatar.com\\\/avatar\\\/3190a6a6c5e1b0327500f7d6c56b6242472ee6cb974cf09b401ee6b3b0798f23?s=96&d=mm&r=g\",\"contentUrl\":\"https:\\\/\\\/secure.gravatar.com\\\/avatar\\\/3190a6a6c5e1b0327500f7d6c56b6242472ee6cb974cf09b401ee6b3b0798f23?s=96&d=mm&r=g\",\"caption\":\"Raffy Ben\u00edtez\"},\"url\":\"https:\\\/\\\/conexion23.com\\\/?author=15\"}]}<\/script>\n<!-- \/ Yoast SEO plugin. -->","yoast_head_json":{"title":"Despiden en Hait\u00ed a cuatro v\u00edctimas de una familia de la masacre que dej\u00f3 47 muertos - Conexi\u00f3n 23","robots":{"index":"index","follow":"follow","max-snippet":"max-snippet:-1","max-image-preview":"max-image-preview:large","max-video-preview":"max-video-preview:-1"},"canonical":"http:\/\/conexion23.com\/?p=62826","og_locale":"es_ES","og_type":"article","og_title":"Despiden en Hait\u00ed a cuatro v\u00edctimas de una familia de la masacre que dej\u00f3 47 muertos - Conexi\u00f3n 23","og_description":"En medio del dolor,\u00a0vecinos de Kenscoff, en las afueras de Puerto Pr\u00edncipe, acudieron este domingo a despedir a cuatro miembros de una misma familia v\u00edctimas del\u00a0ataque de bandas armadas\u00a0que dej\u00f3 al menos\u00a047 muertos\u00a0en esta localidad hace una semana. La\u00a0ceremonia\u00a0se celebr\u00f3 en la\u00a0Iglesia Bautista Conservadora Kenscoff, donde cientos de vecinos, as\u00ed como\u00a0familiares\u00a0y amigos de las v\u00edctimas, [&hellip;]","og_url":"http:\/\/conexion23.com\/?p=62826","og_site_name":"Conexi\u00f3n 23","article_publisher":"https:\/\/www.facebook.com\/conexion23com","article_published_time":"2026-08-31T12:07:33+00:00","og_image":[{"width":896,"height":504,"url":"http:\/\/conexion23.com\/wp-content\/uploads\/2026\/08\/Muertos-en-Haiti.jpg","type":"image\/jpeg"}],"author":"Raffy Ben\u00edtez","twitter_card":"summary_large_image","twitter_misc":{"Escrito por":"Raffy Ben\u00edtez","Tiempo de lectura":"2 minutos"},"schema":{"@context":"https:\/\/schema.org","@graph":[{"@type":"Article","@id":"http:\/\/conexion23.com\/?p=62826#article","isPartOf":{"@id":"http:\/\/conexion23.com\/?p=62826"},"author":{"name":"Raffy Ben\u00edtez","@id":"http:\/\/conexion23.com\/#\/schema\/person\/03e36043331117e97a373299bbcd30a6"},"headline":"Despiden en Hait\u00ed a cuatro v\u00edctimas de una familia de la masacre que dej\u00f3 47 muertos","datePublished":"2026-08-31T12:07:33+00:00","mainEntityOfPage":{"@id":"http:\/\/conexion23.com\/?p=62826"},"wordCount":356,"commentCount":0,"publisher":{"@id":"http:\/\/conexion23.com\/#organization"},"image":{"@id":"http:\/\/conexion23.com\/?p=62826#primaryimage"},"thumbnailUrl":"https:\/\/conexion23.com\/wp-content\/uploads\/2026\/08\/Muertos-en-Haiti.jpg","keywords":["47 muertos","Despiden en Hait\u00ed","familia","masacre","V\u00edctimas"],"articleSection":["Internacionales"],"inLanguage":"es","potentialAction":[{"@type":"CommentAction","name":"Comment","target":["http:\/\/conexion23.com\/?p=62826#respond"]}]},{"@type":"WebPage","@id":"http:\/\/conexion23.com\/?p=62826","url":"http:\/\/conexion23.com\/?p=62826","name":"Despiden en Hait\u00ed a cuatro v\u00edctimas de una familia de la masacre que dej\u00f3 47 muertos - Conexi\u00f3n 23","isPartOf":{"@id":"http:\/\/conexion23.com\/#website"},"primaryImageOfPage":{"@id":"http:\/\/conexion23.com\/?p=62826#primaryimage"},"image":{"@id":"http:\/\/conexion23.com\/?p=62826#primaryimage"},"thumbnailUrl":"https:\/\/conexion23.com\/wp-content\/uploads\/2026\/08\/Muertos-en-Haiti.jpg","datePublished":"2026-08-31T12:07:33+00:00","breadcrumb":{"@id":"http:\/\/conexion23.com\/?p=62826#breadcrumb"},"inLanguage":"es","potentialAction":[{"@type":"ReadAction","target":["http:\/\/conexion23.com\/?p=62826"]}]},{"@type":"ImageObject","inLanguage":"es","@id":"http:\/\/conexion23.com\/?p=62826#primaryimage","url":"https:\/\/conexion23.com\/wp-content\/uploads\/2026\/08\/Muertos-en-Haiti.jpg","contentUrl":"https:\/\/conexion23.com\/wp-content\/uploads\/2026\/08\/Muertos-en-Haiti.jpg","width":896,"height":504},{"@type":"BreadcrumbList","@id":"http:\/\/conexion23.com\/?p=62826#breadcrumb","itemListElement":[{"@type":"ListItem","position":1,"name":"Portada","item":"http:\/\/conexion23.com\/"},{"@type":"ListItem","position":2,"name":"Despiden en Hait\u00ed a cuatro v\u00edctimas de una familia de la masacre que dej\u00f3 47 muertos"}]},{"@type":"WebSite","@id":"http:\/\/conexion23.com\/#website","url":"http:\/\/conexion23.com\/","name":"Conexi\u00f3n 23","description":"Peri\u00f3dico 100% Petromacorisano","publisher":{"@id":"http:\/\/conexion23.com\/#organization"},"potentialAction":[{"@type":"SearchAction","target":{"@type":"EntryPoint","urlTemplate":"http:\/\/conexion23.com\/?s={search_term_string}"},"query-input":{"@type":"PropertyValueSpecification","valueRequired":true,"valueName":"search_term_string"}}],"inLanguage":"es"},{"@type":"Organization","@id":"http:\/\/conexion23.com\/#organization","name":"Conexion 23","url":"http:\/\/conexion23.com\/","logo":{"@type":"ImageObject","inLanguage":"es","@id":"http:\/\/conexion23.com\/#\/schema\/logo\/image\/","url":"https:\/\/conexion23.com\/wp-content\/uploads\/2021\/11\/Diseno-sin-titulo-2.png","contentUrl":"https:\/\/conexion23.com\/wp-content\/uploads\/2021\/11\/Diseno-sin-titulo-2.png","width":541,"height":90,"caption":"Conexion 23"},"image":{"@id":"http:\/\/conexion23.com\/#\/schema\/logo\/image\/"},"sameAs":["https:\/\/www.facebook.com\/conexion23com","https:\/\/www.instagram.com\/conexion23com\/","https:\/\/www.youtube.com\/channel\/UCYc7vxxFZMYLIHNsHHxPZ3Q"]},{"@type":"Person","@id":"http:\/\/conexion23.com\/#\/schema\/person\/03e36043331117e97a373299bbcd30a6","name":"Raffy Ben\u00edtez","image":{"@type":"ImageObject","inLanguage":"es","@id":"https:\/\/secure.gravatar.com\/avatar\/3190a6a6c5e1b0327500f7d6c56b6242472ee6cb974cf09b401ee6b3b0798f23?s=96&d=mm&r=g","url":"https:\/\/secure.gravatar.com\/avatar\/3190a6a6c5e1b0327500f7d6c56b6242472ee6cb974cf09b401ee6b3b0798f23?s=96&d=mm&r=g","contentUrl":"https:\/\/secure.gravatar.com\/avatar\/3190a6a6c5e1b0327500f7d6c56b6242472ee6cb974cf09b401ee6b3b0798f23?s=96&d=mm&r=g","caption":"Raffy Ben\u00edtez"},"url":"https:\/\/conexion23.com\/?author=15"}]}},"_links":{"self":[{"href":"https:\/\/conexion23.com\/index.php?rest_route=\/wp\/v2\/posts\/62826","targetHints":{"allow":["GET"]}}],"collection":[{"href":"https:\/\/conexion23.com\/index.php?rest_route=\/wp\/v2\/posts"}],"about":[{"href":"https:\/\/conexion23.com\/index.php?rest_route=\/wp\/v2\/types\/post"}],"author":[{"embeddable":true,"href":"https:\/\/conexion23.com\/index.php?rest_route=\/wp\/v2\/users\/15"}],"replies":[{"embeddable":true,"href":"https:\/\/conexion23.com\/index.php?rest_route=%2Fwp%2Fv2%2Fcomments&post=62826"}],"version-history":[{"count":1,"href":"https:\/\/conexion23.com\/index.php?rest_route=\/wp\/v2\/posts\/62826\/revisions"}],"predecessor-version":[{"id":62829,"href":"https:\/\/conexion23.com\/index.php?rest_route=\/wp\/v2\/posts\/62826\/revisions\/62829"}],"wp:featuredmedia":[{"embeddable":true,"href":"https:\/\/conexion23.com\/index.php?rest_route=\/wp\/v2\/media\/62828"}],"wp:attachment":[{"href":"https:\/\/conexion23.com\/index.php?rest_route=%2Fwp%2Fv2%2Fmedia&parent=62826"}],"wp:term":[{"taxonomy":"category","embeddable":true,"href":"https:\/\/conexion23.com\/index.php?rest_route=%2Fwp%2Fv2%2Fcategories&post=62826"},{"taxonomy":"post_tag","embeddable":true,"href":"https:\/\/conexion23.com\/index.php?rest_route=%2Fwp%2Fv2%2Ftags&post=62826"}],"curies":[{"name":"wp","href":"https:\/\/api.w.org\/{rel}","templated":true}]}}