{"id":62841,"date":"2026-08-31T09:50:52","date_gmt":"2026-08-31T13:50:52","guid":{"rendered":"https:\/\/conexion23.com\/?p=62841"},"modified":"2026-08-31T09:04:16","modified_gmt":"2026-08-31T13:04:16","slug":"movimiento-renuente-a-contrarreforma-al-codigo-de-trabajo","status":"publish","type":"post","link":"https:\/\/conexion23.com\/?p=62841","title":{"rendered":"Movimiento renuente a \u201ccontrarreforma\u201d al C\u00f3digo de Trabajo"},"content":{"rendered":"<p class=\"paragraph\" style=\"text-align: justify;\"><strong>La\u00a0Uni\u00f3n Clasista de Trabajadores (UCT)\u00a0rechaz\u00f3 a cualquier intento de convertir la reforma del\u00a0C\u00f3digo de Trabajo\u00a0en una \u201ccontrarreforma\u201d dirigida a debilitar derechos de los trabajadores, tras precisar que la cesant\u00eda constituye una conquista irrenunciable.<\/strong><\/p>\n<p class=\"paragraph\" style=\"text-align: justify;\">En la declaraci\u00f3n final de su quinto congreso\u00a0<b>Juan N\u00fa\u00f1ez<\/b>, secretario general de la UCT, afirm\u00f3 que la modernizaci\u00f3n de la legislaci\u00f3n laboral debe ampliar derechos y responder a las nuevas realidades del trabajo, no aumentar la explotaci\u00f3n, ni las precariedades.<\/p>\n<p style=\"text-align: justify;\">Asimismo, los dirigentes sindicales agrupados en la UCT abordaron la necesidad de transformar el sistema de seguridad sociedad, al precisar que la salud, las pensiones y la protecci\u00f3n frente a los riesgos laborales son fundamentales y no pueden estar, seg\u00fan dicen, subordinados al lucro de las\u00a0<b>Administraciones de Riesgos<\/b>\u00a0<b>de Salud\u00a0<\/b>y las\u00a0<b>Administradoras de Fondos de Pensiones<\/b>.<\/p>\n<p class=\"paragraph\" style=\"text-align: justify;\">Reclaman una reforma integral a la ley 87-01 que garantice pensiones dignas, atenci\u00f3n m\u00e9dica oportuna y de calidad, as\u00ed como cobertura para los trabajadores sin importar su modalidad de empleo. En ese contexto, abogan por indexaci\u00f3n salarial.<\/p>\n<p class=\"paragraph\" style=\"text-align: justify;\">En el encuentro los sindicalistas se quejaron de que persisten pr\u00e1cticas dirigidas a impedir, limitar o castigar la organizaci\u00f3n sindical.<\/p>\n<p class=\"paragraph\" style=\"text-align: justify;\">Ante alegadas amenazas contra la\u00a0<b>Asociaci\u00f3n Dominicana de Profesores (ADP)<\/b>, la UCT expres\u00f3 su apoyo al gremio.<\/p>\n<p class=\"paragraph\" style=\"text-align: justify;\">Tambi\u00e9n, manifest\u00f3 su respaldo al gobierno cubano y lamentaron la expulsi\u00f3n de nueves diplom\u00e1ticos de territorio nacional.<\/p>\n<p class=\"paragraph\" style=\"text-align: justify;\"><b>Debilidad del movimiento sindical<\/b><\/p>\n<p class=\"paragraph\" style=\"text-align: justify;\">Durante su exposici\u00f3n en la actividad, efectuada en el Paraninfo de Ciencias Jur\u00eddicas y Pol\u00edticas de la Universidad Aut\u00f3noma de Santo Domingo (UASD), Carlos Tom\u00e1s Fern\u00e1ndez, asesor de la confederaci\u00f3n sindical, expuso sobre el debilitamiento del sector, con un llamado de alerta para adoptar acciones que permitan su fortalecimiento.<\/p>\n<p class=\"paragraph\" style=\"text-align: justify;\">De acuerdo a datos ofrecidos, de 3, 973 sindicatos registrados en el ministerio de Trabajo, agrupados en 24 confederaciones, el 61 por ciento se encuentra inactivo, es decir, que solo 1,539 sindicatos realiza alguna actividad sindical.<\/p>\n<p class=\"paragraph\" style=\"text-align: justify;\">Desde su \u00f3ptica, la gran dispersi\u00f3n y divisi\u00f3n que ha padecido el movimiento sindical desde su surgimiento tiene mucho que ver con la situaci\u00f3n. Para romper el \u00abcerco\u00bb y aniquilamiento que, a su entender, la patronal, apoyada por el gobierno, mantiene contra la organizaci\u00f3n de los trabajadores,\u00a0<b>Carlos Tom\u00e1s Fern\u00e1ndez<\/b>\u00a0propone mayor nivel de formaci\u00f3n de los trabajadores acerca de su rol en la sociedad y el papel a desempe\u00f1ar en la lucha reivindicativa.<\/p>\n<p class=\"paragraph\" style=\"text-align: justify;\">\u201cHacemos un llamado al gobierno dominicano a desistir del apoyo a la pol\u00edtica de agresi\u00f3n contra Cuba y reclamamos que retome las relaciones de amistad e identidad hist\u00f3rica que siempre ha unido a los pueblos de la Rep\u00fablica Dominicana y Cuba\u201d, expresaron directivos.<\/p>\n","protected":false},"excerpt":{"rendered":"<p>La\u00a0Uni\u00f3n Clasista de Trabajadores (UCT)\u00a0rechaz\u00f3 a cualquier intento de convertir la reforma del\u00a0C\u00f3digo de Trabajo\u00a0en una \u201ccontrarreforma\u201d dirigida a debilitar derechos de los trabajadores, tras precisar que la cesant\u00eda constituye una conquista irrenunciable. En la declaraci\u00f3n final de su quinto congreso\u00a0Juan N\u00fa\u00f1ez, secretario general de la UCT, afirm\u00f3 que la modernizaci\u00f3n de la legislaci\u00f3n laboral [&hellip;]<\/p>\n","protected":false},"author":18,"featured_media":62842,"comment_status":"open","ping_status":"open","sticky":false,"template":"","format":"standard","meta":{"footnotes":""},"categories":[3913,3773],"tags":[11564,3950,11566,11565,11563],"class_list":["post-62841","post","type-post","status-publish","format-standard","has-post-thumbnail","category-nacionales","category-portada","tag-carlos-tomas-fernandez","tag-codigo-de-trabajo","tag-movimiento-renuente","tag-uct","tag-union-clasista-de-trabajadores"],"yoast_head":"<!-- This site is optimized with the Yoast SEO plugin v27.6 - https:\/\/yoast.com\/product\/yoast-seo-wordpress\/ -->\n<title>Movimiento renuente a \u201ccontrarreforma\u201d al C\u00f3digo de Trabajo - Conexi\u00f3n 23<\/title>\n<meta name=\"robots\" content=\"index, follow, max-snippet:-1, max-image-preview:large, max-video-preview:-1\" \/>\n<link rel=\"canonical\" href=\"https:\/\/conexion23.com\/?p=62841\" \/>\n<meta property=\"og:locale\" content=\"es_ES\" \/>\n<meta property=\"og:type\" content=\"article\" \/>\n<meta property=\"og:title\" content=\"Movimiento renuente a \u201ccontrarreforma\u201d al C\u00f3digo de Trabajo - Conexi\u00f3n 23\" \/>\n<meta property=\"og:description\" content=\"La\u00a0Uni\u00f3n Clasista de Trabajadores (UCT)\u00a0rechaz\u00f3 a cualquier intento de convertir la reforma del\u00a0C\u00f3digo de Trabajo\u00a0en una \u201ccontrarreforma\u201d dirigida a debilitar derechos de los trabajadores, tras precisar que la cesant\u00eda constituye una conquista irrenunciable. En la declaraci\u00f3n final de su quinto congreso\u00a0Juan N\u00fa\u00f1ez, secretario general de la UCT, afirm\u00f3 que la modernizaci\u00f3n de la legislaci\u00f3n laboral [&hellip;]\" \/>\n<meta property=\"og:url\" content=\"https:\/\/conexion23.com\/?p=62841\" \/>\n<meta property=\"og:site_name\" content=\"Conexi\u00f3n 23\" \/>\n<meta property=\"article:publisher\" content=\"https:\/\/www.facebook.com\/conexion23com\" \/>\n<meta property=\"article:published_time\" content=\"2026-08-31T13:50:52+00:00\" \/>\n<meta property=\"og:image\" content=\"https:\/\/conexion23.com\/wp-content\/uploads\/2026\/08\/Movimiento-renuente-a-contrarreforma-al-Codigo-de-Trabajo.jpeg\" \/>\n\t<meta property=\"og:image:width\" content=\"1200\" \/>\n\t<meta property=\"og:image:height\" content=\"592\" \/>\n\t<meta property=\"og:image:type\" content=\"image\/jpeg\" \/>\n<meta name=\"author\" content=\"Redacci\u00f3n\" \/>\n<meta name=\"twitter:card\" content=\"summary_large_image\" \/>\n<meta name=\"twitter:label1\" content=\"Escrito por\" \/>\n\t<meta name=\"twitter:data1\" content=\"Redacci\u00f3n\" \/>\n\t<meta name=\"twitter:label2\" content=\"Tiempo de lectura\" \/>\n\t<meta name=\"twitter:data2\" content=\"3 minutos\" \/>\n<script type=\"application\/ld+json\" class=\"yoast-schema-graph\">{\"@context\":\"https:\\\/\\\/schema.org\",\"@graph\":[{\"@type\":\"Article\",\"@id\":\"https:\\\/\\\/conexion23.com\\\/?p=62841#article\",\"isPartOf\":{\"@id\":\"https:\\\/\\\/conexion23.com\\\/?p=62841\"},\"author\":{\"name\":\"Redacci\u00f3n\",\"@id\":\"http:\\\/\\\/conexion23.com\\\/#\\\/schema\\\/person\\\/0a860802b17d01ad2a278f53c507c296\"},\"headline\":\"Movimiento renuente a \u201ccontrarreforma\u201d al C\u00f3digo de Trabajo\",\"datePublished\":\"2026-08-31T13:50:52+00:00\",\"mainEntityOfPage\":{\"@id\":\"https:\\\/\\\/conexion23.com\\\/?p=62841\"},\"wordCount\":475,\"commentCount\":0,\"publisher\":{\"@id\":\"http:\\\/\\\/conexion23.com\\\/#organization\"},\"image\":{\"@id\":\"https:\\\/\\\/conexion23.com\\\/?p=62841#primaryimage\"},\"thumbnailUrl\":\"https:\\\/\\\/conexion23.com\\\/wp-content\\\/uploads\\\/2026\\\/08\\\/Movimiento-renuente-a-contrarreforma-al-Codigo-de-Trabajo.jpeg\",\"keywords\":[\"Carlos Tom\u00e1s Fern\u00e1ndez\",\"C\u00f3digo de Trabajo\",\"Movimiento renuente\",\"UCT\",\"Uni\u00f3n Clasista de Trabajadores\"],\"articleSection\":[\"Nacionales\",\"Portada\"],\"inLanguage\":\"es\",\"potentialAction\":[{\"@type\":\"CommentAction\",\"name\":\"Comment\",\"target\":[\"https:\\\/\\\/conexion23.com\\\/?p=62841#respond\"]}]},{\"@type\":\"WebPage\",\"@id\":\"https:\\\/\\\/conexion23.com\\\/?p=62841\",\"url\":\"https:\\\/\\\/conexion23.com\\\/?p=62841\",\"name\":\"Movimiento renuente a \u201ccontrarreforma\u201d al C\u00f3digo de Trabajo - Conexi\u00f3n 23\",\"isPartOf\":{\"@id\":\"http:\\\/\\\/conexion23.com\\\/#website\"},\"primaryImageOfPage\":{\"@id\":\"https:\\\/\\\/conexion23.com\\\/?p=62841#primaryimage\"},\"image\":{\"@id\":\"https:\\\/\\\/conexion23.com\\\/?p=62841#primaryimage\"},\"thumbnailUrl\":\"https:\\\/\\\/conexion23.com\\\/wp-content\\\/uploads\\\/2026\\\/08\\\/Movimiento-renuente-a-contrarreforma-al-Codigo-de-Trabajo.jpeg\",\"datePublished\":\"2026-08-31T13:50:52+00:00\",\"breadcrumb\":{\"@id\":\"https:\\\/\\\/conexion23.com\\\/?p=62841#breadcrumb\"},\"inLanguage\":\"es\",\"potentialAction\":[{\"@type\":\"ReadAction\",\"target\":[\"https:\\\/\\\/conexion23.com\\\/?p=62841\"]}]},{\"@type\":\"ImageObject\",\"inLanguage\":\"es\",\"@id\":\"https:\\\/\\\/conexion23.com\\\/?p=62841#primaryimage\",\"url\":\"https:\\\/\\\/conexion23.com\\\/wp-content\\\/uploads\\\/2026\\\/08\\\/Movimiento-renuente-a-contrarreforma-al-Codigo-de-Trabajo.jpeg\",\"contentUrl\":\"https:\\\/\\\/conexion23.com\\\/wp-content\\\/uploads\\\/2026\\\/08\\\/Movimiento-renuente-a-contrarreforma-al-Codigo-de-Trabajo.jpeg\",\"width\":1200,\"height\":592},{\"@type\":\"BreadcrumbList\",\"@id\":\"https:\\\/\\\/conexion23.com\\\/?p=62841#breadcrumb\",\"itemListElement\":[{\"@type\":\"ListItem\",\"position\":1,\"name\":\"Portada\",\"item\":\"http:\\\/\\\/conexion23.com\\\/\"},{\"@type\":\"ListItem\",\"position\":2,\"name\":\"Movimiento renuente a \u201ccontrarreforma\u201d al C\u00f3digo de Trabajo\"}]},{\"@type\":\"WebSite\",\"@id\":\"http:\\\/\\\/conexion23.com\\\/#website\",\"url\":\"http:\\\/\\\/conexion23.com\\\/\",\"name\":\"Conexi\u00f3n 23\",\"description\":\"Peri\u00f3dico 100% Petromacorisano\",\"publisher\":{\"@id\":\"http:\\\/\\\/conexion23.com\\\/#organization\"},\"potentialAction\":[{\"@type\":\"SearchAction\",\"target\":{\"@type\":\"EntryPoint\",\"urlTemplate\":\"http:\\\/\\\/conexion23.com\\\/?s={search_term_string}\"},\"query-input\":{\"@type\":\"PropertyValueSpecification\",\"valueRequired\":true,\"valueName\":\"search_term_string\"}}],\"inLanguage\":\"es\"},{\"@type\":\"Organization\",\"@id\":\"http:\\\/\\\/conexion23.com\\\/#organization\",\"name\":\"Conexion 23\",\"url\":\"http:\\\/\\\/conexion23.com\\\/\",\"logo\":{\"@type\":\"ImageObject\",\"inLanguage\":\"es\",\"@id\":\"http:\\\/\\\/conexion23.com\\\/#\\\/schema\\\/logo\\\/image\\\/\",\"url\":\"https:\\\/\\\/conexion23.com\\\/wp-content\\\/uploads\\\/2021\\\/11\\\/Diseno-sin-titulo-2.png\",\"contentUrl\":\"https:\\\/\\\/conexion23.com\\\/wp-content\\\/uploads\\\/2021\\\/11\\\/Diseno-sin-titulo-2.png\",\"width\":541,\"height\":90,\"caption\":\"Conexion 23\"},\"image\":{\"@id\":\"http:\\\/\\\/conexion23.com\\\/#\\\/schema\\\/logo\\\/image\\\/\"},\"sameAs\":[\"https:\\\/\\\/www.facebook.com\\\/conexion23com\",\"https:\\\/\\\/www.instagram.com\\\/conexion23com\\\/\",\"https:\\\/\\\/www.youtube.com\\\/channel\\\/UCYc7vxxFZMYLIHNsHHxPZ3Q\"]},{\"@type\":\"Person\",\"@id\":\"http:\\\/\\\/conexion23.com\\\/#\\\/schema\\\/person\\\/0a860802b17d01ad2a278f53c507c296\",\"name\":\"Redacci\u00f3n\",\"image\":{\"@type\":\"ImageObject\",\"inLanguage\":\"es\",\"@id\":\"https:\\\/\\\/secure.gravatar.com\\\/avatar\\\/ec9d84b79c776aa1994e5893944465db9974b17b884155623da51b7b62c02845?s=96&d=mm&r=g\",\"url\":\"https:\\\/\\\/secure.gravatar.com\\\/avatar\\\/ec9d84b79c776aa1994e5893944465db9974b17b884155623da51b7b62c02845?s=96&d=mm&r=g\",\"contentUrl\":\"https:\\\/\\\/secure.gravatar.com\\\/avatar\\\/ec9d84b79c776aa1994e5893944465db9974b17b884155623da51b7b62c02845?s=96&d=mm&r=g\",\"caption\":\"Redacci\u00f3n\"},\"url\":\"https:\\\/\\\/conexion23.com\\\/?author=18\"}]}<\/script>\n<!-- \/ Yoast SEO plugin. -->","yoast_head_json":{"title":"Movimiento renuente a \u201ccontrarreforma\u201d al C\u00f3digo de Trabajo - Conexi\u00f3n 23","robots":{"index":"index","follow":"follow","max-snippet":"max-snippet:-1","max-image-preview":"max-image-preview:large","max-video-preview":"max-video-preview:-1"},"canonical":"https:\/\/conexion23.com\/?p=62841","og_locale":"es_ES","og_type":"article","og_title":"Movimiento renuente a \u201ccontrarreforma\u201d al C\u00f3digo de Trabajo - Conexi\u00f3n 23","og_description":"La\u00a0Uni\u00f3n Clasista de Trabajadores (UCT)\u00a0rechaz\u00f3 a cualquier intento de convertir la reforma del\u00a0C\u00f3digo de Trabajo\u00a0en una \u201ccontrarreforma\u201d dirigida a debilitar derechos de los trabajadores, tras precisar que la cesant\u00eda constituye una conquista irrenunciable. En la declaraci\u00f3n final de su quinto congreso\u00a0Juan N\u00fa\u00f1ez, secretario general de la UCT, afirm\u00f3 que la modernizaci\u00f3n de la legislaci\u00f3n laboral [&hellip;]","og_url":"https:\/\/conexion23.com\/?p=62841","og_site_name":"Conexi\u00f3n 23","article_publisher":"https:\/\/www.facebook.com\/conexion23com","article_published_time":"2026-08-31T13:50:52+00:00","og_image":[{"width":1200,"height":592,"url":"https:\/\/conexion23.com\/wp-content\/uploads\/2026\/08\/Movimiento-renuente-a-contrarreforma-al-Codigo-de-Trabajo.jpeg","type":"image\/jpeg"}],"author":"Redacci\u00f3n","twitter_card":"summary_large_image","twitter_misc":{"Escrito por":"Redacci\u00f3n","Tiempo de lectura":"3 minutos"},"schema":{"@context":"https:\/\/schema.org","@graph":[{"@type":"Article","@id":"https:\/\/conexion23.com\/?p=62841#article","isPartOf":{"@id":"https:\/\/conexion23.com\/?p=62841"},"author":{"name":"Redacci\u00f3n","@id":"http:\/\/conexion23.com\/#\/schema\/person\/0a860802b17d01ad2a278f53c507c296"},"headline":"Movimiento renuente a \u201ccontrarreforma\u201d al C\u00f3digo de Trabajo","datePublished":"2026-08-31T13:50:52+00:00","mainEntityOfPage":{"@id":"https:\/\/conexion23.com\/?p=62841"},"wordCount":475,"commentCount":0,"publisher":{"@id":"http:\/\/conexion23.com\/#organization"},"image":{"@id":"https:\/\/conexion23.com\/?p=62841#primaryimage"},"thumbnailUrl":"https:\/\/conexion23.com\/wp-content\/uploads\/2026\/08\/Movimiento-renuente-a-contrarreforma-al-Codigo-de-Trabajo.jpeg","keywords":["Carlos Tom\u00e1s Fern\u00e1ndez","C\u00f3digo de Trabajo","Movimiento renuente","UCT","Uni\u00f3n Clasista de Trabajadores"],"articleSection":["Nacionales","Portada"],"inLanguage":"es","potentialAction":[{"@type":"CommentAction","name":"Comment","target":["https:\/\/conexion23.com\/?p=62841#respond"]}]},{"@type":"WebPage","@id":"https:\/\/conexion23.com\/?p=62841","url":"https:\/\/conexion23.com\/?p=62841","name":"Movimiento renuente a \u201ccontrarreforma\u201d al C\u00f3digo de Trabajo - Conexi\u00f3n 23","isPartOf":{"@id":"http:\/\/conexion23.com\/#website"},"primaryImageOfPage":{"@id":"https:\/\/conexion23.com\/?p=62841#primaryimage"},"image":{"@id":"https:\/\/conexion23.com\/?p=62841#primaryimage"},"thumbnailUrl":"https:\/\/conexion23.com\/wp-content\/uploads\/2026\/08\/Movimiento-renuente-a-contrarreforma-al-Codigo-de-Trabajo.jpeg","datePublished":"2026-08-31T13:50:52+00:00","breadcrumb":{"@id":"https:\/\/conexion23.com\/?p=62841#breadcrumb"},"inLanguage":"es","potentialAction":[{"@type":"ReadAction","target":["https:\/\/conexion23.com\/?p=62841"]}]},{"@type":"ImageObject","inLanguage":"es","@id":"https:\/\/conexion23.com\/?p=62841#primaryimage","url":"https:\/\/conexion23.com\/wp-content\/uploads\/2026\/08\/Movimiento-renuente-a-contrarreforma-al-Codigo-de-Trabajo.jpeg","contentUrl":"https:\/\/conexion23.com\/wp-content\/uploads\/2026\/08\/Movimiento-renuente-a-contrarreforma-al-Codigo-de-Trabajo.jpeg","width":1200,"height":592},{"@type":"BreadcrumbList","@id":"https:\/\/conexion23.com\/?p=62841#breadcrumb","itemListElement":[{"@type":"ListItem","position":1,"name":"Portada","item":"http:\/\/conexion23.com\/"},{"@type":"ListItem","position":2,"name":"Movimiento renuente a \u201ccontrarreforma\u201d al C\u00f3digo de Trabajo"}]},{"@type":"WebSite","@id":"http:\/\/conexion23.com\/#website","url":"http:\/\/conexion23.com\/","name":"Conexi\u00f3n 23","description":"Peri\u00f3dico 100% Petromacorisano","publisher":{"@id":"http:\/\/conexion23.com\/#organization"},"potentialAction":[{"@type":"SearchAction","target":{"@type":"EntryPoint","urlTemplate":"http:\/\/conexion23.com\/?s={search_term_string}"},"query-input":{"@type":"PropertyValueSpecification","valueRequired":true,"valueName":"search_term_string"}}],"inLanguage":"es"},{"@type":"Organization","@id":"http:\/\/conexion23.com\/#organization","name":"Conexion 23","url":"http:\/\/conexion23.com\/","logo":{"@type":"ImageObject","inLanguage":"es","@id":"http:\/\/conexion23.com\/#\/schema\/logo\/image\/","url":"https:\/\/conexion23.com\/wp-content\/uploads\/2021\/11\/Diseno-sin-titulo-2.png","contentUrl":"https:\/\/conexion23.com\/wp-content\/uploads\/2021\/11\/Diseno-sin-titulo-2.png","width":541,"height":90,"caption":"Conexion 23"},"image":{"@id":"http:\/\/conexion23.com\/#\/schema\/logo\/image\/"},"sameAs":["https:\/\/www.facebook.com\/conexion23com","https:\/\/www.instagram.com\/conexion23com\/","https:\/\/www.youtube.com\/channel\/UCYc7vxxFZMYLIHNsHHxPZ3Q"]},{"@type":"Person","@id":"http:\/\/conexion23.com\/#\/schema\/person\/0a860802b17d01ad2a278f53c507c296","name":"Redacci\u00f3n","image":{"@type":"ImageObject","inLanguage":"es","@id":"https:\/\/secure.gravatar.com\/avatar\/ec9d84b79c776aa1994e5893944465db9974b17b884155623da51b7b62c02845?s=96&d=mm&r=g","url":"https:\/\/secure.gravatar.com\/avatar\/ec9d84b79c776aa1994e5893944465db9974b17b884155623da51b7b62c02845?s=96&d=mm&r=g","contentUrl":"https:\/\/secure.gravatar.com\/avatar\/ec9d84b79c776aa1994e5893944465db9974b17b884155623da51b7b62c02845?s=96&d=mm&r=g","caption":"Redacci\u00f3n"},"url":"https:\/\/conexion23.com\/?author=18"}]}},"_links":{"self":[{"href":"https:\/\/conexion23.com\/index.php?rest_route=\/wp\/v2\/posts\/62841","targetHints":{"allow":["GET"]}}],"collection":[{"href":"https:\/\/conexion23.com\/index.php?rest_route=\/wp\/v2\/posts"}],"about":[{"href":"https:\/\/conexion23.com\/index.php?rest_route=\/wp\/v2\/types\/post"}],"author":[{"embeddable":true,"href":"https:\/\/conexion23.com\/index.php?rest_route=\/wp\/v2\/users\/18"}],"replies":[{"embeddable":true,"href":"https:\/\/conexion23.com\/index.php?rest_route=%2Fwp%2Fv2%2Fcomments&post=62841"}],"version-history":[{"count":1,"href":"https:\/\/conexion23.com\/index.php?rest_route=\/wp\/v2\/posts\/62841\/revisions"}],"predecessor-version":[{"id":62843,"href":"https:\/\/conexion23.com\/index.php?rest_route=\/wp\/v2\/posts\/62841\/revisions\/62843"}],"wp:featuredmedia":[{"embeddable":true,"href":"https:\/\/conexion23.com\/index.php?rest_route=\/wp\/v2\/media\/62842"}],"wp:attachment":[{"href":"https:\/\/conexion23.com\/index.php?rest_route=%2Fwp%2Fv2%2Fmedia&parent=62841"}],"wp:term":[{"taxonomy":"category","embeddable":true,"href":"https:\/\/conexion23.com\/index.php?rest_route=%2Fwp%2Fv2%2Fcategories&post=62841"},{"taxonomy":"post_tag","embeddable":true,"href":"https:\/\/conexion23.com\/index.php?rest_route=%2Fwp%2Fv2%2Ftags&post=62841"}],"curies":[{"name":"wp","href":"https:\/\/api.w.org\/{rel}","templated":true}]}}