{"id":62844,"date":"2026-08-31T10:00:25","date_gmt":"2026-08-31T14:00:25","guid":{"rendered":"https:\/\/conexion23.com\/?p=62844"},"modified":"2026-08-31T09:06:26","modified_gmt":"2026-08-31T13:06:26","slug":"trump-iran-es-oficialmente-una-nacion-fallida-esta-muerto","status":"publish","type":"post","link":"https:\/\/conexion23.com\/?p=62844","title":{"rendered":"Trump: \u00abIr\u00e1n es oficialmente una naci\u00f3n fallida. \u00a1Est\u00e1 muerto!\u00bb"},"content":{"rendered":"<p style=\"text-align: justify;\"><strong>Donald Trump reiter\u00f3 este lunes que Ir\u00e1n es una \u00abnaci\u00f3n fallida\u00bb, puesto que, seg\u00fan sus palabras, ya no cuenta con Fuerzas Armadas y su liderazgo est\u00e1 en \u00abcompleto desorden\u00bb.<\/strong><\/p>\n<p style=\"text-align: justify;\">\u00ab<strong>Ir\u00e1n es oficialmente una naci\u00f3n fallida. \u00a1Est\u00e1 muerto!<\/strong>\u00a0No tienen Armada, ni Fuerza A\u00e9rea, ni moneda, no pagan a sus soldados ni a su Polic\u00eda, la inflaci\u00f3n es del 300 %, y su liderazgo est\u00e1 en completo desorden y es incapaz de representar adecuadamente al pa\u00eds\u00bb,\u00a0escribi\u00f3 el presidente estadounidense en su cuenta de Truth Social.<\/p>\n<p style=\"text-align: justify;\">Por otra parte, Trump asever\u00f3 que\u00a0la Rep\u00fablica Isl\u00e1mica \u00absolo posee noticias falsas de EE.UU.\u00bb, as\u00ed como la \u00abvoluntad de\u00a0matar a sus manifestantes\u00bb y un \u00abbuen repertorio de mentiras\u00bb.<\/p>\n<p style=\"text-align: justify;\">En declaraciones previas similares, Trump\u00a0destac\u00f3 la efectividad de las\u00a0sanciones econ\u00f3micas impuestas por la Casa Blanca, afirmando que \u00abnadie hab\u00eda sufrido un golpe as\u00ed\u00bb. \u00ab<strong>Y ahora mismo son una naci\u00f3n en crisis<\/strong>\u00ab,\u00a0manifest\u00f3 a Fox News, en una entrevista emitida el domingo.<\/p>\n<h3 style=\"text-align: justify;\">Nueva escalada en Ormuz<\/h3>\n<p style=\"text-align: justify;\">Las declaraciones del inquilino de la Casa Blanca se emitieron en medio de un nuevo ataque estadounidense contra\u00a0<strong>la isla iran\u00ed de Larak,\u00a0<\/strong>que dej\u00f3 muertos y heridos.\u00a0El Comando Central de EE.UU. (CENTCOM) inform\u00f3 que el objetivo del bombardeo\u00a0eran dos lanzacohetes que, supuestamente, se dispon\u00edan a lanzar misiles hacia el estrecho de Ormuz.\u00a0Se trata de la<strong>\u00a0primera ofensiva contra territorio iran\u00ed<\/strong>\u00a0<strong>desde finales de julio. <a href=\"https:\/\/actualidad.rt.com\/actualidad\/625116-trump-iran-oficialmente-nacion-fallida\">por: RT<\/a><\/strong><\/p>\n","protected":false},"excerpt":{"rendered":"<p>Donald Trump reiter\u00f3 este lunes que Ir\u00e1n es una \u00abnaci\u00f3n fallida\u00bb, puesto que, seg\u00fan sus palabras, ya no cuenta con Fuerzas Armadas y su liderazgo est\u00e1 en \u00abcompleto desorden\u00bb. \u00abIr\u00e1n es oficialmente una naci\u00f3n fallida. \u00a1Est\u00e1 muerto!\u00a0No tienen Armada, ni Fuerza A\u00e9rea, ni moneda, no pagan a sus soldados ni a su Polic\u00eda, la inflaci\u00f3n [&hellip;]<\/p>\n","protected":false},"author":18,"featured_media":59030,"comment_status":"open","ping_status":"open","sticky":false,"template":"","format":"standard","meta":{"footnotes":""},"categories":[3881],"tags":[10258,3647,7355],"class_list":["post-62844","post","type-post","status-publish","format-standard","has-post-thumbnail","category-internacionales","tag-centcom","tag-donald-trump","tag-ormuz"],"yoast_head":"<!-- This site is optimized with the Yoast SEO plugin v27.6 - https:\/\/yoast.com\/product\/yoast-seo-wordpress\/ -->\n<title>Trump: &quot;Ir\u00e1n es oficialmente una naci\u00f3n fallida. \u00a1Est\u00e1 muerto!&quot; - Conexi\u00f3n 23<\/title>\n<meta name=\"robots\" content=\"index, follow, max-snippet:-1, max-image-preview:large, max-video-preview:-1\" \/>\n<link rel=\"canonical\" href=\"http:\/\/conexion23.com\/?p=62844\" \/>\n<meta property=\"og:locale\" content=\"es_ES\" \/>\n<meta property=\"og:type\" content=\"article\" \/>\n<meta property=\"og:title\" content=\"Trump: &quot;Ir\u00e1n es oficialmente una naci\u00f3n fallida. \u00a1Est\u00e1 muerto!&quot; - Conexi\u00f3n 23\" \/>\n<meta property=\"og:description\" content=\"Donald Trump reiter\u00f3 este lunes que Ir\u00e1n es una \u00abnaci\u00f3n fallida\u00bb, puesto que, seg\u00fan sus palabras, ya no cuenta con Fuerzas Armadas y su liderazgo est\u00e1 en \u00abcompleto desorden\u00bb. \u00abIr\u00e1n es oficialmente una naci\u00f3n fallida. \u00a1Est\u00e1 muerto!\u00a0No tienen Armada, ni Fuerza A\u00e9rea, ni moneda, no pagan a sus soldados ni a su Polic\u00eda, la inflaci\u00f3n [&hellip;]\" \/>\n<meta property=\"og:url\" content=\"http:\/\/conexion23.com\/?p=62844\" \/>\n<meta property=\"og:site_name\" content=\"Conexi\u00f3n 23\" \/>\n<meta property=\"article:publisher\" content=\"https:\/\/www.facebook.com\/conexion23com\" \/>\n<meta property=\"article:published_time\" content=\"2026-08-31T14:00:25+00:00\" \/>\n<meta property=\"og:image\" content=\"http:\/\/conexion23.com\/wp-content\/uploads\/2026\/06\/donald-trump.jpeg\" \/>\n\t<meta property=\"og:image:width\" content=\"950\" \/>\n\t<meta property=\"og:image:height\" content=\"465\" \/>\n\t<meta property=\"og:image:type\" content=\"image\/jpeg\" \/>\n<meta name=\"author\" content=\"Redacci\u00f3n\" \/>\n<meta name=\"twitter:card\" content=\"summary_large_image\" \/>\n<meta name=\"twitter:label1\" content=\"Escrito por\" \/>\n\t<meta name=\"twitter:data1\" content=\"Redacci\u00f3n\" \/>\n\t<meta name=\"twitter:label2\" content=\"Tiempo de lectura\" \/>\n\t<meta name=\"twitter:data2\" content=\"2 minutos\" \/>\n<script type=\"application\/ld+json\" class=\"yoast-schema-graph\">{\"@context\":\"https:\\\/\\\/schema.org\",\"@graph\":[{\"@type\":\"Article\",\"@id\":\"http:\\\/\\\/conexion23.com\\\/?p=62844#article\",\"isPartOf\":{\"@id\":\"http:\\\/\\\/conexion23.com\\\/?p=62844\"},\"author\":{\"name\":\"Redacci\u00f3n\",\"@id\":\"http:\\\/\\\/conexion23.com\\\/#\\\/schema\\\/person\\\/0a860802b17d01ad2a278f53c507c296\"},\"headline\":\"Trump: \u00abIr\u00e1n es oficialmente una naci\u00f3n fallida. \u00a1Est\u00e1 muerto!\u00bb\",\"datePublished\":\"2026-08-31T14:00:25+00:00\",\"mainEntityOfPage\":{\"@id\":\"http:\\\/\\\/conexion23.com\\\/?p=62844\"},\"wordCount\":258,\"commentCount\":0,\"publisher\":{\"@id\":\"http:\\\/\\\/conexion23.com\\\/#organization\"},\"image\":{\"@id\":\"http:\\\/\\\/conexion23.com\\\/?p=62844#primaryimage\"},\"thumbnailUrl\":\"https:\\\/\\\/conexion23.com\\\/wp-content\\\/uploads\\\/2026\\\/06\\\/donald-trump.jpeg\",\"keywords\":[\"Centcom\",\"Donald Trump\",\"Ormuz\"],\"articleSection\":[\"Internacionales\"],\"inLanguage\":\"es\",\"potentialAction\":[{\"@type\":\"CommentAction\",\"name\":\"Comment\",\"target\":[\"http:\\\/\\\/conexion23.com\\\/?p=62844#respond\"]}]},{\"@type\":\"WebPage\",\"@id\":\"http:\\\/\\\/conexion23.com\\\/?p=62844\",\"url\":\"http:\\\/\\\/conexion23.com\\\/?p=62844\",\"name\":\"Trump: \\\"Ir\u00e1n es oficialmente una naci\u00f3n fallida. \u00a1Est\u00e1 muerto!\\\" - Conexi\u00f3n 23\",\"isPartOf\":{\"@id\":\"http:\\\/\\\/conexion23.com\\\/#website\"},\"primaryImageOfPage\":{\"@id\":\"http:\\\/\\\/conexion23.com\\\/?p=62844#primaryimage\"},\"image\":{\"@id\":\"http:\\\/\\\/conexion23.com\\\/?p=62844#primaryimage\"},\"thumbnailUrl\":\"https:\\\/\\\/conexion23.com\\\/wp-content\\\/uploads\\\/2026\\\/06\\\/donald-trump.jpeg\",\"datePublished\":\"2026-08-31T14:00:25+00:00\",\"breadcrumb\":{\"@id\":\"http:\\\/\\\/conexion23.com\\\/?p=62844#breadcrumb\"},\"inLanguage\":\"es\",\"potentialAction\":[{\"@type\":\"ReadAction\",\"target\":[\"http:\\\/\\\/conexion23.com\\\/?p=62844\"]}]},{\"@type\":\"ImageObject\",\"inLanguage\":\"es\",\"@id\":\"http:\\\/\\\/conexion23.com\\\/?p=62844#primaryimage\",\"url\":\"https:\\\/\\\/conexion23.com\\\/wp-content\\\/uploads\\\/2026\\\/06\\\/donald-trump.jpeg\",\"contentUrl\":\"https:\\\/\\\/conexion23.com\\\/wp-content\\\/uploads\\\/2026\\\/06\\\/donald-trump.jpeg\",\"width\":950,\"height\":465},{\"@type\":\"BreadcrumbList\",\"@id\":\"http:\\\/\\\/conexion23.com\\\/?p=62844#breadcrumb\",\"itemListElement\":[{\"@type\":\"ListItem\",\"position\":1,\"name\":\"Portada\",\"item\":\"http:\\\/\\\/conexion23.com\\\/\"},{\"@type\":\"ListItem\",\"position\":2,\"name\":\"Trump: \u00abIr\u00e1n es oficialmente una naci\u00f3n fallida. \u00a1Est\u00e1 muerto!\u00bb\"}]},{\"@type\":\"WebSite\",\"@id\":\"http:\\\/\\\/conexion23.com\\\/#website\",\"url\":\"http:\\\/\\\/conexion23.com\\\/\",\"name\":\"Conexi\u00f3n 23\",\"description\":\"Peri\u00f3dico 100% Petromacorisano\",\"publisher\":{\"@id\":\"http:\\\/\\\/conexion23.com\\\/#organization\"},\"potentialAction\":[{\"@type\":\"SearchAction\",\"target\":{\"@type\":\"EntryPoint\",\"urlTemplate\":\"http:\\\/\\\/conexion23.com\\\/?s={search_term_string}\"},\"query-input\":{\"@type\":\"PropertyValueSpecification\",\"valueRequired\":true,\"valueName\":\"search_term_string\"}}],\"inLanguage\":\"es\"},{\"@type\":\"Organization\",\"@id\":\"http:\\\/\\\/conexion23.com\\\/#organization\",\"name\":\"Conexion 23\",\"url\":\"http:\\\/\\\/conexion23.com\\\/\",\"logo\":{\"@type\":\"ImageObject\",\"inLanguage\":\"es\",\"@id\":\"http:\\\/\\\/conexion23.com\\\/#\\\/schema\\\/logo\\\/image\\\/\",\"url\":\"https:\\\/\\\/conexion23.com\\\/wp-content\\\/uploads\\\/2021\\\/11\\\/Diseno-sin-titulo-2.png\",\"contentUrl\":\"https:\\\/\\\/conexion23.com\\\/wp-content\\\/uploads\\\/2021\\\/11\\\/Diseno-sin-titulo-2.png\",\"width\":541,\"height\":90,\"caption\":\"Conexion 23\"},\"image\":{\"@id\":\"http:\\\/\\\/conexion23.com\\\/#\\\/schema\\\/logo\\\/image\\\/\"},\"sameAs\":[\"https:\\\/\\\/www.facebook.com\\\/conexion23com\",\"https:\\\/\\\/www.instagram.com\\\/conexion23com\\\/\",\"https:\\\/\\\/www.youtube.com\\\/channel\\\/UCYc7vxxFZMYLIHNsHHxPZ3Q\"]},{\"@type\":\"Person\",\"@id\":\"http:\\\/\\\/conexion23.com\\\/#\\\/schema\\\/person\\\/0a860802b17d01ad2a278f53c507c296\",\"name\":\"Redacci\u00f3n\",\"image\":{\"@type\":\"ImageObject\",\"inLanguage\":\"es\",\"@id\":\"https:\\\/\\\/secure.gravatar.com\\\/avatar\\\/ec9d84b79c776aa1994e5893944465db9974b17b884155623da51b7b62c02845?s=96&d=mm&r=g\",\"url\":\"https:\\\/\\\/secure.gravatar.com\\\/avatar\\\/ec9d84b79c776aa1994e5893944465db9974b17b884155623da51b7b62c02845?s=96&d=mm&r=g\",\"contentUrl\":\"https:\\\/\\\/secure.gravatar.com\\\/avatar\\\/ec9d84b79c776aa1994e5893944465db9974b17b884155623da51b7b62c02845?s=96&d=mm&r=g\",\"caption\":\"Redacci\u00f3n\"},\"url\":\"https:\\\/\\\/conexion23.com\\\/?author=18\"}]}<\/script>\n<!-- \/ Yoast SEO plugin. -->","yoast_head_json":{"title":"Trump: \"Ir\u00e1n es oficialmente una naci\u00f3n fallida. \u00a1Est\u00e1 muerto!\" - Conexi\u00f3n 23","robots":{"index":"index","follow":"follow","max-snippet":"max-snippet:-1","max-image-preview":"max-image-preview:large","max-video-preview":"max-video-preview:-1"},"canonical":"http:\/\/conexion23.com\/?p=62844","og_locale":"es_ES","og_type":"article","og_title":"Trump: \"Ir\u00e1n es oficialmente una naci\u00f3n fallida. \u00a1Est\u00e1 muerto!\" - Conexi\u00f3n 23","og_description":"Donald Trump reiter\u00f3 este lunes que Ir\u00e1n es una \u00abnaci\u00f3n fallida\u00bb, puesto que, seg\u00fan sus palabras, ya no cuenta con Fuerzas Armadas y su liderazgo est\u00e1 en \u00abcompleto desorden\u00bb. \u00abIr\u00e1n es oficialmente una naci\u00f3n fallida. \u00a1Est\u00e1 muerto!\u00a0No tienen Armada, ni Fuerza A\u00e9rea, ni moneda, no pagan a sus soldados ni a su Polic\u00eda, la inflaci\u00f3n [&hellip;]","og_url":"http:\/\/conexion23.com\/?p=62844","og_site_name":"Conexi\u00f3n 23","article_publisher":"https:\/\/www.facebook.com\/conexion23com","article_published_time":"2026-08-31T14:00:25+00:00","og_image":[{"width":950,"height":465,"url":"http:\/\/conexion23.com\/wp-content\/uploads\/2026\/06\/donald-trump.jpeg","type":"image\/jpeg"}],"author":"Redacci\u00f3n","twitter_card":"summary_large_image","twitter_misc":{"Escrito por":"Redacci\u00f3n","Tiempo de lectura":"2 minutos"},"schema":{"@context":"https:\/\/schema.org","@graph":[{"@type":"Article","@id":"http:\/\/conexion23.com\/?p=62844#article","isPartOf":{"@id":"http:\/\/conexion23.com\/?p=62844"},"author":{"name":"Redacci\u00f3n","@id":"http:\/\/conexion23.com\/#\/schema\/person\/0a860802b17d01ad2a278f53c507c296"},"headline":"Trump: \u00abIr\u00e1n es oficialmente una naci\u00f3n fallida. \u00a1Est\u00e1 muerto!\u00bb","datePublished":"2026-08-31T14:00:25+00:00","mainEntityOfPage":{"@id":"http:\/\/conexion23.com\/?p=62844"},"wordCount":258,"commentCount":0,"publisher":{"@id":"http:\/\/conexion23.com\/#organization"},"image":{"@id":"http:\/\/conexion23.com\/?p=62844#primaryimage"},"thumbnailUrl":"https:\/\/conexion23.com\/wp-content\/uploads\/2026\/06\/donald-trump.jpeg","keywords":["Centcom","Donald Trump","Ormuz"],"articleSection":["Internacionales"],"inLanguage":"es","potentialAction":[{"@type":"CommentAction","name":"Comment","target":["http:\/\/conexion23.com\/?p=62844#respond"]}]},{"@type":"WebPage","@id":"http:\/\/conexion23.com\/?p=62844","url":"http:\/\/conexion23.com\/?p=62844","name":"Trump: \"Ir\u00e1n es oficialmente una naci\u00f3n fallida. \u00a1Est\u00e1 muerto!\" - Conexi\u00f3n 23","isPartOf":{"@id":"http:\/\/conexion23.com\/#website"},"primaryImageOfPage":{"@id":"http:\/\/conexion23.com\/?p=62844#primaryimage"},"image":{"@id":"http:\/\/conexion23.com\/?p=62844#primaryimage"},"thumbnailUrl":"https:\/\/conexion23.com\/wp-content\/uploads\/2026\/06\/donald-trump.jpeg","datePublished":"2026-08-31T14:00:25+00:00","breadcrumb":{"@id":"http:\/\/conexion23.com\/?p=62844#breadcrumb"},"inLanguage":"es","potentialAction":[{"@type":"ReadAction","target":["http:\/\/conexion23.com\/?p=62844"]}]},{"@type":"ImageObject","inLanguage":"es","@id":"http:\/\/conexion23.com\/?p=62844#primaryimage","url":"https:\/\/conexion23.com\/wp-content\/uploads\/2026\/06\/donald-trump.jpeg","contentUrl":"https:\/\/conexion23.com\/wp-content\/uploads\/2026\/06\/donald-trump.jpeg","width":950,"height":465},{"@type":"BreadcrumbList","@id":"http:\/\/conexion23.com\/?p=62844#breadcrumb","itemListElement":[{"@type":"ListItem","position":1,"name":"Portada","item":"http:\/\/conexion23.com\/"},{"@type":"ListItem","position":2,"name":"Trump: \u00abIr\u00e1n es oficialmente una naci\u00f3n fallida. \u00a1Est\u00e1 muerto!\u00bb"}]},{"@type":"WebSite","@id":"http:\/\/conexion23.com\/#website","url":"http:\/\/conexion23.com\/","name":"Conexi\u00f3n 23","description":"Peri\u00f3dico 100% Petromacorisano","publisher":{"@id":"http:\/\/conexion23.com\/#organization"},"potentialAction":[{"@type":"SearchAction","target":{"@type":"EntryPoint","urlTemplate":"http:\/\/conexion23.com\/?s={search_term_string}"},"query-input":{"@type":"PropertyValueSpecification","valueRequired":true,"valueName":"search_term_string"}}],"inLanguage":"es"},{"@type":"Organization","@id":"http:\/\/conexion23.com\/#organization","name":"Conexion 23","url":"http:\/\/conexion23.com\/","logo":{"@type":"ImageObject","inLanguage":"es","@id":"http:\/\/conexion23.com\/#\/schema\/logo\/image\/","url":"https:\/\/conexion23.com\/wp-content\/uploads\/2021\/11\/Diseno-sin-titulo-2.png","contentUrl":"https:\/\/conexion23.com\/wp-content\/uploads\/2021\/11\/Diseno-sin-titulo-2.png","width":541,"height":90,"caption":"Conexion 23"},"image":{"@id":"http:\/\/conexion23.com\/#\/schema\/logo\/image\/"},"sameAs":["https:\/\/www.facebook.com\/conexion23com","https:\/\/www.instagram.com\/conexion23com\/","https:\/\/www.youtube.com\/channel\/UCYc7vxxFZMYLIHNsHHxPZ3Q"]},{"@type":"Person","@id":"http:\/\/conexion23.com\/#\/schema\/person\/0a860802b17d01ad2a278f53c507c296","name":"Redacci\u00f3n","image":{"@type":"ImageObject","inLanguage":"es","@id":"https:\/\/secure.gravatar.com\/avatar\/ec9d84b79c776aa1994e5893944465db9974b17b884155623da51b7b62c02845?s=96&d=mm&r=g","url":"https:\/\/secure.gravatar.com\/avatar\/ec9d84b79c776aa1994e5893944465db9974b17b884155623da51b7b62c02845?s=96&d=mm&r=g","contentUrl":"https:\/\/secure.gravatar.com\/avatar\/ec9d84b79c776aa1994e5893944465db9974b17b884155623da51b7b62c02845?s=96&d=mm&r=g","caption":"Redacci\u00f3n"},"url":"https:\/\/conexion23.com\/?author=18"}]}},"_links":{"self":[{"href":"https:\/\/conexion23.com\/index.php?rest_route=\/wp\/v2\/posts\/62844","targetHints":{"allow":["GET"]}}],"collection":[{"href":"https:\/\/conexion23.com\/index.php?rest_route=\/wp\/v2\/posts"}],"about":[{"href":"https:\/\/conexion23.com\/index.php?rest_route=\/wp\/v2\/types\/post"}],"author":[{"embeddable":true,"href":"https:\/\/conexion23.com\/index.php?rest_route=\/wp\/v2\/users\/18"}],"replies":[{"embeddable":true,"href":"https:\/\/conexion23.com\/index.php?rest_route=%2Fwp%2Fv2%2Fcomments&post=62844"}],"version-history":[{"count":1,"href":"https:\/\/conexion23.com\/index.php?rest_route=\/wp\/v2\/posts\/62844\/revisions"}],"predecessor-version":[{"id":62845,"href":"https:\/\/conexion23.com\/index.php?rest_route=\/wp\/v2\/posts\/62844\/revisions\/62845"}],"wp:featuredmedia":[{"embeddable":true,"href":"https:\/\/conexion23.com\/index.php?rest_route=\/wp\/v2\/media\/59030"}],"wp:attachment":[{"href":"https:\/\/conexion23.com\/index.php?rest_route=%2Fwp%2Fv2%2Fmedia&parent=62844"}],"wp:term":[{"taxonomy":"category","embeddable":true,"href":"https:\/\/conexion23.com\/index.php?rest_route=%2Fwp%2Fv2%2Fcategories&post=62844"},{"taxonomy":"post_tag","embeddable":true,"href":"https:\/\/conexion23.com\/index.php?rest_route=%2Fwp%2Fv2%2Ftags&post=62844"}],"curies":[{"name":"wp","href":"https:\/\/api.w.org\/{rel}","templated":true}]}}