{"id":62846,"date":"2026-08-31T10:35:57","date_gmt":"2026-08-31T14:35:57","guid":{"rendered":"https:\/\/conexion23.com\/?p=62846"},"modified":"2026-08-31T09:12:01","modified_gmt":"2026-08-31T13:12:01","slug":"colombia-y-rd-firman-acuerdo-de-lucha-contra-la-trata","status":"publish","type":"post","link":"https:\/\/conexion23.com\/?p=62846","title":{"rendered":"Colombia y RD firman acuerdo de lucha contra la trata"},"content":{"rendered":"<p class=\"wp-block-paragraph\" style=\"text-align: justify;\"><strong>La Procuradur\u00eda General de Rep\u00fablica (PGR) firm\u00f3 con la Fiscal\u00eda General de la Naci\u00f3n de Colombia un acuerdo para la creaci\u00f3n de un Equipo Conjunto de Investigaci\u00f3n (ECI) ajustado a la Convenci\u00f3n de Palermo de la Organizaci\u00f3n de las Naciones Unidas (ONU) y al ordenamiento jur\u00eddico de ambos pa\u00edses en materia penal.<\/strong><\/p>\n<p>El acuerdo rubricado entre la procuradora la general de la Rep\u00fablica, Yeni Berenice Reynoso, y la fiscal general de Colombia, Luz Adriana Camargo Garz\u00f3n, forma parte de su estrategia de optimizar las herramientas de cooperaci\u00f3n jur\u00eddica internacional para fortalecer la lucha contra el crimen organizado.<\/p>\n<p>Berenice Reynoso agradeci\u00f3 el impulso de la Oficina de las Naciones Unidas contra la Droga y el Delito (Unodc) a convenios internacionales que propician \u201cun mundo mucho m\u00e1s seguro\u201d.<\/p>\n<p>\u201cPara la Rep\u00fablica Dominicana, y s\u00e9 que tambi\u00e9n para Colombia, esta firma de equipo conjunto de investigaci\u00f3n tiene algo especial: es una firma que tiene su plan operativo incluido\u201d, indic\u00f3, al resaltar el compromiso de ambos pa\u00edses para mantener una cooperaci\u00f3n oportuna.<\/p>\n<p>Reynoso resalt\u00f3 que el pa\u00eds, que ya estableci\u00f3 un primer Equipo Conjunto de Investigaci\u00f3n con Chile, seguir\u00e1 haciendo un uso eficiente de esa herramienta puesta por la Convenci\u00f3n de Palermo a disposici\u00f3n de las fiscal\u00edas del mundo para combatir delitos como la trata de personas con fines de explotaci\u00f3n sexual y el tr\u00e1fico de migrantes.<\/p>\n<figure class=\"wp-block-image size-full\" style=\"text-align: justify;\"><img loading=\"lazy\" decoding=\"async\" class=\"wp-image-2019407 lazyloaded\" src=\"https:\/\/img.mmc.com.do\/elcaribe-bucket\/uploads\/2026\/08\/ministerio-de-justicia-5.jpg.webp\" sizes=\"auto, (max-width: 1000px) 100vw, 1000px\" srcset=\"https:\/\/img.mmc.com.do\/elcaribe-bucket\/uploads\/2026\/08\/ministerio-de-justicia-5-300x180.jpg.webp 300w, https:\/\/img.mmc.com.do\/elcaribe-bucket\/uploads\/2026\/08\/ministerio-de-justicia-5-768x461.jpg.webp 768w, https:\/\/img.mmc.com.do\/elcaribe-bucket\/uploads\/2026\/08\/ministerio-de-justicia-5-150x90.jpg.webp 150w, https:\/\/img.mmc.com.do\/elcaribe-bucket\/uploads\/2026\/08\/ministerio-de-justicia-5.jpg.webp 1000w\" alt=\"\" width=\"1000\" height=\"600\" data-ll-status=\"loaded\" \/><figcaption class=\"wp-element-caption\">Procuradora general de la Rep\u00fablica, Yeni Berenice Reynoso, y la fiscal general de Colombia, Luz Adriana Camargo Garz\u00f3n, durante la firma del acuerdo contra la trata.<\/figcaption><\/figure>\n<p class=\"wp-block-paragraph\" style=\"text-align: justify;\">Sostuvo que el delito de la trata de personas lacera profundamente la dignidad de las personas. \u201cEs un delito que su objetivo es comercializar seres humanos\u201d, dijo. \u201cTal y como hemos afirmado en la Citim (la Comisi\u00f3n Interinstitucional contra la Trata de Personas y el Tr\u00e1fico Il\u00edcito de Migrantes), que preside nuestra Canciller\u00eda: la trata de personas es un delito de alta prioridad para nuestra gesti\u00f3n\u201d, sostuvo.<\/p>\n<p>\u201cCuando un ser humano es objeto de una comercializaci\u00f3n y es sometido a tratos que son m\u00e1s propios de la esclavitud, es un delito, reitero, que requiere una mirada hol\u00edstica y que requiere siempre una atenci\u00f3n especial\u201d, reflexion\u00f3 Reynoso.<\/p>\n<p>En ese sentido, sostuvo que \u201ctenemos la obligaci\u00f3n \u00e9tica y legal de trabajar para alcanzar objetivos estrat\u00e9gicos de altos impactos para la vida de millones de personas, en este caso, colombianos y dominicanos, y otras nacionalidades que vienen a vivir a nuestros pa\u00edses\u201d.<\/p>\n<p>Camargo Garz\u00f3n resalt\u00f3 que se trata del ECI n\u00famero 18 creado por Colombia con distintas naciones signatarias de la Convenci\u00f3n de Palermo.<\/p>\n<p>Record\u00f3 que el flagelo de la trata que afecta a pa\u00edses de la regi\u00f3n tiene una gran repercusi\u00f3n en distintos pa\u00edses de Europa. \u201cHemos encontrado que, definitivamente, en delitos transnacionales la lucha tiene que ser a trav\u00e9s de instrumentos como este que nos permitan hacer un intercambio ordenado, informado, un instrumento que nos permita contar con investigaci\u00f3n aqu\u00ed y all\u00e1, pero tambi\u00e9n que nos permita desarrollar programas conjuntos de investigaci\u00f3n\u201d, indic\u00f3.<\/p>\n<p style=\"text-align: justify;\">Camargo Garz\u00f3n sostuvo que Colombia tiene una dedicaci\u00f3n especial al tema de persecuci\u00f3n de las finanzas criminales, \u201cno entendidas solo como rentas criminales, sino tambi\u00e9n entendidas como aquello que permite que una organizaci\u00f3n pueda movilizar, por ejemplo, a un grupo de mujeres desde Colombia hasta Rep\u00fablica Dominicana\u201d.<\/p>\n<p>\u201cPorque eso supone una movilizaci\u00f3n de dinero que podemos y debemos alcanzar si vemos las ense\u00f1anzas de Falcone muy sencillas, sigue el dinero, sigue la ruta del dinero\u201d, a\u00f1adi\u00f3.<\/p>\n","protected":false},"excerpt":{"rendered":"<p>La Procuradur\u00eda General de Rep\u00fablica (PGR) firm\u00f3 con la Fiscal\u00eda General de la Naci\u00f3n de Colombia un acuerdo para la creaci\u00f3n de un Equipo Conjunto de Investigaci\u00f3n (ECI) ajustado a la Convenci\u00f3n de Palermo de la Organizaci\u00f3n de las Naciones Unidas (ONU) y al ordenamiento jur\u00eddico de ambos pa\u00edses en materia penal. El acuerdo rubricado [&hellip;]<\/p>\n","protected":false},"author":18,"featured_media":62847,"comment_status":"open","ping_status":"open","sticky":false,"template":"","format":"standard","meta":{"footnotes":""},"categories":[3913,3773],"tags":[4787,922,11567,3651],"class_list":["post-62846","post","type-post","status-publish","format-standard","has-post-thumbnail","category-nacionales","category-portada","tag-fiscalia-general","tag-onu","tag-procuraduria-general-de-republica","tag-unodc"],"yoast_head":"<!-- This site is optimized with the Yoast SEO plugin v27.6 - https:\/\/yoast.com\/product\/yoast-seo-wordpress\/ -->\n<title>Colombia y RD firman acuerdo de lucha contra la trata - Conexi\u00f3n 23<\/title>\n<meta name=\"robots\" content=\"index, follow, max-snippet:-1, max-image-preview:large, max-video-preview:-1\" \/>\n<link rel=\"canonical\" href=\"http:\/\/conexion23.com\/?p=62846\" \/>\n<meta property=\"og:locale\" content=\"es_ES\" \/>\n<meta property=\"og:type\" content=\"article\" \/>\n<meta property=\"og:title\" content=\"Colombia y RD firman acuerdo de lucha contra la trata - Conexi\u00f3n 23\" \/>\n<meta property=\"og:description\" content=\"La Procuradur\u00eda General de Rep\u00fablica (PGR) firm\u00f3 con la Fiscal\u00eda General de la Naci\u00f3n de Colombia un acuerdo para la creaci\u00f3n de un Equipo Conjunto de Investigaci\u00f3n (ECI) ajustado a la Convenci\u00f3n de Palermo de la Organizaci\u00f3n de las Naciones Unidas (ONU) y al ordenamiento jur\u00eddico de ambos pa\u00edses en materia penal. El acuerdo rubricado [&hellip;]\" \/>\n<meta property=\"og:url\" content=\"http:\/\/conexion23.com\/?p=62846\" \/>\n<meta property=\"og:site_name\" content=\"Conexi\u00f3n 23\" \/>\n<meta property=\"article:publisher\" content=\"https:\/\/www.facebook.com\/conexion23com\" \/>\n<meta property=\"article:published_time\" content=\"2026-08-31T14:35:57+00:00\" \/>\n<meta property=\"og:image\" content=\"http:\/\/conexion23.com\/wp-content\/uploads\/2026\/08\/Colombia-y-RD-firman-acuerdo-de-lucha-contra-la-trata.webp\" \/>\n\t<meta property=\"og:image:width\" content=\"1000\" \/>\n\t<meta property=\"og:image:height\" content=\"600\" \/>\n\t<meta property=\"og:image:type\" content=\"image\/webp\" \/>\n<meta name=\"author\" content=\"Redacci\u00f3n\" \/>\n<meta name=\"twitter:card\" content=\"summary_large_image\" \/>\n<meta name=\"twitter:label1\" content=\"Escrito por\" \/>\n\t<meta name=\"twitter:data1\" content=\"Redacci\u00f3n\" \/>\n\t<meta name=\"twitter:label2\" content=\"Tiempo de lectura\" \/>\n\t<meta name=\"twitter:data2\" content=\"4 minutos\" \/>\n<script type=\"application\/ld+json\" class=\"yoast-schema-graph\">{\"@context\":\"https:\\\/\\\/schema.org\",\"@graph\":[{\"@type\":\"Article\",\"@id\":\"http:\\\/\\\/conexion23.com\\\/?p=62846#article\",\"isPartOf\":{\"@id\":\"http:\\\/\\\/conexion23.com\\\/?p=62846\"},\"author\":{\"name\":\"Redacci\u00f3n\",\"@id\":\"http:\\\/\\\/conexion23.com\\\/#\\\/schema\\\/person\\\/0a860802b17d01ad2a278f53c507c296\"},\"headline\":\"Colombia y RD firman acuerdo de lucha contra la trata\",\"datePublished\":\"2026-08-31T14:35:57+00:00\",\"mainEntityOfPage\":{\"@id\":\"http:\\\/\\\/conexion23.com\\\/?p=62846\"},\"wordCount\":637,\"commentCount\":0,\"publisher\":{\"@id\":\"http:\\\/\\\/conexion23.com\\\/#organization\"},\"image\":{\"@id\":\"http:\\\/\\\/conexion23.com\\\/?p=62846#primaryimage\"},\"thumbnailUrl\":\"https:\\\/\\\/conexion23.com\\\/wp-content\\\/uploads\\\/2026\\\/08\\\/Colombia-y-RD-firman-acuerdo-de-lucha-contra-la-trata.webp\",\"keywords\":[\"Fiscal\u00eda General\",\"ONU\",\"Procuradur\u00eda General de Rep\u00fablica\",\"UNODC\"],\"articleSection\":[\"Nacionales\",\"Portada\"],\"inLanguage\":\"es\",\"potentialAction\":[{\"@type\":\"CommentAction\",\"name\":\"Comment\",\"target\":[\"http:\\\/\\\/conexion23.com\\\/?p=62846#respond\"]}]},{\"@type\":\"WebPage\",\"@id\":\"http:\\\/\\\/conexion23.com\\\/?p=62846\",\"url\":\"http:\\\/\\\/conexion23.com\\\/?p=62846\",\"name\":\"Colombia y RD firman acuerdo de lucha contra la trata - Conexi\u00f3n 23\",\"isPartOf\":{\"@id\":\"http:\\\/\\\/conexion23.com\\\/#website\"},\"primaryImageOfPage\":{\"@id\":\"http:\\\/\\\/conexion23.com\\\/?p=62846#primaryimage\"},\"image\":{\"@id\":\"http:\\\/\\\/conexion23.com\\\/?p=62846#primaryimage\"},\"thumbnailUrl\":\"https:\\\/\\\/conexion23.com\\\/wp-content\\\/uploads\\\/2026\\\/08\\\/Colombia-y-RD-firman-acuerdo-de-lucha-contra-la-trata.webp\",\"datePublished\":\"2026-08-31T14:35:57+00:00\",\"breadcrumb\":{\"@id\":\"http:\\\/\\\/conexion23.com\\\/?p=62846#breadcrumb\"},\"inLanguage\":\"es\",\"potentialAction\":[{\"@type\":\"ReadAction\",\"target\":[\"http:\\\/\\\/conexion23.com\\\/?p=62846\"]}]},{\"@type\":\"ImageObject\",\"inLanguage\":\"es\",\"@id\":\"http:\\\/\\\/conexion23.com\\\/?p=62846#primaryimage\",\"url\":\"https:\\\/\\\/conexion23.com\\\/wp-content\\\/uploads\\\/2026\\\/08\\\/Colombia-y-RD-firman-acuerdo-de-lucha-contra-la-trata.webp\",\"contentUrl\":\"https:\\\/\\\/conexion23.com\\\/wp-content\\\/uploads\\\/2026\\\/08\\\/Colombia-y-RD-firman-acuerdo-de-lucha-contra-la-trata.webp\",\"width\":1000,\"height\":600},{\"@type\":\"BreadcrumbList\",\"@id\":\"http:\\\/\\\/conexion23.com\\\/?p=62846#breadcrumb\",\"itemListElement\":[{\"@type\":\"ListItem\",\"position\":1,\"name\":\"Portada\",\"item\":\"http:\\\/\\\/conexion23.com\\\/\"},{\"@type\":\"ListItem\",\"position\":2,\"name\":\"Colombia y RD firman acuerdo de lucha contra la trata\"}]},{\"@type\":\"WebSite\",\"@id\":\"http:\\\/\\\/conexion23.com\\\/#website\",\"url\":\"http:\\\/\\\/conexion23.com\\\/\",\"name\":\"Conexi\u00f3n 23\",\"description\":\"Peri\u00f3dico 100% Petromacorisano\",\"publisher\":{\"@id\":\"http:\\\/\\\/conexion23.com\\\/#organization\"},\"potentialAction\":[{\"@type\":\"SearchAction\",\"target\":{\"@type\":\"EntryPoint\",\"urlTemplate\":\"http:\\\/\\\/conexion23.com\\\/?s={search_term_string}\"},\"query-input\":{\"@type\":\"PropertyValueSpecification\",\"valueRequired\":true,\"valueName\":\"search_term_string\"}}],\"inLanguage\":\"es\"},{\"@type\":\"Organization\",\"@id\":\"http:\\\/\\\/conexion23.com\\\/#organization\",\"name\":\"Conexion 23\",\"url\":\"http:\\\/\\\/conexion23.com\\\/\",\"logo\":{\"@type\":\"ImageObject\",\"inLanguage\":\"es\",\"@id\":\"http:\\\/\\\/conexion23.com\\\/#\\\/schema\\\/logo\\\/image\\\/\",\"url\":\"https:\\\/\\\/conexion23.com\\\/wp-content\\\/uploads\\\/2021\\\/11\\\/Diseno-sin-titulo-2.png\",\"contentUrl\":\"https:\\\/\\\/conexion23.com\\\/wp-content\\\/uploads\\\/2021\\\/11\\\/Diseno-sin-titulo-2.png\",\"width\":541,\"height\":90,\"caption\":\"Conexion 23\"},\"image\":{\"@id\":\"http:\\\/\\\/conexion23.com\\\/#\\\/schema\\\/logo\\\/image\\\/\"},\"sameAs\":[\"https:\\\/\\\/www.facebook.com\\\/conexion23com\",\"https:\\\/\\\/www.instagram.com\\\/conexion23com\\\/\",\"https:\\\/\\\/www.youtube.com\\\/channel\\\/UCYc7vxxFZMYLIHNsHHxPZ3Q\"]},{\"@type\":\"Person\",\"@id\":\"http:\\\/\\\/conexion23.com\\\/#\\\/schema\\\/person\\\/0a860802b17d01ad2a278f53c507c296\",\"name\":\"Redacci\u00f3n\",\"image\":{\"@type\":\"ImageObject\",\"inLanguage\":\"es\",\"@id\":\"https:\\\/\\\/secure.gravatar.com\\\/avatar\\\/ec9d84b79c776aa1994e5893944465db9974b17b884155623da51b7b62c02845?s=96&d=mm&r=g\",\"url\":\"https:\\\/\\\/secure.gravatar.com\\\/avatar\\\/ec9d84b79c776aa1994e5893944465db9974b17b884155623da51b7b62c02845?s=96&d=mm&r=g\",\"contentUrl\":\"https:\\\/\\\/secure.gravatar.com\\\/avatar\\\/ec9d84b79c776aa1994e5893944465db9974b17b884155623da51b7b62c02845?s=96&d=mm&r=g\",\"caption\":\"Redacci\u00f3n\"},\"url\":\"https:\\\/\\\/conexion23.com\\\/?author=18\"}]}<\/script>\n<!-- \/ Yoast SEO plugin. -->","yoast_head_json":{"title":"Colombia y RD firman acuerdo de lucha contra la trata - Conexi\u00f3n 23","robots":{"index":"index","follow":"follow","max-snippet":"max-snippet:-1","max-image-preview":"max-image-preview:large","max-video-preview":"max-video-preview:-1"},"canonical":"http:\/\/conexion23.com\/?p=62846","og_locale":"es_ES","og_type":"article","og_title":"Colombia y RD firman acuerdo de lucha contra la trata - Conexi\u00f3n 23","og_description":"La Procuradur\u00eda General de Rep\u00fablica (PGR) firm\u00f3 con la Fiscal\u00eda General de la Naci\u00f3n de Colombia un acuerdo para la creaci\u00f3n de un Equipo Conjunto de Investigaci\u00f3n (ECI) ajustado a la Convenci\u00f3n de Palermo de la Organizaci\u00f3n de las Naciones Unidas (ONU) y al ordenamiento jur\u00eddico de ambos pa\u00edses en materia penal. El acuerdo rubricado [&hellip;]","og_url":"http:\/\/conexion23.com\/?p=62846","og_site_name":"Conexi\u00f3n 23","article_publisher":"https:\/\/www.facebook.com\/conexion23com","article_published_time":"2026-08-31T14:35:57+00:00","og_image":[{"width":1000,"height":600,"url":"http:\/\/conexion23.com\/wp-content\/uploads\/2026\/08\/Colombia-y-RD-firman-acuerdo-de-lucha-contra-la-trata.webp","type":"image\/webp"}],"author":"Redacci\u00f3n","twitter_card":"summary_large_image","twitter_misc":{"Escrito por":"Redacci\u00f3n","Tiempo de lectura":"4 minutos"},"schema":{"@context":"https:\/\/schema.org","@graph":[{"@type":"Article","@id":"http:\/\/conexion23.com\/?p=62846#article","isPartOf":{"@id":"http:\/\/conexion23.com\/?p=62846"},"author":{"name":"Redacci\u00f3n","@id":"http:\/\/conexion23.com\/#\/schema\/person\/0a860802b17d01ad2a278f53c507c296"},"headline":"Colombia y RD firman acuerdo de lucha contra la trata","datePublished":"2026-08-31T14:35:57+00:00","mainEntityOfPage":{"@id":"http:\/\/conexion23.com\/?p=62846"},"wordCount":637,"commentCount":0,"publisher":{"@id":"http:\/\/conexion23.com\/#organization"},"image":{"@id":"http:\/\/conexion23.com\/?p=62846#primaryimage"},"thumbnailUrl":"https:\/\/conexion23.com\/wp-content\/uploads\/2026\/08\/Colombia-y-RD-firman-acuerdo-de-lucha-contra-la-trata.webp","keywords":["Fiscal\u00eda General","ONU","Procuradur\u00eda General de Rep\u00fablica","UNODC"],"articleSection":["Nacionales","Portada"],"inLanguage":"es","potentialAction":[{"@type":"CommentAction","name":"Comment","target":["http:\/\/conexion23.com\/?p=62846#respond"]}]},{"@type":"WebPage","@id":"http:\/\/conexion23.com\/?p=62846","url":"http:\/\/conexion23.com\/?p=62846","name":"Colombia y RD firman acuerdo de lucha contra la trata - Conexi\u00f3n 23","isPartOf":{"@id":"http:\/\/conexion23.com\/#website"},"primaryImageOfPage":{"@id":"http:\/\/conexion23.com\/?p=62846#primaryimage"},"image":{"@id":"http:\/\/conexion23.com\/?p=62846#primaryimage"},"thumbnailUrl":"https:\/\/conexion23.com\/wp-content\/uploads\/2026\/08\/Colombia-y-RD-firman-acuerdo-de-lucha-contra-la-trata.webp","datePublished":"2026-08-31T14:35:57+00:00","breadcrumb":{"@id":"http:\/\/conexion23.com\/?p=62846#breadcrumb"},"inLanguage":"es","potentialAction":[{"@type":"ReadAction","target":["http:\/\/conexion23.com\/?p=62846"]}]},{"@type":"ImageObject","inLanguage":"es","@id":"http:\/\/conexion23.com\/?p=62846#primaryimage","url":"https:\/\/conexion23.com\/wp-content\/uploads\/2026\/08\/Colombia-y-RD-firman-acuerdo-de-lucha-contra-la-trata.webp","contentUrl":"https:\/\/conexion23.com\/wp-content\/uploads\/2026\/08\/Colombia-y-RD-firman-acuerdo-de-lucha-contra-la-trata.webp","width":1000,"height":600},{"@type":"BreadcrumbList","@id":"http:\/\/conexion23.com\/?p=62846#breadcrumb","itemListElement":[{"@type":"ListItem","position":1,"name":"Portada","item":"http:\/\/conexion23.com\/"},{"@type":"ListItem","position":2,"name":"Colombia y RD firman acuerdo de lucha contra la trata"}]},{"@type":"WebSite","@id":"http:\/\/conexion23.com\/#website","url":"http:\/\/conexion23.com\/","name":"Conexi\u00f3n 23","description":"Peri\u00f3dico 100% Petromacorisano","publisher":{"@id":"http:\/\/conexion23.com\/#organization"},"potentialAction":[{"@type":"SearchAction","target":{"@type":"EntryPoint","urlTemplate":"http:\/\/conexion23.com\/?s={search_term_string}"},"query-input":{"@type":"PropertyValueSpecification","valueRequired":true,"valueName":"search_term_string"}}],"inLanguage":"es"},{"@type":"Organization","@id":"http:\/\/conexion23.com\/#organization","name":"Conexion 23","url":"http:\/\/conexion23.com\/","logo":{"@type":"ImageObject","inLanguage":"es","@id":"http:\/\/conexion23.com\/#\/schema\/logo\/image\/","url":"https:\/\/conexion23.com\/wp-content\/uploads\/2021\/11\/Diseno-sin-titulo-2.png","contentUrl":"https:\/\/conexion23.com\/wp-content\/uploads\/2021\/11\/Diseno-sin-titulo-2.png","width":541,"height":90,"caption":"Conexion 23"},"image":{"@id":"http:\/\/conexion23.com\/#\/schema\/logo\/image\/"},"sameAs":["https:\/\/www.facebook.com\/conexion23com","https:\/\/www.instagram.com\/conexion23com\/","https:\/\/www.youtube.com\/channel\/UCYc7vxxFZMYLIHNsHHxPZ3Q"]},{"@type":"Person","@id":"http:\/\/conexion23.com\/#\/schema\/person\/0a860802b17d01ad2a278f53c507c296","name":"Redacci\u00f3n","image":{"@type":"ImageObject","inLanguage":"es","@id":"https:\/\/secure.gravatar.com\/avatar\/ec9d84b79c776aa1994e5893944465db9974b17b884155623da51b7b62c02845?s=96&d=mm&r=g","url":"https:\/\/secure.gravatar.com\/avatar\/ec9d84b79c776aa1994e5893944465db9974b17b884155623da51b7b62c02845?s=96&d=mm&r=g","contentUrl":"https:\/\/secure.gravatar.com\/avatar\/ec9d84b79c776aa1994e5893944465db9974b17b884155623da51b7b62c02845?s=96&d=mm&r=g","caption":"Redacci\u00f3n"},"url":"https:\/\/conexion23.com\/?author=18"}]}},"_links":{"self":[{"href":"https:\/\/conexion23.com\/index.php?rest_route=\/wp\/v2\/posts\/62846","targetHints":{"allow":["GET"]}}],"collection":[{"href":"https:\/\/conexion23.com\/index.php?rest_route=\/wp\/v2\/posts"}],"about":[{"href":"https:\/\/conexion23.com\/index.php?rest_route=\/wp\/v2\/types\/post"}],"author":[{"embeddable":true,"href":"https:\/\/conexion23.com\/index.php?rest_route=\/wp\/v2\/users\/18"}],"replies":[{"embeddable":true,"href":"https:\/\/conexion23.com\/index.php?rest_route=%2Fwp%2Fv2%2Fcomments&post=62846"}],"version-history":[{"count":2,"href":"https:\/\/conexion23.com\/index.php?rest_route=\/wp\/v2\/posts\/62846\/revisions"}],"predecessor-version":[{"id":62849,"href":"https:\/\/conexion23.com\/index.php?rest_route=\/wp\/v2\/posts\/62846\/revisions\/62849"}],"wp:featuredmedia":[{"embeddable":true,"href":"https:\/\/conexion23.com\/index.php?rest_route=\/wp\/v2\/media\/62847"}],"wp:attachment":[{"href":"https:\/\/conexion23.com\/index.php?rest_route=%2Fwp%2Fv2%2Fmedia&parent=62846"}],"wp:term":[{"taxonomy":"category","embeddable":true,"href":"https:\/\/conexion23.com\/index.php?rest_route=%2Fwp%2Fv2%2Fcategories&post=62846"},{"taxonomy":"post_tag","embeddable":true,"href":"https:\/\/conexion23.com\/index.php?rest_route=%2Fwp%2Fv2%2Ftags&post=62846"}],"curies":[{"name":"wp","href":"https:\/\/api.w.org\/{rel}","templated":true}]}}