{"id":62861,"date":"2026-08-31T18:53:05","date_gmt":"2026-08-31T22:53:05","guid":{"rendered":"https:\/\/conexion23.com\/?p=62861"},"modified":"2026-08-31T18:53:05","modified_gmt":"2026-08-31T22:53:05","slug":"insolita-escapada-de-un-nino-de-12-anos-que-permitio-rescatar-a-13-menores-en-haina","status":"publish","type":"post","link":"https:\/\/conexion23.com\/?p=62861","title":{"rendered":"Ins\u00f3lita escapada de un ni\u00f1o de 12 a\u00f1os que permiti\u00f3 rescatar a 13 menores en Haina"},"content":{"rendered":"<p class=\"paragraph\">La ins\u00f3lita escapada de un ni\u00f1o de 12 a\u00f1os, quien logr\u00f3 salir del lugar donde se encontraba y acudi\u00f3 por sus propios medios a una dotaci\u00f3n policial para pedir ayuda, permiti\u00f3 a las autoridades rescatar a otros 13 menores de edad que permanec\u00edan en el mismo entorno, en San Crist\u00f3bal.<\/p>\n<p class=\"paragraph\">La denuncia del menor activ\u00f3 una investigaci\u00f3n que termin\u00f3 con dos allanamientos en el sector Las Paredes, en Haina, San Crist\u00f3bal, donde fueron encontrados 14 ni\u00f1os y adolescentes, con edades desde tres meses hasta 13 a\u00f1os, seg\u00fan inform\u00f3 este lunes el vocero de la Polic\u00eda Nacional, coronel Diego Pesqueira.<\/p>\n<p class=\"paragraph\">El menor de 12 a\u00f1os se present\u00f3 durante el pasado fin de semana ante agentes policiales y relat\u00f3 la situaci\u00f3n en la que, seg\u00fan su denuncia, se encontraban \u00e9l y otros menores. Su testimonio llev\u00f3 a las autoridades a profundizar las pesquisas y solicitar las \u00f3rdenes judiciales que permitieron intervenir el lugar.<\/p>\n<div class=\"c-add-600\"><\/div>\n<div class=\"composite-video \">\n<div class=\"video-player\">\n<figure class=\"c-detail__media c-detail__media-video\">\n<div class=\"c-detail__media__thumb\"><picture data-size=\"w:414,h:233\"><source srcset=\"https:\/\/imagenes.elnacional.com.do\/files\/image_video_desktop\/files\/fp\/uploads\/2026\/08\/31\/6a95c9b0b0856.r_d.113-266-17500.jpeg\" media=\"(min-width: 992px)\" \/><source srcset=\"https:\/\/imagenes.elnacional.com.do\/files\/image_video_tablet\/files\/fp\/uploads\/2026\/08\/31\/6a95c9b0b0856.r_d.113-266-11667.jpeg\" media=\"(min-width: 768px)\" \/><img loading=\"lazy\" decoding=\"async\" src=\"https:\/\/i0.wp.com\/imagenes.elnacional.com.do\/files\/image_video_mobile\/files\/fp\/uploads\/2026\/08\/31\/6a95c9b0b0856.r_d.113-266-12500.jpeg?resize=414%2C233&amp;ssl=1\" alt=\"La ins\u00f3lita escapada de un ni\u00f1o de 12 a\u00f1os que permiti\u00f3 rescatar a 13 menores en Haina\" width=\"414\" height=\"233\" data-recalc-dims=\"1\" data-full-src=\"https:\/\/imagenes.elnacional.com.do\/uploads\/2026\/08\/31\/6a95c9b0b0856.jpeg\" \/><\/picture><\/div><figcaption class=\"c-detail__media__txt\">\n<p class=\"c-detail__media__subtitle\"><span class=\"c-detail__media__credit \">La ins\u00f3lita escapada de un ni\u00f1o de 12 a\u00f1os que permiti\u00f3 rescatar a 13 menores en Haina<\/span><\/p>\n<\/figcaption><\/figure>\n<\/div>\n<\/div>\n<p class=\"paragraph\">Los operativos fueron ejecutados por agentes de la Polic\u00eda Nacional, en coordinaci\u00f3n con la Procuradur\u00eda Especializada de Ni\u00f1os, Ni\u00f1as y Adolescentes y el Departamento de Investigaci\u00f3n de Trata y Tr\u00e1fico de Personas.<\/p>\n<p class=\"paragraph\">Durante las intervenciones fue localizado un grupo de menores que, de acuerdo con las autoridades, presentaba signos de supuesto maltrato infantil y posibles condiciones de explotaci\u00f3n laboral.<\/p>\n<p class=\"paragraph\">Entre los rescatados se encontraba una beb\u00e9 de apenas tres meses de nacida, adem\u00e1s de ni\u00f1os y adolescentes de diferentes edades.<\/p>\n<div class=\"c-add-600\"><\/div>\n<p class=\"paragraph\">El lugar donde fueron encontrados operaba, seg\u00fan las informaciones preliminares, bajo el nombre de \u201cFundaci\u00f3n Rescatando Vidas, un Muerto que Revive\u201d.<\/p>\n<p class=\"paragraph\">El vocero policial inform\u00f3 que alrededor de 20 personas fueron detenidas para fines de investigaci\u00f3n, mientras el Ministerio P\u00fablico y la Polic\u00eda profundizan las pesquisas para establecer las circunstancias en que los menores permanec\u00edan en el lugar y determinar eventuales responsabilidades.<\/p>\n<p class=\"paragraph\">Las autoridades investigan espec\u00edficamente posibles hechos de maltrato infantil, explotaci\u00f3n laboral y eventual trata de personas, por lo que hasta el momento no se han establecido de manera definitiva las responsabilidades penales.<\/p>\n<div class=\"c-add-600\"><\/div>\n<p class=\"paragraph\">El caso sali\u00f3 a la luz gracias a la decisi\u00f3n del ni\u00f1o de 12 a\u00f1os de escapar y buscar ayuda, acci\u00f3n que permiti\u00f3 a las autoridades conocer la situaci\u00f3n de los dem\u00e1s menores y activar el procedimiento de rescate.<\/p>\n<p class=\"paragraph\">Los ni\u00f1os quedaron bajo la protecci\u00f3n de las autoridades competentes, mientras contin\u00faa la investigaci\u00f3n para esclarecer completamente lo ocurrido.<\/p>\n","protected":false},"excerpt":{"rendered":"<p>La ins\u00f3lita escapada de un ni\u00f1o de 12 a\u00f1os, quien logr\u00f3 salir del lugar donde se encontraba y acudi\u00f3 por sus propios medios a una dotaci\u00f3n policial para pedir ayuda, permiti\u00f3 a las autoridades rescatar a otros 13 menores de edad que permanec\u00edan en el mismo entorno, en San Crist\u00f3bal. La denuncia del menor activ\u00f3 [&hellip;]<\/p>\n","protected":false},"author":15,"featured_media":62862,"comment_status":"open","ping_status":"open","sticky":false,"template":"","format":"standard","meta":{"footnotes":""},"categories":[3913,3773],"tags":[11570,2262,11568,11569],"class_list":["post-62861","post","type-post","status-publish","format-standard","has-post-thumbnail","category-nacionales","category-portada","tag-13-menores-en-haina","tag-haina","tag-insolita-escapada","tag-rescatar"],"yoast_head":"<!-- This site is optimized with the Yoast SEO plugin v27.6 - https:\/\/yoast.com\/product\/yoast-seo-wordpress\/ -->\n<title>Ins\u00f3lita escapada de un ni\u00f1o de 12 a\u00f1os que permiti\u00f3 rescatar a 13 menores en Haina - Conexi\u00f3n 23<\/title>\n<meta name=\"robots\" content=\"index, follow, max-snippet:-1, max-image-preview:large, max-video-preview:-1\" \/>\n<link rel=\"canonical\" href=\"https:\/\/conexion23.com\/?p=62861\" \/>\n<meta property=\"og:locale\" content=\"es_ES\" \/>\n<meta property=\"og:type\" content=\"article\" \/>\n<meta property=\"og:title\" content=\"Ins\u00f3lita escapada de un ni\u00f1o de 12 a\u00f1os que permiti\u00f3 rescatar a 13 menores en Haina - Conexi\u00f3n 23\" \/>\n<meta property=\"og:description\" content=\"La ins\u00f3lita escapada de un ni\u00f1o de 12 a\u00f1os, quien logr\u00f3 salir del lugar donde se encontraba y acudi\u00f3 por sus propios medios a una dotaci\u00f3n policial para pedir ayuda, permiti\u00f3 a las autoridades rescatar a otros 13 menores de edad que permanec\u00edan en el mismo entorno, en San Crist\u00f3bal. La denuncia del menor activ\u00f3 [&hellip;]\" \/>\n<meta property=\"og:url\" content=\"https:\/\/conexion23.com\/?p=62861\" \/>\n<meta property=\"og:site_name\" content=\"Conexi\u00f3n 23\" \/>\n<meta property=\"article:publisher\" content=\"https:\/\/www.facebook.com\/conexion23com\" \/>\n<meta property=\"article:published_time\" content=\"2026-08-31T22:53:05+00:00\" \/>\n<meta property=\"og:image\" content=\"http:\/\/conexion23.com\/wp-content\/uploads\/2026\/08\/palacio-de-la-policia.webp\" \/>\n\t<meta property=\"og:image:width\" content=\"1200\" \/>\n\t<meta property=\"og:image:height\" content=\"592\" \/>\n\t<meta property=\"og:image:type\" content=\"image\/webp\" \/>\n<meta name=\"author\" content=\"Raffy Ben\u00edtez\" \/>\n<meta name=\"twitter:card\" content=\"summary_large_image\" \/>\n<meta name=\"twitter:label1\" content=\"Escrito por\" \/>\n\t<meta name=\"twitter:data1\" content=\"Raffy Ben\u00edtez\" \/>\n\t<meta name=\"twitter:label2\" content=\"Tiempo de lectura\" \/>\n\t<meta name=\"twitter:data2\" content=\"3 minutos\" \/>\n<script type=\"application\/ld+json\" class=\"yoast-schema-graph\">{\"@context\":\"https:\\\/\\\/schema.org\",\"@graph\":[{\"@type\":\"Article\",\"@id\":\"https:\\\/\\\/conexion23.com\\\/?p=62861#article\",\"isPartOf\":{\"@id\":\"https:\\\/\\\/conexion23.com\\\/?p=62861\"},\"author\":{\"name\":\"Raffy Ben\u00edtez\",\"@id\":\"http:\\\/\\\/conexion23.com\\\/#\\\/schema\\\/person\\\/03e36043331117e97a373299bbcd30a6\"},\"headline\":\"Ins\u00f3lita escapada de un ni\u00f1o de 12 a\u00f1os que permiti\u00f3 rescatar a 13 menores en Haina\",\"datePublished\":\"2026-08-31T22:53:05+00:00\",\"mainEntityOfPage\":{\"@id\":\"https:\\\/\\\/conexion23.com\\\/?p=62861\"},\"wordCount\":454,\"commentCount\":0,\"publisher\":{\"@id\":\"http:\\\/\\\/conexion23.com\\\/#organization\"},\"image\":{\"@id\":\"https:\\\/\\\/conexion23.com\\\/?p=62861#primaryimage\"},\"thumbnailUrl\":\"https:\\\/\\\/conexion23.com\\\/wp-content\\\/uploads\\\/2026\\\/08\\\/palacio-de-la-policia.webp\",\"keywords\":[\"13 menores en Haina\",\"haina\",\"ins\u00f3lita escapada\",\"rescatar\"],\"articleSection\":[\"Nacionales\",\"Portada\"],\"inLanguage\":\"es\",\"potentialAction\":[{\"@type\":\"CommentAction\",\"name\":\"Comment\",\"target\":[\"https:\\\/\\\/conexion23.com\\\/?p=62861#respond\"]}]},{\"@type\":\"WebPage\",\"@id\":\"https:\\\/\\\/conexion23.com\\\/?p=62861\",\"url\":\"https:\\\/\\\/conexion23.com\\\/?p=62861\",\"name\":\"Ins\u00f3lita escapada de un ni\u00f1o de 12 a\u00f1os que permiti\u00f3 rescatar a 13 menores en Haina - Conexi\u00f3n 23\",\"isPartOf\":{\"@id\":\"http:\\\/\\\/conexion23.com\\\/#website\"},\"primaryImageOfPage\":{\"@id\":\"https:\\\/\\\/conexion23.com\\\/?p=62861#primaryimage\"},\"image\":{\"@id\":\"https:\\\/\\\/conexion23.com\\\/?p=62861#primaryimage\"},\"thumbnailUrl\":\"https:\\\/\\\/conexion23.com\\\/wp-content\\\/uploads\\\/2026\\\/08\\\/palacio-de-la-policia.webp\",\"datePublished\":\"2026-08-31T22:53:05+00:00\",\"breadcrumb\":{\"@id\":\"https:\\\/\\\/conexion23.com\\\/?p=62861#breadcrumb\"},\"inLanguage\":\"es\",\"potentialAction\":[{\"@type\":\"ReadAction\",\"target\":[\"https:\\\/\\\/conexion23.com\\\/?p=62861\"]}]},{\"@type\":\"ImageObject\",\"inLanguage\":\"es\",\"@id\":\"https:\\\/\\\/conexion23.com\\\/?p=62861#primaryimage\",\"url\":\"https:\\\/\\\/conexion23.com\\\/wp-content\\\/uploads\\\/2026\\\/08\\\/palacio-de-la-policia.webp\",\"contentUrl\":\"https:\\\/\\\/conexion23.com\\\/wp-content\\\/uploads\\\/2026\\\/08\\\/palacio-de-la-policia.webp\",\"width\":1200,\"height\":592},{\"@type\":\"BreadcrumbList\",\"@id\":\"https:\\\/\\\/conexion23.com\\\/?p=62861#breadcrumb\",\"itemListElement\":[{\"@type\":\"ListItem\",\"position\":1,\"name\":\"Portada\",\"item\":\"http:\\\/\\\/conexion23.com\\\/\"},{\"@type\":\"ListItem\",\"position\":2,\"name\":\"Ins\u00f3lita escapada de un ni\u00f1o de 12 a\u00f1os que permiti\u00f3 rescatar a 13 menores en Haina\"}]},{\"@type\":\"WebSite\",\"@id\":\"http:\\\/\\\/conexion23.com\\\/#website\",\"url\":\"http:\\\/\\\/conexion23.com\\\/\",\"name\":\"Conexi\u00f3n 23\",\"description\":\"Peri\u00f3dico 100% Petromacorisano\",\"publisher\":{\"@id\":\"http:\\\/\\\/conexion23.com\\\/#organization\"},\"potentialAction\":[{\"@type\":\"SearchAction\",\"target\":{\"@type\":\"EntryPoint\",\"urlTemplate\":\"http:\\\/\\\/conexion23.com\\\/?s={search_term_string}\"},\"query-input\":{\"@type\":\"PropertyValueSpecification\",\"valueRequired\":true,\"valueName\":\"search_term_string\"}}],\"inLanguage\":\"es\"},{\"@type\":\"Organization\",\"@id\":\"http:\\\/\\\/conexion23.com\\\/#organization\",\"name\":\"Conexion 23\",\"url\":\"http:\\\/\\\/conexion23.com\\\/\",\"logo\":{\"@type\":\"ImageObject\",\"inLanguage\":\"es\",\"@id\":\"http:\\\/\\\/conexion23.com\\\/#\\\/schema\\\/logo\\\/image\\\/\",\"url\":\"https:\\\/\\\/conexion23.com\\\/wp-content\\\/uploads\\\/2021\\\/11\\\/Diseno-sin-titulo-2.png\",\"contentUrl\":\"https:\\\/\\\/conexion23.com\\\/wp-content\\\/uploads\\\/2021\\\/11\\\/Diseno-sin-titulo-2.png\",\"width\":541,\"height\":90,\"caption\":\"Conexion 23\"},\"image\":{\"@id\":\"http:\\\/\\\/conexion23.com\\\/#\\\/schema\\\/logo\\\/image\\\/\"},\"sameAs\":[\"https:\\\/\\\/www.facebook.com\\\/conexion23com\",\"https:\\\/\\\/www.instagram.com\\\/conexion23com\\\/\",\"https:\\\/\\\/www.youtube.com\\\/channel\\\/UCYc7vxxFZMYLIHNsHHxPZ3Q\"]},{\"@type\":\"Person\",\"@id\":\"http:\\\/\\\/conexion23.com\\\/#\\\/schema\\\/person\\\/03e36043331117e97a373299bbcd30a6\",\"name\":\"Raffy Ben\u00edtez\",\"image\":{\"@type\":\"ImageObject\",\"inLanguage\":\"es\",\"@id\":\"https:\\\/\\\/secure.gravatar.com\\\/avatar\\\/3190a6a6c5e1b0327500f7d6c56b6242472ee6cb974cf09b401ee6b3b0798f23?s=96&d=mm&r=g\",\"url\":\"https:\\\/\\\/secure.gravatar.com\\\/avatar\\\/3190a6a6c5e1b0327500f7d6c56b6242472ee6cb974cf09b401ee6b3b0798f23?s=96&d=mm&r=g\",\"contentUrl\":\"https:\\\/\\\/secure.gravatar.com\\\/avatar\\\/3190a6a6c5e1b0327500f7d6c56b6242472ee6cb974cf09b401ee6b3b0798f23?s=96&d=mm&r=g\",\"caption\":\"Raffy Ben\u00edtez\"},\"url\":\"https:\\\/\\\/conexion23.com\\\/?author=15\"}]}<\/script>\n<!-- \/ Yoast SEO plugin. -->","yoast_head_json":{"title":"Ins\u00f3lita escapada de un ni\u00f1o de 12 a\u00f1os que permiti\u00f3 rescatar a 13 menores en Haina - Conexi\u00f3n 23","robots":{"index":"index","follow":"follow","max-snippet":"max-snippet:-1","max-image-preview":"max-image-preview:large","max-video-preview":"max-video-preview:-1"},"canonical":"https:\/\/conexion23.com\/?p=62861","og_locale":"es_ES","og_type":"article","og_title":"Ins\u00f3lita escapada de un ni\u00f1o de 12 a\u00f1os que permiti\u00f3 rescatar a 13 menores en Haina - Conexi\u00f3n 23","og_description":"La ins\u00f3lita escapada de un ni\u00f1o de 12 a\u00f1os, quien logr\u00f3 salir del lugar donde se encontraba y acudi\u00f3 por sus propios medios a una dotaci\u00f3n policial para pedir ayuda, permiti\u00f3 a las autoridades rescatar a otros 13 menores de edad que permanec\u00edan en el mismo entorno, en San Crist\u00f3bal. La denuncia del menor activ\u00f3 [&hellip;]","og_url":"https:\/\/conexion23.com\/?p=62861","og_site_name":"Conexi\u00f3n 23","article_publisher":"https:\/\/www.facebook.com\/conexion23com","article_published_time":"2026-08-31T22:53:05+00:00","og_image":[{"width":1200,"height":592,"url":"http:\/\/conexion23.com\/wp-content\/uploads\/2026\/08\/palacio-de-la-policia.webp","type":"image\/webp"}],"author":"Raffy Ben\u00edtez","twitter_card":"summary_large_image","twitter_misc":{"Escrito por":"Raffy Ben\u00edtez","Tiempo de lectura":"3 minutos"},"schema":{"@context":"https:\/\/schema.org","@graph":[{"@type":"Article","@id":"https:\/\/conexion23.com\/?p=62861#article","isPartOf":{"@id":"https:\/\/conexion23.com\/?p=62861"},"author":{"name":"Raffy Ben\u00edtez","@id":"http:\/\/conexion23.com\/#\/schema\/person\/03e36043331117e97a373299bbcd30a6"},"headline":"Ins\u00f3lita escapada de un ni\u00f1o de 12 a\u00f1os que permiti\u00f3 rescatar a 13 menores en Haina","datePublished":"2026-08-31T22:53:05+00:00","mainEntityOfPage":{"@id":"https:\/\/conexion23.com\/?p=62861"},"wordCount":454,"commentCount":0,"publisher":{"@id":"http:\/\/conexion23.com\/#organization"},"image":{"@id":"https:\/\/conexion23.com\/?p=62861#primaryimage"},"thumbnailUrl":"https:\/\/conexion23.com\/wp-content\/uploads\/2026\/08\/palacio-de-la-policia.webp","keywords":["13 menores en Haina","haina","ins\u00f3lita escapada","rescatar"],"articleSection":["Nacionales","Portada"],"inLanguage":"es","potentialAction":[{"@type":"CommentAction","name":"Comment","target":["https:\/\/conexion23.com\/?p=62861#respond"]}]},{"@type":"WebPage","@id":"https:\/\/conexion23.com\/?p=62861","url":"https:\/\/conexion23.com\/?p=62861","name":"Ins\u00f3lita escapada de un ni\u00f1o de 12 a\u00f1os que permiti\u00f3 rescatar a 13 menores en Haina - Conexi\u00f3n 23","isPartOf":{"@id":"http:\/\/conexion23.com\/#website"},"primaryImageOfPage":{"@id":"https:\/\/conexion23.com\/?p=62861#primaryimage"},"image":{"@id":"https:\/\/conexion23.com\/?p=62861#primaryimage"},"thumbnailUrl":"https:\/\/conexion23.com\/wp-content\/uploads\/2026\/08\/palacio-de-la-policia.webp","datePublished":"2026-08-31T22:53:05+00:00","breadcrumb":{"@id":"https:\/\/conexion23.com\/?p=62861#breadcrumb"},"inLanguage":"es","potentialAction":[{"@type":"ReadAction","target":["https:\/\/conexion23.com\/?p=62861"]}]},{"@type":"ImageObject","inLanguage":"es","@id":"https:\/\/conexion23.com\/?p=62861#primaryimage","url":"https:\/\/conexion23.com\/wp-content\/uploads\/2026\/08\/palacio-de-la-policia.webp","contentUrl":"https:\/\/conexion23.com\/wp-content\/uploads\/2026\/08\/palacio-de-la-policia.webp","width":1200,"height":592},{"@type":"BreadcrumbList","@id":"https:\/\/conexion23.com\/?p=62861#breadcrumb","itemListElement":[{"@type":"ListItem","position":1,"name":"Portada","item":"http:\/\/conexion23.com\/"},{"@type":"ListItem","position":2,"name":"Ins\u00f3lita escapada de un ni\u00f1o de 12 a\u00f1os que permiti\u00f3 rescatar a 13 menores en Haina"}]},{"@type":"WebSite","@id":"http:\/\/conexion23.com\/#website","url":"http:\/\/conexion23.com\/","name":"Conexi\u00f3n 23","description":"Peri\u00f3dico 100% Petromacorisano","publisher":{"@id":"http:\/\/conexion23.com\/#organization"},"potentialAction":[{"@type":"SearchAction","target":{"@type":"EntryPoint","urlTemplate":"http:\/\/conexion23.com\/?s={search_term_string}"},"query-input":{"@type":"PropertyValueSpecification","valueRequired":true,"valueName":"search_term_string"}}],"inLanguage":"es"},{"@type":"Organization","@id":"http:\/\/conexion23.com\/#organization","name":"Conexion 23","url":"http:\/\/conexion23.com\/","logo":{"@type":"ImageObject","inLanguage":"es","@id":"http:\/\/conexion23.com\/#\/schema\/logo\/image\/","url":"https:\/\/conexion23.com\/wp-content\/uploads\/2021\/11\/Diseno-sin-titulo-2.png","contentUrl":"https:\/\/conexion23.com\/wp-content\/uploads\/2021\/11\/Diseno-sin-titulo-2.png","width":541,"height":90,"caption":"Conexion 23"},"image":{"@id":"http:\/\/conexion23.com\/#\/schema\/logo\/image\/"},"sameAs":["https:\/\/www.facebook.com\/conexion23com","https:\/\/www.instagram.com\/conexion23com\/","https:\/\/www.youtube.com\/channel\/UCYc7vxxFZMYLIHNsHHxPZ3Q"]},{"@type":"Person","@id":"http:\/\/conexion23.com\/#\/schema\/person\/03e36043331117e97a373299bbcd30a6","name":"Raffy Ben\u00edtez","image":{"@type":"ImageObject","inLanguage":"es","@id":"https:\/\/secure.gravatar.com\/avatar\/3190a6a6c5e1b0327500f7d6c56b6242472ee6cb974cf09b401ee6b3b0798f23?s=96&d=mm&r=g","url":"https:\/\/secure.gravatar.com\/avatar\/3190a6a6c5e1b0327500f7d6c56b6242472ee6cb974cf09b401ee6b3b0798f23?s=96&d=mm&r=g","contentUrl":"https:\/\/secure.gravatar.com\/avatar\/3190a6a6c5e1b0327500f7d6c56b6242472ee6cb974cf09b401ee6b3b0798f23?s=96&d=mm&r=g","caption":"Raffy Ben\u00edtez"},"url":"https:\/\/conexion23.com\/?author=15"}]}},"_links":{"self":[{"href":"https:\/\/conexion23.com\/index.php?rest_route=\/wp\/v2\/posts\/62861","targetHints":{"allow":["GET"]}}],"collection":[{"href":"https:\/\/conexion23.com\/index.php?rest_route=\/wp\/v2\/posts"}],"about":[{"href":"https:\/\/conexion23.com\/index.php?rest_route=\/wp\/v2\/types\/post"}],"author":[{"embeddable":true,"href":"https:\/\/conexion23.com\/index.php?rest_route=\/wp\/v2\/users\/15"}],"replies":[{"embeddable":true,"href":"https:\/\/conexion23.com\/index.php?rest_route=%2Fwp%2Fv2%2Fcomments&post=62861"}],"version-history":[{"count":1,"href":"https:\/\/conexion23.com\/index.php?rest_route=\/wp\/v2\/posts\/62861\/revisions"}],"predecessor-version":[{"id":62863,"href":"https:\/\/conexion23.com\/index.php?rest_route=\/wp\/v2\/posts\/62861\/revisions\/62863"}],"wp:featuredmedia":[{"embeddable":true,"href":"https:\/\/conexion23.com\/index.php?rest_route=\/wp\/v2\/media\/62862"}],"wp:attachment":[{"href":"https:\/\/conexion23.com\/index.php?rest_route=%2Fwp%2Fv2%2Fmedia&parent=62861"}],"wp:term":[{"taxonomy":"category","embeddable":true,"href":"https:\/\/conexion23.com\/index.php?rest_route=%2Fwp%2Fv2%2Fcategories&post=62861"},{"taxonomy":"post_tag","embeddable":true,"href":"https:\/\/conexion23.com\/index.php?rest_route=%2Fwp%2Fv2%2Ftags&post=62861"}],"curies":[{"name":"wp","href":"https:\/\/api.w.org\/{rel}","templated":true}]}}