{"id":62867,"date":"2026-09-01T07:25:49","date_gmt":"2026-09-01T11:25:49","guid":{"rendered":"https:\/\/conexion23.com\/?p=62867"},"modified":"2026-09-01T07:25:49","modified_gmt":"2026-09-01T11:25:49","slug":"la-capital-y-20-provincias-estan-en-alerta-por-las-lluvias","status":"publish","type":"post","link":"https:\/\/conexion23.com\/?p=62867","title":{"rendered":"La capital y 20 provincias est\u00e1n en alerta por las lluvias"},"content":{"rendered":"<p style=\"text-align: justify;\">El\u00a0Centro de Operaciones de Emergencias\u00a0(COE) inform\u00f3 que elev\u00f3 a alerta amarilla\u00a0a la\u00a0provincia Peravia, mientras se mantienen en este nivel el Gran Santo Domingo, Monte Plata y San Crist\u00f3bal.<\/p>\n<p style=\"text-align: justify;\">Asimismo, actualiz\u00f3 a 16 las provincias en\u00a0alerta verde\u00a0debido a los remanentes de la activa\u00a0onda tropical\u00a0que genera fuertes lluvias, tronadas y posibles r\u00e1fagas de viento en distintas partes del territorio nacional.<\/p>\n<p style=\"text-align: justify;\">Conforme al\u00a0COE, las provincias en\u00a0alerta verde\u00a0son\u00a0El Seibo, Hato Mayor,\u00a0La Altagracia, La Romana, Mar\u00eda Trinidad S\u00e1nchez, Dajab\u00f3n, Montecristi, Saman\u00e1, San Jos\u00e9 de Ocoa,\u00a0San Pedro de Macor\u00eds, S\u00e1nchez Ram\u00edrez, Espaillat, Puerto Plata, Santiago Rodr\u00edguez, Valverde y Azua.<\/p>\n<p style=\"text-align: justify;\">De acuerdo con el bolet\u00edn del\u00a0Instituto Dominicano de Meteorolog\u00eda\u00a0(Indomet), se esperan acumulados de lluvia de entre\u00a050 y 100 mil\u00edmetros, con valores superiores en puntos aislados, que podr\u00edan generar\u00a0inundaciones urbanas\u00a0en zonas bajas y v\u00edas de tr\u00e1nsito.<\/p>\n","protected":false},"excerpt":{"rendered":"<p>El\u00a0Centro de Operaciones de Emergencias\u00a0(COE) inform\u00f3 que elev\u00f3 a alerta amarilla\u00a0a la\u00a0provincia Peravia, mientras se mantienen en este nivel el Gran Santo Domingo, Monte Plata y San Crist\u00f3bal. Asimismo, actualiz\u00f3 a 16 las provincias en\u00a0alerta verde\u00a0debido a los remanentes de la activa\u00a0onda tropical\u00a0que genera fuertes lluvias, tronadas y posibles r\u00e1fagas de viento en distintas partes [&hellip;]<\/p>\n","protected":false},"author":15,"featured_media":62868,"comment_status":"open","ping_status":"open","sticky":false,"template":"","format":"standard","meta":{"footnotes":""},"categories":[3913,3773],"tags":[11574,2093,1960,219,686],"class_list":["post-62867","post","type-post","status-publish","format-standard","has-post-thumbnail","category-nacionales","category-portada","tag-20-provincias","tag-aguaceros","tag-alerta","tag-lluvias","tag-vaguada"],"yoast_head":"<!-- This site is optimized with the Yoast SEO plugin v27.6 - https:\/\/yoast.com\/product\/yoast-seo-wordpress\/ -->\n<title>La capital y 20 provincias est\u00e1n en alerta por las lluvias - Conexi\u00f3n 23<\/title>\n<meta name=\"robots\" content=\"index, follow, max-snippet:-1, max-image-preview:large, max-video-preview:-1\" \/>\n<link rel=\"canonical\" href=\"https:\/\/conexion23.com\/?p=62867\" \/>\n<meta property=\"og:locale\" content=\"es_ES\" \/>\n<meta property=\"og:type\" content=\"article\" \/>\n<meta property=\"og:title\" content=\"La capital y 20 provincias est\u00e1n en alerta por las lluvias - Conexi\u00f3n 23\" \/>\n<meta property=\"og:description\" content=\"El\u00a0Centro de Operaciones de Emergencias\u00a0(COE) inform\u00f3 que elev\u00f3 a alerta amarilla\u00a0a la\u00a0provincia Peravia, mientras se mantienen en este nivel el Gran Santo Domingo, Monte Plata y San Crist\u00f3bal. Asimismo, actualiz\u00f3 a 16 las provincias en\u00a0alerta verde\u00a0debido a los remanentes de la activa\u00a0onda tropical\u00a0que genera fuertes lluvias, tronadas y posibles r\u00e1fagas de viento en distintas partes [&hellip;]\" \/>\n<meta property=\"og:url\" content=\"https:\/\/conexion23.com\/?p=62867\" \/>\n<meta property=\"og:site_name\" content=\"Conexi\u00f3n 23\" \/>\n<meta property=\"article:publisher\" content=\"https:\/\/www.facebook.com\/conexion23com\" \/>\n<meta property=\"article:published_time\" content=\"2026-09-01T11:25:49+00:00\" \/>\n<meta property=\"og:image\" content=\"https:\/\/conexion23.com\/wp-content\/uploads\/2026\/09\/mapa-de-alertas.jpg\" \/>\n\t<meta property=\"og:image:width\" content=\"1080\" \/>\n\t<meta property=\"og:image:height\" content=\"975\" \/>\n\t<meta property=\"og:image:type\" content=\"image\/jpeg\" \/>\n<meta name=\"author\" content=\"Raffy Ben\u00edtez\" \/>\n<meta name=\"twitter:card\" content=\"summary_large_image\" \/>\n<meta name=\"twitter:label1\" content=\"Escrito por\" \/>\n\t<meta name=\"twitter:data1\" content=\"Raffy Ben\u00edtez\" \/>\n\t<meta name=\"twitter:label2\" content=\"Tiempo de lectura\" \/>\n\t<meta name=\"twitter:data2\" content=\"1 minuto\" \/>\n<script type=\"application\/ld+json\" class=\"yoast-schema-graph\">{\"@context\":\"https:\\\/\\\/schema.org\",\"@graph\":[{\"@type\":\"Article\",\"@id\":\"https:\\\/\\\/conexion23.com\\\/?p=62867#article\",\"isPartOf\":{\"@id\":\"https:\\\/\\\/conexion23.com\\\/?p=62867\"},\"author\":{\"name\":\"Raffy Ben\u00edtez\",\"@id\":\"http:\\\/\\\/conexion23.com\\\/#\\\/schema\\\/person\\\/03e36043331117e97a373299bbcd30a6\"},\"headline\":\"La capital y 20 provincias est\u00e1n en alerta por las lluvias\",\"datePublished\":\"2026-09-01T11:25:49+00:00\",\"mainEntityOfPage\":{\"@id\":\"https:\\\/\\\/conexion23.com\\\/?p=62867\"},\"wordCount\":170,\"commentCount\":0,\"publisher\":{\"@id\":\"http:\\\/\\\/conexion23.com\\\/#organization\"},\"image\":{\"@id\":\"https:\\\/\\\/conexion23.com\\\/?p=62867#primaryimage\"},\"thumbnailUrl\":\"https:\\\/\\\/conexion23.com\\\/wp-content\\\/uploads\\\/2026\\\/09\\\/mapa-de-alertas.jpg\",\"keywords\":[\"20 provincias\",\"aguaceros\",\"alerta\",\"Lluvias\",\"vaguada\"],\"articleSection\":[\"Nacionales\",\"Portada\"],\"inLanguage\":\"es\",\"potentialAction\":[{\"@type\":\"CommentAction\",\"name\":\"Comment\",\"target\":[\"https:\\\/\\\/conexion23.com\\\/?p=62867#respond\"]}]},{\"@type\":\"WebPage\",\"@id\":\"https:\\\/\\\/conexion23.com\\\/?p=62867\",\"url\":\"https:\\\/\\\/conexion23.com\\\/?p=62867\",\"name\":\"La capital y 20 provincias est\u00e1n en alerta por las lluvias - Conexi\u00f3n 23\",\"isPartOf\":{\"@id\":\"http:\\\/\\\/conexion23.com\\\/#website\"},\"primaryImageOfPage\":{\"@id\":\"https:\\\/\\\/conexion23.com\\\/?p=62867#primaryimage\"},\"image\":{\"@id\":\"https:\\\/\\\/conexion23.com\\\/?p=62867#primaryimage\"},\"thumbnailUrl\":\"https:\\\/\\\/conexion23.com\\\/wp-content\\\/uploads\\\/2026\\\/09\\\/mapa-de-alertas.jpg\",\"datePublished\":\"2026-09-01T11:25:49+00:00\",\"breadcrumb\":{\"@id\":\"https:\\\/\\\/conexion23.com\\\/?p=62867#breadcrumb\"},\"inLanguage\":\"es\",\"potentialAction\":[{\"@type\":\"ReadAction\",\"target\":[\"https:\\\/\\\/conexion23.com\\\/?p=62867\"]}]},{\"@type\":\"ImageObject\",\"inLanguage\":\"es\",\"@id\":\"https:\\\/\\\/conexion23.com\\\/?p=62867#primaryimage\",\"url\":\"https:\\\/\\\/conexion23.com\\\/wp-content\\\/uploads\\\/2026\\\/09\\\/mapa-de-alertas.jpg\",\"contentUrl\":\"https:\\\/\\\/conexion23.com\\\/wp-content\\\/uploads\\\/2026\\\/09\\\/mapa-de-alertas.jpg\",\"width\":1080,\"height\":975},{\"@type\":\"BreadcrumbList\",\"@id\":\"https:\\\/\\\/conexion23.com\\\/?p=62867#breadcrumb\",\"itemListElement\":[{\"@type\":\"ListItem\",\"position\":1,\"name\":\"Portada\",\"item\":\"http:\\\/\\\/conexion23.com\\\/\"},{\"@type\":\"ListItem\",\"position\":2,\"name\":\"La capital y 20 provincias est\u00e1n en alerta por las lluvias\"}]},{\"@type\":\"WebSite\",\"@id\":\"http:\\\/\\\/conexion23.com\\\/#website\",\"url\":\"http:\\\/\\\/conexion23.com\\\/\",\"name\":\"Conexi\u00f3n 23\",\"description\":\"Peri\u00f3dico 100% Petromacorisano\",\"publisher\":{\"@id\":\"http:\\\/\\\/conexion23.com\\\/#organization\"},\"potentialAction\":[{\"@type\":\"SearchAction\",\"target\":{\"@type\":\"EntryPoint\",\"urlTemplate\":\"http:\\\/\\\/conexion23.com\\\/?s={search_term_string}\"},\"query-input\":{\"@type\":\"PropertyValueSpecification\",\"valueRequired\":true,\"valueName\":\"search_term_string\"}}],\"inLanguage\":\"es\"},{\"@type\":\"Organization\",\"@id\":\"http:\\\/\\\/conexion23.com\\\/#organization\",\"name\":\"Conexion 23\",\"url\":\"http:\\\/\\\/conexion23.com\\\/\",\"logo\":{\"@type\":\"ImageObject\",\"inLanguage\":\"es\",\"@id\":\"http:\\\/\\\/conexion23.com\\\/#\\\/schema\\\/logo\\\/image\\\/\",\"url\":\"https:\\\/\\\/conexion23.com\\\/wp-content\\\/uploads\\\/2021\\\/11\\\/Diseno-sin-titulo-2.png\",\"contentUrl\":\"https:\\\/\\\/conexion23.com\\\/wp-content\\\/uploads\\\/2021\\\/11\\\/Diseno-sin-titulo-2.png\",\"width\":541,\"height\":90,\"caption\":\"Conexion 23\"},\"image\":{\"@id\":\"http:\\\/\\\/conexion23.com\\\/#\\\/schema\\\/logo\\\/image\\\/\"},\"sameAs\":[\"https:\\\/\\\/www.facebook.com\\\/conexion23com\",\"https:\\\/\\\/www.instagram.com\\\/conexion23com\\\/\",\"https:\\\/\\\/www.youtube.com\\\/channel\\\/UCYc7vxxFZMYLIHNsHHxPZ3Q\"]},{\"@type\":\"Person\",\"@id\":\"http:\\\/\\\/conexion23.com\\\/#\\\/schema\\\/person\\\/03e36043331117e97a373299bbcd30a6\",\"name\":\"Raffy Ben\u00edtez\",\"image\":{\"@type\":\"ImageObject\",\"inLanguage\":\"es\",\"@id\":\"https:\\\/\\\/secure.gravatar.com\\\/avatar\\\/3190a6a6c5e1b0327500f7d6c56b6242472ee6cb974cf09b401ee6b3b0798f23?s=96&d=mm&r=g\",\"url\":\"https:\\\/\\\/secure.gravatar.com\\\/avatar\\\/3190a6a6c5e1b0327500f7d6c56b6242472ee6cb974cf09b401ee6b3b0798f23?s=96&d=mm&r=g\",\"contentUrl\":\"https:\\\/\\\/secure.gravatar.com\\\/avatar\\\/3190a6a6c5e1b0327500f7d6c56b6242472ee6cb974cf09b401ee6b3b0798f23?s=96&d=mm&r=g\",\"caption\":\"Raffy Ben\u00edtez\"},\"url\":\"https:\\\/\\\/conexion23.com\\\/?author=15\"}]}<\/script>\n<!-- \/ Yoast SEO plugin. -->","yoast_head_json":{"title":"La capital y 20 provincias est\u00e1n en alerta por las lluvias - Conexi\u00f3n 23","robots":{"index":"index","follow":"follow","max-snippet":"max-snippet:-1","max-image-preview":"max-image-preview:large","max-video-preview":"max-video-preview:-1"},"canonical":"https:\/\/conexion23.com\/?p=62867","og_locale":"es_ES","og_type":"article","og_title":"La capital y 20 provincias est\u00e1n en alerta por las lluvias - Conexi\u00f3n 23","og_description":"El\u00a0Centro de Operaciones de Emergencias\u00a0(COE) inform\u00f3 que elev\u00f3 a alerta amarilla\u00a0a la\u00a0provincia Peravia, mientras se mantienen en este nivel el Gran Santo Domingo, Monte Plata y San Crist\u00f3bal. Asimismo, actualiz\u00f3 a 16 las provincias en\u00a0alerta verde\u00a0debido a los remanentes de la activa\u00a0onda tropical\u00a0que genera fuertes lluvias, tronadas y posibles r\u00e1fagas de viento en distintas partes [&hellip;]","og_url":"https:\/\/conexion23.com\/?p=62867","og_site_name":"Conexi\u00f3n 23","article_publisher":"https:\/\/www.facebook.com\/conexion23com","article_published_time":"2026-09-01T11:25:49+00:00","og_image":[{"width":1080,"height":975,"url":"https:\/\/conexion23.com\/wp-content\/uploads\/2026\/09\/mapa-de-alertas.jpg","type":"image\/jpeg"}],"author":"Raffy Ben\u00edtez","twitter_card":"summary_large_image","twitter_misc":{"Escrito por":"Raffy Ben\u00edtez","Tiempo de lectura":"1 minuto"},"schema":{"@context":"https:\/\/schema.org","@graph":[{"@type":"Article","@id":"https:\/\/conexion23.com\/?p=62867#article","isPartOf":{"@id":"https:\/\/conexion23.com\/?p=62867"},"author":{"name":"Raffy Ben\u00edtez","@id":"http:\/\/conexion23.com\/#\/schema\/person\/03e36043331117e97a373299bbcd30a6"},"headline":"La capital y 20 provincias est\u00e1n en alerta por las lluvias","datePublished":"2026-09-01T11:25:49+00:00","mainEntityOfPage":{"@id":"https:\/\/conexion23.com\/?p=62867"},"wordCount":170,"commentCount":0,"publisher":{"@id":"http:\/\/conexion23.com\/#organization"},"image":{"@id":"https:\/\/conexion23.com\/?p=62867#primaryimage"},"thumbnailUrl":"https:\/\/conexion23.com\/wp-content\/uploads\/2026\/09\/mapa-de-alertas.jpg","keywords":["20 provincias","aguaceros","alerta","Lluvias","vaguada"],"articleSection":["Nacionales","Portada"],"inLanguage":"es","potentialAction":[{"@type":"CommentAction","name":"Comment","target":["https:\/\/conexion23.com\/?p=62867#respond"]}]},{"@type":"WebPage","@id":"https:\/\/conexion23.com\/?p=62867","url":"https:\/\/conexion23.com\/?p=62867","name":"La capital y 20 provincias est\u00e1n en alerta por las lluvias - Conexi\u00f3n 23","isPartOf":{"@id":"http:\/\/conexion23.com\/#website"},"primaryImageOfPage":{"@id":"https:\/\/conexion23.com\/?p=62867#primaryimage"},"image":{"@id":"https:\/\/conexion23.com\/?p=62867#primaryimage"},"thumbnailUrl":"https:\/\/conexion23.com\/wp-content\/uploads\/2026\/09\/mapa-de-alertas.jpg","datePublished":"2026-09-01T11:25:49+00:00","breadcrumb":{"@id":"https:\/\/conexion23.com\/?p=62867#breadcrumb"},"inLanguage":"es","potentialAction":[{"@type":"ReadAction","target":["https:\/\/conexion23.com\/?p=62867"]}]},{"@type":"ImageObject","inLanguage":"es","@id":"https:\/\/conexion23.com\/?p=62867#primaryimage","url":"https:\/\/conexion23.com\/wp-content\/uploads\/2026\/09\/mapa-de-alertas.jpg","contentUrl":"https:\/\/conexion23.com\/wp-content\/uploads\/2026\/09\/mapa-de-alertas.jpg","width":1080,"height":975},{"@type":"BreadcrumbList","@id":"https:\/\/conexion23.com\/?p=62867#breadcrumb","itemListElement":[{"@type":"ListItem","position":1,"name":"Portada","item":"http:\/\/conexion23.com\/"},{"@type":"ListItem","position":2,"name":"La capital y 20 provincias est\u00e1n en alerta por las lluvias"}]},{"@type":"WebSite","@id":"http:\/\/conexion23.com\/#website","url":"http:\/\/conexion23.com\/","name":"Conexi\u00f3n 23","description":"Peri\u00f3dico 100% Petromacorisano","publisher":{"@id":"http:\/\/conexion23.com\/#organization"},"potentialAction":[{"@type":"SearchAction","target":{"@type":"EntryPoint","urlTemplate":"http:\/\/conexion23.com\/?s={search_term_string}"},"query-input":{"@type":"PropertyValueSpecification","valueRequired":true,"valueName":"search_term_string"}}],"inLanguage":"es"},{"@type":"Organization","@id":"http:\/\/conexion23.com\/#organization","name":"Conexion 23","url":"http:\/\/conexion23.com\/","logo":{"@type":"ImageObject","inLanguage":"es","@id":"http:\/\/conexion23.com\/#\/schema\/logo\/image\/","url":"https:\/\/conexion23.com\/wp-content\/uploads\/2021\/11\/Diseno-sin-titulo-2.png","contentUrl":"https:\/\/conexion23.com\/wp-content\/uploads\/2021\/11\/Diseno-sin-titulo-2.png","width":541,"height":90,"caption":"Conexion 23"},"image":{"@id":"http:\/\/conexion23.com\/#\/schema\/logo\/image\/"},"sameAs":["https:\/\/www.facebook.com\/conexion23com","https:\/\/www.instagram.com\/conexion23com\/","https:\/\/www.youtube.com\/channel\/UCYc7vxxFZMYLIHNsHHxPZ3Q"]},{"@type":"Person","@id":"http:\/\/conexion23.com\/#\/schema\/person\/03e36043331117e97a373299bbcd30a6","name":"Raffy Ben\u00edtez","image":{"@type":"ImageObject","inLanguage":"es","@id":"https:\/\/secure.gravatar.com\/avatar\/3190a6a6c5e1b0327500f7d6c56b6242472ee6cb974cf09b401ee6b3b0798f23?s=96&d=mm&r=g","url":"https:\/\/secure.gravatar.com\/avatar\/3190a6a6c5e1b0327500f7d6c56b6242472ee6cb974cf09b401ee6b3b0798f23?s=96&d=mm&r=g","contentUrl":"https:\/\/secure.gravatar.com\/avatar\/3190a6a6c5e1b0327500f7d6c56b6242472ee6cb974cf09b401ee6b3b0798f23?s=96&d=mm&r=g","caption":"Raffy Ben\u00edtez"},"url":"https:\/\/conexion23.com\/?author=15"}]}},"_links":{"self":[{"href":"https:\/\/conexion23.com\/index.php?rest_route=\/wp\/v2\/posts\/62867","targetHints":{"allow":["GET"]}}],"collection":[{"href":"https:\/\/conexion23.com\/index.php?rest_route=\/wp\/v2\/posts"}],"about":[{"href":"https:\/\/conexion23.com\/index.php?rest_route=\/wp\/v2\/types\/post"}],"author":[{"embeddable":true,"href":"https:\/\/conexion23.com\/index.php?rest_route=\/wp\/v2\/users\/15"}],"replies":[{"embeddable":true,"href":"https:\/\/conexion23.com\/index.php?rest_route=%2Fwp%2Fv2%2Fcomments&post=62867"}],"version-history":[{"count":1,"href":"https:\/\/conexion23.com\/index.php?rest_route=\/wp\/v2\/posts\/62867\/revisions"}],"predecessor-version":[{"id":62869,"href":"https:\/\/conexion23.com\/index.php?rest_route=\/wp\/v2\/posts\/62867\/revisions\/62869"}],"wp:featuredmedia":[{"embeddable":true,"href":"https:\/\/conexion23.com\/index.php?rest_route=\/wp\/v2\/media\/62868"}],"wp:attachment":[{"href":"https:\/\/conexion23.com\/index.php?rest_route=%2Fwp%2Fv2%2Fmedia&parent=62867"}],"wp:term":[{"taxonomy":"category","embeddable":true,"href":"https:\/\/conexion23.com\/index.php?rest_route=%2Fwp%2Fv2%2Fcategories&post=62867"},{"taxonomy":"post_tag","embeddable":true,"href":"https:\/\/conexion23.com\/index.php?rest_route=%2Fwp%2Fv2%2Ftags&post=62867"}],"curies":[{"name":"wp","href":"https:\/\/api.w.org\/{rel}","templated":true}]}}