{"id":62879,"date":"2026-09-01T08:28:05","date_gmt":"2026-09-01T12:28:05","guid":{"rendered":"https:\/\/conexion23.com\/?p=62879"},"modified":"2026-09-01T08:28:05","modified_gmt":"2026-09-01T12:28:05","slug":"rd-envia-50-toneladas-de-ayuda-humanitaria-a-colombia","status":"publish","type":"post","link":"https:\/\/conexion23.com\/?p=62879","title":{"rendered":"RD env\u00eda 50 toneladas de ayuda humanitaria a Colombia"},"content":{"rendered":"<p style=\"text-align: justify;\">Las Fuerzas Armadas de la Rep\u00fablica Dominicana enviaron a Colombia 50 toneladas de ayuda humanitaria tras el terremoto que afect\u00f3 a esa naci\u00f3n el 19 de agosto \u00faltimo.<\/p>\n<p style=\"text-align: justify;\">La misma fue recolectada en el centro de acopio habilitado en la base naval 27 de Febrero, con aportes de instituciones p\u00fablicas y privadas, empresas, organizaciones y ciudadanos.<\/p>\n<p style=\"text-align: justify;\">El cargamento zarp\u00f3 el s\u00e1bado desde el apostadero naval de Sans Souci a bordo del buque insignia de la Armada, el patrullero de altura PA-301 \u00abAlmirante Didiez Burgos\u00bb.\u00a0 Incluye alimentos de emergencia, herramientas, medicamentos, insumos m\u00e9dicos y productos de higiene familiar.<\/p>\n<p style=\"text-align: justify;\">Las Fuerzas Armadas agradecieron la solidaridad del pueblo dominicano y destacaron que esta misi\u00f3n reafirma los hist\u00f3ricos v\u00ednculos de amistad y cooperaci\u00f3n entre Rep\u00fablica Dominicana y Colombia.<\/p>\n","protected":false},"excerpt":{"rendered":"<p>Las Fuerzas Armadas de la Rep\u00fablica Dominicana enviaron a Colombia 50 toneladas de ayuda humanitaria tras el terremoto que afect\u00f3 a esa naci\u00f3n el 19 de agosto \u00faltimo. La misma fue recolectada en el centro de acopio habilitado en la base naval 27 de Febrero, con aportes de instituciones p\u00fablicas y privadas, empresas, organizaciones y [&hellip;]<\/p>\n","protected":false},"author":15,"featured_media":62880,"comment_status":"open","ping_status":"open","sticky":false,"template":"","format":"standard","meta":{"footnotes":""},"categories":[3883],"tags":[10803,200,56],"class_list":["post-62879","post","type-post","status-publish","format-standard","has-post-thumbnail","category-ultramar","tag-ayuda-humanitaria","tag-colombia","tag-republica-dominicana"],"yoast_head":"<!-- This site is optimized with the Yoast SEO plugin v27.6 - https:\/\/yoast.com\/product\/yoast-seo-wordpress\/ -->\n<title>RD env\u00eda 50 toneladas de ayuda humanitaria a Colombia - Conexi\u00f3n 23<\/title>\n<meta name=\"robots\" content=\"index, follow, max-snippet:-1, max-image-preview:large, max-video-preview:-1\" \/>\n<link rel=\"canonical\" href=\"https:\/\/conexion23.com\/?p=62879\" \/>\n<meta property=\"og:locale\" content=\"es_ES\" \/>\n<meta property=\"og:type\" content=\"article\" \/>\n<meta property=\"og:title\" content=\"RD env\u00eda 50 toneladas de ayuda humanitaria a Colombia - Conexi\u00f3n 23\" \/>\n<meta property=\"og:description\" content=\"Las Fuerzas Armadas de la Rep\u00fablica Dominicana enviaron a Colombia 50 toneladas de ayuda humanitaria tras el terremoto que afect\u00f3 a esa naci\u00f3n el 19 de agosto \u00faltimo. La misma fue recolectada en el centro de acopio habilitado en la base naval 27 de Febrero, con aportes de instituciones p\u00fablicas y privadas, empresas, organizaciones y [&hellip;]\" \/>\n<meta property=\"og:url\" content=\"https:\/\/conexion23.com\/?p=62879\" \/>\n<meta property=\"og:site_name\" content=\"Conexi\u00f3n 23\" \/>\n<meta property=\"article:publisher\" content=\"https:\/\/www.facebook.com\/conexion23com\" \/>\n<meta property=\"article:published_time\" content=\"2026-09-01T12:28:05+00:00\" \/>\n<meta property=\"og:image\" content=\"https:\/\/conexion23.com\/wp-content\/uploads\/2026\/09\/ayuda-humanitaria-a-colombia.jpg\" \/>\n\t<meta property=\"og:image:width\" content=\"718\" \/>\n\t<meta property=\"og:image:height\" content=\"410\" \/>\n\t<meta property=\"og:image:type\" content=\"image\/jpeg\" \/>\n<meta name=\"author\" content=\"Raffy Ben\u00edtez\" \/>\n<meta name=\"twitter:card\" content=\"summary_large_image\" \/>\n<meta name=\"twitter:label1\" content=\"Escrito por\" \/>\n\t<meta name=\"twitter:data1\" content=\"Raffy Ben\u00edtez\" \/>\n\t<meta name=\"twitter:label2\" content=\"Tiempo de lectura\" \/>\n\t<meta name=\"twitter:data2\" content=\"1 minuto\" \/>\n<script type=\"application\/ld+json\" class=\"yoast-schema-graph\">{\"@context\":\"https:\\\/\\\/schema.org\",\"@graph\":[{\"@type\":\"Article\",\"@id\":\"https:\\\/\\\/conexion23.com\\\/?p=62879#article\",\"isPartOf\":{\"@id\":\"https:\\\/\\\/conexion23.com\\\/?p=62879\"},\"author\":{\"name\":\"Raffy Ben\u00edtez\",\"@id\":\"http:\\\/\\\/conexion23.com\\\/#\\\/schema\\\/person\\\/03e36043331117e97a373299bbcd30a6\"},\"headline\":\"RD env\u00eda 50 toneladas de ayuda humanitaria a Colombia\",\"datePublished\":\"2026-09-01T12:28:05+00:00\",\"mainEntityOfPage\":{\"@id\":\"https:\\\/\\\/conexion23.com\\\/?p=62879\"},\"wordCount\":140,\"commentCount\":0,\"publisher\":{\"@id\":\"http:\\\/\\\/conexion23.com\\\/#organization\"},\"image\":{\"@id\":\"https:\\\/\\\/conexion23.com\\\/?p=62879#primaryimage\"},\"thumbnailUrl\":\"https:\\\/\\\/conexion23.com\\\/wp-content\\\/uploads\\\/2026\\\/09\\\/ayuda-humanitaria-a-colombia.jpg\",\"keywords\":[\"ayuda humanitaria\",\"colombia\",\"republica dominicana\"],\"articleSection\":[\"Ultramar\"],\"inLanguage\":\"es\",\"potentialAction\":[{\"@type\":\"CommentAction\",\"name\":\"Comment\",\"target\":[\"https:\\\/\\\/conexion23.com\\\/?p=62879#respond\"]}]},{\"@type\":\"WebPage\",\"@id\":\"https:\\\/\\\/conexion23.com\\\/?p=62879\",\"url\":\"https:\\\/\\\/conexion23.com\\\/?p=62879\",\"name\":\"RD env\u00eda 50 toneladas de ayuda humanitaria a Colombia - Conexi\u00f3n 23\",\"isPartOf\":{\"@id\":\"http:\\\/\\\/conexion23.com\\\/#website\"},\"primaryImageOfPage\":{\"@id\":\"https:\\\/\\\/conexion23.com\\\/?p=62879#primaryimage\"},\"image\":{\"@id\":\"https:\\\/\\\/conexion23.com\\\/?p=62879#primaryimage\"},\"thumbnailUrl\":\"https:\\\/\\\/conexion23.com\\\/wp-content\\\/uploads\\\/2026\\\/09\\\/ayuda-humanitaria-a-colombia.jpg\",\"datePublished\":\"2026-09-01T12:28:05+00:00\",\"breadcrumb\":{\"@id\":\"https:\\\/\\\/conexion23.com\\\/?p=62879#breadcrumb\"},\"inLanguage\":\"es\",\"potentialAction\":[{\"@type\":\"ReadAction\",\"target\":[\"https:\\\/\\\/conexion23.com\\\/?p=62879\"]}]},{\"@type\":\"ImageObject\",\"inLanguage\":\"es\",\"@id\":\"https:\\\/\\\/conexion23.com\\\/?p=62879#primaryimage\",\"url\":\"https:\\\/\\\/conexion23.com\\\/wp-content\\\/uploads\\\/2026\\\/09\\\/ayuda-humanitaria-a-colombia.jpg\",\"contentUrl\":\"https:\\\/\\\/conexion23.com\\\/wp-content\\\/uploads\\\/2026\\\/09\\\/ayuda-humanitaria-a-colombia.jpg\",\"width\":718,\"height\":410},{\"@type\":\"BreadcrumbList\",\"@id\":\"https:\\\/\\\/conexion23.com\\\/?p=62879#breadcrumb\",\"itemListElement\":[{\"@type\":\"ListItem\",\"position\":1,\"name\":\"Portada\",\"item\":\"http:\\\/\\\/conexion23.com\\\/\"},{\"@type\":\"ListItem\",\"position\":2,\"name\":\"RD env\u00eda 50 toneladas de ayuda humanitaria a Colombia\"}]},{\"@type\":\"WebSite\",\"@id\":\"http:\\\/\\\/conexion23.com\\\/#website\",\"url\":\"http:\\\/\\\/conexion23.com\\\/\",\"name\":\"Conexi\u00f3n 23\",\"description\":\"Peri\u00f3dico 100% Petromacorisano\",\"publisher\":{\"@id\":\"http:\\\/\\\/conexion23.com\\\/#organization\"},\"potentialAction\":[{\"@type\":\"SearchAction\",\"target\":{\"@type\":\"EntryPoint\",\"urlTemplate\":\"http:\\\/\\\/conexion23.com\\\/?s={search_term_string}\"},\"query-input\":{\"@type\":\"PropertyValueSpecification\",\"valueRequired\":true,\"valueName\":\"search_term_string\"}}],\"inLanguage\":\"es\"},{\"@type\":\"Organization\",\"@id\":\"http:\\\/\\\/conexion23.com\\\/#organization\",\"name\":\"Conexion 23\",\"url\":\"http:\\\/\\\/conexion23.com\\\/\",\"logo\":{\"@type\":\"ImageObject\",\"inLanguage\":\"es\",\"@id\":\"http:\\\/\\\/conexion23.com\\\/#\\\/schema\\\/logo\\\/image\\\/\",\"url\":\"https:\\\/\\\/conexion23.com\\\/wp-content\\\/uploads\\\/2021\\\/11\\\/Diseno-sin-titulo-2.png\",\"contentUrl\":\"https:\\\/\\\/conexion23.com\\\/wp-content\\\/uploads\\\/2021\\\/11\\\/Diseno-sin-titulo-2.png\",\"width\":541,\"height\":90,\"caption\":\"Conexion 23\"},\"image\":{\"@id\":\"http:\\\/\\\/conexion23.com\\\/#\\\/schema\\\/logo\\\/image\\\/\"},\"sameAs\":[\"https:\\\/\\\/www.facebook.com\\\/conexion23com\",\"https:\\\/\\\/www.instagram.com\\\/conexion23com\\\/\",\"https:\\\/\\\/www.youtube.com\\\/channel\\\/UCYc7vxxFZMYLIHNsHHxPZ3Q\"]},{\"@type\":\"Person\",\"@id\":\"http:\\\/\\\/conexion23.com\\\/#\\\/schema\\\/person\\\/03e36043331117e97a373299bbcd30a6\",\"name\":\"Raffy Ben\u00edtez\",\"image\":{\"@type\":\"ImageObject\",\"inLanguage\":\"es\",\"@id\":\"https:\\\/\\\/secure.gravatar.com\\\/avatar\\\/3190a6a6c5e1b0327500f7d6c56b6242472ee6cb974cf09b401ee6b3b0798f23?s=96&d=mm&r=g\",\"url\":\"https:\\\/\\\/secure.gravatar.com\\\/avatar\\\/3190a6a6c5e1b0327500f7d6c56b6242472ee6cb974cf09b401ee6b3b0798f23?s=96&d=mm&r=g\",\"contentUrl\":\"https:\\\/\\\/secure.gravatar.com\\\/avatar\\\/3190a6a6c5e1b0327500f7d6c56b6242472ee6cb974cf09b401ee6b3b0798f23?s=96&d=mm&r=g\",\"caption\":\"Raffy Ben\u00edtez\"},\"url\":\"https:\\\/\\\/conexion23.com\\\/?author=15\"}]}<\/script>\n<!-- \/ Yoast SEO plugin. -->","yoast_head_json":{"title":"RD env\u00eda 50 toneladas de ayuda humanitaria a Colombia - Conexi\u00f3n 23","robots":{"index":"index","follow":"follow","max-snippet":"max-snippet:-1","max-image-preview":"max-image-preview:large","max-video-preview":"max-video-preview:-1"},"canonical":"https:\/\/conexion23.com\/?p=62879","og_locale":"es_ES","og_type":"article","og_title":"RD env\u00eda 50 toneladas de ayuda humanitaria a Colombia - Conexi\u00f3n 23","og_description":"Las Fuerzas Armadas de la Rep\u00fablica Dominicana enviaron a Colombia 50 toneladas de ayuda humanitaria tras el terremoto que afect\u00f3 a esa naci\u00f3n el 19 de agosto \u00faltimo. La misma fue recolectada en el centro de acopio habilitado en la base naval 27 de Febrero, con aportes de instituciones p\u00fablicas y privadas, empresas, organizaciones y [&hellip;]","og_url":"https:\/\/conexion23.com\/?p=62879","og_site_name":"Conexi\u00f3n 23","article_publisher":"https:\/\/www.facebook.com\/conexion23com","article_published_time":"2026-09-01T12:28:05+00:00","og_image":[{"width":718,"height":410,"url":"https:\/\/conexion23.com\/wp-content\/uploads\/2026\/09\/ayuda-humanitaria-a-colombia.jpg","type":"image\/jpeg"}],"author":"Raffy Ben\u00edtez","twitter_card":"summary_large_image","twitter_misc":{"Escrito por":"Raffy Ben\u00edtez","Tiempo de lectura":"1 minuto"},"schema":{"@context":"https:\/\/schema.org","@graph":[{"@type":"Article","@id":"https:\/\/conexion23.com\/?p=62879#article","isPartOf":{"@id":"https:\/\/conexion23.com\/?p=62879"},"author":{"name":"Raffy Ben\u00edtez","@id":"http:\/\/conexion23.com\/#\/schema\/person\/03e36043331117e97a373299bbcd30a6"},"headline":"RD env\u00eda 50 toneladas de ayuda humanitaria a Colombia","datePublished":"2026-09-01T12:28:05+00:00","mainEntityOfPage":{"@id":"https:\/\/conexion23.com\/?p=62879"},"wordCount":140,"commentCount":0,"publisher":{"@id":"http:\/\/conexion23.com\/#organization"},"image":{"@id":"https:\/\/conexion23.com\/?p=62879#primaryimage"},"thumbnailUrl":"https:\/\/conexion23.com\/wp-content\/uploads\/2026\/09\/ayuda-humanitaria-a-colombia.jpg","keywords":["ayuda humanitaria","colombia","republica dominicana"],"articleSection":["Ultramar"],"inLanguage":"es","potentialAction":[{"@type":"CommentAction","name":"Comment","target":["https:\/\/conexion23.com\/?p=62879#respond"]}]},{"@type":"WebPage","@id":"https:\/\/conexion23.com\/?p=62879","url":"https:\/\/conexion23.com\/?p=62879","name":"RD env\u00eda 50 toneladas de ayuda humanitaria a Colombia - Conexi\u00f3n 23","isPartOf":{"@id":"http:\/\/conexion23.com\/#website"},"primaryImageOfPage":{"@id":"https:\/\/conexion23.com\/?p=62879#primaryimage"},"image":{"@id":"https:\/\/conexion23.com\/?p=62879#primaryimage"},"thumbnailUrl":"https:\/\/conexion23.com\/wp-content\/uploads\/2026\/09\/ayuda-humanitaria-a-colombia.jpg","datePublished":"2026-09-01T12:28:05+00:00","breadcrumb":{"@id":"https:\/\/conexion23.com\/?p=62879#breadcrumb"},"inLanguage":"es","potentialAction":[{"@type":"ReadAction","target":["https:\/\/conexion23.com\/?p=62879"]}]},{"@type":"ImageObject","inLanguage":"es","@id":"https:\/\/conexion23.com\/?p=62879#primaryimage","url":"https:\/\/conexion23.com\/wp-content\/uploads\/2026\/09\/ayuda-humanitaria-a-colombia.jpg","contentUrl":"https:\/\/conexion23.com\/wp-content\/uploads\/2026\/09\/ayuda-humanitaria-a-colombia.jpg","width":718,"height":410},{"@type":"BreadcrumbList","@id":"https:\/\/conexion23.com\/?p=62879#breadcrumb","itemListElement":[{"@type":"ListItem","position":1,"name":"Portada","item":"http:\/\/conexion23.com\/"},{"@type":"ListItem","position":2,"name":"RD env\u00eda 50 toneladas de ayuda humanitaria a Colombia"}]},{"@type":"WebSite","@id":"http:\/\/conexion23.com\/#website","url":"http:\/\/conexion23.com\/","name":"Conexi\u00f3n 23","description":"Peri\u00f3dico 100% Petromacorisano","publisher":{"@id":"http:\/\/conexion23.com\/#organization"},"potentialAction":[{"@type":"SearchAction","target":{"@type":"EntryPoint","urlTemplate":"http:\/\/conexion23.com\/?s={search_term_string}"},"query-input":{"@type":"PropertyValueSpecification","valueRequired":true,"valueName":"search_term_string"}}],"inLanguage":"es"},{"@type":"Organization","@id":"http:\/\/conexion23.com\/#organization","name":"Conexion 23","url":"http:\/\/conexion23.com\/","logo":{"@type":"ImageObject","inLanguage":"es","@id":"http:\/\/conexion23.com\/#\/schema\/logo\/image\/","url":"https:\/\/conexion23.com\/wp-content\/uploads\/2021\/11\/Diseno-sin-titulo-2.png","contentUrl":"https:\/\/conexion23.com\/wp-content\/uploads\/2021\/11\/Diseno-sin-titulo-2.png","width":541,"height":90,"caption":"Conexion 23"},"image":{"@id":"http:\/\/conexion23.com\/#\/schema\/logo\/image\/"},"sameAs":["https:\/\/www.facebook.com\/conexion23com","https:\/\/www.instagram.com\/conexion23com\/","https:\/\/www.youtube.com\/channel\/UCYc7vxxFZMYLIHNsHHxPZ3Q"]},{"@type":"Person","@id":"http:\/\/conexion23.com\/#\/schema\/person\/03e36043331117e97a373299bbcd30a6","name":"Raffy Ben\u00edtez","image":{"@type":"ImageObject","inLanguage":"es","@id":"https:\/\/secure.gravatar.com\/avatar\/3190a6a6c5e1b0327500f7d6c56b6242472ee6cb974cf09b401ee6b3b0798f23?s=96&d=mm&r=g","url":"https:\/\/secure.gravatar.com\/avatar\/3190a6a6c5e1b0327500f7d6c56b6242472ee6cb974cf09b401ee6b3b0798f23?s=96&d=mm&r=g","contentUrl":"https:\/\/secure.gravatar.com\/avatar\/3190a6a6c5e1b0327500f7d6c56b6242472ee6cb974cf09b401ee6b3b0798f23?s=96&d=mm&r=g","caption":"Raffy Ben\u00edtez"},"url":"https:\/\/conexion23.com\/?author=15"}]}},"_links":{"self":[{"href":"https:\/\/conexion23.com\/index.php?rest_route=\/wp\/v2\/posts\/62879","targetHints":{"allow":["GET"]}}],"collection":[{"href":"https:\/\/conexion23.com\/index.php?rest_route=\/wp\/v2\/posts"}],"about":[{"href":"https:\/\/conexion23.com\/index.php?rest_route=\/wp\/v2\/types\/post"}],"author":[{"embeddable":true,"href":"https:\/\/conexion23.com\/index.php?rest_route=\/wp\/v2\/users\/15"}],"replies":[{"embeddable":true,"href":"https:\/\/conexion23.com\/index.php?rest_route=%2Fwp%2Fv2%2Fcomments&post=62879"}],"version-history":[{"count":1,"href":"https:\/\/conexion23.com\/index.php?rest_route=\/wp\/v2\/posts\/62879\/revisions"}],"predecessor-version":[{"id":62881,"href":"https:\/\/conexion23.com\/index.php?rest_route=\/wp\/v2\/posts\/62879\/revisions\/62881"}],"wp:featuredmedia":[{"embeddable":true,"href":"https:\/\/conexion23.com\/index.php?rest_route=\/wp\/v2\/media\/62880"}],"wp:attachment":[{"href":"https:\/\/conexion23.com\/index.php?rest_route=%2Fwp%2Fv2%2Fmedia&parent=62879"}],"wp:term":[{"taxonomy":"category","embeddable":true,"href":"https:\/\/conexion23.com\/index.php?rest_route=%2Fwp%2Fv2%2Fcategories&post=62879"},{"taxonomy":"post_tag","embeddable":true,"href":"https:\/\/conexion23.com\/index.php?rest_route=%2Fwp%2Fv2%2Ftags&post=62879"}],"curies":[{"name":"wp","href":"https:\/\/api.w.org\/{rel}","templated":true}]}}