{"id":62885,"date":"2026-09-01T08:59:57","date_gmt":"2026-09-01T12:59:57","guid":{"rendered":"https:\/\/conexion23.com\/?p=62885"},"modified":"2026-09-01T09:04:57","modified_gmt":"2026-09-01T13:04:57","slug":"muere-mujer-en-accidente-de-transito-frente-a-la-uce-en-san-pedro-de-macoris","status":"publish","type":"post","link":"https:\/\/conexion23.com\/?p=62885","title":{"rendered":"Muere mujer en accidente de transito frente a la UCE en San Pedro de Macor\u00eds\ufeff"},"content":{"rendered":"<div class=\"blog-item\">\n<div class=\"item-content\">\n<p style=\"text-align: justify;\"><strong>Una mujer muri\u00f3 cuando la motocicleta en que transitaba fue chocada por un veh\u00edculo en la avenida Francisco Alberto Caama\u00f1o a su paso por la Universidad Central del Este en esta ciudad.<\/strong><\/p>\n<\/div>\n<\/div>\n<div class=\"blog-item\">\n<p style=\"text-align: justify;\">Se trata de Wanda Esther Astacio, de 28 a\u00f1os, quien resid\u00eda en Buenos Aires de Santa Fe. Se inform\u00f3 que el veh\u00edculo choc\u00f3 por detr\u00e1s a la motocicleta en que \u00e9sta transitaba.<\/p>\n<p style=\"text-align: justify;\">Fue llevada a la sala de emergencias del hospital Antonio Musa, muriendo cuando recib\u00eda atenciones m\u00e9dicas en ese centro de salud.<\/p>\n<\/div>\n","protected":false},"excerpt":{"rendered":"<p>Una mujer muri\u00f3 cuando la motocicleta en que transitaba fue chocada por un veh\u00edculo en la avenida Francisco Alberto Caama\u00f1o a su paso por la Universidad Central del Este en esta ciudad. Se trata de Wanda Esther Astacio, de 28 a\u00f1os, quien resid\u00eda en Buenos Aires de Santa Fe. Se inform\u00f3 que el veh\u00edculo choc\u00f3 [&hellip;]<\/p>\n","protected":false},"author":15,"featured_media":62893,"comment_status":"open","ping_status":"open","sticky":false,"template":"","format":"standard","meta":{"footnotes":""},"categories":[12,3773,2472,35],"tags":[4710,152,5261,177,6872,1333,57,2382,4743],"class_list":["post-62885","post","type-post","status-publish","format-standard","has-post-thumbnail","category-municipales","category-portada","category-provincias-del-este","category-spm","tag-accidente-de-transito","tag-la-romana","tag-muere-mujer","tag-policia","tag-reclaman","tag-robos","tag-san-pedro-de-macoris","tag-uce","tag-villa-hermosa"],"yoast_head":"<!-- This site is optimized with the Yoast SEO plugin v27.6 - https:\/\/yoast.com\/product\/yoast-seo-wordpress\/ -->\n<title>Muere mujer en accidente de transito frente a la UCE en San Pedro de Macor\u00eds\ufeff - Conexi\u00f3n 23<\/title>\n<meta name=\"robots\" content=\"index, follow, max-snippet:-1, max-image-preview:large, max-video-preview:-1\" \/>\n<link rel=\"canonical\" href=\"http:\/\/conexion23.com\/?p=62885\" \/>\n<meta property=\"og:locale\" content=\"es_ES\" \/>\n<meta property=\"og:type\" content=\"article\" \/>\n<meta property=\"og:title\" content=\"Muere mujer en accidente de transito frente a la UCE en San Pedro de Macor\u00eds\ufeff - Conexi\u00f3n 23\" \/>\n<meta property=\"og:description\" content=\"Una mujer muri\u00f3 cuando la motocicleta en que transitaba fue chocada por un veh\u00edculo en la avenida Francisco Alberto Caama\u00f1o a su paso por la Universidad Central del Este en esta ciudad. Se trata de Wanda Esther Astacio, de 28 a\u00f1os, quien resid\u00eda en Buenos Aires de Santa Fe. Se inform\u00f3 que el veh\u00edculo choc\u00f3 [&hellip;]\" \/>\n<meta property=\"og:url\" content=\"http:\/\/conexion23.com\/?p=62885\" \/>\n<meta property=\"og:site_name\" content=\"Conexi\u00f3n 23\" \/>\n<meta property=\"article:publisher\" content=\"https:\/\/www.facebook.com\/conexion23com\" \/>\n<meta property=\"article:published_time\" content=\"2026-09-01T12:59:57+00:00\" \/>\n<meta property=\"article:modified_time\" content=\"2026-09-01T13:04:57+00:00\" \/>\n<meta property=\"og:image\" content=\"http:\/\/conexion23.com\/wp-content\/uploads\/2026\/09\/Wanda-Esther-Astacio.jpg\" \/>\n\t<meta property=\"og:image:width\" content=\"487\" \/>\n\t<meta property=\"og:image:height\" content=\"517\" \/>\n\t<meta property=\"og:image:type\" content=\"image\/jpeg\" \/>\n<meta name=\"author\" content=\"Raffy Ben\u00edtez\" \/>\n<meta name=\"twitter:card\" content=\"summary_large_image\" \/>\n<meta name=\"twitter:label1\" content=\"Escrito por\" \/>\n\t<meta name=\"twitter:data1\" content=\"Raffy Ben\u00edtez\" \/>\n\t<meta name=\"twitter:label2\" content=\"Tiempo de lectura\" \/>\n\t<meta name=\"twitter:data2\" content=\"1 minuto\" \/>\n<script type=\"application\/ld+json\" class=\"yoast-schema-graph\">{\"@context\":\"https:\\\/\\\/schema.org\",\"@graph\":[{\"@type\":\"Article\",\"@id\":\"http:\\\/\\\/conexion23.com\\\/?p=62885#article\",\"isPartOf\":{\"@id\":\"http:\\\/\\\/conexion23.com\\\/?p=62885\"},\"author\":{\"name\":\"Raffy Ben\u00edtez\",\"@id\":\"http:\\\/\\\/conexion23.com\\\/#\\\/schema\\\/person\\\/03e36043331117e97a373299bbcd30a6\"},\"headline\":\"Muere mujer en accidente de transito frente a la UCE en San Pedro de Macor\u00eds\ufeff\",\"datePublished\":\"2026-09-01T12:59:57+00:00\",\"dateModified\":\"2026-09-01T13:04:57+00:00\",\"mainEntityOfPage\":{\"@id\":\"http:\\\/\\\/conexion23.com\\\/?p=62885\"},\"wordCount\":108,\"commentCount\":0,\"publisher\":{\"@id\":\"http:\\\/\\\/conexion23.com\\\/#organization\"},\"image\":{\"@id\":\"http:\\\/\\\/conexion23.com\\\/?p=62885#primaryimage\"},\"thumbnailUrl\":\"https:\\\/\\\/conexion23.com\\\/wp-content\\\/uploads\\\/2026\\\/09\\\/Wanda-Esther-Astacio.jpg\",\"keywords\":[\"Accidente de Tr\u00e1nsito\",\"la romana\",\"muere mujer\",\"policia\",\"Reclaman\",\"robos\",\"san pedro de macoris\",\"uce\",\"villa hermosa\"],\"articleSection\":[\"Municipales\",\"Portada\",\"Provincias del Este\",\"SPM\"],\"inLanguage\":\"es\",\"potentialAction\":[{\"@type\":\"CommentAction\",\"name\":\"Comment\",\"target\":[\"http:\\\/\\\/conexion23.com\\\/?p=62885#respond\"]}]},{\"@type\":\"WebPage\",\"@id\":\"http:\\\/\\\/conexion23.com\\\/?p=62885\",\"url\":\"http:\\\/\\\/conexion23.com\\\/?p=62885\",\"name\":\"Muere mujer en accidente de transito frente a la UCE en San Pedro de Macor\u00eds\ufeff - Conexi\u00f3n 23\",\"isPartOf\":{\"@id\":\"http:\\\/\\\/conexion23.com\\\/#website\"},\"primaryImageOfPage\":{\"@id\":\"http:\\\/\\\/conexion23.com\\\/?p=62885#primaryimage\"},\"image\":{\"@id\":\"http:\\\/\\\/conexion23.com\\\/?p=62885#primaryimage\"},\"thumbnailUrl\":\"https:\\\/\\\/conexion23.com\\\/wp-content\\\/uploads\\\/2026\\\/09\\\/Wanda-Esther-Astacio.jpg\",\"datePublished\":\"2026-09-01T12:59:57+00:00\",\"dateModified\":\"2026-09-01T13:04:57+00:00\",\"breadcrumb\":{\"@id\":\"http:\\\/\\\/conexion23.com\\\/?p=62885#breadcrumb\"},\"inLanguage\":\"es\",\"potentialAction\":[{\"@type\":\"ReadAction\",\"target\":[\"http:\\\/\\\/conexion23.com\\\/?p=62885\"]}]},{\"@type\":\"ImageObject\",\"inLanguage\":\"es\",\"@id\":\"http:\\\/\\\/conexion23.com\\\/?p=62885#primaryimage\",\"url\":\"https:\\\/\\\/conexion23.com\\\/wp-content\\\/uploads\\\/2026\\\/09\\\/Wanda-Esther-Astacio.jpg\",\"contentUrl\":\"https:\\\/\\\/conexion23.com\\\/wp-content\\\/uploads\\\/2026\\\/09\\\/Wanda-Esther-Astacio.jpg\",\"width\":487,\"height\":517},{\"@type\":\"BreadcrumbList\",\"@id\":\"http:\\\/\\\/conexion23.com\\\/?p=62885#breadcrumb\",\"itemListElement\":[{\"@type\":\"ListItem\",\"position\":1,\"name\":\"Portada\",\"item\":\"http:\\\/\\\/conexion23.com\\\/\"},{\"@type\":\"ListItem\",\"position\":2,\"name\":\"Muere mujer en accidente de transito frente a la UCE en San Pedro de Macor\u00eds\ufeff\"}]},{\"@type\":\"WebSite\",\"@id\":\"http:\\\/\\\/conexion23.com\\\/#website\",\"url\":\"http:\\\/\\\/conexion23.com\\\/\",\"name\":\"Conexi\u00f3n 23\",\"description\":\"Peri\u00f3dico 100% Petromacorisano\",\"publisher\":{\"@id\":\"http:\\\/\\\/conexion23.com\\\/#organization\"},\"potentialAction\":[{\"@type\":\"SearchAction\",\"target\":{\"@type\":\"EntryPoint\",\"urlTemplate\":\"http:\\\/\\\/conexion23.com\\\/?s={search_term_string}\"},\"query-input\":{\"@type\":\"PropertyValueSpecification\",\"valueRequired\":true,\"valueName\":\"search_term_string\"}}],\"inLanguage\":\"es\"},{\"@type\":\"Organization\",\"@id\":\"http:\\\/\\\/conexion23.com\\\/#organization\",\"name\":\"Conexion 23\",\"url\":\"http:\\\/\\\/conexion23.com\\\/\",\"logo\":{\"@type\":\"ImageObject\",\"inLanguage\":\"es\",\"@id\":\"http:\\\/\\\/conexion23.com\\\/#\\\/schema\\\/logo\\\/image\\\/\",\"url\":\"https:\\\/\\\/conexion23.com\\\/wp-content\\\/uploads\\\/2021\\\/11\\\/Diseno-sin-titulo-2.png\",\"contentUrl\":\"https:\\\/\\\/conexion23.com\\\/wp-content\\\/uploads\\\/2021\\\/11\\\/Diseno-sin-titulo-2.png\",\"width\":541,\"height\":90,\"caption\":\"Conexion 23\"},\"image\":{\"@id\":\"http:\\\/\\\/conexion23.com\\\/#\\\/schema\\\/logo\\\/image\\\/\"},\"sameAs\":[\"https:\\\/\\\/www.facebook.com\\\/conexion23com\",\"https:\\\/\\\/www.instagram.com\\\/conexion23com\\\/\",\"https:\\\/\\\/www.youtube.com\\\/channel\\\/UCYc7vxxFZMYLIHNsHHxPZ3Q\"]},{\"@type\":\"Person\",\"@id\":\"http:\\\/\\\/conexion23.com\\\/#\\\/schema\\\/person\\\/03e36043331117e97a373299bbcd30a6\",\"name\":\"Raffy Ben\u00edtez\",\"image\":{\"@type\":\"ImageObject\",\"inLanguage\":\"es\",\"@id\":\"https:\\\/\\\/secure.gravatar.com\\\/avatar\\\/3190a6a6c5e1b0327500f7d6c56b6242472ee6cb974cf09b401ee6b3b0798f23?s=96&d=mm&r=g\",\"url\":\"https:\\\/\\\/secure.gravatar.com\\\/avatar\\\/3190a6a6c5e1b0327500f7d6c56b6242472ee6cb974cf09b401ee6b3b0798f23?s=96&d=mm&r=g\",\"contentUrl\":\"https:\\\/\\\/secure.gravatar.com\\\/avatar\\\/3190a6a6c5e1b0327500f7d6c56b6242472ee6cb974cf09b401ee6b3b0798f23?s=96&d=mm&r=g\",\"caption\":\"Raffy Ben\u00edtez\"},\"url\":\"https:\\\/\\\/conexion23.com\\\/?author=15\"}]}<\/script>\n<!-- \/ Yoast SEO plugin. -->","yoast_head_json":{"title":"Muere mujer en accidente de transito frente a la UCE en San Pedro de Macor\u00eds\ufeff - Conexi\u00f3n 23","robots":{"index":"index","follow":"follow","max-snippet":"max-snippet:-1","max-image-preview":"max-image-preview:large","max-video-preview":"max-video-preview:-1"},"canonical":"http:\/\/conexion23.com\/?p=62885","og_locale":"es_ES","og_type":"article","og_title":"Muere mujer en accidente de transito frente a la UCE en San Pedro de Macor\u00eds\ufeff - Conexi\u00f3n 23","og_description":"Una mujer muri\u00f3 cuando la motocicleta en que transitaba fue chocada por un veh\u00edculo en la avenida Francisco Alberto Caama\u00f1o a su paso por la Universidad Central del Este en esta ciudad. Se trata de Wanda Esther Astacio, de 28 a\u00f1os, quien resid\u00eda en Buenos Aires de Santa Fe. Se inform\u00f3 que el veh\u00edculo choc\u00f3 [&hellip;]","og_url":"http:\/\/conexion23.com\/?p=62885","og_site_name":"Conexi\u00f3n 23","article_publisher":"https:\/\/www.facebook.com\/conexion23com","article_published_time":"2026-09-01T12:59:57+00:00","article_modified_time":"2026-09-01T13:04:57+00:00","og_image":[{"width":487,"height":517,"url":"http:\/\/conexion23.com\/wp-content\/uploads\/2026\/09\/Wanda-Esther-Astacio.jpg","type":"image\/jpeg"}],"author":"Raffy Ben\u00edtez","twitter_card":"summary_large_image","twitter_misc":{"Escrito por":"Raffy Ben\u00edtez","Tiempo de lectura":"1 minuto"},"schema":{"@context":"https:\/\/schema.org","@graph":[{"@type":"Article","@id":"http:\/\/conexion23.com\/?p=62885#article","isPartOf":{"@id":"http:\/\/conexion23.com\/?p=62885"},"author":{"name":"Raffy Ben\u00edtez","@id":"http:\/\/conexion23.com\/#\/schema\/person\/03e36043331117e97a373299bbcd30a6"},"headline":"Muere mujer en accidente de transito frente a la UCE en San Pedro de Macor\u00eds\ufeff","datePublished":"2026-09-01T12:59:57+00:00","dateModified":"2026-09-01T13:04:57+00:00","mainEntityOfPage":{"@id":"http:\/\/conexion23.com\/?p=62885"},"wordCount":108,"commentCount":0,"publisher":{"@id":"http:\/\/conexion23.com\/#organization"},"image":{"@id":"http:\/\/conexion23.com\/?p=62885#primaryimage"},"thumbnailUrl":"https:\/\/conexion23.com\/wp-content\/uploads\/2026\/09\/Wanda-Esther-Astacio.jpg","keywords":["Accidente de Tr\u00e1nsito","la romana","muere mujer","policia","Reclaman","robos","san pedro de macoris","uce","villa hermosa"],"articleSection":["Municipales","Portada","Provincias del Este","SPM"],"inLanguage":"es","potentialAction":[{"@type":"CommentAction","name":"Comment","target":["http:\/\/conexion23.com\/?p=62885#respond"]}]},{"@type":"WebPage","@id":"http:\/\/conexion23.com\/?p=62885","url":"http:\/\/conexion23.com\/?p=62885","name":"Muere mujer en accidente de transito frente a la UCE en San Pedro de Macor\u00eds\ufeff - Conexi\u00f3n 23","isPartOf":{"@id":"http:\/\/conexion23.com\/#website"},"primaryImageOfPage":{"@id":"http:\/\/conexion23.com\/?p=62885#primaryimage"},"image":{"@id":"http:\/\/conexion23.com\/?p=62885#primaryimage"},"thumbnailUrl":"https:\/\/conexion23.com\/wp-content\/uploads\/2026\/09\/Wanda-Esther-Astacio.jpg","datePublished":"2026-09-01T12:59:57+00:00","dateModified":"2026-09-01T13:04:57+00:00","breadcrumb":{"@id":"http:\/\/conexion23.com\/?p=62885#breadcrumb"},"inLanguage":"es","potentialAction":[{"@type":"ReadAction","target":["http:\/\/conexion23.com\/?p=62885"]}]},{"@type":"ImageObject","inLanguage":"es","@id":"http:\/\/conexion23.com\/?p=62885#primaryimage","url":"https:\/\/conexion23.com\/wp-content\/uploads\/2026\/09\/Wanda-Esther-Astacio.jpg","contentUrl":"https:\/\/conexion23.com\/wp-content\/uploads\/2026\/09\/Wanda-Esther-Astacio.jpg","width":487,"height":517},{"@type":"BreadcrumbList","@id":"http:\/\/conexion23.com\/?p=62885#breadcrumb","itemListElement":[{"@type":"ListItem","position":1,"name":"Portada","item":"http:\/\/conexion23.com\/"},{"@type":"ListItem","position":2,"name":"Muere mujer en accidente de transito frente a la UCE en San Pedro de Macor\u00eds\ufeff"}]},{"@type":"WebSite","@id":"http:\/\/conexion23.com\/#website","url":"http:\/\/conexion23.com\/","name":"Conexi\u00f3n 23","description":"Peri\u00f3dico 100% Petromacorisano","publisher":{"@id":"http:\/\/conexion23.com\/#organization"},"potentialAction":[{"@type":"SearchAction","target":{"@type":"EntryPoint","urlTemplate":"http:\/\/conexion23.com\/?s={search_term_string}"},"query-input":{"@type":"PropertyValueSpecification","valueRequired":true,"valueName":"search_term_string"}}],"inLanguage":"es"},{"@type":"Organization","@id":"http:\/\/conexion23.com\/#organization","name":"Conexion 23","url":"http:\/\/conexion23.com\/","logo":{"@type":"ImageObject","inLanguage":"es","@id":"http:\/\/conexion23.com\/#\/schema\/logo\/image\/","url":"https:\/\/conexion23.com\/wp-content\/uploads\/2021\/11\/Diseno-sin-titulo-2.png","contentUrl":"https:\/\/conexion23.com\/wp-content\/uploads\/2021\/11\/Diseno-sin-titulo-2.png","width":541,"height":90,"caption":"Conexion 23"},"image":{"@id":"http:\/\/conexion23.com\/#\/schema\/logo\/image\/"},"sameAs":["https:\/\/www.facebook.com\/conexion23com","https:\/\/www.instagram.com\/conexion23com\/","https:\/\/www.youtube.com\/channel\/UCYc7vxxFZMYLIHNsHHxPZ3Q"]},{"@type":"Person","@id":"http:\/\/conexion23.com\/#\/schema\/person\/03e36043331117e97a373299bbcd30a6","name":"Raffy Ben\u00edtez","image":{"@type":"ImageObject","inLanguage":"es","@id":"https:\/\/secure.gravatar.com\/avatar\/3190a6a6c5e1b0327500f7d6c56b6242472ee6cb974cf09b401ee6b3b0798f23?s=96&d=mm&r=g","url":"https:\/\/secure.gravatar.com\/avatar\/3190a6a6c5e1b0327500f7d6c56b6242472ee6cb974cf09b401ee6b3b0798f23?s=96&d=mm&r=g","contentUrl":"https:\/\/secure.gravatar.com\/avatar\/3190a6a6c5e1b0327500f7d6c56b6242472ee6cb974cf09b401ee6b3b0798f23?s=96&d=mm&r=g","caption":"Raffy Ben\u00edtez"},"url":"https:\/\/conexion23.com\/?author=15"}]}},"_links":{"self":[{"href":"https:\/\/conexion23.com\/index.php?rest_route=\/wp\/v2\/posts\/62885","targetHints":{"allow":["GET"]}}],"collection":[{"href":"https:\/\/conexion23.com\/index.php?rest_route=\/wp\/v2\/posts"}],"about":[{"href":"https:\/\/conexion23.com\/index.php?rest_route=\/wp\/v2\/types\/post"}],"author":[{"embeddable":true,"href":"https:\/\/conexion23.com\/index.php?rest_route=\/wp\/v2\/users\/15"}],"replies":[{"embeddable":true,"href":"https:\/\/conexion23.com\/index.php?rest_route=%2Fwp%2Fv2%2Fcomments&post=62885"}],"version-history":[{"count":2,"href":"https:\/\/conexion23.com\/index.php?rest_route=\/wp\/v2\/posts\/62885\/revisions"}],"predecessor-version":[{"id":62897,"href":"https:\/\/conexion23.com\/index.php?rest_route=\/wp\/v2\/posts\/62885\/revisions\/62897"}],"wp:featuredmedia":[{"embeddable":true,"href":"https:\/\/conexion23.com\/index.php?rest_route=\/wp\/v2\/media\/62893"}],"wp:attachment":[{"href":"https:\/\/conexion23.com\/index.php?rest_route=%2Fwp%2Fv2%2Fmedia&parent=62885"}],"wp:term":[{"taxonomy":"category","embeddable":true,"href":"https:\/\/conexion23.com\/index.php?rest_route=%2Fwp%2Fv2%2Fcategories&post=62885"},{"taxonomy":"post_tag","embeddable":true,"href":"https:\/\/conexion23.com\/index.php?rest_route=%2Fwp%2Fv2%2Ftags&post=62885"}],"curies":[{"name":"wp","href":"https:\/\/api.w.org\/{rel}","templated":true}]}}