{"id":62889,"date":"2026-09-01T09:25:57","date_gmt":"2026-09-01T13:25:57","guid":{"rendered":"https:\/\/conexion23.com\/?p=62889"},"modified":"2026-09-01T08:48:39","modified_gmt":"2026-09-01T12:48:39","slug":"por-intensas-presiones-el-prm-no-elegira-el-domingo-nuevos-miembros-cupula","status":"publish","type":"post","link":"https:\/\/conexion23.com\/?p=62889","title":{"rendered":"Por intensas presiones el PRM no elegir\u00e1 el domingo nuevos miembros c\u00fapula"},"content":{"rendered":"<p class=\"wp-block-paragraph\" style=\"text-align: justify;\"><strong>Debido a las intensas presiones de los grupos internos en el oficialista Partido Revolucionario Moderno (PRM), el pr\u00f3ximo domingo no ser\u00e1n elegidos, como se hab\u00eda dicho, los nuevos integrantes de la Direcci\u00f3n Ejecutiva.<\/strong><\/p>\n<p>Conforme a la reforma estatutaria aprobada en julio pasado, el \u00f3rgano pasar\u00e1 de 60 a 65 miembros, cinco nuevas plazas, pero a\u00fan no hay fecha definida para la elecci\u00f3n de los nuevos integrantes.<\/p>\n<p>A lo interno del PRM, hay versiones de que el n\u00famero de nuevos miembros ser\u00eda entre diez y quince, no solo cinco como se ha dicho hasta ahora y que fue lo aprobado en la reforma estatutaria.<\/p>\n<p>Para los nuevos cargos, los nombres que se dan por hecho pasar\u00e1n al m\u00e1ximo \u00f3rgano de Direcci\u00f3n del PRM son Sigmund Freund, delegado pol\u00edtico del PRM ante la Junta Central Electoral (JCE), que tiene un papel relevante en el proceso de renovaci\u00f3n interna; Guido G\u00f3mez Mazara, aspirante presidencial; Adolfo P\u00e9rez, coordinador del proyecto presidencial de la vicepresidenta, Raquel Pe\u00f1a y Eilyn Beltr\u00e1n, asistente del presidente Luis Abinader.<\/p>\n<p>Otro nombre que suena y es una figura la confianza del presidente de la Rep\u00fablica y del PRM, es Antoliano Peralta, ministro de Justicia y principal asesor legal de Abinader.<\/p>\n<p>Igualmente, Luis Miguel De Camps, presidente del Partido Revolucionario Socialdem\u00f3crata (PRSD) y ministro de Educaci\u00f3n, pasar\u00eda al PRM como miembro de la Direcci\u00f3n Ejecutiva. El PRSD es aliado del PRM.<\/p>\n<p>En la convenci\u00f3n del domingo, se escoger\u00e1n los titulares de la secretar\u00eda de formaci\u00f3n pol\u00edtica y de la reforma estatutaria, inform\u00f3 Deligne Ascenci\u00f3n.<\/p>\n<p><strong>Presiones grupales<br \/>\n<\/strong><br \/>\nA lo interno del PRM hay una intensa presi\u00f3n por los nuevos cargos de la Direcci\u00f3n Ejecutiva, especialmente desde los grupos de David Collado y Carolina Mej\u00eda. Los mej\u00eda tienen varios dirigentes de su equipo que quieren llevar a la Direcci\u00f3n Ejecutiva, debido que en el proceso han sufrido varias bajas.<\/p>\n<p>Por ejemplo, antes ten\u00edan el respaldo de Jean Luis Rodr\u00edguez, vicesecretario y miembro del organismo que ahora respalda a David Collado, as\u00ed como al senador Alexis Victoria, que seg\u00fan se comenta, ya no respalda las aspiraciones de Carolina Mej\u00eda. Collado, tambi\u00e9n presiona para la inclusi\u00f3n en la Direcci\u00f3n Ejecutiva, de varios de sus dirigentes m\u00e1s cercanos que no forman parte de esa matr\u00edcula, el m\u00e1s mencionado es el diputado An\u00edbal D\u00edaz.<\/p>\n<p class=\"wp-block-paragraph\" style=\"text-align: justify;\"><strong>Esperan 4 mil en acto de Luis presidente de PRM<\/strong><\/p>\n<p class=\"wp-block-paragraph\" style=\"text-align: justify;\">El acto de juramentaci\u00f3n de Abinader como presidente del PRM est\u00e1 previsto para el domingo a las 10:00 a.m. en el Club San Carlos. Adem\u00e1s de los mil 522 miembros del Comit\u00e9 Nacional, la organizaci\u00f3n invit\u00f3 a sus principales cuadros provinciales y municipales y se espera la asistencia de m\u00e1s de 4 mil personas. El presidente de Elecciones Internas, Deligne Ascenci\u00f3n, inform\u00f3 que solo tendr\u00e1n discursos, Jos\u00e9 Ignacio Paliza, saliente, y Abinader, entrante.<\/p>\n","protected":false},"excerpt":{"rendered":"<p>Debido a las intensas presiones de los grupos internos en el oficialista Partido Revolucionario Moderno (PRM), el pr\u00f3ximo domingo no ser\u00e1n elegidos, como se hab\u00eda dicho, los nuevos integrantes de la Direcci\u00f3n Ejecutiva. Conforme a la reforma estatutaria aprobada en julio pasado, el \u00f3rgano pasar\u00e1 de 60 a 65 miembros, cinco nuevas plazas, pero a\u00fan [&hellip;]<\/p>\n","protected":false},"author":18,"featured_media":62890,"comment_status":"open","ping_status":"open","sticky":false,"template":"","format":"standard","meta":{"footnotes":""},"categories":[3882,3773],"tags":[3709,3825,59,927],"class_list":["post-62889","post","type-post","status-publish","format-standard","has-post-thumbnail","category-politica","category-portada","tag-junta-central-electoral","tag-partido-revolucionario-moderno","tag-politica","tag-prd"],"yoast_head":"<!-- This site is optimized with the Yoast SEO plugin v27.6 - https:\/\/yoast.com\/product\/yoast-seo-wordpress\/ -->\n<title>Por intensas presiones el PRM no elegir\u00e1 el domingo nuevos miembros c\u00fapula - Conexi\u00f3n 23<\/title>\n<meta name=\"robots\" content=\"index, follow, max-snippet:-1, max-image-preview:large, max-video-preview:-1\" \/>\n<link rel=\"canonical\" href=\"https:\/\/conexion23.com\/?p=62889\" \/>\n<meta property=\"og:locale\" content=\"es_ES\" \/>\n<meta property=\"og:type\" content=\"article\" \/>\n<meta property=\"og:title\" content=\"Por intensas presiones el PRM no elegir\u00e1 el domingo nuevos miembros c\u00fapula - Conexi\u00f3n 23\" \/>\n<meta property=\"og:description\" content=\"Debido a las intensas presiones de los grupos internos en el oficialista Partido Revolucionario Moderno (PRM), el pr\u00f3ximo domingo no ser\u00e1n elegidos, como se hab\u00eda dicho, los nuevos integrantes de la Direcci\u00f3n Ejecutiva. Conforme a la reforma estatutaria aprobada en julio pasado, el \u00f3rgano pasar\u00e1 de 60 a 65 miembros, cinco nuevas plazas, pero a\u00fan [&hellip;]\" \/>\n<meta property=\"og:url\" content=\"https:\/\/conexion23.com\/?p=62889\" \/>\n<meta property=\"og:site_name\" content=\"Conexi\u00f3n 23\" \/>\n<meta property=\"article:publisher\" content=\"https:\/\/www.facebook.com\/conexion23com\" \/>\n<meta property=\"article:published_time\" content=\"2026-09-01T13:25:57+00:00\" \/>\n<meta property=\"og:image\" content=\"https:\/\/conexion23.com\/wp-content\/uploads\/2026\/09\/prm-fachada.webp\" \/>\n\t<meta property=\"og:image:width\" content=\"1200\" \/>\n\t<meta property=\"og:image:height\" content=\"592\" \/>\n\t<meta property=\"og:image:type\" content=\"image\/webp\" \/>\n<meta name=\"author\" content=\"Redacci\u00f3n\" \/>\n<meta name=\"twitter:card\" content=\"summary_large_image\" \/>\n<meta name=\"twitter:label1\" content=\"Escrito por\" \/>\n\t<meta name=\"twitter:data1\" content=\"Redacci\u00f3n\" \/>\n\t<meta name=\"twitter:label2\" content=\"Tiempo de lectura\" \/>\n\t<meta name=\"twitter:data2\" content=\"3 minutos\" \/>\n<script type=\"application\/ld+json\" class=\"yoast-schema-graph\">{\"@context\":\"https:\\\/\\\/schema.org\",\"@graph\":[{\"@type\":\"Article\",\"@id\":\"https:\\\/\\\/conexion23.com\\\/?p=62889#article\",\"isPartOf\":{\"@id\":\"https:\\\/\\\/conexion23.com\\\/?p=62889\"},\"author\":{\"name\":\"Redacci\u00f3n\",\"@id\":\"http:\\\/\\\/conexion23.com\\\/#\\\/schema\\\/person\\\/0a860802b17d01ad2a278f53c507c296\"},\"headline\":\"Por intensas presiones el PRM no elegir\u00e1 el domingo nuevos miembros c\u00fapula\",\"datePublished\":\"2026-09-01T13:25:57+00:00\",\"mainEntityOfPage\":{\"@id\":\"https:\\\/\\\/conexion23.com\\\/?p=62889\"},\"wordCount\":519,\"commentCount\":0,\"publisher\":{\"@id\":\"http:\\\/\\\/conexion23.com\\\/#organization\"},\"image\":{\"@id\":\"https:\\\/\\\/conexion23.com\\\/?p=62889#primaryimage\"},\"thumbnailUrl\":\"https:\\\/\\\/conexion23.com\\\/wp-content\\\/uploads\\\/2026\\\/09\\\/prm-fachada.webp\",\"keywords\":[\"Junta Central Electoral\",\"Partido Revolucionario Moderno\",\"politica\",\"prd\"],\"articleSection\":[\"Pol\u00edtica\",\"Portada\"],\"inLanguage\":\"es\",\"potentialAction\":[{\"@type\":\"CommentAction\",\"name\":\"Comment\",\"target\":[\"https:\\\/\\\/conexion23.com\\\/?p=62889#respond\"]}]},{\"@type\":\"WebPage\",\"@id\":\"https:\\\/\\\/conexion23.com\\\/?p=62889\",\"url\":\"https:\\\/\\\/conexion23.com\\\/?p=62889\",\"name\":\"Por intensas presiones el PRM no elegir\u00e1 el domingo nuevos miembros c\u00fapula - Conexi\u00f3n 23\",\"isPartOf\":{\"@id\":\"http:\\\/\\\/conexion23.com\\\/#website\"},\"primaryImageOfPage\":{\"@id\":\"https:\\\/\\\/conexion23.com\\\/?p=62889#primaryimage\"},\"image\":{\"@id\":\"https:\\\/\\\/conexion23.com\\\/?p=62889#primaryimage\"},\"thumbnailUrl\":\"https:\\\/\\\/conexion23.com\\\/wp-content\\\/uploads\\\/2026\\\/09\\\/prm-fachada.webp\",\"datePublished\":\"2026-09-01T13:25:57+00:00\",\"breadcrumb\":{\"@id\":\"https:\\\/\\\/conexion23.com\\\/?p=62889#breadcrumb\"},\"inLanguage\":\"es\",\"potentialAction\":[{\"@type\":\"ReadAction\",\"target\":[\"https:\\\/\\\/conexion23.com\\\/?p=62889\"]}]},{\"@type\":\"ImageObject\",\"inLanguage\":\"es\",\"@id\":\"https:\\\/\\\/conexion23.com\\\/?p=62889#primaryimage\",\"url\":\"https:\\\/\\\/conexion23.com\\\/wp-content\\\/uploads\\\/2026\\\/09\\\/prm-fachada.webp\",\"contentUrl\":\"https:\\\/\\\/conexion23.com\\\/wp-content\\\/uploads\\\/2026\\\/09\\\/prm-fachada.webp\",\"width\":1200,\"height\":592},{\"@type\":\"BreadcrumbList\",\"@id\":\"https:\\\/\\\/conexion23.com\\\/?p=62889#breadcrumb\",\"itemListElement\":[{\"@type\":\"ListItem\",\"position\":1,\"name\":\"Portada\",\"item\":\"http:\\\/\\\/conexion23.com\\\/\"},{\"@type\":\"ListItem\",\"position\":2,\"name\":\"Por intensas presiones el PRM no elegir\u00e1 el domingo nuevos miembros c\u00fapula\"}]},{\"@type\":\"WebSite\",\"@id\":\"http:\\\/\\\/conexion23.com\\\/#website\",\"url\":\"http:\\\/\\\/conexion23.com\\\/\",\"name\":\"Conexi\u00f3n 23\",\"description\":\"Peri\u00f3dico 100% Petromacorisano\",\"publisher\":{\"@id\":\"http:\\\/\\\/conexion23.com\\\/#organization\"},\"potentialAction\":[{\"@type\":\"SearchAction\",\"target\":{\"@type\":\"EntryPoint\",\"urlTemplate\":\"http:\\\/\\\/conexion23.com\\\/?s={search_term_string}\"},\"query-input\":{\"@type\":\"PropertyValueSpecification\",\"valueRequired\":true,\"valueName\":\"search_term_string\"}}],\"inLanguage\":\"es\"},{\"@type\":\"Organization\",\"@id\":\"http:\\\/\\\/conexion23.com\\\/#organization\",\"name\":\"Conexion 23\",\"url\":\"http:\\\/\\\/conexion23.com\\\/\",\"logo\":{\"@type\":\"ImageObject\",\"inLanguage\":\"es\",\"@id\":\"http:\\\/\\\/conexion23.com\\\/#\\\/schema\\\/logo\\\/image\\\/\",\"url\":\"https:\\\/\\\/conexion23.com\\\/wp-content\\\/uploads\\\/2021\\\/11\\\/Diseno-sin-titulo-2.png\",\"contentUrl\":\"https:\\\/\\\/conexion23.com\\\/wp-content\\\/uploads\\\/2021\\\/11\\\/Diseno-sin-titulo-2.png\",\"width\":541,\"height\":90,\"caption\":\"Conexion 23\"},\"image\":{\"@id\":\"http:\\\/\\\/conexion23.com\\\/#\\\/schema\\\/logo\\\/image\\\/\"},\"sameAs\":[\"https:\\\/\\\/www.facebook.com\\\/conexion23com\",\"https:\\\/\\\/www.instagram.com\\\/conexion23com\\\/\",\"https:\\\/\\\/www.youtube.com\\\/channel\\\/UCYc7vxxFZMYLIHNsHHxPZ3Q\"]},{\"@type\":\"Person\",\"@id\":\"http:\\\/\\\/conexion23.com\\\/#\\\/schema\\\/person\\\/0a860802b17d01ad2a278f53c507c296\",\"name\":\"Redacci\u00f3n\",\"image\":{\"@type\":\"ImageObject\",\"inLanguage\":\"es\",\"@id\":\"https:\\\/\\\/secure.gravatar.com\\\/avatar\\\/ec9d84b79c776aa1994e5893944465db9974b17b884155623da51b7b62c02845?s=96&d=mm&r=g\",\"url\":\"https:\\\/\\\/secure.gravatar.com\\\/avatar\\\/ec9d84b79c776aa1994e5893944465db9974b17b884155623da51b7b62c02845?s=96&d=mm&r=g\",\"contentUrl\":\"https:\\\/\\\/secure.gravatar.com\\\/avatar\\\/ec9d84b79c776aa1994e5893944465db9974b17b884155623da51b7b62c02845?s=96&d=mm&r=g\",\"caption\":\"Redacci\u00f3n\"},\"url\":\"https:\\\/\\\/conexion23.com\\\/?author=18\"}]}<\/script>\n<!-- \/ Yoast SEO plugin. -->","yoast_head_json":{"title":"Por intensas presiones el PRM no elegir\u00e1 el domingo nuevos miembros c\u00fapula - Conexi\u00f3n 23","robots":{"index":"index","follow":"follow","max-snippet":"max-snippet:-1","max-image-preview":"max-image-preview:large","max-video-preview":"max-video-preview:-1"},"canonical":"https:\/\/conexion23.com\/?p=62889","og_locale":"es_ES","og_type":"article","og_title":"Por intensas presiones el PRM no elegir\u00e1 el domingo nuevos miembros c\u00fapula - Conexi\u00f3n 23","og_description":"Debido a las intensas presiones de los grupos internos en el oficialista Partido Revolucionario Moderno (PRM), el pr\u00f3ximo domingo no ser\u00e1n elegidos, como se hab\u00eda dicho, los nuevos integrantes de la Direcci\u00f3n Ejecutiva. Conforme a la reforma estatutaria aprobada en julio pasado, el \u00f3rgano pasar\u00e1 de 60 a 65 miembros, cinco nuevas plazas, pero a\u00fan [&hellip;]","og_url":"https:\/\/conexion23.com\/?p=62889","og_site_name":"Conexi\u00f3n 23","article_publisher":"https:\/\/www.facebook.com\/conexion23com","article_published_time":"2026-09-01T13:25:57+00:00","og_image":[{"width":1200,"height":592,"url":"https:\/\/conexion23.com\/wp-content\/uploads\/2026\/09\/prm-fachada.webp","type":"image\/webp"}],"author":"Redacci\u00f3n","twitter_card":"summary_large_image","twitter_misc":{"Escrito por":"Redacci\u00f3n","Tiempo de lectura":"3 minutos"},"schema":{"@context":"https:\/\/schema.org","@graph":[{"@type":"Article","@id":"https:\/\/conexion23.com\/?p=62889#article","isPartOf":{"@id":"https:\/\/conexion23.com\/?p=62889"},"author":{"name":"Redacci\u00f3n","@id":"http:\/\/conexion23.com\/#\/schema\/person\/0a860802b17d01ad2a278f53c507c296"},"headline":"Por intensas presiones el PRM no elegir\u00e1 el domingo nuevos miembros c\u00fapula","datePublished":"2026-09-01T13:25:57+00:00","mainEntityOfPage":{"@id":"https:\/\/conexion23.com\/?p=62889"},"wordCount":519,"commentCount":0,"publisher":{"@id":"http:\/\/conexion23.com\/#organization"},"image":{"@id":"https:\/\/conexion23.com\/?p=62889#primaryimage"},"thumbnailUrl":"https:\/\/conexion23.com\/wp-content\/uploads\/2026\/09\/prm-fachada.webp","keywords":["Junta Central Electoral","Partido Revolucionario Moderno","politica","prd"],"articleSection":["Pol\u00edtica","Portada"],"inLanguage":"es","potentialAction":[{"@type":"CommentAction","name":"Comment","target":["https:\/\/conexion23.com\/?p=62889#respond"]}]},{"@type":"WebPage","@id":"https:\/\/conexion23.com\/?p=62889","url":"https:\/\/conexion23.com\/?p=62889","name":"Por intensas presiones el PRM no elegir\u00e1 el domingo nuevos miembros c\u00fapula - Conexi\u00f3n 23","isPartOf":{"@id":"http:\/\/conexion23.com\/#website"},"primaryImageOfPage":{"@id":"https:\/\/conexion23.com\/?p=62889#primaryimage"},"image":{"@id":"https:\/\/conexion23.com\/?p=62889#primaryimage"},"thumbnailUrl":"https:\/\/conexion23.com\/wp-content\/uploads\/2026\/09\/prm-fachada.webp","datePublished":"2026-09-01T13:25:57+00:00","breadcrumb":{"@id":"https:\/\/conexion23.com\/?p=62889#breadcrumb"},"inLanguage":"es","potentialAction":[{"@type":"ReadAction","target":["https:\/\/conexion23.com\/?p=62889"]}]},{"@type":"ImageObject","inLanguage":"es","@id":"https:\/\/conexion23.com\/?p=62889#primaryimage","url":"https:\/\/conexion23.com\/wp-content\/uploads\/2026\/09\/prm-fachada.webp","contentUrl":"https:\/\/conexion23.com\/wp-content\/uploads\/2026\/09\/prm-fachada.webp","width":1200,"height":592},{"@type":"BreadcrumbList","@id":"https:\/\/conexion23.com\/?p=62889#breadcrumb","itemListElement":[{"@type":"ListItem","position":1,"name":"Portada","item":"http:\/\/conexion23.com\/"},{"@type":"ListItem","position":2,"name":"Por intensas presiones el PRM no elegir\u00e1 el domingo nuevos miembros c\u00fapula"}]},{"@type":"WebSite","@id":"http:\/\/conexion23.com\/#website","url":"http:\/\/conexion23.com\/","name":"Conexi\u00f3n 23","description":"Peri\u00f3dico 100% Petromacorisano","publisher":{"@id":"http:\/\/conexion23.com\/#organization"},"potentialAction":[{"@type":"SearchAction","target":{"@type":"EntryPoint","urlTemplate":"http:\/\/conexion23.com\/?s={search_term_string}"},"query-input":{"@type":"PropertyValueSpecification","valueRequired":true,"valueName":"search_term_string"}}],"inLanguage":"es"},{"@type":"Organization","@id":"http:\/\/conexion23.com\/#organization","name":"Conexion 23","url":"http:\/\/conexion23.com\/","logo":{"@type":"ImageObject","inLanguage":"es","@id":"http:\/\/conexion23.com\/#\/schema\/logo\/image\/","url":"https:\/\/conexion23.com\/wp-content\/uploads\/2021\/11\/Diseno-sin-titulo-2.png","contentUrl":"https:\/\/conexion23.com\/wp-content\/uploads\/2021\/11\/Diseno-sin-titulo-2.png","width":541,"height":90,"caption":"Conexion 23"},"image":{"@id":"http:\/\/conexion23.com\/#\/schema\/logo\/image\/"},"sameAs":["https:\/\/www.facebook.com\/conexion23com","https:\/\/www.instagram.com\/conexion23com\/","https:\/\/www.youtube.com\/channel\/UCYc7vxxFZMYLIHNsHHxPZ3Q"]},{"@type":"Person","@id":"http:\/\/conexion23.com\/#\/schema\/person\/0a860802b17d01ad2a278f53c507c296","name":"Redacci\u00f3n","image":{"@type":"ImageObject","inLanguage":"es","@id":"https:\/\/secure.gravatar.com\/avatar\/ec9d84b79c776aa1994e5893944465db9974b17b884155623da51b7b62c02845?s=96&d=mm&r=g","url":"https:\/\/secure.gravatar.com\/avatar\/ec9d84b79c776aa1994e5893944465db9974b17b884155623da51b7b62c02845?s=96&d=mm&r=g","contentUrl":"https:\/\/secure.gravatar.com\/avatar\/ec9d84b79c776aa1994e5893944465db9974b17b884155623da51b7b62c02845?s=96&d=mm&r=g","caption":"Redacci\u00f3n"},"url":"https:\/\/conexion23.com\/?author=18"}]}},"_links":{"self":[{"href":"https:\/\/conexion23.com\/index.php?rest_route=\/wp\/v2\/posts\/62889","targetHints":{"allow":["GET"]}}],"collection":[{"href":"https:\/\/conexion23.com\/index.php?rest_route=\/wp\/v2\/posts"}],"about":[{"href":"https:\/\/conexion23.com\/index.php?rest_route=\/wp\/v2\/types\/post"}],"author":[{"embeddable":true,"href":"https:\/\/conexion23.com\/index.php?rest_route=\/wp\/v2\/users\/18"}],"replies":[{"embeddable":true,"href":"https:\/\/conexion23.com\/index.php?rest_route=%2Fwp%2Fv2%2Fcomments&post=62889"}],"version-history":[{"count":1,"href":"https:\/\/conexion23.com\/index.php?rest_route=\/wp\/v2\/posts\/62889\/revisions"}],"predecessor-version":[{"id":62891,"href":"https:\/\/conexion23.com\/index.php?rest_route=\/wp\/v2\/posts\/62889\/revisions\/62891"}],"wp:featuredmedia":[{"embeddable":true,"href":"https:\/\/conexion23.com\/index.php?rest_route=\/wp\/v2\/media\/62890"}],"wp:attachment":[{"href":"https:\/\/conexion23.com\/index.php?rest_route=%2Fwp%2Fv2%2Fmedia&parent=62889"}],"wp:term":[{"taxonomy":"category","embeddable":true,"href":"https:\/\/conexion23.com\/index.php?rest_route=%2Fwp%2Fv2%2Fcategories&post=62889"},{"taxonomy":"post_tag","embeddable":true,"href":"https:\/\/conexion23.com\/index.php?rest_route=%2Fwp%2Fv2%2Ftags&post=62889"}],"curies":[{"name":"wp","href":"https:\/\/api.w.org\/{rel}","templated":true}]}}