{"id":62898,"date":"2026-09-01T10:50:27","date_gmt":"2026-09-01T14:50:27","guid":{"rendered":"https:\/\/conexion23.com\/?p=62898"},"modified":"2026-09-01T09:12:08","modified_gmt":"2026-09-01T13:12:08","slug":"merca-jumbo-inaugura-su-tienda-numero-11-en-la-romana","status":"publish","type":"post","link":"https:\/\/conexion23.com\/?p=62898","title":{"rendered":"Merca Jumbo inaugura su tienda n\u00famero 11 en La Romana"},"content":{"rendered":"<p style=\"font-weight: 400; text-align: justify;\"><strong>La nueva sucursal ampl\u00eda la presencia de la marca en la zona este del pa\u00eds y refuerza su promesa de ser \u00abel mejor vecino\u00bb de las comunidades dominicanas.<\/strong><\/p>\n<p style=\"font-weight: 400; text-align: justify;\">Merca Jumbo abri\u00f3 las puertas de su nueva sucursal en La Romana, con lo que alcanza un total de 11 tiendas a nivel nacional y ampl\u00eda su presencia en la zona este del pa\u00eds. La apertura forma parte del plan de expansi\u00f3n de la compa\u00f1\u00eda, generando 90 empleos directos para la comunidad.<\/p>\n<p style=\"font-weight: 400; text-align: justify;\">Ubicada en la Av. Prof. Juan Bosch, esq. C. Jos\u00e9 Mar\u00eda Imbert, Sector La Paz, esta nueva sucursal, representa la llegada de Merca Jumbo a\u00a0La Romana\u00a0con una propuesta clara: ser el mejor vecino de la comunidad, brindando una experiencia de compra pr\u00e1ctica, \u00e1gil y agradable.<\/p>\n<p style=\"font-weight: 400; text-align: justify;\">Con 2,000 metros cuadrados de extensi\u00f3n y capacidad para 155 veh\u00edculos, la tienda fue concebida para ofrecer una experiencia de compra moderna, c\u00f3moda y accesible, pensados para que hacer las compras diarias sean una experiencia sencilla y eficiente. Su formato de autoservicio y su surtido variado \u2014que incluye marcas propias, exclusivas y reconocidas del mercado\u2014 garantizan frescura, calidad y conveniencia en cada visita.\u00a0Los clientes tambi\u00e9n podr\u00e1n acceder a servicios adicionales como farmacia, servicios del Subagente Banreservas y cajeros autom\u00e1ticos.<\/p>\n<p style=\"font-weight: 400; text-align: justify;\">\u00abEn Merca Jumbo seguimos creciendo con el prop\u00f3sito de estar cada vez m\u00e1s cerca de nuestros clientes. La apertura de esta nueva sucursal en La Romana representa un paso importante en nuestra misi\u00f3n de acompa\u00f1ar a las familias dominicanas con una experiencia de compra moderna, conveniente y adaptada a sus necesidades\u00bb, expres\u00f3 Zamira Guerrero Numa, vicepresidenta de Merca Jumbo.<\/p>\n<p><img loading=\"lazy\" decoding=\"async\" class=\"alignnone  wp-image-62899\" src=\"http:\/\/conexion23.com\/wp-content\/uploads\/2026\/09\/Merca-Jumbo-inaugura-su-tienda-numero-11-en-La-Romana-2-300x190.jpg\" alt=\"\" width=\"808\" height=\"512\" srcset=\"https:\/\/conexion23.com\/wp-content\/uploads\/2026\/09\/Merca-Jumbo-inaugura-su-tienda-numero-11-en-La-Romana-2-300x190.jpg 300w, https:\/\/conexion23.com\/wp-content\/uploads\/2026\/09\/Merca-Jumbo-inaugura-su-tienda-numero-11-en-La-Romana-2-1024x648.jpg 1024w, https:\/\/conexion23.com\/wp-content\/uploads\/2026\/09\/Merca-Jumbo-inaugura-su-tienda-numero-11-en-La-Romana-2-768x486.jpg 768w, https:\/\/conexion23.com\/wp-content\/uploads\/2026\/09\/Merca-Jumbo-inaugura-su-tienda-numero-11-en-La-Romana-2-1536x972.jpg 1536w, https:\/\/conexion23.com\/wp-content\/uploads\/2026\/09\/Merca-Jumbo-inaugura-su-tienda-numero-11-en-La-Romana-2-2048x1296.jpg 2048w, https:\/\/conexion23.com\/wp-content\/uploads\/2026\/09\/Merca-Jumbo-inaugura-su-tienda-numero-11-en-La-Romana-2-664x420.jpg 664w, https:\/\/conexion23.com\/wp-content\/uploads\/2026\/09\/Merca-Jumbo-inaugura-su-tienda-numero-11-en-La-Romana-2-1327x840.jpg 1327w, https:\/\/conexion23.com\/wp-content\/uploads\/2026\/09\/Merca-Jumbo-inaugura-su-tienda-numero-11-en-La-Romana-2-150x95.jpg 150w, https:\/\/conexion23.com\/wp-content\/uploads\/2026\/09\/Merca-Jumbo-inaugura-su-tienda-numero-11-en-La-Romana-2-600x380.jpg 600w, https:\/\/conexion23.com\/wp-content\/uploads\/2026\/09\/Merca-Jumbo-inaugura-su-tienda-numero-11-en-La-Romana-2-696x441.jpg 696w, https:\/\/conexion23.com\/wp-content\/uploads\/2026\/09\/Merca-Jumbo-inaugura-su-tienda-numero-11-en-La-Romana-2-1392x881.jpg 1392w, https:\/\/conexion23.com\/wp-content\/uploads\/2026\/09\/Merca-Jumbo-inaugura-su-tienda-numero-11-en-La-Romana-2-1068x676.jpg 1068w, https:\/\/conexion23.com\/wp-content\/uploads\/2026\/09\/Merca-Jumbo-inaugura-su-tienda-numero-11-en-La-Romana-2-1920x1215.jpg 1920w\" sizes=\"auto, (max-width: 808px) 100vw, 808px\" \/><\/p>\n<p style=\"font-weight: 400; text-align: justify;\">Como parte de su propuesta de valor, La\u00a0<strong>app Merca<\/strong>\u00a0estar\u00e1 disponible en La Romana a partir del s\u00e1bado 29 de agosto, permitiendo a los clientes realizar sus compras con servicio de delivery de forma pr\u00e1ctica, f\u00e1cil y r\u00e1pida.<\/p>\n<p style=\"font-weight: 400; text-align: justify;\">Fiel a su promesa de ofrecer los mejores precios todos los d\u00edas, la compa\u00f1\u00eda contin\u00faa apostando por sus marcas propias como pilar de ahorro. Entre ellas destaca L\u00edder, que ofrece productos de alta calidad a precios competitivos, permitiendo a las familias optimizar su presupuesto sin sacrificar calidad.<\/p>\n<p style=\"font-weight: 400; text-align: justify;\">La llegada de Merca Jumbo a La Romana reafirma el compromiso de la compa\u00f1\u00eda con el desarrollo de las comunidades donde opera, fortaleciendo la econom\u00eda local y promoviendo el bienestar de las familias dominicanas.<\/p>\n<p style=\"font-weight: 400; text-align: justify;\">\u00abEn Merca Jumbo apostamos al crecimiento de nuestras marcas para responder a las necesidades cambiantes de nuestros clientes. Con esta apertura reafirmamos nuestro compromiso de ofrecer productos de calidad y los mejores precios todos los d\u00edas, consolidando a Merca Jumbo como el mejor vecino de las comunidades donde tiene presencia\u00bb, expres\u00f3 Madelyn Mart\u00ednez, vicepresidenta de Mercadeo Formatos y Retail.<\/p>\n<p style=\"font-weight: 400; text-align: justify;\">En coherencia con su esp\u00edritu de cercan\u00eda y responsabilidad social, Merca Jumbo decidi\u00f3 que, en lugar de realizar un gran evento de apertura, destinar\u00eda esos recursos al\u00a0<strong>Hogar de Ancianos Padre Abreu<\/strong>, instituci\u00f3n que desde 1954 brinda albergue permanente, alimentaci\u00f3n, atenci\u00f3n m\u00e9dica, acompa\u00f1amiento psicol\u00f3gico y apoyo humano a adultos mayores de escasos recursos o en situaci\u00f3n de desamparo,\u00a0reafirmando as\u00ed el compromiso de Centro Cuesta Nacional y sus marcas de generar un impacto positivo en las comunidades donde opera.<\/p>\n<p><img loading=\"lazy\" decoding=\"async\" class=\"alignnone  wp-image-62901\" src=\"http:\/\/conexion23.com\/wp-content\/uploads\/2026\/09\/Merca-Jumbo-inaugura-su-tienda-numero-11-en-La-Romana-1-300x200.jpg\" alt=\"\" width=\"839\" height=\"559\" srcset=\"https:\/\/conexion23.com\/wp-content\/uploads\/2026\/09\/Merca-Jumbo-inaugura-su-tienda-numero-11-en-La-Romana-1-300x200.jpg 300w, https:\/\/conexion23.com\/wp-content\/uploads\/2026\/09\/Merca-Jumbo-inaugura-su-tienda-numero-11-en-La-Romana-1-1024x683.jpg 1024w, https:\/\/conexion23.com\/wp-content\/uploads\/2026\/09\/Merca-Jumbo-inaugura-su-tienda-numero-11-en-La-Romana-1-768x512.jpg 768w, https:\/\/conexion23.com\/wp-content\/uploads\/2026\/09\/Merca-Jumbo-inaugura-su-tienda-numero-11-en-La-Romana-1-1536x1024.jpg 1536w, https:\/\/conexion23.com\/wp-content\/uploads\/2026\/09\/Merca-Jumbo-inaugura-su-tienda-numero-11-en-La-Romana-1-2048x1366.jpg 2048w, https:\/\/conexion23.com\/wp-content\/uploads\/2026\/09\/Merca-Jumbo-inaugura-su-tienda-numero-11-en-La-Romana-1-630x420.jpg 630w, https:\/\/conexion23.com\/wp-content\/uploads\/2026\/09\/Merca-Jumbo-inaugura-su-tienda-numero-11-en-La-Romana-1-1260x840.jpg 1260w, https:\/\/conexion23.com\/wp-content\/uploads\/2026\/09\/Merca-Jumbo-inaugura-su-tienda-numero-11-en-La-Romana-1-150x100.jpg 150w, https:\/\/conexion23.com\/wp-content\/uploads\/2026\/09\/Merca-Jumbo-inaugura-su-tienda-numero-11-en-La-Romana-1-600x400.jpg 600w, https:\/\/conexion23.com\/wp-content\/uploads\/2026\/09\/Merca-Jumbo-inaugura-su-tienda-numero-11-en-La-Romana-1-696x464.jpg 696w, https:\/\/conexion23.com\/wp-content\/uploads\/2026\/09\/Merca-Jumbo-inaugura-su-tienda-numero-11-en-La-Romana-1-1392x928.jpg 1392w, https:\/\/conexion23.com\/wp-content\/uploads\/2026\/09\/Merca-Jumbo-inaugura-su-tienda-numero-11-en-La-Romana-1-1068x712.jpg 1068w, https:\/\/conexion23.com\/wp-content\/uploads\/2026\/09\/Merca-Jumbo-inaugura-su-tienda-numero-11-en-La-Romana-1-1920x1280.jpg 1920w\" sizes=\"auto, (max-width: 839px) 100vw, 839px\" \/><\/p>\n<p style=\"font-weight: 400; text-align: justify;\">Merca Jumbo La Romana ya es parte del vecindario e invita a todos los romanenses a conocer su nueva tienda. Estar\u00e1 operando de lunes a s\u00e1bados de 7:00 a.m. a 12:00 a.m., y domingos, de 8:00 a.m. a 10:00 p.m. Con esta apertura, Merca Jumbo contin\u00faa fortaleciendo su presencia en el pa\u00eds y reafirma su compromiso de generar valor e impacto positivo en cada comunidad donde est\u00e1 presente.<\/p>\n<p style=\"font-weight: 400; text-align: justify;\"><strong>Acerca de Merca Jumbo<\/strong><\/p>\n<p style=\"font-weight: 400; text-align: justify;\">Merca Jumbo es un nuevo concepto de supermercado dise\u00f1ado para ofrecer a los clientes una experiencia de compra \u00fanica con los mejores precios en productos de calidad. Con espacios c\u00f3modos y accesibles, Merca Jumbo asegura que en cada visita los clientes encuentren productos frescos y de calidad al mejor precio. Con su promesa de \u201cel mejor vecino\u201d, Merca Jumbo\u00a0ofrece a los clientes una opci\u00f3n cercana para hacer sus compras diarias en un formato de autoservicio que les permita agilidad y comodidad con un surtido de productos de marcas propias y exclusivas que brindan buena calidad al mejor precio.<\/p>\n","protected":false},"excerpt":{"rendered":"<p>La nueva sucursal ampl\u00eda la presencia de la marca en la zona este del pa\u00eds y refuerza su promesa de ser \u00abel mejor vecino\u00bb de las comunidades dominicanas. Merca Jumbo abri\u00f3 las puertas de su nueva sucursal en La Romana, con lo que alcanza un total de 11 tiendas a nivel nacional y ampl\u00eda su [&hellip;]<\/p>\n","protected":false},"author":18,"featured_media":62900,"comment_status":"open","ping_status":"open","sticky":false,"template":"","format":"standard","meta":{"footnotes":""},"categories":[10,2473,2472],"tags":[11587,11586,152,2680],"class_list":["post-62898","post","type-post","status-publish","format-standard","has-post-thumbnail","category-economia","category-la-romana","category-provincias-del-este","tag-hogar-de-ancianos-padre-abreu","tag-jumbo-la-romana","tag-la-romana","tag-tienda"],"yoast_head":"<!-- This site is optimized with the Yoast SEO plugin v27.6 - https:\/\/yoast.com\/product\/yoast-seo-wordpress\/ -->\n<title>Merca Jumbo inaugura su tienda n\u00famero 11 en La Romana - Conexi\u00f3n 23<\/title>\n<meta name=\"robots\" content=\"index, follow, max-snippet:-1, max-image-preview:large, max-video-preview:-1\" \/>\n<link rel=\"canonical\" href=\"http:\/\/conexion23.com\/?p=62898\" \/>\n<meta property=\"og:locale\" content=\"es_ES\" \/>\n<meta property=\"og:type\" content=\"article\" \/>\n<meta property=\"og:title\" content=\"Merca Jumbo inaugura su tienda n\u00famero 11 en La Romana - Conexi\u00f3n 23\" \/>\n<meta property=\"og:description\" content=\"La nueva sucursal ampl\u00eda la presencia de la marca en la zona este del pa\u00eds y refuerza su promesa de ser \u00abel mejor vecino\u00bb de las comunidades dominicanas. Merca Jumbo abri\u00f3 las puertas de su nueva sucursal en La Romana, con lo que alcanza un total de 11 tiendas a nivel nacional y ampl\u00eda su [&hellip;]\" \/>\n<meta property=\"og:url\" content=\"http:\/\/conexion23.com\/?p=62898\" \/>\n<meta property=\"og:site_name\" content=\"Conexi\u00f3n 23\" \/>\n<meta property=\"article:publisher\" content=\"https:\/\/www.facebook.com\/conexion23com\" \/>\n<meta property=\"article:published_time\" content=\"2026-09-01T14:50:27+00:00\" \/>\n<meta property=\"og:image\" content=\"http:\/\/conexion23.com\/wp-content\/uploads\/2026\/09\/Merca-Jumbo-inaugura-su-tienda-numero-11-en-La-Romana-3-scaled.jpg\" \/>\n\t<meta property=\"og:image:width\" content=\"1707\" \/>\n\t<meta property=\"og:image:height\" content=\"2560\" \/>\n\t<meta property=\"og:image:type\" content=\"image\/jpeg\" \/>\n<meta name=\"author\" content=\"Redacci\u00f3n\" \/>\n<meta name=\"twitter:card\" content=\"summary_large_image\" \/>\n<meta name=\"twitter:label1\" content=\"Escrito por\" \/>\n\t<meta name=\"twitter:data1\" content=\"Redacci\u00f3n\" \/>\n\t<meta name=\"twitter:label2\" content=\"Tiempo de lectura\" \/>\n\t<meta name=\"twitter:data2\" content=\"4 minutos\" \/>\n<script type=\"application\/ld+json\" class=\"yoast-schema-graph\">{\"@context\":\"https:\\\/\\\/schema.org\",\"@graph\":[{\"@type\":\"Article\",\"@id\":\"http:\\\/\\\/conexion23.com\\\/?p=62898#article\",\"isPartOf\":{\"@id\":\"http:\\\/\\\/conexion23.com\\\/?p=62898\"},\"author\":{\"name\":\"Redacci\u00f3n\",\"@id\":\"http:\\\/\\\/conexion23.com\\\/#\\\/schema\\\/person\\\/0a860802b17d01ad2a278f53c507c296\"},\"headline\":\"Merca Jumbo inaugura su tienda n\u00famero 11 en La Romana\",\"datePublished\":\"2026-09-01T14:50:27+00:00\",\"mainEntityOfPage\":{\"@id\":\"http:\\\/\\\/conexion23.com\\\/?p=62898\"},\"wordCount\":745,\"commentCount\":0,\"publisher\":{\"@id\":\"http:\\\/\\\/conexion23.com\\\/#organization\"},\"image\":{\"@id\":\"http:\\\/\\\/conexion23.com\\\/?p=62898#primaryimage\"},\"thumbnailUrl\":\"https:\\\/\\\/conexion23.com\\\/wp-content\\\/uploads\\\/2026\\\/09\\\/Merca-Jumbo-inaugura-su-tienda-numero-11-en-La-Romana-3-scaled.jpg\",\"keywords\":[\"Hogar de Ancianos Padre Abreu\",\"Jumbo la romana\",\"la romana\",\"tienda\"],\"articleSection\":[\"Econom\u00eda\",\"La Romana\",\"Provincias del Este\"],\"inLanguage\":\"es\",\"potentialAction\":[{\"@type\":\"CommentAction\",\"name\":\"Comment\",\"target\":[\"http:\\\/\\\/conexion23.com\\\/?p=62898#respond\"]}]},{\"@type\":\"WebPage\",\"@id\":\"http:\\\/\\\/conexion23.com\\\/?p=62898\",\"url\":\"http:\\\/\\\/conexion23.com\\\/?p=62898\",\"name\":\"Merca Jumbo inaugura su tienda n\u00famero 11 en La Romana - Conexi\u00f3n 23\",\"isPartOf\":{\"@id\":\"http:\\\/\\\/conexion23.com\\\/#website\"},\"primaryImageOfPage\":{\"@id\":\"http:\\\/\\\/conexion23.com\\\/?p=62898#primaryimage\"},\"image\":{\"@id\":\"http:\\\/\\\/conexion23.com\\\/?p=62898#primaryimage\"},\"thumbnailUrl\":\"https:\\\/\\\/conexion23.com\\\/wp-content\\\/uploads\\\/2026\\\/09\\\/Merca-Jumbo-inaugura-su-tienda-numero-11-en-La-Romana-3-scaled.jpg\",\"datePublished\":\"2026-09-01T14:50:27+00:00\",\"breadcrumb\":{\"@id\":\"http:\\\/\\\/conexion23.com\\\/?p=62898#breadcrumb\"},\"inLanguage\":\"es\",\"potentialAction\":[{\"@type\":\"ReadAction\",\"target\":[\"http:\\\/\\\/conexion23.com\\\/?p=62898\"]}]},{\"@type\":\"ImageObject\",\"inLanguage\":\"es\",\"@id\":\"http:\\\/\\\/conexion23.com\\\/?p=62898#primaryimage\",\"url\":\"https:\\\/\\\/conexion23.com\\\/wp-content\\\/uploads\\\/2026\\\/09\\\/Merca-Jumbo-inaugura-su-tienda-numero-11-en-La-Romana-3-scaled.jpg\",\"contentUrl\":\"https:\\\/\\\/conexion23.com\\\/wp-content\\\/uploads\\\/2026\\\/09\\\/Merca-Jumbo-inaugura-su-tienda-numero-11-en-La-Romana-3-scaled.jpg\",\"width\":1707,\"height\":2560},{\"@type\":\"BreadcrumbList\",\"@id\":\"http:\\\/\\\/conexion23.com\\\/?p=62898#breadcrumb\",\"itemListElement\":[{\"@type\":\"ListItem\",\"position\":1,\"name\":\"Portada\",\"item\":\"http:\\\/\\\/conexion23.com\\\/\"},{\"@type\":\"ListItem\",\"position\":2,\"name\":\"Merca Jumbo inaugura su tienda n\u00famero 11 en La Romana\"}]},{\"@type\":\"WebSite\",\"@id\":\"http:\\\/\\\/conexion23.com\\\/#website\",\"url\":\"http:\\\/\\\/conexion23.com\\\/\",\"name\":\"Conexi\u00f3n 23\",\"description\":\"Peri\u00f3dico 100% Petromacorisano\",\"publisher\":{\"@id\":\"http:\\\/\\\/conexion23.com\\\/#organization\"},\"potentialAction\":[{\"@type\":\"SearchAction\",\"target\":{\"@type\":\"EntryPoint\",\"urlTemplate\":\"http:\\\/\\\/conexion23.com\\\/?s={search_term_string}\"},\"query-input\":{\"@type\":\"PropertyValueSpecification\",\"valueRequired\":true,\"valueName\":\"search_term_string\"}}],\"inLanguage\":\"es\"},{\"@type\":\"Organization\",\"@id\":\"http:\\\/\\\/conexion23.com\\\/#organization\",\"name\":\"Conexion 23\",\"url\":\"http:\\\/\\\/conexion23.com\\\/\",\"logo\":{\"@type\":\"ImageObject\",\"inLanguage\":\"es\",\"@id\":\"http:\\\/\\\/conexion23.com\\\/#\\\/schema\\\/logo\\\/image\\\/\",\"url\":\"https:\\\/\\\/conexion23.com\\\/wp-content\\\/uploads\\\/2021\\\/11\\\/Diseno-sin-titulo-2.png\",\"contentUrl\":\"https:\\\/\\\/conexion23.com\\\/wp-content\\\/uploads\\\/2021\\\/11\\\/Diseno-sin-titulo-2.png\",\"width\":541,\"height\":90,\"caption\":\"Conexion 23\"},\"image\":{\"@id\":\"http:\\\/\\\/conexion23.com\\\/#\\\/schema\\\/logo\\\/image\\\/\"},\"sameAs\":[\"https:\\\/\\\/www.facebook.com\\\/conexion23com\",\"https:\\\/\\\/www.instagram.com\\\/conexion23com\\\/\",\"https:\\\/\\\/www.youtube.com\\\/channel\\\/UCYc7vxxFZMYLIHNsHHxPZ3Q\"]},{\"@type\":\"Person\",\"@id\":\"http:\\\/\\\/conexion23.com\\\/#\\\/schema\\\/person\\\/0a860802b17d01ad2a278f53c507c296\",\"name\":\"Redacci\u00f3n\",\"image\":{\"@type\":\"ImageObject\",\"inLanguage\":\"es\",\"@id\":\"https:\\\/\\\/secure.gravatar.com\\\/avatar\\\/ec9d84b79c776aa1994e5893944465db9974b17b884155623da51b7b62c02845?s=96&d=mm&r=g\",\"url\":\"https:\\\/\\\/secure.gravatar.com\\\/avatar\\\/ec9d84b79c776aa1994e5893944465db9974b17b884155623da51b7b62c02845?s=96&d=mm&r=g\",\"contentUrl\":\"https:\\\/\\\/secure.gravatar.com\\\/avatar\\\/ec9d84b79c776aa1994e5893944465db9974b17b884155623da51b7b62c02845?s=96&d=mm&r=g\",\"caption\":\"Redacci\u00f3n\"},\"url\":\"https:\\\/\\\/conexion23.com\\\/?author=18\"}]}<\/script>\n<!-- \/ Yoast SEO plugin. -->","yoast_head_json":{"title":"Merca Jumbo inaugura su tienda n\u00famero 11 en La Romana - Conexi\u00f3n 23","robots":{"index":"index","follow":"follow","max-snippet":"max-snippet:-1","max-image-preview":"max-image-preview:large","max-video-preview":"max-video-preview:-1"},"canonical":"http:\/\/conexion23.com\/?p=62898","og_locale":"es_ES","og_type":"article","og_title":"Merca Jumbo inaugura su tienda n\u00famero 11 en La Romana - Conexi\u00f3n 23","og_description":"La nueva sucursal ampl\u00eda la presencia de la marca en la zona este del pa\u00eds y refuerza su promesa de ser \u00abel mejor vecino\u00bb de las comunidades dominicanas. Merca Jumbo abri\u00f3 las puertas de su nueva sucursal en La Romana, con lo que alcanza un total de 11 tiendas a nivel nacional y ampl\u00eda su [&hellip;]","og_url":"http:\/\/conexion23.com\/?p=62898","og_site_name":"Conexi\u00f3n 23","article_publisher":"https:\/\/www.facebook.com\/conexion23com","article_published_time":"2026-09-01T14:50:27+00:00","og_image":[{"width":1707,"height":2560,"url":"http:\/\/conexion23.com\/wp-content\/uploads\/2026\/09\/Merca-Jumbo-inaugura-su-tienda-numero-11-en-La-Romana-3-scaled.jpg","type":"image\/jpeg"}],"author":"Redacci\u00f3n","twitter_card":"summary_large_image","twitter_misc":{"Escrito por":"Redacci\u00f3n","Tiempo de lectura":"4 minutos"},"schema":{"@context":"https:\/\/schema.org","@graph":[{"@type":"Article","@id":"http:\/\/conexion23.com\/?p=62898#article","isPartOf":{"@id":"http:\/\/conexion23.com\/?p=62898"},"author":{"name":"Redacci\u00f3n","@id":"http:\/\/conexion23.com\/#\/schema\/person\/0a860802b17d01ad2a278f53c507c296"},"headline":"Merca Jumbo inaugura su tienda n\u00famero 11 en La Romana","datePublished":"2026-09-01T14:50:27+00:00","mainEntityOfPage":{"@id":"http:\/\/conexion23.com\/?p=62898"},"wordCount":745,"commentCount":0,"publisher":{"@id":"http:\/\/conexion23.com\/#organization"},"image":{"@id":"http:\/\/conexion23.com\/?p=62898#primaryimage"},"thumbnailUrl":"https:\/\/conexion23.com\/wp-content\/uploads\/2026\/09\/Merca-Jumbo-inaugura-su-tienda-numero-11-en-La-Romana-3-scaled.jpg","keywords":["Hogar de Ancianos Padre Abreu","Jumbo la romana","la romana","tienda"],"articleSection":["Econom\u00eda","La Romana","Provincias del Este"],"inLanguage":"es","potentialAction":[{"@type":"CommentAction","name":"Comment","target":["http:\/\/conexion23.com\/?p=62898#respond"]}]},{"@type":"WebPage","@id":"http:\/\/conexion23.com\/?p=62898","url":"http:\/\/conexion23.com\/?p=62898","name":"Merca Jumbo inaugura su tienda n\u00famero 11 en La Romana - Conexi\u00f3n 23","isPartOf":{"@id":"http:\/\/conexion23.com\/#website"},"primaryImageOfPage":{"@id":"http:\/\/conexion23.com\/?p=62898#primaryimage"},"image":{"@id":"http:\/\/conexion23.com\/?p=62898#primaryimage"},"thumbnailUrl":"https:\/\/conexion23.com\/wp-content\/uploads\/2026\/09\/Merca-Jumbo-inaugura-su-tienda-numero-11-en-La-Romana-3-scaled.jpg","datePublished":"2026-09-01T14:50:27+00:00","breadcrumb":{"@id":"http:\/\/conexion23.com\/?p=62898#breadcrumb"},"inLanguage":"es","potentialAction":[{"@type":"ReadAction","target":["http:\/\/conexion23.com\/?p=62898"]}]},{"@type":"ImageObject","inLanguage":"es","@id":"http:\/\/conexion23.com\/?p=62898#primaryimage","url":"https:\/\/conexion23.com\/wp-content\/uploads\/2026\/09\/Merca-Jumbo-inaugura-su-tienda-numero-11-en-La-Romana-3-scaled.jpg","contentUrl":"https:\/\/conexion23.com\/wp-content\/uploads\/2026\/09\/Merca-Jumbo-inaugura-su-tienda-numero-11-en-La-Romana-3-scaled.jpg","width":1707,"height":2560},{"@type":"BreadcrumbList","@id":"http:\/\/conexion23.com\/?p=62898#breadcrumb","itemListElement":[{"@type":"ListItem","position":1,"name":"Portada","item":"http:\/\/conexion23.com\/"},{"@type":"ListItem","position":2,"name":"Merca Jumbo inaugura su tienda n\u00famero 11 en La Romana"}]},{"@type":"WebSite","@id":"http:\/\/conexion23.com\/#website","url":"http:\/\/conexion23.com\/","name":"Conexi\u00f3n 23","description":"Peri\u00f3dico 100% Petromacorisano","publisher":{"@id":"http:\/\/conexion23.com\/#organization"},"potentialAction":[{"@type":"SearchAction","target":{"@type":"EntryPoint","urlTemplate":"http:\/\/conexion23.com\/?s={search_term_string}"},"query-input":{"@type":"PropertyValueSpecification","valueRequired":true,"valueName":"search_term_string"}}],"inLanguage":"es"},{"@type":"Organization","@id":"http:\/\/conexion23.com\/#organization","name":"Conexion 23","url":"http:\/\/conexion23.com\/","logo":{"@type":"ImageObject","inLanguage":"es","@id":"http:\/\/conexion23.com\/#\/schema\/logo\/image\/","url":"https:\/\/conexion23.com\/wp-content\/uploads\/2021\/11\/Diseno-sin-titulo-2.png","contentUrl":"https:\/\/conexion23.com\/wp-content\/uploads\/2021\/11\/Diseno-sin-titulo-2.png","width":541,"height":90,"caption":"Conexion 23"},"image":{"@id":"http:\/\/conexion23.com\/#\/schema\/logo\/image\/"},"sameAs":["https:\/\/www.facebook.com\/conexion23com","https:\/\/www.instagram.com\/conexion23com\/","https:\/\/www.youtube.com\/channel\/UCYc7vxxFZMYLIHNsHHxPZ3Q"]},{"@type":"Person","@id":"http:\/\/conexion23.com\/#\/schema\/person\/0a860802b17d01ad2a278f53c507c296","name":"Redacci\u00f3n","image":{"@type":"ImageObject","inLanguage":"es","@id":"https:\/\/secure.gravatar.com\/avatar\/ec9d84b79c776aa1994e5893944465db9974b17b884155623da51b7b62c02845?s=96&d=mm&r=g","url":"https:\/\/secure.gravatar.com\/avatar\/ec9d84b79c776aa1994e5893944465db9974b17b884155623da51b7b62c02845?s=96&d=mm&r=g","contentUrl":"https:\/\/secure.gravatar.com\/avatar\/ec9d84b79c776aa1994e5893944465db9974b17b884155623da51b7b62c02845?s=96&d=mm&r=g","caption":"Redacci\u00f3n"},"url":"https:\/\/conexion23.com\/?author=18"}]}},"_links":{"self":[{"href":"https:\/\/conexion23.com\/index.php?rest_route=\/wp\/v2\/posts\/62898","targetHints":{"allow":["GET"]}}],"collection":[{"href":"https:\/\/conexion23.com\/index.php?rest_route=\/wp\/v2\/posts"}],"about":[{"href":"https:\/\/conexion23.com\/index.php?rest_route=\/wp\/v2\/types\/post"}],"author":[{"embeddable":true,"href":"https:\/\/conexion23.com\/index.php?rest_route=\/wp\/v2\/users\/18"}],"replies":[{"embeddable":true,"href":"https:\/\/conexion23.com\/index.php?rest_route=%2Fwp%2Fv2%2Fcomments&post=62898"}],"version-history":[{"count":1,"href":"https:\/\/conexion23.com\/index.php?rest_route=\/wp\/v2\/posts\/62898\/revisions"}],"predecessor-version":[{"id":62902,"href":"https:\/\/conexion23.com\/index.php?rest_route=\/wp\/v2\/posts\/62898\/revisions\/62902"}],"wp:featuredmedia":[{"embeddable":true,"href":"https:\/\/conexion23.com\/index.php?rest_route=\/wp\/v2\/media\/62900"}],"wp:attachment":[{"href":"https:\/\/conexion23.com\/index.php?rest_route=%2Fwp%2Fv2%2Fmedia&parent=62898"}],"wp:term":[{"taxonomy":"category","embeddable":true,"href":"https:\/\/conexion23.com\/index.php?rest_route=%2Fwp%2Fv2%2Fcategories&post=62898"},{"taxonomy":"post_tag","embeddable":true,"href":"https:\/\/conexion23.com\/index.php?rest_route=%2Fwp%2Fv2%2Ftags&post=62898"}],"curies":[{"name":"wp","href":"https:\/\/api.w.org\/{rel}","templated":true}]}}