{"id":62914,"date":"2026-09-01T20:23:32","date_gmt":"2026-09-02T00:23:32","guid":{"rendered":"https:\/\/conexion23.com\/?p=62914"},"modified":"2026-09-01T20:23:32","modified_gmt":"2026-09-02T00:23:32","slug":"papa-leon-xiv-pide-cuidar-el-agua-y-defenderla-como-un-derecho-sin-fronteras","status":"publish","type":"post","link":"https:\/\/conexion23.com\/?p=62914","title":{"rendered":"Papa Le\u00f3n XIV pide cuidar el agua y defenderla como un \u201cderecho sin fronteras\u201d"},"content":{"rendered":"<p class=\"wp-block-paragraph\" style=\"text-align: justify;\"><strong>El llamado forma parte de la intenci\u00f3n de oraci\u00f3n de septiembre de la iniciativa\u00a0\u201cReza con el papa\u201d, dedicada este mes al cuidado del agua, un recurso que contin\u00faa siendo escaso, inseguro o inaccesible para millones de personas.<\/strong><\/p>\n<p class=\"wp-block-paragraph\" style=\"text-align: justify;\">En su plegaria, Le\u00f3n XIV pidi\u00f3 que la humanidad aprenda a custodiar el agua \u201ccon gratitud, justicia y responsabilidad\u201d. Tambi\u00e9n expres\u00f3 pesar por quienes todav\u00eda no tienen acceso a agua limpia y deben recorrer largas distancias para conseguirla o enferman como consecuencia de su escasez.<\/p>\n<h2 id=\"h-un-regalo-universal\" class=\"wp-block-heading\" style=\"text-align: justify;\"><strong>\u201cUn regalo universal\u201d<\/strong><\/h2>\n<p class=\"wp-block-paragraph\" style=\"text-align: justify;\">El pont\u00edfice pidi\u00f3 perd\u00f3n porque el agua se haya convertido \u201cen mercanc\u00eda, olvidando que es un regalo universal, un derecho sin fronteras\u201d. La oraci\u00f3n concluye con un llamado a vivir con mayor sobriedad, denunciar el desperdicio y la contaminaci\u00f3n y defender el derecho de todas las personas a acceder al agua sin miedo ni desigualdad.<\/p>\n<p class=\"wp-block-paragraph\" style=\"text-align: justify;\">Seg\u00fan los datos citados de la Organizaci\u00f3n Mundial de la Salud (OMS) y Unicef, alrededor de 2,100 millones de personas todav\u00eda no disponen de acceso seguro al agua potable. Adem\u00e1s, unos 106 millones dependen directamente de r\u00edos, lagos y otras fuentes superficiales sin tratar.<\/p>\n<h2 id=\"h-el-acceso-mejora-pero-no-al-ritmo-necesario\" class=\"wp-block-heading\" style=\"text-align: justify;\"><strong>El acceso mejora, pero no al ritmo necesario<\/strong><\/h2>\n<p class=\"wp-block-paragraph\" style=\"text-align: justify;\">Entre 2015 y 2024, la cobertura mundial de agua potable gestionada de manera segura pas\u00f3 de\u00a0<strong>68 % a 74 %<\/strong>, de acuerdo con las cifras suministradas. Sin embargo, el avance contin\u00faa siendo insuficiente para alcanzar el acceso universal en 2030.<\/p>\n<p class=\"wp-block-paragraph\" style=\"text-align: justify;\">El informe citado por la Red Mundial de Oraci\u00f3n con el Papa advierte que los pa\u00edses de bajos ingresos necesitar\u00edan avanzar aproximadamente siete veces m\u00e1s r\u00e1pido que su ritmo actual para alcanzar esa meta.<\/p>\n","protected":false},"excerpt":{"rendered":"<p>El llamado forma parte de la intenci\u00f3n de oraci\u00f3n de septiembre de la iniciativa\u00a0\u201cReza con el papa\u201d, dedicada este mes al cuidado del agua, un recurso que contin\u00faa siendo escaso, inseguro o inaccesible para millones de personas. En su plegaria, Le\u00f3n XIV pidi\u00f3 que la humanidad aprenda a custodiar el agua \u201ccon gratitud, justicia y [&hellip;]<\/p>\n","protected":false},"author":18,"featured_media":62915,"comment_status":"open","ping_status":"open","sticky":false,"template":"","format":"standard","meta":{"footnotes":""},"categories":[3913,3773],"tags":[3927],"class_list":["post-62914","post","type-post","status-publish","format-standard","has-post-thumbnail","category-nacionales","category-portada","tag-papa-leon-xiv"],"yoast_head":"<!-- This site is optimized with the Yoast SEO plugin v27.6 - https:\/\/yoast.com\/product\/yoast-seo-wordpress\/ -->\n<title>Papa Le\u00f3n XIV pide cuidar el agua y defenderla como un \u201cderecho sin fronteras\u201d - Conexi\u00f3n 23<\/title>\n<meta name=\"robots\" content=\"index, follow, max-snippet:-1, max-image-preview:large, max-video-preview:-1\" \/>\n<link rel=\"canonical\" href=\"https:\/\/conexion23.com\/?p=62914\" \/>\n<meta property=\"og:locale\" content=\"es_ES\" \/>\n<meta property=\"og:type\" content=\"article\" \/>\n<meta property=\"og:title\" content=\"Papa Le\u00f3n XIV pide cuidar el agua y defenderla como un \u201cderecho sin fronteras\u201d - Conexi\u00f3n 23\" \/>\n<meta property=\"og:description\" content=\"El llamado forma parte de la intenci\u00f3n de oraci\u00f3n de septiembre de la iniciativa\u00a0\u201cReza con el papa\u201d, dedicada este mes al cuidado del agua, un recurso que contin\u00faa siendo escaso, inseguro o inaccesible para millones de personas. En su plegaria, Le\u00f3n XIV pidi\u00f3 que la humanidad aprenda a custodiar el agua \u201ccon gratitud, justicia y [&hellip;]\" \/>\n<meta property=\"og:url\" content=\"https:\/\/conexion23.com\/?p=62914\" \/>\n<meta property=\"og:site_name\" content=\"Conexi\u00f3n 23\" \/>\n<meta property=\"article:publisher\" content=\"https:\/\/www.facebook.com\/conexion23com\" \/>\n<meta property=\"article:published_time\" content=\"2026-09-02T00:23:32+00:00\" \/>\n<meta property=\"og:image\" content=\"http:\/\/conexion23.com\/wp-content\/uploads\/2026\/09\/el-Papa.webp\" \/>\n\t<meta property=\"og:image:width\" content=\"1366\" \/>\n\t<meta property=\"og:image:height\" content=\"768\" \/>\n\t<meta property=\"og:image:type\" content=\"image\/webp\" \/>\n<meta name=\"author\" content=\"Redacci\u00f3n\" \/>\n<meta name=\"twitter:card\" content=\"summary_large_image\" \/>\n<meta name=\"twitter:label1\" content=\"Escrito por\" \/>\n\t<meta name=\"twitter:data1\" content=\"Redacci\u00f3n\" \/>\n\t<meta name=\"twitter:label2\" content=\"Tiempo de lectura\" \/>\n\t<meta name=\"twitter:data2\" content=\"2 minutos\" \/>\n<script type=\"application\/ld+json\" class=\"yoast-schema-graph\">{\"@context\":\"https:\\\/\\\/schema.org\",\"@graph\":[{\"@type\":\"Article\",\"@id\":\"https:\\\/\\\/conexion23.com\\\/?p=62914#article\",\"isPartOf\":{\"@id\":\"https:\\\/\\\/conexion23.com\\\/?p=62914\"},\"author\":{\"name\":\"Redacci\u00f3n\",\"@id\":\"http:\\\/\\\/conexion23.com\\\/#\\\/schema\\\/person\\\/0a860802b17d01ad2a278f53c507c296\"},\"headline\":\"Papa Le\u00f3n XIV pide cuidar el agua y defenderla como un \u201cderecho sin fronteras\u201d\",\"datePublished\":\"2026-09-02T00:23:32+00:00\",\"mainEntityOfPage\":{\"@id\":\"https:\\\/\\\/conexion23.com\\\/?p=62914\"},\"wordCount\":296,\"commentCount\":0,\"publisher\":{\"@id\":\"http:\\\/\\\/conexion23.com\\\/#organization\"},\"image\":{\"@id\":\"https:\\\/\\\/conexion23.com\\\/?p=62914#primaryimage\"},\"thumbnailUrl\":\"https:\\\/\\\/conexion23.com\\\/wp-content\\\/uploads\\\/2026\\\/09\\\/el-Papa.webp\",\"keywords\":[\"Papa Le\u00f3n XIV\"],\"articleSection\":[\"Nacionales\",\"Portada\"],\"inLanguage\":\"es\",\"potentialAction\":[{\"@type\":\"CommentAction\",\"name\":\"Comment\",\"target\":[\"https:\\\/\\\/conexion23.com\\\/?p=62914#respond\"]}]},{\"@type\":\"WebPage\",\"@id\":\"https:\\\/\\\/conexion23.com\\\/?p=62914\",\"url\":\"https:\\\/\\\/conexion23.com\\\/?p=62914\",\"name\":\"Papa Le\u00f3n XIV pide cuidar el agua y defenderla como un \u201cderecho sin fronteras\u201d - Conexi\u00f3n 23\",\"isPartOf\":{\"@id\":\"http:\\\/\\\/conexion23.com\\\/#website\"},\"primaryImageOfPage\":{\"@id\":\"https:\\\/\\\/conexion23.com\\\/?p=62914#primaryimage\"},\"image\":{\"@id\":\"https:\\\/\\\/conexion23.com\\\/?p=62914#primaryimage\"},\"thumbnailUrl\":\"https:\\\/\\\/conexion23.com\\\/wp-content\\\/uploads\\\/2026\\\/09\\\/el-Papa.webp\",\"datePublished\":\"2026-09-02T00:23:32+00:00\",\"breadcrumb\":{\"@id\":\"https:\\\/\\\/conexion23.com\\\/?p=62914#breadcrumb\"},\"inLanguage\":\"es\",\"potentialAction\":[{\"@type\":\"ReadAction\",\"target\":[\"https:\\\/\\\/conexion23.com\\\/?p=62914\"]}]},{\"@type\":\"ImageObject\",\"inLanguage\":\"es\",\"@id\":\"https:\\\/\\\/conexion23.com\\\/?p=62914#primaryimage\",\"url\":\"https:\\\/\\\/conexion23.com\\\/wp-content\\\/uploads\\\/2026\\\/09\\\/el-Papa.webp\",\"contentUrl\":\"https:\\\/\\\/conexion23.com\\\/wp-content\\\/uploads\\\/2026\\\/09\\\/el-Papa.webp\",\"width\":1366,\"height\":768},{\"@type\":\"BreadcrumbList\",\"@id\":\"https:\\\/\\\/conexion23.com\\\/?p=62914#breadcrumb\",\"itemListElement\":[{\"@type\":\"ListItem\",\"position\":1,\"name\":\"Portada\",\"item\":\"http:\\\/\\\/conexion23.com\\\/\"},{\"@type\":\"ListItem\",\"position\":2,\"name\":\"Papa Le\u00f3n XIV pide cuidar el agua y defenderla como un \u201cderecho sin fronteras\u201d\"}]},{\"@type\":\"WebSite\",\"@id\":\"http:\\\/\\\/conexion23.com\\\/#website\",\"url\":\"http:\\\/\\\/conexion23.com\\\/\",\"name\":\"Conexi\u00f3n 23\",\"description\":\"Peri\u00f3dico 100% Petromacorisano\",\"publisher\":{\"@id\":\"http:\\\/\\\/conexion23.com\\\/#organization\"},\"potentialAction\":[{\"@type\":\"SearchAction\",\"target\":{\"@type\":\"EntryPoint\",\"urlTemplate\":\"http:\\\/\\\/conexion23.com\\\/?s={search_term_string}\"},\"query-input\":{\"@type\":\"PropertyValueSpecification\",\"valueRequired\":true,\"valueName\":\"search_term_string\"}}],\"inLanguage\":\"es\"},{\"@type\":\"Organization\",\"@id\":\"http:\\\/\\\/conexion23.com\\\/#organization\",\"name\":\"Conexion 23\",\"url\":\"http:\\\/\\\/conexion23.com\\\/\",\"logo\":{\"@type\":\"ImageObject\",\"inLanguage\":\"es\",\"@id\":\"http:\\\/\\\/conexion23.com\\\/#\\\/schema\\\/logo\\\/image\\\/\",\"url\":\"https:\\\/\\\/conexion23.com\\\/wp-content\\\/uploads\\\/2021\\\/11\\\/Diseno-sin-titulo-2.png\",\"contentUrl\":\"https:\\\/\\\/conexion23.com\\\/wp-content\\\/uploads\\\/2021\\\/11\\\/Diseno-sin-titulo-2.png\",\"width\":541,\"height\":90,\"caption\":\"Conexion 23\"},\"image\":{\"@id\":\"http:\\\/\\\/conexion23.com\\\/#\\\/schema\\\/logo\\\/image\\\/\"},\"sameAs\":[\"https:\\\/\\\/www.facebook.com\\\/conexion23com\",\"https:\\\/\\\/www.instagram.com\\\/conexion23com\\\/\",\"https:\\\/\\\/www.youtube.com\\\/channel\\\/UCYc7vxxFZMYLIHNsHHxPZ3Q\"]},{\"@type\":\"Person\",\"@id\":\"http:\\\/\\\/conexion23.com\\\/#\\\/schema\\\/person\\\/0a860802b17d01ad2a278f53c507c296\",\"name\":\"Redacci\u00f3n\",\"image\":{\"@type\":\"ImageObject\",\"inLanguage\":\"es\",\"@id\":\"https:\\\/\\\/secure.gravatar.com\\\/avatar\\\/ec9d84b79c776aa1994e5893944465db9974b17b884155623da51b7b62c02845?s=96&d=mm&r=g\",\"url\":\"https:\\\/\\\/secure.gravatar.com\\\/avatar\\\/ec9d84b79c776aa1994e5893944465db9974b17b884155623da51b7b62c02845?s=96&d=mm&r=g\",\"contentUrl\":\"https:\\\/\\\/secure.gravatar.com\\\/avatar\\\/ec9d84b79c776aa1994e5893944465db9974b17b884155623da51b7b62c02845?s=96&d=mm&r=g\",\"caption\":\"Redacci\u00f3n\"},\"url\":\"https:\\\/\\\/conexion23.com\\\/?author=18\"}]}<\/script>\n<!-- \/ Yoast SEO plugin. -->","yoast_head_json":{"title":"Papa Le\u00f3n XIV pide cuidar el agua y defenderla como un \u201cderecho sin fronteras\u201d - Conexi\u00f3n 23","robots":{"index":"index","follow":"follow","max-snippet":"max-snippet:-1","max-image-preview":"max-image-preview:large","max-video-preview":"max-video-preview:-1"},"canonical":"https:\/\/conexion23.com\/?p=62914","og_locale":"es_ES","og_type":"article","og_title":"Papa Le\u00f3n XIV pide cuidar el agua y defenderla como un \u201cderecho sin fronteras\u201d - Conexi\u00f3n 23","og_description":"El llamado forma parte de la intenci\u00f3n de oraci\u00f3n de septiembre de la iniciativa\u00a0\u201cReza con el papa\u201d, dedicada este mes al cuidado del agua, un recurso que contin\u00faa siendo escaso, inseguro o inaccesible para millones de personas. En su plegaria, Le\u00f3n XIV pidi\u00f3 que la humanidad aprenda a custodiar el agua \u201ccon gratitud, justicia y [&hellip;]","og_url":"https:\/\/conexion23.com\/?p=62914","og_site_name":"Conexi\u00f3n 23","article_publisher":"https:\/\/www.facebook.com\/conexion23com","article_published_time":"2026-09-02T00:23:32+00:00","og_image":[{"width":1366,"height":768,"url":"http:\/\/conexion23.com\/wp-content\/uploads\/2026\/09\/el-Papa.webp","type":"image\/webp"}],"author":"Redacci\u00f3n","twitter_card":"summary_large_image","twitter_misc":{"Escrito por":"Redacci\u00f3n","Tiempo de lectura":"2 minutos"},"schema":{"@context":"https:\/\/schema.org","@graph":[{"@type":"Article","@id":"https:\/\/conexion23.com\/?p=62914#article","isPartOf":{"@id":"https:\/\/conexion23.com\/?p=62914"},"author":{"name":"Redacci\u00f3n","@id":"http:\/\/conexion23.com\/#\/schema\/person\/0a860802b17d01ad2a278f53c507c296"},"headline":"Papa Le\u00f3n XIV pide cuidar el agua y defenderla como un \u201cderecho sin fronteras\u201d","datePublished":"2026-09-02T00:23:32+00:00","mainEntityOfPage":{"@id":"https:\/\/conexion23.com\/?p=62914"},"wordCount":296,"commentCount":0,"publisher":{"@id":"http:\/\/conexion23.com\/#organization"},"image":{"@id":"https:\/\/conexion23.com\/?p=62914#primaryimage"},"thumbnailUrl":"https:\/\/conexion23.com\/wp-content\/uploads\/2026\/09\/el-Papa.webp","keywords":["Papa Le\u00f3n XIV"],"articleSection":["Nacionales","Portada"],"inLanguage":"es","potentialAction":[{"@type":"CommentAction","name":"Comment","target":["https:\/\/conexion23.com\/?p=62914#respond"]}]},{"@type":"WebPage","@id":"https:\/\/conexion23.com\/?p=62914","url":"https:\/\/conexion23.com\/?p=62914","name":"Papa Le\u00f3n XIV pide cuidar el agua y defenderla como un \u201cderecho sin fronteras\u201d - Conexi\u00f3n 23","isPartOf":{"@id":"http:\/\/conexion23.com\/#website"},"primaryImageOfPage":{"@id":"https:\/\/conexion23.com\/?p=62914#primaryimage"},"image":{"@id":"https:\/\/conexion23.com\/?p=62914#primaryimage"},"thumbnailUrl":"https:\/\/conexion23.com\/wp-content\/uploads\/2026\/09\/el-Papa.webp","datePublished":"2026-09-02T00:23:32+00:00","breadcrumb":{"@id":"https:\/\/conexion23.com\/?p=62914#breadcrumb"},"inLanguage":"es","potentialAction":[{"@type":"ReadAction","target":["https:\/\/conexion23.com\/?p=62914"]}]},{"@type":"ImageObject","inLanguage":"es","@id":"https:\/\/conexion23.com\/?p=62914#primaryimage","url":"https:\/\/conexion23.com\/wp-content\/uploads\/2026\/09\/el-Papa.webp","contentUrl":"https:\/\/conexion23.com\/wp-content\/uploads\/2026\/09\/el-Papa.webp","width":1366,"height":768},{"@type":"BreadcrumbList","@id":"https:\/\/conexion23.com\/?p=62914#breadcrumb","itemListElement":[{"@type":"ListItem","position":1,"name":"Portada","item":"http:\/\/conexion23.com\/"},{"@type":"ListItem","position":2,"name":"Papa Le\u00f3n XIV pide cuidar el agua y defenderla como un \u201cderecho sin fronteras\u201d"}]},{"@type":"WebSite","@id":"http:\/\/conexion23.com\/#website","url":"http:\/\/conexion23.com\/","name":"Conexi\u00f3n 23","description":"Peri\u00f3dico 100% Petromacorisano","publisher":{"@id":"http:\/\/conexion23.com\/#organization"},"potentialAction":[{"@type":"SearchAction","target":{"@type":"EntryPoint","urlTemplate":"http:\/\/conexion23.com\/?s={search_term_string}"},"query-input":{"@type":"PropertyValueSpecification","valueRequired":true,"valueName":"search_term_string"}}],"inLanguage":"es"},{"@type":"Organization","@id":"http:\/\/conexion23.com\/#organization","name":"Conexion 23","url":"http:\/\/conexion23.com\/","logo":{"@type":"ImageObject","inLanguage":"es","@id":"http:\/\/conexion23.com\/#\/schema\/logo\/image\/","url":"https:\/\/conexion23.com\/wp-content\/uploads\/2021\/11\/Diseno-sin-titulo-2.png","contentUrl":"https:\/\/conexion23.com\/wp-content\/uploads\/2021\/11\/Diseno-sin-titulo-2.png","width":541,"height":90,"caption":"Conexion 23"},"image":{"@id":"http:\/\/conexion23.com\/#\/schema\/logo\/image\/"},"sameAs":["https:\/\/www.facebook.com\/conexion23com","https:\/\/www.instagram.com\/conexion23com\/","https:\/\/www.youtube.com\/channel\/UCYc7vxxFZMYLIHNsHHxPZ3Q"]},{"@type":"Person","@id":"http:\/\/conexion23.com\/#\/schema\/person\/0a860802b17d01ad2a278f53c507c296","name":"Redacci\u00f3n","image":{"@type":"ImageObject","inLanguage":"es","@id":"https:\/\/secure.gravatar.com\/avatar\/ec9d84b79c776aa1994e5893944465db9974b17b884155623da51b7b62c02845?s=96&d=mm&r=g","url":"https:\/\/secure.gravatar.com\/avatar\/ec9d84b79c776aa1994e5893944465db9974b17b884155623da51b7b62c02845?s=96&d=mm&r=g","contentUrl":"https:\/\/secure.gravatar.com\/avatar\/ec9d84b79c776aa1994e5893944465db9974b17b884155623da51b7b62c02845?s=96&d=mm&r=g","caption":"Redacci\u00f3n"},"url":"https:\/\/conexion23.com\/?author=18"}]}},"_links":{"self":[{"href":"https:\/\/conexion23.com\/index.php?rest_route=\/wp\/v2\/posts\/62914","targetHints":{"allow":["GET"]}}],"collection":[{"href":"https:\/\/conexion23.com\/index.php?rest_route=\/wp\/v2\/posts"}],"about":[{"href":"https:\/\/conexion23.com\/index.php?rest_route=\/wp\/v2\/types\/post"}],"author":[{"embeddable":true,"href":"https:\/\/conexion23.com\/index.php?rest_route=\/wp\/v2\/users\/18"}],"replies":[{"embeddable":true,"href":"https:\/\/conexion23.com\/index.php?rest_route=%2Fwp%2Fv2%2Fcomments&post=62914"}],"version-history":[{"count":1,"href":"https:\/\/conexion23.com\/index.php?rest_route=\/wp\/v2\/posts\/62914\/revisions"}],"predecessor-version":[{"id":62916,"href":"https:\/\/conexion23.com\/index.php?rest_route=\/wp\/v2\/posts\/62914\/revisions\/62916"}],"wp:featuredmedia":[{"embeddable":true,"href":"https:\/\/conexion23.com\/index.php?rest_route=\/wp\/v2\/media\/62915"}],"wp:attachment":[{"href":"https:\/\/conexion23.com\/index.php?rest_route=%2Fwp%2Fv2%2Fmedia&parent=62914"}],"wp:term":[{"taxonomy":"category","embeddable":true,"href":"https:\/\/conexion23.com\/index.php?rest_route=%2Fwp%2Fv2%2Fcategories&post=62914"},{"taxonomy":"post_tag","embeddable":true,"href":"https:\/\/conexion23.com\/index.php?rest_route=%2Fwp%2Fv2%2Ftags&post=62914"}],"curies":[{"name":"wp","href":"https:\/\/api.w.org\/{rel}","templated":true}]}}