{"id":62920,"date":"2026-09-01T20:32:53","date_gmt":"2026-09-02T00:32:53","guid":{"rendered":"https:\/\/conexion23.com\/?p=62920"},"modified":"2026-09-01T20:32:53","modified_gmt":"2026-09-02T00:32:53","slug":"pujols-y-molina-volveran-a-escribir-historia-juntos-al-ser-seleccionados-al-salon-de-la-fama","status":"publish","type":"post","link":"https:\/\/conexion23.com\/?p=62920","title":{"rendered":"Pujols y Molina volver\u00e1n a escribir historia juntos al ser seleccionados al Sal\u00f3n de la Fama"},"content":{"rendered":"<p class=\"paragraph\" style=\"text-align: justify;\"><strong>Tras 12 a\u00f1os como compa\u00f1eros de equipo en las Grandes Ligas con los Cardenales de San Luis, el dominicano Albert Pujols y el puertorrique\u00f1o Yadier Molina tendr\u00e1n la oportunidad de escribir una nueva historia juntos, cuando ambos sean exaltados al Sal\u00f3n de la Fama del B\u00e9isbol Latino el pr\u00f3ximo mes de diciembre, en Caguas, Puerto Rico.<\/strong><\/p>\n<p class=\"paragraph\" style=\"text-align: justify;\">Adem\u00e1s de Pujols y Molina, ser\u00e1n exaltados en la clase de 2026 el tambi\u00e9n quisqueyano Edwin Encarnaci\u00f3n y el venezolano Magglio Ord\u00f3\u00f1ez. La informaci\u00f3n fue dada a conocer por el director ejecutivo del Sal\u00f3n de la Fama del B\u00e9isbol Latino, Robinson Paredes, quien dio la bienvenida a los nuevos miembros tras la elecci\u00f3n realizada por el grupo de cronistas acreditados para la votaci\u00f3n.<\/p>\n<p class=\"paragraph\" style=\"text-align: justify;\">\u201cLos cuatro nuevos miembros no solo fueron grandes jugadores; tambi\u00e9n son ejemplos de superaci\u00f3n, liderazgo y ciudadan\u00eda. Nos sentimos profundamente orgullosos de recibirlos en el Sal\u00f3n de la Fama del B\u00e9isbol Latino\u201d, expres\u00f3 Paredes durante un comunicado de prensa divulgado este martes.<\/p>\n<p class=\"paragraph\" style=\"text-align: justify;\">El destino nuevamente se encarg\u00f3 de que la hermandad existente por m\u00e1s de 20 a\u00f1os entre Pujols y Molina se hiciera de manifiesto, al terminar ambos con la misma cantidad de sufragios y de manera un\u00e1nime, para encabezar la lista de candidatos elegidos en la versi\u00f3n 13 del ceremonial. Ord\u00f3\u00f1ez ocup\u00f3 la tercera posici\u00f3n y Encarnaci\u00f3n obtuvo el cuarto lugar para completar el grupo de seleccionados.<\/p>\n<p class=\"paragraph\" style=\"text-align: justify;\">Albert y Yadier, quienes ganaron dos Series Mundiales, en 2006 y 2011, tambi\u00e9n coincidieron como dirigentes en la Rep\u00fablica Dominicana durante la temporada 2024-2025, en la que tuvieron su primera experiencia como capataces en la pelota dominicana.<\/p>\n<p class=\"paragraph\" style=\"text-align: justify;\">La amistad de ambos parece ser genuina, ya que se expresan respeto cuando les toca hablar el uno del otro. Adem\u00e1s, cuando coinciden, suelen confundirse en un gran abrazo y sonr\u00eden, mostrando la hermandad y el cari\u00f1o que los une.<\/p>\n<p class=\"paragraph\" style=\"text-align: justify;\">Aunque no llegaron a las Grandes Ligas en la misma temporada, Pujols y Molina compartieron durante 12 campa\u00f1as en San Luis, donde el dominicano visti\u00f3 el dorsal n\u00famero 5 y el puertorrique\u00f1o utiliz\u00f3 el 4.<\/p>\n<p class=\"paragraph\" style=\"text-align: justify;\">Ambos se retiraron en 2022 vistiendo la chaqueta de los Cardenales y tambi\u00e9n pudieran tener la oportunidad de llegar al Sal\u00f3n de la Fama de Cooperstown en 2028.<\/p>\n<p class=\"paragraph\" style=\"text-align: justify;\">Pujols ser\u00e1 exaltado por su extraordinaria trayectoria ofensiva durante 22 temporadas en las Grandes Ligas, repartidas entre los Cardenales de San Luis, Angelinos de Los \u00c1ngeles y Dodgers de Los \u00c1ngeles.<\/p>\n","protected":false},"excerpt":{"rendered":"<p>Tras 12 a\u00f1os como compa\u00f1eros de equipo en las Grandes Ligas con los Cardenales de San Luis, el dominicano Albert Pujols y el puertorrique\u00f1o Yadier Molina tendr\u00e1n la oportunidad de escribir una nueva historia juntos, cuando ambos sean exaltados al Sal\u00f3n de la Fama del B\u00e9isbol Latino el pr\u00f3ximo mes de diciembre, en Caguas, Puerto [&hellip;]<\/p>\n","protected":false},"author":18,"featured_media":62921,"comment_status":"open","ping_status":"open","sticky":false,"template":"","format":"standard","meta":{"footnotes":""},"categories":[6],"tags":[109,7087,868],"class_list":["post-62920","post","type-post","status-publish","format-standard","has-post-thumbnail","category-deportes","tag-deporte","tag-grandes-ligas","tag-salon-de-la-fama"],"yoast_head":"<!-- This site is optimized with the Yoast SEO plugin v27.6 - https:\/\/yoast.com\/product\/yoast-seo-wordpress\/ -->\n<title>Pujols y Molina volver\u00e1n a escribir historia juntos al ser seleccionados al Sal\u00f3n de la Fama - Conexi\u00f3n 23<\/title>\n<meta name=\"robots\" content=\"index, follow, max-snippet:-1, max-image-preview:large, max-video-preview:-1\" \/>\n<link rel=\"canonical\" href=\"https:\/\/conexion23.com\/?p=62920\" \/>\n<meta property=\"og:locale\" content=\"es_ES\" \/>\n<meta property=\"og:type\" content=\"article\" \/>\n<meta property=\"og:title\" content=\"Pujols y Molina volver\u00e1n a escribir historia juntos al ser seleccionados al Sal\u00f3n de la Fama - Conexi\u00f3n 23\" \/>\n<meta property=\"og:description\" content=\"Tras 12 a\u00f1os como compa\u00f1eros de equipo en las Grandes Ligas con los Cardenales de San Luis, el dominicano Albert Pujols y el puertorrique\u00f1o Yadier Molina tendr\u00e1n la oportunidad de escribir una nueva historia juntos, cuando ambos sean exaltados al Sal\u00f3n de la Fama del B\u00e9isbol Latino el pr\u00f3ximo mes de diciembre, en Caguas, Puerto [&hellip;]\" \/>\n<meta property=\"og:url\" content=\"https:\/\/conexion23.com\/?p=62920\" \/>\n<meta property=\"og:site_name\" content=\"Conexi\u00f3n 23\" \/>\n<meta property=\"article:publisher\" content=\"https:\/\/www.facebook.com\/conexion23com\" \/>\n<meta property=\"article:published_time\" content=\"2026-09-02T00:32:53+00:00\" \/>\n<meta property=\"og:image\" content=\"http:\/\/conexion23.com\/wp-content\/uploads\/2026\/09\/Pujols-y-Molina-volveran-a-escribir-historia-juntos-al-ser-seleccionados-al-Salon-de-la-Fama-del-Beisbol-Latino.jpeg\" \/>\n\t<meta property=\"og:image:width\" content=\"1200\" \/>\n\t<meta property=\"og:image:height\" content=\"592\" \/>\n\t<meta property=\"og:image:type\" content=\"image\/jpeg\" \/>\n<meta name=\"author\" content=\"Redacci\u00f3n\" \/>\n<meta name=\"twitter:card\" content=\"summary_large_image\" \/>\n<meta name=\"twitter:label1\" content=\"Escrito por\" \/>\n\t<meta name=\"twitter:data1\" content=\"Redacci\u00f3n\" \/>\n\t<meta name=\"twitter:label2\" content=\"Tiempo de lectura\" \/>\n\t<meta name=\"twitter:data2\" content=\"3 minutos\" \/>\n<script type=\"application\/ld+json\" class=\"yoast-schema-graph\">{\"@context\":\"https:\\\/\\\/schema.org\",\"@graph\":[{\"@type\":\"Article\",\"@id\":\"https:\\\/\\\/conexion23.com\\\/?p=62920#article\",\"isPartOf\":{\"@id\":\"https:\\\/\\\/conexion23.com\\\/?p=62920\"},\"author\":{\"name\":\"Redacci\u00f3n\",\"@id\":\"http:\\\/\\\/conexion23.com\\\/#\\\/schema\\\/person\\\/0a860802b17d01ad2a278f53c507c296\"},\"headline\":\"Pujols y Molina volver\u00e1n a escribir historia juntos al ser seleccionados al Sal\u00f3n de la Fama\",\"datePublished\":\"2026-09-02T00:32:53+00:00\",\"mainEntityOfPage\":{\"@id\":\"https:\\\/\\\/conexion23.com\\\/?p=62920\"},\"wordCount\":443,\"commentCount\":0,\"publisher\":{\"@id\":\"http:\\\/\\\/conexion23.com\\\/#organization\"},\"image\":{\"@id\":\"https:\\\/\\\/conexion23.com\\\/?p=62920#primaryimage\"},\"thumbnailUrl\":\"https:\\\/\\\/conexion23.com\\\/wp-content\\\/uploads\\\/2026\\\/09\\\/Pujols-y-Molina-volveran-a-escribir-historia-juntos-al-ser-seleccionados-al-Salon-de-la-Fama-del-Beisbol-Latino.jpeg\",\"keywords\":[\"deporte\",\"Grandes Ligas\",\"salon de la fama\"],\"articleSection\":[\"Deportes\"],\"inLanguage\":\"es\",\"potentialAction\":[{\"@type\":\"CommentAction\",\"name\":\"Comment\",\"target\":[\"https:\\\/\\\/conexion23.com\\\/?p=62920#respond\"]}]},{\"@type\":\"WebPage\",\"@id\":\"https:\\\/\\\/conexion23.com\\\/?p=62920\",\"url\":\"https:\\\/\\\/conexion23.com\\\/?p=62920\",\"name\":\"Pujols y Molina volver\u00e1n a escribir historia juntos al ser seleccionados al Sal\u00f3n de la Fama - Conexi\u00f3n 23\",\"isPartOf\":{\"@id\":\"http:\\\/\\\/conexion23.com\\\/#website\"},\"primaryImageOfPage\":{\"@id\":\"https:\\\/\\\/conexion23.com\\\/?p=62920#primaryimage\"},\"image\":{\"@id\":\"https:\\\/\\\/conexion23.com\\\/?p=62920#primaryimage\"},\"thumbnailUrl\":\"https:\\\/\\\/conexion23.com\\\/wp-content\\\/uploads\\\/2026\\\/09\\\/Pujols-y-Molina-volveran-a-escribir-historia-juntos-al-ser-seleccionados-al-Salon-de-la-Fama-del-Beisbol-Latino.jpeg\",\"datePublished\":\"2026-09-02T00:32:53+00:00\",\"breadcrumb\":{\"@id\":\"https:\\\/\\\/conexion23.com\\\/?p=62920#breadcrumb\"},\"inLanguage\":\"es\",\"potentialAction\":[{\"@type\":\"ReadAction\",\"target\":[\"https:\\\/\\\/conexion23.com\\\/?p=62920\"]}]},{\"@type\":\"ImageObject\",\"inLanguage\":\"es\",\"@id\":\"https:\\\/\\\/conexion23.com\\\/?p=62920#primaryimage\",\"url\":\"https:\\\/\\\/conexion23.com\\\/wp-content\\\/uploads\\\/2026\\\/09\\\/Pujols-y-Molina-volveran-a-escribir-historia-juntos-al-ser-seleccionados-al-Salon-de-la-Fama-del-Beisbol-Latino.jpeg\",\"contentUrl\":\"https:\\\/\\\/conexion23.com\\\/wp-content\\\/uploads\\\/2026\\\/09\\\/Pujols-y-Molina-volveran-a-escribir-historia-juntos-al-ser-seleccionados-al-Salon-de-la-Fama-del-Beisbol-Latino.jpeg\",\"width\":1200,\"height\":592},{\"@type\":\"BreadcrumbList\",\"@id\":\"https:\\\/\\\/conexion23.com\\\/?p=62920#breadcrumb\",\"itemListElement\":[{\"@type\":\"ListItem\",\"position\":1,\"name\":\"Portada\",\"item\":\"http:\\\/\\\/conexion23.com\\\/\"},{\"@type\":\"ListItem\",\"position\":2,\"name\":\"Pujols y Molina volver\u00e1n a escribir historia juntos al ser seleccionados al Sal\u00f3n de la Fama\"}]},{\"@type\":\"WebSite\",\"@id\":\"http:\\\/\\\/conexion23.com\\\/#website\",\"url\":\"http:\\\/\\\/conexion23.com\\\/\",\"name\":\"Conexi\u00f3n 23\",\"description\":\"Peri\u00f3dico 100% Petromacorisano\",\"publisher\":{\"@id\":\"http:\\\/\\\/conexion23.com\\\/#organization\"},\"potentialAction\":[{\"@type\":\"SearchAction\",\"target\":{\"@type\":\"EntryPoint\",\"urlTemplate\":\"http:\\\/\\\/conexion23.com\\\/?s={search_term_string}\"},\"query-input\":{\"@type\":\"PropertyValueSpecification\",\"valueRequired\":true,\"valueName\":\"search_term_string\"}}],\"inLanguage\":\"es\"},{\"@type\":\"Organization\",\"@id\":\"http:\\\/\\\/conexion23.com\\\/#organization\",\"name\":\"Conexion 23\",\"url\":\"http:\\\/\\\/conexion23.com\\\/\",\"logo\":{\"@type\":\"ImageObject\",\"inLanguage\":\"es\",\"@id\":\"http:\\\/\\\/conexion23.com\\\/#\\\/schema\\\/logo\\\/image\\\/\",\"url\":\"https:\\\/\\\/conexion23.com\\\/wp-content\\\/uploads\\\/2021\\\/11\\\/Diseno-sin-titulo-2.png\",\"contentUrl\":\"https:\\\/\\\/conexion23.com\\\/wp-content\\\/uploads\\\/2021\\\/11\\\/Diseno-sin-titulo-2.png\",\"width\":541,\"height\":90,\"caption\":\"Conexion 23\"},\"image\":{\"@id\":\"http:\\\/\\\/conexion23.com\\\/#\\\/schema\\\/logo\\\/image\\\/\"},\"sameAs\":[\"https:\\\/\\\/www.facebook.com\\\/conexion23com\",\"https:\\\/\\\/www.instagram.com\\\/conexion23com\\\/\",\"https:\\\/\\\/www.youtube.com\\\/channel\\\/UCYc7vxxFZMYLIHNsHHxPZ3Q\"]},{\"@type\":\"Person\",\"@id\":\"http:\\\/\\\/conexion23.com\\\/#\\\/schema\\\/person\\\/0a860802b17d01ad2a278f53c507c296\",\"name\":\"Redacci\u00f3n\",\"image\":{\"@type\":\"ImageObject\",\"inLanguage\":\"es\",\"@id\":\"https:\\\/\\\/secure.gravatar.com\\\/avatar\\\/ec9d84b79c776aa1994e5893944465db9974b17b884155623da51b7b62c02845?s=96&d=mm&r=g\",\"url\":\"https:\\\/\\\/secure.gravatar.com\\\/avatar\\\/ec9d84b79c776aa1994e5893944465db9974b17b884155623da51b7b62c02845?s=96&d=mm&r=g\",\"contentUrl\":\"https:\\\/\\\/secure.gravatar.com\\\/avatar\\\/ec9d84b79c776aa1994e5893944465db9974b17b884155623da51b7b62c02845?s=96&d=mm&r=g\",\"caption\":\"Redacci\u00f3n\"},\"url\":\"https:\\\/\\\/conexion23.com\\\/?author=18\"}]}<\/script>\n<!-- \/ Yoast SEO plugin. -->","yoast_head_json":{"title":"Pujols y Molina volver\u00e1n a escribir historia juntos al ser seleccionados al Sal\u00f3n de la Fama - Conexi\u00f3n 23","robots":{"index":"index","follow":"follow","max-snippet":"max-snippet:-1","max-image-preview":"max-image-preview:large","max-video-preview":"max-video-preview:-1"},"canonical":"https:\/\/conexion23.com\/?p=62920","og_locale":"es_ES","og_type":"article","og_title":"Pujols y Molina volver\u00e1n a escribir historia juntos al ser seleccionados al Sal\u00f3n de la Fama - Conexi\u00f3n 23","og_description":"Tras 12 a\u00f1os como compa\u00f1eros de equipo en las Grandes Ligas con los Cardenales de San Luis, el dominicano Albert Pujols y el puertorrique\u00f1o Yadier Molina tendr\u00e1n la oportunidad de escribir una nueva historia juntos, cuando ambos sean exaltados al Sal\u00f3n de la Fama del B\u00e9isbol Latino el pr\u00f3ximo mes de diciembre, en Caguas, Puerto [&hellip;]","og_url":"https:\/\/conexion23.com\/?p=62920","og_site_name":"Conexi\u00f3n 23","article_publisher":"https:\/\/www.facebook.com\/conexion23com","article_published_time":"2026-09-02T00:32:53+00:00","og_image":[{"width":1200,"height":592,"url":"http:\/\/conexion23.com\/wp-content\/uploads\/2026\/09\/Pujols-y-Molina-volveran-a-escribir-historia-juntos-al-ser-seleccionados-al-Salon-de-la-Fama-del-Beisbol-Latino.jpeg","type":"image\/jpeg"}],"author":"Redacci\u00f3n","twitter_card":"summary_large_image","twitter_misc":{"Escrito por":"Redacci\u00f3n","Tiempo de lectura":"3 minutos"},"schema":{"@context":"https:\/\/schema.org","@graph":[{"@type":"Article","@id":"https:\/\/conexion23.com\/?p=62920#article","isPartOf":{"@id":"https:\/\/conexion23.com\/?p=62920"},"author":{"name":"Redacci\u00f3n","@id":"http:\/\/conexion23.com\/#\/schema\/person\/0a860802b17d01ad2a278f53c507c296"},"headline":"Pujols y Molina volver\u00e1n a escribir historia juntos al ser seleccionados al Sal\u00f3n de la Fama","datePublished":"2026-09-02T00:32:53+00:00","mainEntityOfPage":{"@id":"https:\/\/conexion23.com\/?p=62920"},"wordCount":443,"commentCount":0,"publisher":{"@id":"http:\/\/conexion23.com\/#organization"},"image":{"@id":"https:\/\/conexion23.com\/?p=62920#primaryimage"},"thumbnailUrl":"https:\/\/conexion23.com\/wp-content\/uploads\/2026\/09\/Pujols-y-Molina-volveran-a-escribir-historia-juntos-al-ser-seleccionados-al-Salon-de-la-Fama-del-Beisbol-Latino.jpeg","keywords":["deporte","Grandes Ligas","salon de la fama"],"articleSection":["Deportes"],"inLanguage":"es","potentialAction":[{"@type":"CommentAction","name":"Comment","target":["https:\/\/conexion23.com\/?p=62920#respond"]}]},{"@type":"WebPage","@id":"https:\/\/conexion23.com\/?p=62920","url":"https:\/\/conexion23.com\/?p=62920","name":"Pujols y Molina volver\u00e1n a escribir historia juntos al ser seleccionados al Sal\u00f3n de la Fama - Conexi\u00f3n 23","isPartOf":{"@id":"http:\/\/conexion23.com\/#website"},"primaryImageOfPage":{"@id":"https:\/\/conexion23.com\/?p=62920#primaryimage"},"image":{"@id":"https:\/\/conexion23.com\/?p=62920#primaryimage"},"thumbnailUrl":"https:\/\/conexion23.com\/wp-content\/uploads\/2026\/09\/Pujols-y-Molina-volveran-a-escribir-historia-juntos-al-ser-seleccionados-al-Salon-de-la-Fama-del-Beisbol-Latino.jpeg","datePublished":"2026-09-02T00:32:53+00:00","breadcrumb":{"@id":"https:\/\/conexion23.com\/?p=62920#breadcrumb"},"inLanguage":"es","potentialAction":[{"@type":"ReadAction","target":["https:\/\/conexion23.com\/?p=62920"]}]},{"@type":"ImageObject","inLanguage":"es","@id":"https:\/\/conexion23.com\/?p=62920#primaryimage","url":"https:\/\/conexion23.com\/wp-content\/uploads\/2026\/09\/Pujols-y-Molina-volveran-a-escribir-historia-juntos-al-ser-seleccionados-al-Salon-de-la-Fama-del-Beisbol-Latino.jpeg","contentUrl":"https:\/\/conexion23.com\/wp-content\/uploads\/2026\/09\/Pujols-y-Molina-volveran-a-escribir-historia-juntos-al-ser-seleccionados-al-Salon-de-la-Fama-del-Beisbol-Latino.jpeg","width":1200,"height":592},{"@type":"BreadcrumbList","@id":"https:\/\/conexion23.com\/?p=62920#breadcrumb","itemListElement":[{"@type":"ListItem","position":1,"name":"Portada","item":"http:\/\/conexion23.com\/"},{"@type":"ListItem","position":2,"name":"Pujols y Molina volver\u00e1n a escribir historia juntos al ser seleccionados al Sal\u00f3n de la Fama"}]},{"@type":"WebSite","@id":"http:\/\/conexion23.com\/#website","url":"http:\/\/conexion23.com\/","name":"Conexi\u00f3n 23","description":"Peri\u00f3dico 100% Petromacorisano","publisher":{"@id":"http:\/\/conexion23.com\/#organization"},"potentialAction":[{"@type":"SearchAction","target":{"@type":"EntryPoint","urlTemplate":"http:\/\/conexion23.com\/?s={search_term_string}"},"query-input":{"@type":"PropertyValueSpecification","valueRequired":true,"valueName":"search_term_string"}}],"inLanguage":"es"},{"@type":"Organization","@id":"http:\/\/conexion23.com\/#organization","name":"Conexion 23","url":"http:\/\/conexion23.com\/","logo":{"@type":"ImageObject","inLanguage":"es","@id":"http:\/\/conexion23.com\/#\/schema\/logo\/image\/","url":"https:\/\/conexion23.com\/wp-content\/uploads\/2021\/11\/Diseno-sin-titulo-2.png","contentUrl":"https:\/\/conexion23.com\/wp-content\/uploads\/2021\/11\/Diseno-sin-titulo-2.png","width":541,"height":90,"caption":"Conexion 23"},"image":{"@id":"http:\/\/conexion23.com\/#\/schema\/logo\/image\/"},"sameAs":["https:\/\/www.facebook.com\/conexion23com","https:\/\/www.instagram.com\/conexion23com\/","https:\/\/www.youtube.com\/channel\/UCYc7vxxFZMYLIHNsHHxPZ3Q"]},{"@type":"Person","@id":"http:\/\/conexion23.com\/#\/schema\/person\/0a860802b17d01ad2a278f53c507c296","name":"Redacci\u00f3n","image":{"@type":"ImageObject","inLanguage":"es","@id":"https:\/\/secure.gravatar.com\/avatar\/ec9d84b79c776aa1994e5893944465db9974b17b884155623da51b7b62c02845?s=96&d=mm&r=g","url":"https:\/\/secure.gravatar.com\/avatar\/ec9d84b79c776aa1994e5893944465db9974b17b884155623da51b7b62c02845?s=96&d=mm&r=g","contentUrl":"https:\/\/secure.gravatar.com\/avatar\/ec9d84b79c776aa1994e5893944465db9974b17b884155623da51b7b62c02845?s=96&d=mm&r=g","caption":"Redacci\u00f3n"},"url":"https:\/\/conexion23.com\/?author=18"}]}},"_links":{"self":[{"href":"https:\/\/conexion23.com\/index.php?rest_route=\/wp\/v2\/posts\/62920","targetHints":{"allow":["GET"]}}],"collection":[{"href":"https:\/\/conexion23.com\/index.php?rest_route=\/wp\/v2\/posts"}],"about":[{"href":"https:\/\/conexion23.com\/index.php?rest_route=\/wp\/v2\/types\/post"}],"author":[{"embeddable":true,"href":"https:\/\/conexion23.com\/index.php?rest_route=\/wp\/v2\/users\/18"}],"replies":[{"embeddable":true,"href":"https:\/\/conexion23.com\/index.php?rest_route=%2Fwp%2Fv2%2Fcomments&post=62920"}],"version-history":[{"count":1,"href":"https:\/\/conexion23.com\/index.php?rest_route=\/wp\/v2\/posts\/62920\/revisions"}],"predecessor-version":[{"id":62922,"href":"https:\/\/conexion23.com\/index.php?rest_route=\/wp\/v2\/posts\/62920\/revisions\/62922"}],"wp:featuredmedia":[{"embeddable":true,"href":"https:\/\/conexion23.com\/index.php?rest_route=\/wp\/v2\/media\/62921"}],"wp:attachment":[{"href":"https:\/\/conexion23.com\/index.php?rest_route=%2Fwp%2Fv2%2Fmedia&parent=62920"}],"wp:term":[{"taxonomy":"category","embeddable":true,"href":"https:\/\/conexion23.com\/index.php?rest_route=%2Fwp%2Fv2%2Fcategories&post=62920"},{"taxonomy":"post_tag","embeddable":true,"href":"https:\/\/conexion23.com\/index.php?rest_route=%2Fwp%2Fv2%2Ftags&post=62920"}],"curies":[{"name":"wp","href":"https:\/\/api.w.org\/{rel}","templated":true}]}}