{"id":62933,"date":"2026-09-02T07:45:00","date_gmt":"2026-09-02T11:45:00","guid":{"rendered":"https:\/\/conexion23.com\/?p=62933"},"modified":"2026-09-02T07:45:00","modified_gmt":"2026-09-02T11:45:00","slug":"estados-unidos-realiza-bombardeos-en-iran-en-medio-de-tensiones-crecientes","status":"publish","type":"post","link":"https:\/\/conexion23.com\/?p=62933","title":{"rendered":"Estados Unidos realiza bombardeos en Ir\u00e1n en medio de tensiones crecientes"},"content":{"rendered":"<p style=\"text-align: justify;\">El Ej\u00e9rcito de Estados Unidos bombarde\u00f3 este martes a Ir\u00e1n por segunda vez en una semana, en medio de un incremento de las tensiones en el estrecho de Ormuz y las ofensivas iran\u00edes contra bases estadounidenses, seg\u00fan inform\u00f3 el Comando Central de EE. UU. (Centcom).<\/p>\n<p style=\"text-align: justify;\">El organismo militar, con sede en Florida, indic\u00f3 en sus redes sociales que a las 12:00 hora del este de Estados Unidos (16:00 GMT), \u00ablas fuerzas de EE. UU. comenzaron a ejecutar ataques contra objetivos del Cuerpo de la Guardia Revolucionaria Isl\u00e1mica (CGRI) en Ir\u00e1n\u00bb, sin especificar cu\u00e1les fueron los objetivos.<\/p>\n<p style=\"text-align: justify;\">Este ataque se produce tras los recientes intentos de agresi\u00f3n del CGRI contra el transporte mar\u00edtimo comercial en el estrecho de Ormuz y contra los miembros del servicio militar estadounidense desplegados en la regi\u00f3n, seg\u00fan el comunicado del Centcom. Esta es la segunda agresi\u00f3n desde que Estados Unidos atacara, entre la noche del domingo y la madrugada del lunes, la isla de Larak, donde Teher\u00e1n se preparaba para lanzar cohetes cargados con minas marinas al estrecho de Ormuz, lo que result\u00f3 en la muerte de dos personas.<\/p>\n","protected":false},"excerpt":{"rendered":"<p>El Ej\u00e9rcito de Estados Unidos bombarde\u00f3 este martes a Ir\u00e1n por segunda vez en una semana, en medio de un incremento de las tensiones en el estrecho de Ormuz y las ofensivas iran\u00edes contra bases estadounidenses, seg\u00fan inform\u00f3 el Comando Central de EE. UU. (Centcom). El organismo militar, con sede en Florida, indic\u00f3 en sus [&hellip;]<\/p>\n","protected":false},"author":15,"featured_media":62934,"comment_status":"open","ping_status":"open","sticky":false,"template":"","format":"standard","meta":{"footnotes":""},"categories":[3881],"tags":[5374,284,5562,6092],"class_list":["post-62933","post","type-post","status-publish","format-standard","has-post-thumbnail","category-internacionales","tag-bombardeos","tag-estados-unidos","tag-iran","tag-tensiones"],"yoast_head":"<!-- This site is optimized with the Yoast SEO plugin v27.6 - https:\/\/yoast.com\/product\/yoast-seo-wordpress\/ -->\n<title>Estados Unidos realiza bombardeos en Ir\u00e1n en medio de tensiones crecientes - Conexi\u00f3n 23<\/title>\n<meta name=\"robots\" content=\"index, follow, max-snippet:-1, max-image-preview:large, max-video-preview:-1\" \/>\n<link rel=\"canonical\" href=\"https:\/\/conexion23.com\/?p=62933\" \/>\n<meta property=\"og:locale\" content=\"es_ES\" \/>\n<meta property=\"og:type\" content=\"article\" \/>\n<meta property=\"og:title\" content=\"Estados Unidos realiza bombardeos en Ir\u00e1n en medio de tensiones crecientes - Conexi\u00f3n 23\" \/>\n<meta property=\"og:description\" content=\"El Ej\u00e9rcito de Estados Unidos bombarde\u00f3 este martes a Ir\u00e1n por segunda vez en una semana, en medio de un incremento de las tensiones en el estrecho de Ormuz y las ofensivas iran\u00edes contra bases estadounidenses, seg\u00fan inform\u00f3 el Comando Central de EE. UU. (Centcom). El organismo militar, con sede en Florida, indic\u00f3 en sus [&hellip;]\" \/>\n<meta property=\"og:url\" content=\"https:\/\/conexion23.com\/?p=62933\" \/>\n<meta property=\"og:site_name\" content=\"Conexi\u00f3n 23\" \/>\n<meta property=\"article:publisher\" content=\"https:\/\/www.facebook.com\/conexion23com\" \/>\n<meta property=\"article:published_time\" content=\"2026-09-02T11:45:00+00:00\" \/>\n<meta property=\"og:image\" content=\"http:\/\/conexion23.com\/wp-content\/uploads\/2026\/09\/Bombardeos-en-Iran-e1788349466426.webp\" \/>\n\t<meta property=\"og:image:width\" content=\"1024\" \/>\n\t<meta property=\"og:image:height\" content=\"503\" \/>\n\t<meta property=\"og:image:type\" content=\"image\/webp\" \/>\n<meta name=\"author\" content=\"Raffy Ben\u00edtez\" \/>\n<meta name=\"twitter:card\" content=\"summary_large_image\" \/>\n<meta name=\"twitter:label1\" content=\"Escrito por\" \/>\n\t<meta name=\"twitter:data1\" content=\"Raffy Ben\u00edtez\" \/>\n\t<meta name=\"twitter:label2\" content=\"Tiempo de lectura\" \/>\n\t<meta name=\"twitter:data2\" content=\"2 minutos\" \/>\n<script type=\"application\/ld+json\" class=\"yoast-schema-graph\">{\"@context\":\"https:\\\/\\\/schema.org\",\"@graph\":[{\"@type\":\"Article\",\"@id\":\"https:\\\/\\\/conexion23.com\\\/?p=62933#article\",\"isPartOf\":{\"@id\":\"https:\\\/\\\/conexion23.com\\\/?p=62933\"},\"author\":{\"name\":\"Raffy Ben\u00edtez\",\"@id\":\"http:\\\/\\\/conexion23.com\\\/#\\\/schema\\\/person\\\/03e36043331117e97a373299bbcd30a6\"},\"headline\":\"Estados Unidos realiza bombardeos en Ir\u00e1n en medio de tensiones crecientes\",\"datePublished\":\"2026-09-02T11:45:00+00:00\",\"mainEntityOfPage\":{\"@id\":\"https:\\\/\\\/conexion23.com\\\/?p=62933\"},\"wordCount\":206,\"commentCount\":0,\"publisher\":{\"@id\":\"http:\\\/\\\/conexion23.com\\\/#organization\"},\"image\":{\"@id\":\"https:\\\/\\\/conexion23.com\\\/?p=62933#primaryimage\"},\"thumbnailUrl\":\"https:\\\/\\\/conexion23.com\\\/wp-content\\\/uploads\\\/2026\\\/09\\\/Bombardeos-en-Iran-e1788349466426.webp\",\"keywords\":[\"bombardeos\",\"Estados unidos\",\"Ir\u00e1n\",\"tensiones\"],\"articleSection\":[\"Internacionales\"],\"inLanguage\":\"es\",\"potentialAction\":[{\"@type\":\"CommentAction\",\"name\":\"Comment\",\"target\":[\"https:\\\/\\\/conexion23.com\\\/?p=62933#respond\"]}]},{\"@type\":\"WebPage\",\"@id\":\"https:\\\/\\\/conexion23.com\\\/?p=62933\",\"url\":\"https:\\\/\\\/conexion23.com\\\/?p=62933\",\"name\":\"Estados Unidos realiza bombardeos en Ir\u00e1n en medio de tensiones crecientes - Conexi\u00f3n 23\",\"isPartOf\":{\"@id\":\"http:\\\/\\\/conexion23.com\\\/#website\"},\"primaryImageOfPage\":{\"@id\":\"https:\\\/\\\/conexion23.com\\\/?p=62933#primaryimage\"},\"image\":{\"@id\":\"https:\\\/\\\/conexion23.com\\\/?p=62933#primaryimage\"},\"thumbnailUrl\":\"https:\\\/\\\/conexion23.com\\\/wp-content\\\/uploads\\\/2026\\\/09\\\/Bombardeos-en-Iran-e1788349466426.webp\",\"datePublished\":\"2026-09-02T11:45:00+00:00\",\"breadcrumb\":{\"@id\":\"https:\\\/\\\/conexion23.com\\\/?p=62933#breadcrumb\"},\"inLanguage\":\"es\",\"potentialAction\":[{\"@type\":\"ReadAction\",\"target\":[\"https:\\\/\\\/conexion23.com\\\/?p=62933\"]}]},{\"@type\":\"ImageObject\",\"inLanguage\":\"es\",\"@id\":\"https:\\\/\\\/conexion23.com\\\/?p=62933#primaryimage\",\"url\":\"https:\\\/\\\/conexion23.com\\\/wp-content\\\/uploads\\\/2026\\\/09\\\/Bombardeos-en-Iran-e1788349466426.webp\",\"contentUrl\":\"https:\\\/\\\/conexion23.com\\\/wp-content\\\/uploads\\\/2026\\\/09\\\/Bombardeos-en-Iran-e1788349466426.webp\",\"width\":1024,\"height\":503},{\"@type\":\"BreadcrumbList\",\"@id\":\"https:\\\/\\\/conexion23.com\\\/?p=62933#breadcrumb\",\"itemListElement\":[{\"@type\":\"ListItem\",\"position\":1,\"name\":\"Portada\",\"item\":\"http:\\\/\\\/conexion23.com\\\/\"},{\"@type\":\"ListItem\",\"position\":2,\"name\":\"Estados Unidos realiza bombardeos en Ir\u00e1n en medio de tensiones crecientes\"}]},{\"@type\":\"WebSite\",\"@id\":\"http:\\\/\\\/conexion23.com\\\/#website\",\"url\":\"http:\\\/\\\/conexion23.com\\\/\",\"name\":\"Conexi\u00f3n 23\",\"description\":\"Peri\u00f3dico 100% Petromacorisano\",\"publisher\":{\"@id\":\"http:\\\/\\\/conexion23.com\\\/#organization\"},\"potentialAction\":[{\"@type\":\"SearchAction\",\"target\":{\"@type\":\"EntryPoint\",\"urlTemplate\":\"http:\\\/\\\/conexion23.com\\\/?s={search_term_string}\"},\"query-input\":{\"@type\":\"PropertyValueSpecification\",\"valueRequired\":true,\"valueName\":\"search_term_string\"}}],\"inLanguage\":\"es\"},{\"@type\":\"Organization\",\"@id\":\"http:\\\/\\\/conexion23.com\\\/#organization\",\"name\":\"Conexion 23\",\"url\":\"http:\\\/\\\/conexion23.com\\\/\",\"logo\":{\"@type\":\"ImageObject\",\"inLanguage\":\"es\",\"@id\":\"http:\\\/\\\/conexion23.com\\\/#\\\/schema\\\/logo\\\/image\\\/\",\"url\":\"https:\\\/\\\/conexion23.com\\\/wp-content\\\/uploads\\\/2021\\\/11\\\/Diseno-sin-titulo-2.png\",\"contentUrl\":\"https:\\\/\\\/conexion23.com\\\/wp-content\\\/uploads\\\/2021\\\/11\\\/Diseno-sin-titulo-2.png\",\"width\":541,\"height\":90,\"caption\":\"Conexion 23\"},\"image\":{\"@id\":\"http:\\\/\\\/conexion23.com\\\/#\\\/schema\\\/logo\\\/image\\\/\"},\"sameAs\":[\"https:\\\/\\\/www.facebook.com\\\/conexion23com\",\"https:\\\/\\\/www.instagram.com\\\/conexion23com\\\/\",\"https:\\\/\\\/www.youtube.com\\\/channel\\\/UCYc7vxxFZMYLIHNsHHxPZ3Q\"]},{\"@type\":\"Person\",\"@id\":\"http:\\\/\\\/conexion23.com\\\/#\\\/schema\\\/person\\\/03e36043331117e97a373299bbcd30a6\",\"name\":\"Raffy Ben\u00edtez\",\"image\":{\"@type\":\"ImageObject\",\"inLanguage\":\"es\",\"@id\":\"https:\\\/\\\/secure.gravatar.com\\\/avatar\\\/3190a6a6c5e1b0327500f7d6c56b6242472ee6cb974cf09b401ee6b3b0798f23?s=96&d=mm&r=g\",\"url\":\"https:\\\/\\\/secure.gravatar.com\\\/avatar\\\/3190a6a6c5e1b0327500f7d6c56b6242472ee6cb974cf09b401ee6b3b0798f23?s=96&d=mm&r=g\",\"contentUrl\":\"https:\\\/\\\/secure.gravatar.com\\\/avatar\\\/3190a6a6c5e1b0327500f7d6c56b6242472ee6cb974cf09b401ee6b3b0798f23?s=96&d=mm&r=g\",\"caption\":\"Raffy Ben\u00edtez\"},\"url\":\"https:\\\/\\\/conexion23.com\\\/?author=15\"}]}<\/script>\n<!-- \/ Yoast SEO plugin. -->","yoast_head_json":{"title":"Estados Unidos realiza bombardeos en Ir\u00e1n en medio de tensiones crecientes - Conexi\u00f3n 23","robots":{"index":"index","follow":"follow","max-snippet":"max-snippet:-1","max-image-preview":"max-image-preview:large","max-video-preview":"max-video-preview:-1"},"canonical":"https:\/\/conexion23.com\/?p=62933","og_locale":"es_ES","og_type":"article","og_title":"Estados Unidos realiza bombardeos en Ir\u00e1n en medio de tensiones crecientes - Conexi\u00f3n 23","og_description":"El Ej\u00e9rcito de Estados Unidos bombarde\u00f3 este martes a Ir\u00e1n por segunda vez en una semana, en medio de un incremento de las tensiones en el estrecho de Ormuz y las ofensivas iran\u00edes contra bases estadounidenses, seg\u00fan inform\u00f3 el Comando Central de EE. UU. (Centcom). El organismo militar, con sede en Florida, indic\u00f3 en sus [&hellip;]","og_url":"https:\/\/conexion23.com\/?p=62933","og_site_name":"Conexi\u00f3n 23","article_publisher":"https:\/\/www.facebook.com\/conexion23com","article_published_time":"2026-09-02T11:45:00+00:00","og_image":[{"width":1024,"height":503,"url":"http:\/\/conexion23.com\/wp-content\/uploads\/2026\/09\/Bombardeos-en-Iran-e1788349466426.webp","type":"image\/webp"}],"author":"Raffy Ben\u00edtez","twitter_card":"summary_large_image","twitter_misc":{"Escrito por":"Raffy Ben\u00edtez","Tiempo de lectura":"2 minutos"},"schema":{"@context":"https:\/\/schema.org","@graph":[{"@type":"Article","@id":"https:\/\/conexion23.com\/?p=62933#article","isPartOf":{"@id":"https:\/\/conexion23.com\/?p=62933"},"author":{"name":"Raffy Ben\u00edtez","@id":"http:\/\/conexion23.com\/#\/schema\/person\/03e36043331117e97a373299bbcd30a6"},"headline":"Estados Unidos realiza bombardeos en Ir\u00e1n en medio de tensiones crecientes","datePublished":"2026-09-02T11:45:00+00:00","mainEntityOfPage":{"@id":"https:\/\/conexion23.com\/?p=62933"},"wordCount":206,"commentCount":0,"publisher":{"@id":"http:\/\/conexion23.com\/#organization"},"image":{"@id":"https:\/\/conexion23.com\/?p=62933#primaryimage"},"thumbnailUrl":"https:\/\/conexion23.com\/wp-content\/uploads\/2026\/09\/Bombardeos-en-Iran-e1788349466426.webp","keywords":["bombardeos","Estados unidos","Ir\u00e1n","tensiones"],"articleSection":["Internacionales"],"inLanguage":"es","potentialAction":[{"@type":"CommentAction","name":"Comment","target":["https:\/\/conexion23.com\/?p=62933#respond"]}]},{"@type":"WebPage","@id":"https:\/\/conexion23.com\/?p=62933","url":"https:\/\/conexion23.com\/?p=62933","name":"Estados Unidos realiza bombardeos en Ir\u00e1n en medio de tensiones crecientes - Conexi\u00f3n 23","isPartOf":{"@id":"http:\/\/conexion23.com\/#website"},"primaryImageOfPage":{"@id":"https:\/\/conexion23.com\/?p=62933#primaryimage"},"image":{"@id":"https:\/\/conexion23.com\/?p=62933#primaryimage"},"thumbnailUrl":"https:\/\/conexion23.com\/wp-content\/uploads\/2026\/09\/Bombardeos-en-Iran-e1788349466426.webp","datePublished":"2026-09-02T11:45:00+00:00","breadcrumb":{"@id":"https:\/\/conexion23.com\/?p=62933#breadcrumb"},"inLanguage":"es","potentialAction":[{"@type":"ReadAction","target":["https:\/\/conexion23.com\/?p=62933"]}]},{"@type":"ImageObject","inLanguage":"es","@id":"https:\/\/conexion23.com\/?p=62933#primaryimage","url":"https:\/\/conexion23.com\/wp-content\/uploads\/2026\/09\/Bombardeos-en-Iran-e1788349466426.webp","contentUrl":"https:\/\/conexion23.com\/wp-content\/uploads\/2026\/09\/Bombardeos-en-Iran-e1788349466426.webp","width":1024,"height":503},{"@type":"BreadcrumbList","@id":"https:\/\/conexion23.com\/?p=62933#breadcrumb","itemListElement":[{"@type":"ListItem","position":1,"name":"Portada","item":"http:\/\/conexion23.com\/"},{"@type":"ListItem","position":2,"name":"Estados Unidos realiza bombardeos en Ir\u00e1n en medio de tensiones crecientes"}]},{"@type":"WebSite","@id":"http:\/\/conexion23.com\/#website","url":"http:\/\/conexion23.com\/","name":"Conexi\u00f3n 23","description":"Peri\u00f3dico 100% Petromacorisano","publisher":{"@id":"http:\/\/conexion23.com\/#organization"},"potentialAction":[{"@type":"SearchAction","target":{"@type":"EntryPoint","urlTemplate":"http:\/\/conexion23.com\/?s={search_term_string}"},"query-input":{"@type":"PropertyValueSpecification","valueRequired":true,"valueName":"search_term_string"}}],"inLanguage":"es"},{"@type":"Organization","@id":"http:\/\/conexion23.com\/#organization","name":"Conexion 23","url":"http:\/\/conexion23.com\/","logo":{"@type":"ImageObject","inLanguage":"es","@id":"http:\/\/conexion23.com\/#\/schema\/logo\/image\/","url":"https:\/\/conexion23.com\/wp-content\/uploads\/2021\/11\/Diseno-sin-titulo-2.png","contentUrl":"https:\/\/conexion23.com\/wp-content\/uploads\/2021\/11\/Diseno-sin-titulo-2.png","width":541,"height":90,"caption":"Conexion 23"},"image":{"@id":"http:\/\/conexion23.com\/#\/schema\/logo\/image\/"},"sameAs":["https:\/\/www.facebook.com\/conexion23com","https:\/\/www.instagram.com\/conexion23com\/","https:\/\/www.youtube.com\/channel\/UCYc7vxxFZMYLIHNsHHxPZ3Q"]},{"@type":"Person","@id":"http:\/\/conexion23.com\/#\/schema\/person\/03e36043331117e97a373299bbcd30a6","name":"Raffy Ben\u00edtez","image":{"@type":"ImageObject","inLanguage":"es","@id":"https:\/\/secure.gravatar.com\/avatar\/3190a6a6c5e1b0327500f7d6c56b6242472ee6cb974cf09b401ee6b3b0798f23?s=96&d=mm&r=g","url":"https:\/\/secure.gravatar.com\/avatar\/3190a6a6c5e1b0327500f7d6c56b6242472ee6cb974cf09b401ee6b3b0798f23?s=96&d=mm&r=g","contentUrl":"https:\/\/secure.gravatar.com\/avatar\/3190a6a6c5e1b0327500f7d6c56b6242472ee6cb974cf09b401ee6b3b0798f23?s=96&d=mm&r=g","caption":"Raffy Ben\u00edtez"},"url":"https:\/\/conexion23.com\/?author=15"}]}},"_links":{"self":[{"href":"https:\/\/conexion23.com\/index.php?rest_route=\/wp\/v2\/posts\/62933","targetHints":{"allow":["GET"]}}],"collection":[{"href":"https:\/\/conexion23.com\/index.php?rest_route=\/wp\/v2\/posts"}],"about":[{"href":"https:\/\/conexion23.com\/index.php?rest_route=\/wp\/v2\/types\/post"}],"author":[{"embeddable":true,"href":"https:\/\/conexion23.com\/index.php?rest_route=\/wp\/v2\/users\/15"}],"replies":[{"embeddable":true,"href":"https:\/\/conexion23.com\/index.php?rest_route=%2Fwp%2Fv2%2Fcomments&post=62933"}],"version-history":[{"count":1,"href":"https:\/\/conexion23.com\/index.php?rest_route=\/wp\/v2\/posts\/62933\/revisions"}],"predecessor-version":[{"id":62935,"href":"https:\/\/conexion23.com\/index.php?rest_route=\/wp\/v2\/posts\/62933\/revisions\/62935"}],"wp:featuredmedia":[{"embeddable":true,"href":"https:\/\/conexion23.com\/index.php?rest_route=\/wp\/v2\/media\/62934"}],"wp:attachment":[{"href":"https:\/\/conexion23.com\/index.php?rest_route=%2Fwp%2Fv2%2Fmedia&parent=62933"}],"wp:term":[{"taxonomy":"category","embeddable":true,"href":"https:\/\/conexion23.com\/index.php?rest_route=%2Fwp%2Fv2%2Fcategories&post=62933"},{"taxonomy":"post_tag","embeddable":true,"href":"https:\/\/conexion23.com\/index.php?rest_route=%2Fwp%2Fv2%2Ftags&post=62933"}],"curies":[{"name":"wp","href":"https:\/\/api.w.org\/{rel}","templated":true}]}}