{"id":62936,"date":"2026-09-02T07:55:52","date_gmt":"2026-09-02T11:55:52","guid":{"rendered":"https:\/\/conexion23.com\/?p=62936"},"modified":"2026-09-02T08:01:21","modified_gmt":"2026-09-02T12:01:21","slug":"regional-de-educacion-05-y-adp-en-spm-realizan-mesa-de-dialogo-para-buscar-solucion-a-los-inconvenientes-del-inicio-del-ano-escolar","status":"publish","type":"post","link":"https:\/\/conexion23.com\/?p=62936","title":{"rendered":"Regional de Educaci\u00f3n 05 y ADP, participan en mesa de di\u00e1logo en SPM para buscar soluci\u00f3n al inicio del a\u00f1o escolar en algunos centros"},"content":{"rendered":"<p style=\"text-align: justify;\">La regi\u00f3n de educaci\u00f3n 05 realizo \u00e9ste lunes una mesa de di\u00e1logos para una educaci\u00f3n m\u00e1s fuerte.<\/p>\n<p style=\"text-align: justify;\">La actividad fue encabezada por el director regional,profesor Franklin Villegas, acompa\u00f1ado del viceministro<\/p>\n<p style=\"text-align: justify;\">\u00d3scar Amarg\u00f3s\u00a0 y otros personalidades del ministerio de educaci\u00f3n.<\/p>\n<p style=\"text-align: justify;\">La mesa principal estuvo integrada tambi\u00e9n por la secretaria general de la ADP, profesora Cruz Maria Santana, quien explic\u00f3 las malas condiciones en la que se encuentran una gran cantidad de escuelas de esta ciudad.<\/p>\n<p><img loading=\"lazy\" decoding=\"async\" class=\"alignnone size-medium wp-image-62938\" src=\"http:\/\/conexion23.com\/wp-content\/uploads\/2026\/09\/Franklin-Villanueva-225x300.jpg\" alt=\"\" width=\"225\" height=\"300\" srcset=\"https:\/\/conexion23.com\/wp-content\/uploads\/2026\/09\/Franklin-Villanueva-225x300.jpg 225w, https:\/\/conexion23.com\/wp-content\/uploads\/2026\/09\/Franklin-Villanueva-768x1024.jpg 768w, https:\/\/conexion23.com\/wp-content\/uploads\/2026\/09\/Franklin-Villanueva-315x420.jpg 315w, https:\/\/conexion23.com\/wp-content\/uploads\/2026\/09\/Franklin-Villanueva-630x840.jpg 630w, https:\/\/conexion23.com\/wp-content\/uploads\/2026\/09\/Franklin-Villanueva-150x200.jpg 150w, https:\/\/conexion23.com\/wp-content\/uploads\/2026\/09\/Franklin-Villanueva-300x400.jpg 300w, https:\/\/conexion23.com\/wp-content\/uploads\/2026\/09\/Franklin-Villanueva-600x800.jpg 600w, https:\/\/conexion23.com\/wp-content\/uploads\/2026\/09\/Franklin-Villanueva-696x928.jpg 696w, https:\/\/conexion23.com\/wp-content\/uploads\/2026\/09\/Franklin-Villanueva.jpg 960w\" sizes=\"auto, (max-width: 225px) 100vw, 225px\" \/><\/p>\n<p style=\"text-align: justify;\">El Ministerio\u00a0 de Educaci\u00f3n cre\u00f3 las \u201cmesas de di\u00e1logo\u201d en las 31 provincias y el Distrito Nacional, con el objetivo de garantizar la gobernanza en las escuelas p\u00fablicas y crear espacios de consenso en torno al cumplimiento del calendario escolar y la soluci\u00f3n pac\u00edfica de conflictos en el entorno educativo.<\/p>\n<p style=\"text-align: justify;\">Las denominadas\u201cMesas de los Cinco Pilares\u201dson impulsadas por el ministro de Educaci\u00f3n, Luis Miguel De Camps, en las18 regionales educativasen que est\u00e1 dividida dicha dependencia estatal<\/p>\n<p style=\"text-align: justify;\">Estas mesas est\u00e1n integradas por dirigentes de la Asociaci\u00f3n Dominicana de Profesores (ADP), padres de familia, estudiantes, educadores, empleados p\u00fablicos, l\u00edderes religiosos y miembros de la sociedad civil.<\/p>\n<p style=\"text-align: justify;\">Todos ellos tienen la responsabilidad de dar seguimiento a las pol\u00edticas estrat\u00e9gicas del Ministerio de Educaci\u00f3n, \u201ccolocando a los estudiantes como eje central de todas las decisiones.<\/p>\n","protected":false},"excerpt":{"rendered":"<p>La regi\u00f3n de educaci\u00f3n 05 realizo \u00e9ste lunes una mesa de di\u00e1logos para una educaci\u00f3n m\u00e1s fuerte. La actividad fue encabezada por el director regional,profesor Franklin Villegas, acompa\u00f1ado del viceministro \u00d3scar Amarg\u00f3s\u00a0 y otros personalidades del ministerio de educaci\u00f3n. La mesa principal estuvo integrada tambi\u00e9n por la secretaria general de la ADP, profesora Cruz Maria [&hellip;]<\/p>\n","protected":false},"author":15,"featured_media":62937,"comment_status":"open","ping_status":"open","sticky":false,"template":"","format":"standard","meta":{"footnotes":""},"categories":[12,2472,35],"tags":[91,5365,11581,11600,11599,168],"class_list":["post-62936","post","type-post","status-publish","format-standard","has-post-thumbnail","category-municipales","category-provincias-del-este","category-spm","tag-adp","tag-ano-escolar","tag-inconvenientes","tag-mesa-de-dialogo","tag-regional-de-educacion-05","tag-spm"],"yoast_head":"<!-- This site is optimized with the Yoast SEO plugin v27.6 - https:\/\/yoast.com\/product\/yoast-seo-wordpress\/ -->\n<title>Regional de Educaci\u00f3n 05 y ADP, participan en mesa de di\u00e1logo en SPM para buscar soluci\u00f3n al inicio del a\u00f1o escolar en algunos centros - Conexi\u00f3n 23<\/title>\n<meta name=\"robots\" content=\"index, follow, max-snippet:-1, max-image-preview:large, max-video-preview:-1\" \/>\n<link rel=\"canonical\" href=\"https:\/\/conexion23.com\/?p=62936\" \/>\n<meta property=\"og:locale\" content=\"es_ES\" \/>\n<meta property=\"og:type\" content=\"article\" \/>\n<meta property=\"og:title\" content=\"Regional de Educaci\u00f3n 05 y ADP, participan en mesa de di\u00e1logo en SPM para buscar soluci\u00f3n al inicio del a\u00f1o escolar en algunos centros - Conexi\u00f3n 23\" \/>\n<meta property=\"og:description\" content=\"La regi\u00f3n de educaci\u00f3n 05 realizo \u00e9ste lunes una mesa de di\u00e1logos para una educaci\u00f3n m\u00e1s fuerte. La actividad fue encabezada por el director regional,profesor Franklin Villegas, acompa\u00f1ado del viceministro \u00d3scar Amarg\u00f3s\u00a0 y otros personalidades del ministerio de educaci\u00f3n. La mesa principal estuvo integrada tambi\u00e9n por la secretaria general de la ADP, profesora Cruz Maria [&hellip;]\" \/>\n<meta property=\"og:url\" content=\"https:\/\/conexion23.com\/?p=62936\" \/>\n<meta property=\"og:site_name\" content=\"Conexi\u00f3n 23\" \/>\n<meta property=\"article:publisher\" content=\"https:\/\/www.facebook.com\/conexion23com\" \/>\n<meta property=\"article:published_time\" content=\"2026-09-02T11:55:52+00:00\" \/>\n<meta property=\"article:modified_time\" content=\"2026-09-02T12:01:21+00:00\" \/>\n<meta property=\"og:image\" content=\"http:\/\/conexion23.com\/wp-content\/uploads\/2026\/09\/mesa-del-dialogo.jpg\" \/>\n\t<meta property=\"og:image:width\" content=\"1280\" \/>\n\t<meta property=\"og:image:height\" content=\"960\" \/>\n\t<meta property=\"og:image:type\" content=\"image\/jpeg\" \/>\n<meta name=\"author\" content=\"Raffy Ben\u00edtez\" \/>\n<meta name=\"twitter:card\" content=\"summary_large_image\" \/>\n<meta name=\"twitter:label1\" content=\"Escrito por\" \/>\n\t<meta name=\"twitter:data1\" content=\"Raffy Ben\u00edtez\" \/>\n\t<meta name=\"twitter:label2\" content=\"Tiempo de lectura\" \/>\n\t<meta name=\"twitter:data2\" content=\"2 minutos\" \/>\n<script type=\"application\/ld+json\" class=\"yoast-schema-graph\">{\"@context\":\"https:\\\/\\\/schema.org\",\"@graph\":[{\"@type\":\"Article\",\"@id\":\"https:\\\/\\\/conexion23.com\\\/?p=62936#article\",\"isPartOf\":{\"@id\":\"https:\\\/\\\/conexion23.com\\\/?p=62936\"},\"author\":{\"name\":\"Raffy Ben\u00edtez\",\"@id\":\"http:\\\/\\\/conexion23.com\\\/#\\\/schema\\\/person\\\/03e36043331117e97a373299bbcd30a6\"},\"headline\":\"Regional de Educaci\u00f3n 05 y ADP, participan en mesa de di\u00e1logo en SPM para buscar soluci\u00f3n al inicio del a\u00f1o escolar en algunos centros\",\"datePublished\":\"2026-09-02T11:55:52+00:00\",\"dateModified\":\"2026-09-02T12:01:21+00:00\",\"mainEntityOfPage\":{\"@id\":\"https:\\\/\\\/conexion23.com\\\/?p=62936\"},\"wordCount\":255,\"commentCount\":0,\"publisher\":{\"@id\":\"http:\\\/\\\/conexion23.com\\\/#organization\"},\"image\":{\"@id\":\"https:\\\/\\\/conexion23.com\\\/?p=62936#primaryimage\"},\"thumbnailUrl\":\"https:\\\/\\\/conexion23.com\\\/wp-content\\\/uploads\\\/2026\\\/09\\\/mesa-del-dialogo.jpg\",\"keywords\":[\"ADP\",\"a\u00f1o escolar\",\"inconvenientes\",\"mesa de di\u00e1logo\",\"Regional de Educaci\u00f3n 05\",\"spm\"],\"articleSection\":[\"Municipales\",\"Provincias del Este\",\"SPM\"],\"inLanguage\":\"es\",\"potentialAction\":[{\"@type\":\"CommentAction\",\"name\":\"Comment\",\"target\":[\"https:\\\/\\\/conexion23.com\\\/?p=62936#respond\"]}]},{\"@type\":\"WebPage\",\"@id\":\"https:\\\/\\\/conexion23.com\\\/?p=62936\",\"url\":\"https:\\\/\\\/conexion23.com\\\/?p=62936\",\"name\":\"Regional de Educaci\u00f3n 05 y ADP, participan en mesa de di\u00e1logo en SPM para buscar soluci\u00f3n al inicio del a\u00f1o escolar en algunos centros - Conexi\u00f3n 23\",\"isPartOf\":{\"@id\":\"http:\\\/\\\/conexion23.com\\\/#website\"},\"primaryImageOfPage\":{\"@id\":\"https:\\\/\\\/conexion23.com\\\/?p=62936#primaryimage\"},\"image\":{\"@id\":\"https:\\\/\\\/conexion23.com\\\/?p=62936#primaryimage\"},\"thumbnailUrl\":\"https:\\\/\\\/conexion23.com\\\/wp-content\\\/uploads\\\/2026\\\/09\\\/mesa-del-dialogo.jpg\",\"datePublished\":\"2026-09-02T11:55:52+00:00\",\"dateModified\":\"2026-09-02T12:01:21+00:00\",\"breadcrumb\":{\"@id\":\"https:\\\/\\\/conexion23.com\\\/?p=62936#breadcrumb\"},\"inLanguage\":\"es\",\"potentialAction\":[{\"@type\":\"ReadAction\",\"target\":[\"https:\\\/\\\/conexion23.com\\\/?p=62936\"]}]},{\"@type\":\"ImageObject\",\"inLanguage\":\"es\",\"@id\":\"https:\\\/\\\/conexion23.com\\\/?p=62936#primaryimage\",\"url\":\"https:\\\/\\\/conexion23.com\\\/wp-content\\\/uploads\\\/2026\\\/09\\\/mesa-del-dialogo.jpg\",\"contentUrl\":\"https:\\\/\\\/conexion23.com\\\/wp-content\\\/uploads\\\/2026\\\/09\\\/mesa-del-dialogo.jpg\",\"width\":1280,\"height\":960},{\"@type\":\"BreadcrumbList\",\"@id\":\"https:\\\/\\\/conexion23.com\\\/?p=62936#breadcrumb\",\"itemListElement\":[{\"@type\":\"ListItem\",\"position\":1,\"name\":\"Portada\",\"item\":\"http:\\\/\\\/conexion23.com\\\/\"},{\"@type\":\"ListItem\",\"position\":2,\"name\":\"Regional de Educaci\u00f3n 05 y ADP, participan en mesa de di\u00e1logo en SPM para buscar soluci\u00f3n al inicio del a\u00f1o escolar en algunos centros\"}]},{\"@type\":\"WebSite\",\"@id\":\"http:\\\/\\\/conexion23.com\\\/#website\",\"url\":\"http:\\\/\\\/conexion23.com\\\/\",\"name\":\"Conexi\u00f3n 23\",\"description\":\"Peri\u00f3dico 100% Petromacorisano\",\"publisher\":{\"@id\":\"http:\\\/\\\/conexion23.com\\\/#organization\"},\"potentialAction\":[{\"@type\":\"SearchAction\",\"target\":{\"@type\":\"EntryPoint\",\"urlTemplate\":\"http:\\\/\\\/conexion23.com\\\/?s={search_term_string}\"},\"query-input\":{\"@type\":\"PropertyValueSpecification\",\"valueRequired\":true,\"valueName\":\"search_term_string\"}}],\"inLanguage\":\"es\"},{\"@type\":\"Organization\",\"@id\":\"http:\\\/\\\/conexion23.com\\\/#organization\",\"name\":\"Conexion 23\",\"url\":\"http:\\\/\\\/conexion23.com\\\/\",\"logo\":{\"@type\":\"ImageObject\",\"inLanguage\":\"es\",\"@id\":\"http:\\\/\\\/conexion23.com\\\/#\\\/schema\\\/logo\\\/image\\\/\",\"url\":\"https:\\\/\\\/conexion23.com\\\/wp-content\\\/uploads\\\/2021\\\/11\\\/Diseno-sin-titulo-2.png\",\"contentUrl\":\"https:\\\/\\\/conexion23.com\\\/wp-content\\\/uploads\\\/2021\\\/11\\\/Diseno-sin-titulo-2.png\",\"width\":541,\"height\":90,\"caption\":\"Conexion 23\"},\"image\":{\"@id\":\"http:\\\/\\\/conexion23.com\\\/#\\\/schema\\\/logo\\\/image\\\/\"},\"sameAs\":[\"https:\\\/\\\/www.facebook.com\\\/conexion23com\",\"https:\\\/\\\/www.instagram.com\\\/conexion23com\\\/\",\"https:\\\/\\\/www.youtube.com\\\/channel\\\/UCYc7vxxFZMYLIHNsHHxPZ3Q\"]},{\"@type\":\"Person\",\"@id\":\"http:\\\/\\\/conexion23.com\\\/#\\\/schema\\\/person\\\/03e36043331117e97a373299bbcd30a6\",\"name\":\"Raffy Ben\u00edtez\",\"image\":{\"@type\":\"ImageObject\",\"inLanguage\":\"es\",\"@id\":\"https:\\\/\\\/secure.gravatar.com\\\/avatar\\\/3190a6a6c5e1b0327500f7d6c56b6242472ee6cb974cf09b401ee6b3b0798f23?s=96&d=mm&r=g\",\"url\":\"https:\\\/\\\/secure.gravatar.com\\\/avatar\\\/3190a6a6c5e1b0327500f7d6c56b6242472ee6cb974cf09b401ee6b3b0798f23?s=96&d=mm&r=g\",\"contentUrl\":\"https:\\\/\\\/secure.gravatar.com\\\/avatar\\\/3190a6a6c5e1b0327500f7d6c56b6242472ee6cb974cf09b401ee6b3b0798f23?s=96&d=mm&r=g\",\"caption\":\"Raffy Ben\u00edtez\"},\"url\":\"https:\\\/\\\/conexion23.com\\\/?author=15\"}]}<\/script>\n<!-- \/ Yoast SEO plugin. -->","yoast_head_json":{"title":"Regional de Educaci\u00f3n 05 y ADP, participan en mesa de di\u00e1logo en SPM para buscar soluci\u00f3n al inicio del a\u00f1o escolar en algunos centros - Conexi\u00f3n 23","robots":{"index":"index","follow":"follow","max-snippet":"max-snippet:-1","max-image-preview":"max-image-preview:large","max-video-preview":"max-video-preview:-1"},"canonical":"https:\/\/conexion23.com\/?p=62936","og_locale":"es_ES","og_type":"article","og_title":"Regional de Educaci\u00f3n 05 y ADP, participan en mesa de di\u00e1logo en SPM para buscar soluci\u00f3n al inicio del a\u00f1o escolar en algunos centros - Conexi\u00f3n 23","og_description":"La regi\u00f3n de educaci\u00f3n 05 realizo \u00e9ste lunes una mesa de di\u00e1logos para una educaci\u00f3n m\u00e1s fuerte. La actividad fue encabezada por el director regional,profesor Franklin Villegas, acompa\u00f1ado del viceministro \u00d3scar Amarg\u00f3s\u00a0 y otros personalidades del ministerio de educaci\u00f3n. La mesa principal estuvo integrada tambi\u00e9n por la secretaria general de la ADP, profesora Cruz Maria [&hellip;]","og_url":"https:\/\/conexion23.com\/?p=62936","og_site_name":"Conexi\u00f3n 23","article_publisher":"https:\/\/www.facebook.com\/conexion23com","article_published_time":"2026-09-02T11:55:52+00:00","article_modified_time":"2026-09-02T12:01:21+00:00","og_image":[{"width":1280,"height":960,"url":"http:\/\/conexion23.com\/wp-content\/uploads\/2026\/09\/mesa-del-dialogo.jpg","type":"image\/jpeg"}],"author":"Raffy Ben\u00edtez","twitter_card":"summary_large_image","twitter_misc":{"Escrito por":"Raffy Ben\u00edtez","Tiempo de lectura":"2 minutos"},"schema":{"@context":"https:\/\/schema.org","@graph":[{"@type":"Article","@id":"https:\/\/conexion23.com\/?p=62936#article","isPartOf":{"@id":"https:\/\/conexion23.com\/?p=62936"},"author":{"name":"Raffy Ben\u00edtez","@id":"http:\/\/conexion23.com\/#\/schema\/person\/03e36043331117e97a373299bbcd30a6"},"headline":"Regional de Educaci\u00f3n 05 y ADP, participan en mesa de di\u00e1logo en SPM para buscar soluci\u00f3n al inicio del a\u00f1o escolar en algunos centros","datePublished":"2026-09-02T11:55:52+00:00","dateModified":"2026-09-02T12:01:21+00:00","mainEntityOfPage":{"@id":"https:\/\/conexion23.com\/?p=62936"},"wordCount":255,"commentCount":0,"publisher":{"@id":"http:\/\/conexion23.com\/#organization"},"image":{"@id":"https:\/\/conexion23.com\/?p=62936#primaryimage"},"thumbnailUrl":"https:\/\/conexion23.com\/wp-content\/uploads\/2026\/09\/mesa-del-dialogo.jpg","keywords":["ADP","a\u00f1o escolar","inconvenientes","mesa de di\u00e1logo","Regional de Educaci\u00f3n 05","spm"],"articleSection":["Municipales","Provincias del Este","SPM"],"inLanguage":"es","potentialAction":[{"@type":"CommentAction","name":"Comment","target":["https:\/\/conexion23.com\/?p=62936#respond"]}]},{"@type":"WebPage","@id":"https:\/\/conexion23.com\/?p=62936","url":"https:\/\/conexion23.com\/?p=62936","name":"Regional de Educaci\u00f3n 05 y ADP, participan en mesa de di\u00e1logo en SPM para buscar soluci\u00f3n al inicio del a\u00f1o escolar en algunos centros - Conexi\u00f3n 23","isPartOf":{"@id":"http:\/\/conexion23.com\/#website"},"primaryImageOfPage":{"@id":"https:\/\/conexion23.com\/?p=62936#primaryimage"},"image":{"@id":"https:\/\/conexion23.com\/?p=62936#primaryimage"},"thumbnailUrl":"https:\/\/conexion23.com\/wp-content\/uploads\/2026\/09\/mesa-del-dialogo.jpg","datePublished":"2026-09-02T11:55:52+00:00","dateModified":"2026-09-02T12:01:21+00:00","breadcrumb":{"@id":"https:\/\/conexion23.com\/?p=62936#breadcrumb"},"inLanguage":"es","potentialAction":[{"@type":"ReadAction","target":["https:\/\/conexion23.com\/?p=62936"]}]},{"@type":"ImageObject","inLanguage":"es","@id":"https:\/\/conexion23.com\/?p=62936#primaryimage","url":"https:\/\/conexion23.com\/wp-content\/uploads\/2026\/09\/mesa-del-dialogo.jpg","contentUrl":"https:\/\/conexion23.com\/wp-content\/uploads\/2026\/09\/mesa-del-dialogo.jpg","width":1280,"height":960},{"@type":"BreadcrumbList","@id":"https:\/\/conexion23.com\/?p=62936#breadcrumb","itemListElement":[{"@type":"ListItem","position":1,"name":"Portada","item":"http:\/\/conexion23.com\/"},{"@type":"ListItem","position":2,"name":"Regional de Educaci\u00f3n 05 y ADP, participan en mesa de di\u00e1logo en SPM para buscar soluci\u00f3n al inicio del a\u00f1o escolar en algunos centros"}]},{"@type":"WebSite","@id":"http:\/\/conexion23.com\/#website","url":"http:\/\/conexion23.com\/","name":"Conexi\u00f3n 23","description":"Peri\u00f3dico 100% Petromacorisano","publisher":{"@id":"http:\/\/conexion23.com\/#organization"},"potentialAction":[{"@type":"SearchAction","target":{"@type":"EntryPoint","urlTemplate":"http:\/\/conexion23.com\/?s={search_term_string}"},"query-input":{"@type":"PropertyValueSpecification","valueRequired":true,"valueName":"search_term_string"}}],"inLanguage":"es"},{"@type":"Organization","@id":"http:\/\/conexion23.com\/#organization","name":"Conexion 23","url":"http:\/\/conexion23.com\/","logo":{"@type":"ImageObject","inLanguage":"es","@id":"http:\/\/conexion23.com\/#\/schema\/logo\/image\/","url":"https:\/\/conexion23.com\/wp-content\/uploads\/2021\/11\/Diseno-sin-titulo-2.png","contentUrl":"https:\/\/conexion23.com\/wp-content\/uploads\/2021\/11\/Diseno-sin-titulo-2.png","width":541,"height":90,"caption":"Conexion 23"},"image":{"@id":"http:\/\/conexion23.com\/#\/schema\/logo\/image\/"},"sameAs":["https:\/\/www.facebook.com\/conexion23com","https:\/\/www.instagram.com\/conexion23com\/","https:\/\/www.youtube.com\/channel\/UCYc7vxxFZMYLIHNsHHxPZ3Q"]},{"@type":"Person","@id":"http:\/\/conexion23.com\/#\/schema\/person\/03e36043331117e97a373299bbcd30a6","name":"Raffy Ben\u00edtez","image":{"@type":"ImageObject","inLanguage":"es","@id":"https:\/\/secure.gravatar.com\/avatar\/3190a6a6c5e1b0327500f7d6c56b6242472ee6cb974cf09b401ee6b3b0798f23?s=96&d=mm&r=g","url":"https:\/\/secure.gravatar.com\/avatar\/3190a6a6c5e1b0327500f7d6c56b6242472ee6cb974cf09b401ee6b3b0798f23?s=96&d=mm&r=g","contentUrl":"https:\/\/secure.gravatar.com\/avatar\/3190a6a6c5e1b0327500f7d6c56b6242472ee6cb974cf09b401ee6b3b0798f23?s=96&d=mm&r=g","caption":"Raffy Ben\u00edtez"},"url":"https:\/\/conexion23.com\/?author=15"}]}},"_links":{"self":[{"href":"https:\/\/conexion23.com\/index.php?rest_route=\/wp\/v2\/posts\/62936","targetHints":{"allow":["GET"]}}],"collection":[{"href":"https:\/\/conexion23.com\/index.php?rest_route=\/wp\/v2\/posts"}],"about":[{"href":"https:\/\/conexion23.com\/index.php?rest_route=\/wp\/v2\/types\/post"}],"author":[{"embeddable":true,"href":"https:\/\/conexion23.com\/index.php?rest_route=\/wp\/v2\/users\/15"}],"replies":[{"embeddable":true,"href":"https:\/\/conexion23.com\/index.php?rest_route=%2Fwp%2Fv2%2Fcomments&post=62936"}],"version-history":[{"count":4,"href":"https:\/\/conexion23.com\/index.php?rest_route=\/wp\/v2\/posts\/62936\/revisions"}],"predecessor-version":[{"id":62942,"href":"https:\/\/conexion23.com\/index.php?rest_route=\/wp\/v2\/posts\/62936\/revisions\/62942"}],"wp:featuredmedia":[{"embeddable":true,"href":"https:\/\/conexion23.com\/index.php?rest_route=\/wp\/v2\/media\/62937"}],"wp:attachment":[{"href":"https:\/\/conexion23.com\/index.php?rest_route=%2Fwp%2Fv2%2Fmedia&parent=62936"}],"wp:term":[{"taxonomy":"category","embeddable":true,"href":"https:\/\/conexion23.com\/index.php?rest_route=%2Fwp%2Fv2%2Fcategories&post=62936"},{"taxonomy":"post_tag","embeddable":true,"href":"https:\/\/conexion23.com\/index.php?rest_route=%2Fwp%2Fv2%2Ftags&post=62936"}],"curies":[{"name":"wp","href":"https:\/\/api.w.org\/{rel}","templated":true}]}}